{"id":97,"date":"2013-01-04T00:37:54","date_gmt":"2013-01-03T22:37:54","guid":{"rendered":"http:\/\/www.polizeichor-dresden.de\/?p=97"},"modified":"2013-01-05T01:51:45","modified_gmt":"2013-01-04T23:51:45","slug":"20-weihnachtskonzert-des-polizeichores-dresden-in-der-martin-luther-kirche-dresden","status":"publish","type":"post","link":"https:\/\/www.polizeichor-dresden.de\/?p=97","title":{"rendered":"20. Weihnachtskonzert des Polizeichores Dresden in der Martin-Luther Kirche Dresden"},"content":{"rendered":"<p style=\"text-align: justify;\"><a href=\"http:\/\/www.polizeichor-dresden.de\/?attachment_id=38\" rel=\"attachment wp-att-38\"><img data-attachment-id=\"38\" data-permalink=\"https:\/\/www.polizeichor-dresden.de\/?attachment_id=38\" data-orig-file=\"https:\/\/i0.wp.com\/www.polizeichor-dresden.de\/wp-content\/uploads\/2013\/01\/2012_PCDD_WK_03.jpg?fit=1000%2C662&amp;ssl=1\" data-orig-size=\"1000,662\" data-comments-opened=\"1\" data-image-meta=\"{&quot;aperture&quot;:&quot;4.5&quot;,&quot;credit&quot;:&quot;Jan Wiedemann&quot;,&quot;camera&quot;:&quot;NIKON D7000&quot;,&quot;caption&quot;:&quot;&quot;,&quot;created_timestamp&quot;:&quot;1355672958&quot;,&quot;copyright&quot;:&quot;Jan Wiedemann&quot;,&quot;focal_length&quot;:&quot;48&quot;,&quot;iso&quot;:&quot;1600&quot;,&quot;shutter_speed&quot;:&quot;0.04&quot;,&quot;title&quot;:&quot;&quot;}\" data-image-title=\"Weihnachtskonzert 2012\" data-image-description=\"\" data-image-caption=\"\" data-medium-file=\"https:\/\/i0.wp.com\/www.polizeichor-dresden.de\/wp-content\/uploads\/2013\/01\/2012_PCDD_WK_03.jpg?fit=300%2C198&amp;ssl=1\" data-large-file=\"https:\/\/i0.wp.com\/www.polizeichor-dresden.de\/wp-content\/uploads\/2013\/01\/2012_PCDD_WK_03.jpg?fit=1000%2C662&amp;ssl=1\" decoding=\"async\" loading=\"lazy\" class=\"size-medium wp-image-38 alignleft\" title=\"\" alt=\"Weihnachtskonzert 2012\" src=\"https:\/\/i0.wp.com\/www.polizeichor-dresden.de\/wp-content\/uploads\/2013\/01\/2012_PCDD_WK_03-300x198.jpg?resize=300%2C198\" width=\"300\" height=\"198\" srcset=\"https:\/\/i0.wp.com\/www.polizeichor-dresden.de\/wp-content\/uploads\/2013\/01\/2012_PCDD_WK_03.jpg?resize=300%2C198&amp;ssl=1 300w, https:\/\/i0.wp.com\/www.polizeichor-dresden.de\/wp-content\/uploads\/2013\/01\/2012_PCDD_WK_03.jpg?w=1000&amp;ssl=1 1000w\" sizes=\"(max-width: 300px) 100vw, 300px\" data-recalc-dims=\"1\" \/><\/a>Leise rieselt der Schnee.<\/p>\n<p style=\"text-align: justify;\">Dieses bekannte deutsche Lied, das die \u201eMusici\u201c unseres Polizeichores den Besuchern unserer beiden Weihnachtskonzerte am 3. Adventsonntag pr\u00e4sentierten, passte sehr gut zu der Wettersituation in Dresden, denn es hatte an den Tagen vorher tats\u00e4chlich ausgiebig geschneit, f\u00fcr unsere Stadt eine Seltenheit. Ganz im Gegensatz zu dem ausgepr\u00e4gten Bed\u00fcrfnis der Dresdner, sich in dieser Zeit in Konzerten auf das Weihnachtsfest einstimmen zu lassen. An diesem Wochenende konnten sie w\u00e4hlen, in welcher der 52\u00a0 Kirchen oder anderen Konzertorten der Stadt sie das wahrnehmen wollten. Sehr zu unserer Freude hatten fast 1800 Besucher den Weg zur Martin-Luther-Kirche gew\u00e4hlt, um dieses Jubil\u00e4umskonzert des\u00a0 Polizeichores Dresden zu erleben, so viele, wie nie zuvor.<br \/>\nhtml:<!--more--><\/p>\n<p style=\"text-align: justify;\">Wir er\u00f6ffneten das Konzert von der Orgelempore aus mit \u201eMachet die Tore weit\u201c (A. Hammerschmidt), dem Kanon \u201eAlleluja\u201c (W. Boyce) und der Weihnachtsmotette \u201eEhre sei Gott in der H\u00f6he\u201c von J. M. Bach. An der Orgel begleitete uns dabei KMD H.-D. Sch\u00f6ne.<\/p>\n<p style=\"text-align: justify;\">Dann kamen unsere ersten G\u00e4ste zu ihrem gesungenen Wort, die \u201eDresdner Spatzen\u201c im Jungen Dresdner Vokalensemble e.V. Die M\u00e4dchen und Jungen, dabei schon Vorschulkinder und die \u00e4ltesten erst 12 Jahre alt, kamen mit ihrem Singspiel \u201cGro\u00dfer Stern, was nun?\u201c in dem eine Reihe sowohl bekannter als auch weniger bekannter Weihnachtslieder dargeboten wurden, sehr gut an. Ihre guten Stimmen und ihre dazu passenden Kost\u00fcme (Wichtel, Engel, Schneem\u00e4nner, Nikolaus) verf\u00fchrten die Zuh\u00f6rer trotz unserer Bitte, auf Zwischenapplaus zu verzichten, zu spontanem Beifall.<\/p>\n<p style=\"text-align: justify;\">Unsere Musici setzten das Programm mit dem eingangs genannten Lied und \u201eAve Maria\u201c von J. Rheinsberger fort, ehe seit langen bei unseren Konzerten wieder einmal eine Harfe ert\u00f6nte. Anna Berwanger (HS f. Musik C. M. v. Weber) begleitete damit die Sopranistin Jelena Josic zu Mozarts \u201eAbendempfindung\u201c.<\/p>\n<p style=\"text-align: justify;\">Beide Solistinnen brillierten danach noch einmal bei den gemeinsam mit unserem Chor gesungenen und gespielten Lobges\u00e4ngen von Benjamin Britten. Interessante Einzelheiten zu diesem britischen Komponisten und dessen umfangreichen und schweren Werk erfuhren unsere Besucher durch die Moderatorin Lydia Schlenkrich, die gekonnt durch das gesamte Programm f\u00fchrte.<\/p>\n<p style=\"text-align: justify;\">Schlie\u00dflich kamen noch drei weitere G\u00e4ste auf den Altarplatz, das Streichtrio \u201eSomarro\u201c. Die jungen M\u00e4dchen traten zuerst gemeinsam mit der Harfenistin, den Dresdner Spatzen und dem Polizeichor (Vom Himmel hoch) auf und boten danach ein Mozart-Werk.<\/p>\n<p style=\"text-align: justify;\">Noch einmal kamen die Dresdner Spatzen mit einem Weihnachtsliedermedley auf die B\u00fchne, dann gesellten sich alle anderen aktiven Teilnehmer dazu und sangen und spielten zum Abschluss \u201eEs ist ein Ros entsprungen\u201c, \u201eStille Nacht\u201c und \u201eO du fr\u00f6hliche\u201c<\/p>\n<p style=\"text-align: justify;\">Der Vorsitzende unseres PC, Johannes Hoja, dankte zum Schluss allen Teilnehmern, besonders dem Chorleiter Torsten Petzold, dem die musikalische Gesamtleitung der Konzerte oblag sowie der Vizechorleiterin Elena Beer. Dabei informierte er das Publikum, dass die in die Kollekte eingeworfenen Spenden in diesem Jahr an das Dresdner Nachtcaf\u00e9 \u00fcbergeben wird. Diese Einrichtung bem\u00fcht sich um Obdachlose, denen sie besonders in der kalten Jahreszeit eine \u00dcbernachtung, ein Bad und eine warme Mahlzeit gew\u00e4hrleistet. Der Aufruf fand offene Ohren, denn wir konnten 2400 \u20ac an das Nachtcaf\u00e9 \u00fcbergeben.<\/p>\n<p style=\"text-align: justify;\">Jochen Strobel<\/p>\n<p style=\"text-align: justify;\"><!-- index.php -->\n<div\n\tclass=\"ngg-galleryoverview ngg-ajax-pagination-none\"\n\tid=\"ngg-gallery-edd08dee2c5d5cf9491a1e786a3b6c53-1\">\n\n    \t\t<!-- Thumbnails -->\n\t\t\t\t<div id=\"ngg-image-0\" class=\"ngg-gallery-thumbnail-box\" >\n\t\t\t\t        <div class=\"ngg-gallery-thumbnail\">\n            <a href=\"https:\/\/www.polizeichor-dresden.de\/wp-content\/gallery\/2012_weihnachtskonzert\/2012_pcdd_wk_01.jpg\"\n               title=\"\"\n               data-src=\"https:\/\/www.polizeichor-dresden.de\/wp-content\/gallery\/2012_weihnachtskonzert\/2012_pcdd_wk_01.jpg\"\n               data-thumbnail=\"https:\/\/www.polizeichor-dresden.de\/wp-content\/gallery\/2012_weihnachtskonzert\/thumbs\/thumbs_2012_pcdd_wk_01.jpg\"\n               data-image-id=\"1\"\n               data-title=\"2012_pcdd_wk_01\"\n               data-description=\"\"\n               data-image-slug=\"2012_pcdd_wk_01\"\n               class='nggobasic-fancybox' rel='edd08dee2c5d5cf9491a1e786a3b6c53'>\n                <img\n                    title=\"2012_pcdd_wk_01\"\n                    alt=\"2012_pcdd_wk_01\"\n                    src=\"https:\/\/www.polizeichor-dresden.de\/wp-content\/gallery\/2012_weihnachtskonzert\/thumbs\/thumbs_2012_pcdd_wk_01.jpg\"\n                    width=\"150\"\n                    height=\"149\"\n                    style=\"max-width:100%;\"\n                \/>\n            <\/a>\n        <\/div>\n\t\t\t\t\t\t\t<\/div> \n\t\t\t\n        \n\t\t\t\t<div id=\"ngg-image-1\" class=\"ngg-gallery-thumbnail-box\" >\n\t\t\t\t        <div class=\"ngg-gallery-thumbnail\">\n            <a href=\"https:\/\/www.polizeichor-dresden.de\/wp-content\/gallery\/2012_weihnachtskonzert\/2012_pcdd_wk_02.jpg\"\n               title=\"\"\n               data-src=\"https:\/\/www.polizeichor-dresden.de\/wp-content\/gallery\/2012_weihnachtskonzert\/2012_pcdd_wk_02.jpg\"\n               data-thumbnail=\"https:\/\/www.polizeichor-dresden.de\/wp-content\/gallery\/2012_weihnachtskonzert\/thumbs\/thumbs_2012_pcdd_wk_02.jpg\"\n               data-image-id=\"2\"\n               data-title=\"2012_pcdd_wk_02\"\n               data-description=\"\"\n               data-image-slug=\"2012_pcdd_wk_02\"\n               class='nggobasic-fancybox' rel='edd08dee2c5d5cf9491a1e786a3b6c53'>\n                <img\n                    title=\"2012_pcdd_wk_02\"\n                    alt=\"2012_pcdd_wk_02\"\n                    src=\"https:\/\/www.polizeichor-dresden.de\/wp-content\/gallery\/2012_weihnachtskonzert\/thumbs\/thumbs_2012_pcdd_wk_02.jpg\"\n                    width=\"150\"\n                    height=\"149\"\n                    style=\"max-width:100%;\"\n                \/>\n            <\/a>\n        <\/div>\n\t\t\t\t\t\t\t<\/div> \n\t\t\t\n        \n\t\t\t\t<div id=\"ngg-image-2\" class=\"ngg-gallery-thumbnail-box\" >\n\t\t\t\t        <div class=\"ngg-gallery-thumbnail\">\n            <a href=\"https:\/\/www.polizeichor-dresden.de\/wp-content\/gallery\/2012_weihnachtskonzert\/2012_pcdd_wk_03.jpg\"\n               title=\"\"\n               data-src=\"https:\/\/www.polizeichor-dresden.de\/wp-content\/gallery\/2012_weihnachtskonzert\/2012_pcdd_wk_03.jpg\"\n               data-thumbnail=\"https:\/\/www.polizeichor-dresden.de\/wp-content\/gallery\/2012_weihnachtskonzert\/thumbs\/thumbs_2012_pcdd_wk_03.jpg\"\n               data-image-id=\"3\"\n               data-title=\"2012_pcdd_wk_03\"\n               data-description=\"\"\n               data-image-slug=\"2012_pcdd_wk_03\"\n               class='nggobasic-fancybox' rel='edd08dee2c5d5cf9491a1e786a3b6c53'>\n                <img\n                    title=\"2012_pcdd_wk_03\"\n                    alt=\"2012_pcdd_wk_03\"\n                    src=\"https:\/\/www.polizeichor-dresden.de\/wp-content\/gallery\/2012_weihnachtskonzert\/thumbs\/thumbs_2012_pcdd_wk_03.jpg\"\n                    width=\"150\"\n                    height=\"149\"\n                    style=\"max-width:100%;\"\n                \/>\n            <\/a>\n        <\/div>\n\t\t\t\t\t\t\t<\/div> \n\t\t\t\n        \n\t\t\t\t<div id=\"ngg-image-3\" class=\"ngg-gallery-thumbnail-box\" >\n\t\t\t\t        <div class=\"ngg-gallery-thumbnail\">\n            <a href=\"https:\/\/www.polizeichor-dresden.de\/wp-content\/gallery\/2012_weihnachtskonzert\/2012_pcdd_wk_04.jpg\"\n               title=\"\"\n               data-src=\"https:\/\/www.polizeichor-dresden.de\/wp-content\/gallery\/2012_weihnachtskonzert\/2012_pcdd_wk_04.jpg\"\n               data-thumbnail=\"https:\/\/www.polizeichor-dresden.de\/wp-content\/gallery\/2012_weihnachtskonzert\/thumbs\/thumbs_2012_pcdd_wk_04.jpg\"\n               data-image-id=\"4\"\n               data-title=\"2012_pcdd_wk_04\"\n               data-description=\"\"\n               data-image-slug=\"2012_pcdd_wk_04\"\n               class='nggobasic-fancybox' rel='edd08dee2c5d5cf9491a1e786a3b6c53'>\n                <img\n                    title=\"2012_pcdd_wk_04\"\n                    alt=\"2012_pcdd_wk_04\"\n                    src=\"https:\/\/www.polizeichor-dresden.de\/wp-content\/gallery\/2012_weihnachtskonzert\/thumbs\/thumbs_2012_pcdd_wk_04.jpg\"\n                    width=\"150\"\n                    height=\"150\"\n                    style=\"max-width:100%;\"\n                \/>\n            <\/a>\n        <\/div>\n\t\t\t\t\t\t\t<\/div> \n\t\t\t\n        \n\t\t\t\t<div id=\"ngg-image-4\" class=\"ngg-gallery-thumbnail-box\" >\n\t\t\t\t        <div class=\"ngg-gallery-thumbnail\">\n            <a href=\"https:\/\/www.polizeichor-dresden.de\/wp-content\/gallery\/2012_weihnachtskonzert\/2012_pcdd_wk_05.jpg\"\n               title=\"\"\n               data-src=\"https:\/\/www.polizeichor-dresden.de\/wp-content\/gallery\/2012_weihnachtskonzert\/2012_pcdd_wk_05.jpg\"\n               data-thumbnail=\"https:\/\/www.polizeichor-dresden.de\/wp-content\/gallery\/2012_weihnachtskonzert\/thumbs\/thumbs_2012_pcdd_wk_05.jpg\"\n               data-image-id=\"5\"\n               data-title=\"2012_pcdd_wk_05\"\n               data-description=\"\"\n               data-image-slug=\"2012_pcdd_wk_05\"\n               class='nggobasic-fancybox' rel='edd08dee2c5d5cf9491a1e786a3b6c53'>\n                <img\n                    title=\"2012_pcdd_wk_05\"\n                    alt=\"2012_pcdd_wk_05\"\n                    src=\"https:\/\/www.polizeichor-dresden.de\/wp-content\/gallery\/2012_weihnachtskonzert\/thumbs\/thumbs_2012_pcdd_wk_05.jpg\"\n                    width=\"150\"\n                    height=\"150\"\n                    style=\"max-width:100%;\"\n                \/>\n            <\/a>\n        <\/div>\n\t\t\t\t\t\t\t<\/div> \n\t\t\t\n        \n\t\t\n\t\t<!-- Pagination -->\n\t<div class='ngg-clear'><\/div>\t<\/div>\n<\/p>\n<p style=\"text-align: justify;\">\n<p style=\"text-align: justify;\">\n","protected":false},"excerpt":{"rendered":"<p>Leise rieselt der Schnee. Dieses bekannte deutsche Lied, das die \u201eMusici\u201c unseres Polizeichores den Besuchern unserer beiden Weihnachtskonzerte am 3. Adventsonntag pr\u00e4sentierten, passte sehr gut zu der Wettersituation in Dresden, denn es hatte an den Tagen vorher tats\u00e4chlich ausgiebig geschneit, f\u00fcr unsere Stadt eine Seltenheit. Ganz im Gegensatz zu dem ausgepr\u00e4gten Bed\u00fcrfnis der Dresdner, sich [&hellip;]<\/p>\n","protected":false},"author":1,"featured_media":0,"comment_status":"open","ping_status":"open","sticky":false,"template":"","format":"standard","meta":{"ngg_post_thumbnail":0,"jetpack_post_was_ever_published":false,"jetpack_publicize_message":"","jetpack_is_tweetstorm":false,"jetpack_publicize_feature_enabled":true,"jetpack_social_post_already_shared":false,"jetpack_social_options":{"image_generator_settings":{"template":"highway","enabled":false}}},"categories":[3],"tags":[5,4],"jetpack_publicize_connections":[],"aioseo_notices":[],"jetpack_featured_media_url":"","jetpack_shortlink":"https:\/\/wp.me\/p32b0X-1z","jetpack_sharing_enabled":true,"_links":{"self":[{"href":"https:\/\/www.polizeichor-dresden.de\/index.php?rest_route=\/wp\/v2\/posts\/97"}],"collection":[{"href":"https:\/\/www.polizeichor-dresden.de\/index.php?rest_route=\/wp\/v2\/posts"}],"about":[{"href":"https:\/\/www.polizeichor-dresden.de\/index.php?rest_route=\/wp\/v2\/types\/post"}],"author":[{"embeddable":true,"href":"https:\/\/www.polizeichor-dresden.de\/index.php?rest_route=\/wp\/v2\/users\/1"}],"replies":[{"embeddable":true,"href":"https:\/\/www.polizeichor-dresden.de\/index.php?rest_route=%2Fwp%2Fv2%2Fcomments&post=97"}],"version-history":[{"count":9,"href":"https:\/\/www.polizeichor-dresden.de\/index.php?rest_route=\/wp\/v2\/posts\/97\/revisions"}],"predecessor-version":[{"id":101,"href":"https:\/\/www.polizeichor-dresden.de\/index.php?rest_route=\/wp\/v2\/posts\/97\/revisions\/101"}],"wp:attachment":[{"href":"https:\/\/www.polizeichor-dresden.de\/index.php?rest_route=%2Fwp%2Fv2%2Fmedia&parent=97"}],"wp:term":[{"taxonomy":"category","embeddable":true,"href":"https:\/\/www.polizeichor-dresden.de\/index.php?rest_route=%2Fwp%2Fv2%2Fcategories&post=97"},{"taxonomy":"post_tag","embeddable":true,"href":"https:\/\/www.polizeichor-dresden.de\/index.php?rest_route=%2Fwp%2Fv2%2Ftags&post=97"}],"curies":[{"name":"wp","href":"https:\/\/api.w.org\/{rel}","templated":true}]}}