{"id":943,"date":"2016-03-17T15:48:42","date_gmt":"2016-03-17T13:48:42","guid":{"rendered":"http:\/\/www.polizeichor-dresden.de\/?p=943"},"modified":"2016-03-17T15:49:11","modified_gmt":"2016-03-17T13:49:11","slug":"ausblick-aufs-fruehjahrskonzert-2016","status":"publish","type":"post","link":"https:\/\/www.polizeichor-dresden.de\/?p=943","title":{"rendered":"Ausblick aufs Fr\u00fchjahrskonzert 2016"},"content":{"rendered":"<p>Jetzt geht es bei unseren Proben in den Endspurt f\u00fcrs diesj\u00e4hrige Fr\u00fchjahrskonzert. Auch in diesem Jahr gibt es wieder ein breit gef\u00e4chertes Repertoire was einstudiert werden will. Neben lustigen Fr\u00fchlingsliedern gibt es auch wieder einen Abstecher in die Welt der Operette. Lasst euch \u00fcberraschen!<\/p>\n<p>Wer am 17.04. noch nichts vorhat kann gerne noch bei uns vorbeischauen. Restkarten gibt es direkt vorm Konzert zu kaufen.<\/p>\n<p><a href=\"https:\/\/i0.wp.com\/www.polizeichor-dresden.de\/wp-content\/uploads\/2016\/03\/flyer_FK2016.jpg\" rel=\"lightbox[943]\"><img data-attachment-id=\"944\" data-permalink=\"https:\/\/www.polizeichor-dresden.de\/?attachment_id=944\" data-orig-file=\"https:\/\/i0.wp.com\/www.polizeichor-dresden.de\/wp-content\/uploads\/2016\/03\/flyer_FK2016.jpg?fit=1000%2C682&amp;ssl=1\" data-orig-size=\"1000,682\" data-comments-opened=\"1\" data-image-meta=\"{&quot;aperture&quot;:&quot;0&quot;,&quot;credit&quot;:&quot;&quot;,&quot;camera&quot;:&quot;&quot;,&quot;caption&quot;:&quot;&quot;,&quot;created_timestamp&quot;:&quot;0&quot;,&quot;copyright&quot;:&quot;&quot;,&quot;focal_length&quot;:&quot;0&quot;,&quot;iso&quot;:&quot;0&quot;,&quot;shutter_speed&quot;:&quot;0&quot;,&quot;title&quot;:&quot;programm titel&quot;,&quot;orientation&quot;:&quot;1&quot;}\" data-image-title=\"programm titel\" data-image-description=\"\" data-image-caption=\"\" data-medium-file=\"https:\/\/i0.wp.com\/www.polizeichor-dresden.de\/wp-content\/uploads\/2016\/03\/flyer_FK2016.jpg?fit=300%2C205&amp;ssl=1\" data-large-file=\"https:\/\/i0.wp.com\/www.polizeichor-dresden.de\/wp-content\/uploads\/2016\/03\/flyer_FK2016.jpg?fit=1000%2C682&amp;ssl=1\" decoding=\"async\" loading=\"lazy\" class=\"aligncenter wp-image-944\" src=\"https:\/\/i0.wp.com\/www.polizeichor-dresden.de\/wp-content\/uploads\/2016\/03\/flyer_FK2016.jpg?resize=700%2C477\" alt=\"programm titel\" width=\"700\" height=\"477\" srcset=\"https:\/\/i0.wp.com\/www.polizeichor-dresden.de\/wp-content\/uploads\/2016\/03\/flyer_FK2016.jpg?w=1000&amp;ssl=1 1000w, https:\/\/i0.wp.com\/www.polizeichor-dresden.de\/wp-content\/uploads\/2016\/03\/flyer_FK2016.jpg?resize=300%2C205&amp;ssl=1 300w\" sizes=\"(max-width: 700px) 100vw, 700px\" data-recalc-dims=\"1\" \/><\/a><\/p>\n","protected":false},"excerpt":{"rendered":"<p>Jetzt geht es bei unseren Proben in den Endspurt f\u00fcrs diesj\u00e4hrige Fr\u00fchjahrskonzert. Auch in diesem Jahr gibt es wieder ein breit gef\u00e4chertes Repertoire was einstudiert werden will. Neben lustigen Fr\u00fchlingsliedern gibt es auch wieder einen Abstecher in die Welt der Operette. Lasst euch \u00fcberraschen! Wer am 17.04. noch nichts vorhat kann gerne noch bei uns [&hellip;]<\/p>\n","protected":false},"author":2,"featured_media":0,"comment_status":"open","ping_status":"open","sticky":false,"template":"","format":"standard","meta":{"ngg_post_thumbnail":0,"jetpack_post_was_ever_published":false,"jetpack_publicize_message":"","jetpack_is_tweetstorm":false,"jetpack_publicize_feature_enabled":true,"jetpack_social_post_already_shared":true,"jetpack_social_options":{"image_generator_settings":{"template":"highway","enabled":false}}},"categories":[3,9],"tags":[30],"jetpack_publicize_connections":[],"aioseo_notices":[],"jetpack_featured_media_url":"","jetpack_shortlink":"https:\/\/wp.me\/p32b0X-fd","jetpack_sharing_enabled":true,"_links":{"self":[{"href":"https:\/\/www.polizeichor-dresden.de\/index.php?rest_route=\/wp\/v2\/posts\/943"}],"collection":[{"href":"https:\/\/www.polizeichor-dresden.de\/index.php?rest_route=\/wp\/v2\/posts"}],"about":[{"href":"https:\/\/www.polizeichor-dresden.de\/index.php?rest_route=\/wp\/v2\/types\/post"}],"author":[{"embeddable":true,"href":"https:\/\/www.polizeichor-dresden.de\/index.php?rest_route=\/wp\/v2\/users\/2"}],"replies":[{"embeddable":true,"href":"https:\/\/www.polizeichor-dresden.de\/index.php?rest_route=%2Fwp%2Fv2%2Fcomments&post=943"}],"version-history":[{"count":2,"href":"https:\/\/www.polizeichor-dresden.de\/index.php?rest_route=\/wp\/v2\/posts\/943\/revisions"}],"predecessor-version":[{"id":946,"href":"https:\/\/www.polizeichor-dresden.de\/index.php?rest_route=\/wp\/v2\/posts\/943\/revisions\/946"}],"wp:attachment":[{"href":"https:\/\/www.polizeichor-dresden.de\/index.php?rest_route=%2Fwp%2Fv2%2Fmedia&parent=943"}],"wp:term":[{"taxonomy":"category","embeddable":true,"href":"https:\/\/www.polizeichor-dresden.de\/index.php?rest_route=%2Fwp%2Fv2%2Fcategories&post=943"},{"taxonomy":"post_tag","embeddable":true,"href":"https:\/\/www.polizeichor-dresden.de\/index.php?rest_route=%2Fwp%2Fv2%2Ftags&post=943"}],"curies":[{"name":"wp","href":"https:\/\/api.w.org\/{rel}","templated":true}]}}