{"id":824,"date":"2015-09-27T00:12:42","date_gmt":"2015-09-26T22:12:42","guid":{"rendered":"http:\/\/www.polizeichor-dresden.de\/?p=824"},"modified":"2015-09-27T00:12:42","modified_gmt":"2015-09-26T22:12:42","slug":"tag-7-kloster-konzert-und-ein-schwerer-abschied","status":"publish","type":"post","link":"https:\/\/www.polizeichor-dresden.de\/?p=824","title":{"rendered":"Tag 7: Kloster, Konzert und ein schwerer Abschied"},"content":{"rendered":"<p>Heute war leider unser letzter Tag in S\u00fcdtirol. Nach dem Fr\u00fchst\u00fcck ging es heute zum Kloster Neustift. Dort erwartete uns Konrad und Luis vom Neustifter M\u00e4nnerchor und begleiteten uns durch das Kloster. Dieses wurde uns sehr interessant von Hochw\u00fcrden Herr Martin erkl\u00e4rt. Er hatte ein Ohr f\u00fcr alle unsere Fragen und im Anschluss durften wir mit Orgelbegleitung noch 2 Lieder in der Kirche singen. Nachher hatten wir noch etwas Freizeit und konnten individuell das Kloster erkunden.<\/p>\n<p>Mittags f\u00fchrten uns unsere Sangesfreude vom Neustifter M\u00e4nnerchor zum Haus Voitsberg wo wir ein reichhaltiges und leckeres Essen genie\u00dfen durften. Danach ging es f\u00fcr alle nach Brixen wo wir uns noch bei herrlichen Wetter die Stadt ansehen konnten. Wir nutzten die Chance und haben uns noch den Brixener Dom angesehen mit seinem sehr sch\u00f6nen Kreuzgang.<!--more--><\/p>\n<p>16:45 Uhr hie\u00df es f\u00fcr die aktiven S\u00e4nger Abfahrt in Richtung Konzertsaal, wo wir vor dem Konzert noch proben konnten. Das Konzert war ein sehr sch\u00f6nes Erlebnis mit den Freunden vom Neustifter M\u00e4nnerchor. Im Anschluss gab es noch einen Kommers, wo uns die M\u00e4nner und Frauen vom Neustifter Chor nach allen Regeln der Kunst kulinarisch verw\u00f6hnten.<\/p>\n<p>Die Stimmung war sehr ausgelassen, es wurde viel geredet, gesungen und Freundschaften gekn\u00fcpft und erneuert. Wir mussten leider sehr schnell starten, da unsere Busfahrer sich an die Lenkzeiten halten mussten und wir ja morgen zeitig in Richtung Heimat starten wollen.<\/p>\n<p>Ein ganz besonders gro\u00dfes Dankesch\u00f6n geht an der Stelle nochmal an Luis, Konrad, Stefan und alle anderen M\u00e4nner vom Neustifter M\u00e4nnerchor die uns hier eine unvergessliche Zeit beschert haben und die Reise zu einem unvergesslichen Erlebnis gemacht haben.<\/p>\n<p>Euer Jan<\/p>\n<p>Und hier wieder ein paar Impressionen vom Tag:<\/p>\n\n\t\t<style type=\"text\/css\">\n\t\t\t#gallery-1 {\n\t\t\t\tmargin: auto;\n\t\t\t}\n\t\t\t#gallery-1 .gallery-item {\n\t\t\t\tfloat: left;\n\t\t\t\tmargin-top: 10px;\n\t\t\t\ttext-align: center;\n\t\t\t\twidth: 33%;\n\t\t\t}\n\t\t\t#gallery-1 img {\n\t\t\t\tborder: 2px solid #cfcfcf;\n\t\t\t}\n\t\t\t#gallery-1 .gallery-caption {\n\t\t\t\tmargin-left: 0;\n\t\t\t}\n\t\t\t\/* see gallery_shortcode() in wp-includes\/media.php *\/\n\t\t<\/style>\n\t\t<div data-carousel-extra='{\"blog_id\":1,\"permalink\":\"https:\\\/\\\/www.polizeichor-dresden.de\\\/?p=824\"}' id='gallery-1' class='gallery galleryid-824 gallery-columns-3 gallery-size-thumbnail'><dl class='gallery-item'>\n\t\t\t<dt class='gallery-icon landscape'>\n\t\t\t\t<a href='https:\/\/www.polizeichor-dresden.de\/?attachment_id=793'><img width=\"150\" height=\"150\" src=\"https:\/\/i0.wp.com\/www.polizeichor-dresden.de\/wp-content\/uploads\/2015\/09\/web-6158.jpg?resize=150%2C150&amp;ssl=1\" class=\"attachment-thumbnail size-thumbnail\" alt=\"\" decoding=\"async\" loading=\"lazy\" srcset=\"https:\/\/i0.wp.com\/www.polizeichor-dresden.de\/wp-content\/uploads\/2015\/09\/web-6158.jpg?resize=150%2C150&amp;ssl=1 150w, https:\/\/i0.wp.com\/www.polizeichor-dresden.de\/wp-content\/uploads\/2015\/09\/web-6158.jpg?zoom=2&amp;resize=150%2C150&amp;ssl=1 300w, https:\/\/i0.wp.com\/www.polizeichor-dresden.de\/wp-content\/uploads\/2015\/09\/web-6158.jpg?zoom=3&amp;resize=150%2C150&amp;ssl=1 450w\" sizes=\"(max-width: 150px) 100vw, 150px\" data-attachment-id=\"793\" data-permalink=\"https:\/\/www.polizeichor-dresden.de\/?attachment_id=793\" data-orig-file=\"https:\/\/i0.wp.com\/www.polizeichor-dresden.de\/wp-content\/uploads\/2015\/09\/web-6158.jpg?fit=800%2C530&amp;ssl=1\" data-orig-size=\"800,530\" data-comments-opened=\"1\" data-image-meta=\"{&quot;aperture&quot;:&quot;5.6&quot;,&quot;credit&quot;:&quot;Jan Wiedemann&quot;,&quot;camera&quot;:&quot;NIKON D7000&quot;,&quot;caption&quot;:&quot;&quot;,&quot;created_timestamp&quot;:&quot;1443256801&quot;,&quot;copyright&quot;:&quot;Jan Wiedemann&quot;,&quot;focal_length&quot;:&quot;24&quot;,&quot;iso&quot;:&quot;100&quot;,&quot;shutter_speed&quot;:&quot;0.008&quot;,&quot;title&quot;:&quot;&quot;,&quot;orientation&quot;:&quot;0&quot;}\" data-image-title=\"web-6158\" data-image-description=\"\" data-image-caption=\"\" data-medium-file=\"https:\/\/i0.wp.com\/www.polizeichor-dresden.de\/wp-content\/uploads\/2015\/09\/web-6158.jpg?fit=300%2C199&amp;ssl=1\" data-large-file=\"https:\/\/i0.wp.com\/www.polizeichor-dresden.de\/wp-content\/uploads\/2015\/09\/web-6158.jpg?fit=800%2C530&amp;ssl=1\" \/><\/a>\n\t\t\t<\/dt><\/dl><dl class='gallery-item'>\n\t\t\t<dt class='gallery-icon landscape'>\n\t\t\t\t<a href='https:\/\/www.polizeichor-dresden.de\/?attachment_id=794'><img width=\"150\" height=\"150\" src=\"https:\/\/i0.wp.com\/www.polizeichor-dresden.de\/wp-content\/uploads\/2015\/09\/web-6161.jpg?resize=150%2C150&amp;ssl=1\" class=\"attachment-thumbnail size-thumbnail\" alt=\"\" decoding=\"async\" loading=\"lazy\" srcset=\"https:\/\/i0.wp.com\/www.polizeichor-dresden.de\/wp-content\/uploads\/2015\/09\/web-6161.jpg?resize=150%2C150&amp;ssl=1 150w, https:\/\/i0.wp.com\/www.polizeichor-dresden.de\/wp-content\/uploads\/2015\/09\/web-6161.jpg?zoom=2&amp;resize=150%2C150&amp;ssl=1 300w, https:\/\/i0.wp.com\/www.polizeichor-dresden.de\/wp-content\/uploads\/2015\/09\/web-6161.jpg?zoom=3&amp;resize=150%2C150&amp;ssl=1 450w\" sizes=\"(max-width: 150px) 100vw, 150px\" data-attachment-id=\"794\" data-permalink=\"https:\/\/www.polizeichor-dresden.de\/?attachment_id=794\" data-orig-file=\"https:\/\/i0.wp.com\/www.polizeichor-dresden.de\/wp-content\/uploads\/2015\/09\/web-6161.jpg?fit=800%2C530&amp;ssl=1\" data-orig-size=\"800,530\" data-comments-opened=\"1\" data-image-meta=\"{&quot;aperture&quot;:&quot;5&quot;,&quot;credit&quot;:&quot;Jan Wiedemann&quot;,&quot;camera&quot;:&quot;NIKON D7000&quot;,&quot;caption&quot;:&quot;&quot;,&quot;created_timestamp&quot;:&quot;1443256876&quot;,&quot;copyright&quot;:&quot;Jan Wiedemann&quot;,&quot;focal_length&quot;:&quot;18&quot;,&quot;iso&quot;:&quot;100&quot;,&quot;shutter_speed&quot;:&quot;0.01&quot;,&quot;title&quot;:&quot;&quot;,&quot;orientation&quot;:&quot;0&quot;}\" data-image-title=\"web-6161\" data-image-description=\"\" data-image-caption=\"\" data-medium-file=\"https:\/\/i0.wp.com\/www.polizeichor-dresden.de\/wp-content\/uploads\/2015\/09\/web-6161.jpg?fit=300%2C199&amp;ssl=1\" data-large-file=\"https:\/\/i0.wp.com\/www.polizeichor-dresden.de\/wp-content\/uploads\/2015\/09\/web-6161.jpg?fit=800%2C530&amp;ssl=1\" \/><\/a>\n\t\t\t<\/dt><\/dl><dl class='gallery-item'>\n\t\t\t<dt class='gallery-icon portrait'>\n\t\t\t\t<a href='https:\/\/www.polizeichor-dresden.de\/?attachment_id=795'><img width=\"150\" height=\"150\" src=\"https:\/\/i0.wp.com\/www.polizeichor-dresden.de\/wp-content\/uploads\/2015\/09\/web-6169.jpg?resize=150%2C150&amp;ssl=1\" class=\"attachment-thumbnail size-thumbnail\" alt=\"\" decoding=\"async\" loading=\"lazy\" srcset=\"https:\/\/i0.wp.com\/www.polizeichor-dresden.de\/wp-content\/uploads\/2015\/09\/web-6169.jpg?resize=150%2C150&amp;ssl=1 150w, https:\/\/i0.wp.com\/www.polizeichor-dresden.de\/wp-content\/uploads\/2015\/09\/web-6169.jpg?zoom=2&amp;resize=150%2C150&amp;ssl=1 300w, https:\/\/i0.wp.com\/www.polizeichor-dresden.de\/wp-content\/uploads\/2015\/09\/web-6169.jpg?zoom=3&amp;resize=150%2C150&amp;ssl=1 450w\" sizes=\"(max-width: 150px) 100vw, 150px\" data-attachment-id=\"795\" data-permalink=\"https:\/\/www.polizeichor-dresden.de\/?attachment_id=795\" data-orig-file=\"https:\/\/i0.wp.com\/www.polizeichor-dresden.de\/wp-content\/uploads\/2015\/09\/web-6169.jpg?fit=530%2C800&amp;ssl=1\" data-orig-size=\"530,800\" data-comments-opened=\"1\" data-image-meta=\"{&quot;aperture&quot;:&quot;8&quot;,&quot;credit&quot;:&quot;Jan Wiedemann&quot;,&quot;camera&quot;:&quot;NIKON D7000&quot;,&quot;caption&quot;:&quot;&quot;,&quot;created_timestamp&quot;:&quot;1443257107&quot;,&quot;copyright&quot;:&quot;Jan Wiedemann&quot;,&quot;focal_length&quot;:&quot;18&quot;,&quot;iso&quot;:&quot;100&quot;,&quot;shutter_speed&quot;:&quot;0.0025&quot;,&quot;title&quot;:&quot;&quot;,&quot;orientation&quot;:&quot;0&quot;}\" data-image-title=\"web-6169\" data-image-description=\"\" data-image-caption=\"\" data-medium-file=\"https:\/\/i0.wp.com\/www.polizeichor-dresden.de\/wp-content\/uploads\/2015\/09\/web-6169.jpg?fit=199%2C300&amp;ssl=1\" data-large-file=\"https:\/\/i0.wp.com\/www.polizeichor-dresden.de\/wp-content\/uploads\/2015\/09\/web-6169.jpg?fit=530%2C800&amp;ssl=1\" \/><\/a>\n\t\t\t<\/dt><\/dl><br style=\"clear: both\" \/><dl class='gallery-item'>\n\t\t\t<dt class='gallery-icon landscape'>\n\t\t\t\t<a href='https:\/\/www.polizeichor-dresden.de\/?attachment_id=796'><img width=\"150\" height=\"150\" src=\"https:\/\/i0.wp.com\/www.polizeichor-dresden.de\/wp-content\/uploads\/2015\/09\/web-6176.jpg?resize=150%2C150&amp;ssl=1\" class=\"attachment-thumbnail size-thumbnail\" alt=\"\" decoding=\"async\" loading=\"lazy\" srcset=\"https:\/\/i0.wp.com\/www.polizeichor-dresden.de\/wp-content\/uploads\/2015\/09\/web-6176.jpg?resize=150%2C150&amp;ssl=1 150w, https:\/\/i0.wp.com\/www.polizeichor-dresden.de\/wp-content\/uploads\/2015\/09\/web-6176.jpg?zoom=2&amp;resize=150%2C150&amp;ssl=1 300w, https:\/\/i0.wp.com\/www.polizeichor-dresden.de\/wp-content\/uploads\/2015\/09\/web-6176.jpg?zoom=3&amp;resize=150%2C150&amp;ssl=1 450w\" sizes=\"(max-width: 150px) 100vw, 150px\" data-attachment-id=\"796\" data-permalink=\"https:\/\/www.polizeichor-dresden.de\/?attachment_id=796\" data-orig-file=\"https:\/\/i0.wp.com\/www.polizeichor-dresden.de\/wp-content\/uploads\/2015\/09\/web-6176.jpg?fit=800%2C530&amp;ssl=1\" data-orig-size=\"800,530\" data-comments-opened=\"1\" data-image-meta=\"{&quot;aperture&quot;:&quot;5&quot;,&quot;credit&quot;:&quot;Jan Wiedemann&quot;,&quot;camera&quot;:&quot;NIKON D7000&quot;,&quot;caption&quot;:&quot;&quot;,&quot;created_timestamp&quot;:&quot;1443257464&quot;,&quot;copyright&quot;:&quot;Jan Wiedemann&quot;,&quot;focal_length&quot;:&quot;18&quot;,&quot;iso&quot;:&quot;100&quot;,&quot;shutter_speed&quot;:&quot;0.00625&quot;,&quot;title&quot;:&quot;&quot;,&quot;orientation&quot;:&quot;0&quot;}\" data-image-title=\"web-6176\" data-image-description=\"\" data-image-caption=\"\" data-medium-file=\"https:\/\/i0.wp.com\/www.polizeichor-dresden.de\/wp-content\/uploads\/2015\/09\/web-6176.jpg?fit=300%2C199&amp;ssl=1\" data-large-file=\"https:\/\/i0.wp.com\/www.polizeichor-dresden.de\/wp-content\/uploads\/2015\/09\/web-6176.jpg?fit=800%2C530&amp;ssl=1\" \/><\/a>\n\t\t\t<\/dt><\/dl><dl class='gallery-item'>\n\t\t\t<dt class='gallery-icon portrait'>\n\t\t\t\t<a href='https:\/\/www.polizeichor-dresden.de\/?attachment_id=797'><img width=\"150\" height=\"150\" src=\"https:\/\/i0.wp.com\/www.polizeichor-dresden.de\/wp-content\/uploads\/2015\/09\/web-6185.jpg?resize=150%2C150&amp;ssl=1\" class=\"attachment-thumbnail size-thumbnail\" alt=\"\" decoding=\"async\" loading=\"lazy\" srcset=\"https:\/\/i0.wp.com\/www.polizeichor-dresden.de\/wp-content\/uploads\/2015\/09\/web-6185.jpg?resize=150%2C150&amp;ssl=1 150w, https:\/\/i0.wp.com\/www.polizeichor-dresden.de\/wp-content\/uploads\/2015\/09\/web-6185.jpg?zoom=2&amp;resize=150%2C150&amp;ssl=1 300w, https:\/\/i0.wp.com\/www.polizeichor-dresden.de\/wp-content\/uploads\/2015\/09\/web-6185.jpg?zoom=3&amp;resize=150%2C150&amp;ssl=1 450w\" sizes=\"(max-width: 150px) 100vw, 150px\" data-attachment-id=\"797\" data-permalink=\"https:\/\/www.polizeichor-dresden.de\/?attachment_id=797\" data-orig-file=\"https:\/\/i0.wp.com\/www.polizeichor-dresden.de\/wp-content\/uploads\/2015\/09\/web-6185.jpg?fit=530%2C800&amp;ssl=1\" data-orig-size=\"530,800\" data-comments-opened=\"1\" data-image-meta=\"{&quot;aperture&quot;:&quot;4.5&quot;,&quot;credit&quot;:&quot;Jan Wiedemann&quot;,&quot;camera&quot;:&quot;NIKON D7000&quot;,&quot;caption&quot;:&quot;&quot;,&quot;created_timestamp&quot;:&quot;1443257730&quot;,&quot;copyright&quot;:&quot;Jan Wiedemann&quot;,&quot;focal_length&quot;:&quot;18&quot;,&quot;iso&quot;:&quot;400&quot;,&quot;shutter_speed&quot;:&quot;0.0125&quot;,&quot;title&quot;:&quot;&quot;,&quot;orientation&quot;:&quot;0&quot;}\" data-image-title=\"web-6185\" data-image-description=\"\" data-image-caption=\"\" data-medium-file=\"https:\/\/i0.wp.com\/www.polizeichor-dresden.de\/wp-content\/uploads\/2015\/09\/web-6185.jpg?fit=199%2C300&amp;ssl=1\" data-large-file=\"https:\/\/i0.wp.com\/www.polizeichor-dresden.de\/wp-content\/uploads\/2015\/09\/web-6185.jpg?fit=530%2C800&amp;ssl=1\" \/><\/a>\n\t\t\t<\/dt><\/dl><dl class='gallery-item'>\n\t\t\t<dt class='gallery-icon portrait'>\n\t\t\t\t<a href='https:\/\/www.polizeichor-dresden.de\/?attachment_id=798'><img width=\"150\" height=\"150\" src=\"https:\/\/i0.wp.com\/www.polizeichor-dresden.de\/wp-content\/uploads\/2015\/09\/web-6190.jpg?resize=150%2C150&amp;ssl=1\" class=\"attachment-thumbnail size-thumbnail\" alt=\"\" decoding=\"async\" loading=\"lazy\" srcset=\"https:\/\/i0.wp.com\/www.polizeichor-dresden.de\/wp-content\/uploads\/2015\/09\/web-6190.jpg?resize=150%2C150&amp;ssl=1 150w, https:\/\/i0.wp.com\/www.polizeichor-dresden.de\/wp-content\/uploads\/2015\/09\/web-6190.jpg?zoom=2&amp;resize=150%2C150&amp;ssl=1 300w, https:\/\/i0.wp.com\/www.polizeichor-dresden.de\/wp-content\/uploads\/2015\/09\/web-6190.jpg?zoom=3&amp;resize=150%2C150&amp;ssl=1 450w\" sizes=\"(max-width: 150px) 100vw, 150px\" data-attachment-id=\"798\" data-permalink=\"https:\/\/www.polizeichor-dresden.de\/?attachment_id=798\" data-orig-file=\"https:\/\/i0.wp.com\/www.polizeichor-dresden.de\/wp-content\/uploads\/2015\/09\/web-6190.jpg?fit=530%2C800&amp;ssl=1\" data-orig-size=\"530,800\" data-comments-opened=\"1\" data-image-meta=\"{&quot;aperture&quot;:&quot;5.6&quot;,&quot;credit&quot;:&quot;Jan Wiedemann&quot;,&quot;camera&quot;:&quot;NIKON D7000&quot;,&quot;caption&quot;:&quot;&quot;,&quot;created_timestamp&quot;:&quot;1443257907&quot;,&quot;copyright&quot;:&quot;Jan Wiedemann&quot;,&quot;focal_length&quot;:&quot;170&quot;,&quot;iso&quot;:&quot;1600&quot;,&quot;shutter_speed&quot;:&quot;0.008&quot;,&quot;title&quot;:&quot;&quot;,&quot;orientation&quot;:&quot;0&quot;}\" data-image-title=\"web-6190\" data-image-description=\"\" data-image-caption=\"\" data-medium-file=\"https:\/\/i0.wp.com\/www.polizeichor-dresden.de\/wp-content\/uploads\/2015\/09\/web-6190.jpg?fit=199%2C300&amp;ssl=1\" data-large-file=\"https:\/\/i0.wp.com\/www.polizeichor-dresden.de\/wp-content\/uploads\/2015\/09\/web-6190.jpg?fit=530%2C800&amp;ssl=1\" \/><\/a>\n\t\t\t<\/dt><\/dl><br style=\"clear: both\" \/><dl class='gallery-item'>\n\t\t\t<dt class='gallery-icon landscape'>\n\t\t\t\t<a href='https:\/\/www.polizeichor-dresden.de\/?attachment_id=799'><img width=\"150\" height=\"150\" src=\"https:\/\/i0.wp.com\/www.polizeichor-dresden.de\/wp-content\/uploads\/2015\/09\/web-6192.jpg?resize=150%2C150&amp;ssl=1\" class=\"attachment-thumbnail size-thumbnail\" alt=\"\" decoding=\"async\" loading=\"lazy\" srcset=\"https:\/\/i0.wp.com\/www.polizeichor-dresden.de\/wp-content\/uploads\/2015\/09\/web-6192.jpg?resize=150%2C150&amp;ssl=1 150w, https:\/\/i0.wp.com\/www.polizeichor-dresden.de\/wp-content\/uploads\/2015\/09\/web-6192.jpg?zoom=2&amp;resize=150%2C150&amp;ssl=1 300w, https:\/\/i0.wp.com\/www.polizeichor-dresden.de\/wp-content\/uploads\/2015\/09\/web-6192.jpg?zoom=3&amp;resize=150%2C150&amp;ssl=1 450w\" sizes=\"(max-width: 150px) 100vw, 150px\" data-attachment-id=\"799\" data-permalink=\"https:\/\/www.polizeichor-dresden.de\/?attachment_id=799\" data-orig-file=\"https:\/\/i0.wp.com\/www.polizeichor-dresden.de\/wp-content\/uploads\/2015\/09\/web-6192.jpg?fit=800%2C530&amp;ssl=1\" data-orig-size=\"800,530\" data-comments-opened=\"1\" data-image-meta=\"{&quot;aperture&quot;:&quot;4.5&quot;,&quot;credit&quot;:&quot;Jan Wiedemann&quot;,&quot;camera&quot;:&quot;NIKON D7000&quot;,&quot;caption&quot;:&quot;&quot;,&quot;created_timestamp&quot;:&quot;1443258280&quot;,&quot;copyright&quot;:&quot;Jan Wiedemann&quot;,&quot;focal_length&quot;:&quot;24&quot;,&quot;iso&quot;:&quot;400&quot;,&quot;shutter_speed&quot;:&quot;0.0125&quot;,&quot;title&quot;:&quot;&quot;,&quot;orientation&quot;:&quot;0&quot;}\" data-image-title=\"web-6192\" data-image-description=\"\" data-image-caption=\"\" data-medium-file=\"https:\/\/i0.wp.com\/www.polizeichor-dresden.de\/wp-content\/uploads\/2015\/09\/web-6192.jpg?fit=300%2C199&amp;ssl=1\" data-large-file=\"https:\/\/i0.wp.com\/www.polizeichor-dresden.de\/wp-content\/uploads\/2015\/09\/web-6192.jpg?fit=800%2C530&amp;ssl=1\" \/><\/a>\n\t\t\t<\/dt><\/dl><dl class='gallery-item'>\n\t\t\t<dt class='gallery-icon landscape'>\n\t\t\t\t<a href='https:\/\/www.polizeichor-dresden.de\/?attachment_id=800'><img width=\"150\" height=\"150\" src=\"https:\/\/i0.wp.com\/www.polizeichor-dresden.de\/wp-content\/uploads\/2015\/09\/web-6195.jpg?resize=150%2C150&amp;ssl=1\" class=\"attachment-thumbnail size-thumbnail\" alt=\"\" decoding=\"async\" loading=\"lazy\" srcset=\"https:\/\/i0.wp.com\/www.polizeichor-dresden.de\/wp-content\/uploads\/2015\/09\/web-6195.jpg?resize=150%2C150&amp;ssl=1 150w, https:\/\/i0.wp.com\/www.polizeichor-dresden.de\/wp-content\/uploads\/2015\/09\/web-6195.jpg?zoom=2&amp;resize=150%2C150&amp;ssl=1 300w, https:\/\/i0.wp.com\/www.polizeichor-dresden.de\/wp-content\/uploads\/2015\/09\/web-6195.jpg?zoom=3&amp;resize=150%2C150&amp;ssl=1 450w\" sizes=\"(max-width: 150px) 100vw, 150px\" data-attachment-id=\"800\" data-permalink=\"https:\/\/www.polizeichor-dresden.de\/?attachment_id=800\" data-orig-file=\"https:\/\/i0.wp.com\/www.polizeichor-dresden.de\/wp-content\/uploads\/2015\/09\/web-6195.jpg?fit=800%2C530&amp;ssl=1\" data-orig-size=\"800,530\" data-comments-opened=\"1\" data-image-meta=\"{&quot;aperture&quot;:&quot;5&quot;,&quot;credit&quot;:&quot;Jan Wiedemann&quot;,&quot;camera&quot;:&quot;NIKON D7000&quot;,&quot;caption&quot;:&quot;&quot;,&quot;created_timestamp&quot;:&quot;1443258346&quot;,&quot;copyright&quot;:&quot;Jan Wiedemann&quot;,&quot;focal_length&quot;:&quot;18&quot;,&quot;iso&quot;:&quot;400&quot;,&quot;shutter_speed&quot;:&quot;0.01&quot;,&quot;title&quot;:&quot;&quot;,&quot;orientation&quot;:&quot;0&quot;}\" data-image-title=\"web-6195\" data-image-description=\"\" data-image-caption=\"\" data-medium-file=\"https:\/\/i0.wp.com\/www.polizeichor-dresden.de\/wp-content\/uploads\/2015\/09\/web-6195.jpg?fit=300%2C199&amp;ssl=1\" data-large-file=\"https:\/\/i0.wp.com\/www.polizeichor-dresden.de\/wp-content\/uploads\/2015\/09\/web-6195.jpg?fit=800%2C530&amp;ssl=1\" \/><\/a>\n\t\t\t<\/dt><\/dl><dl class='gallery-item'>\n\t\t\t<dt class='gallery-icon landscape'>\n\t\t\t\t<a href='https:\/\/www.polizeichor-dresden.de\/?attachment_id=801'><img width=\"150\" height=\"150\" src=\"https:\/\/i0.wp.com\/www.polizeichor-dresden.de\/wp-content\/uploads\/2015\/09\/web-6199.jpg?resize=150%2C150&amp;ssl=1\" class=\"attachment-thumbnail size-thumbnail\" alt=\"\" decoding=\"async\" loading=\"lazy\" srcset=\"https:\/\/i0.wp.com\/www.polizeichor-dresden.de\/wp-content\/uploads\/2015\/09\/web-6199.jpg?resize=150%2C150&amp;ssl=1 150w, https:\/\/i0.wp.com\/www.polizeichor-dresden.de\/wp-content\/uploads\/2015\/09\/web-6199.jpg?zoom=2&amp;resize=150%2C150&amp;ssl=1 300w, https:\/\/i0.wp.com\/www.polizeichor-dresden.de\/wp-content\/uploads\/2015\/09\/web-6199.jpg?zoom=3&amp;resize=150%2C150&amp;ssl=1 450w\" sizes=\"(max-width: 150px) 100vw, 150px\" data-attachment-id=\"801\" data-permalink=\"https:\/\/www.polizeichor-dresden.de\/?attachment_id=801\" data-orig-file=\"https:\/\/i0.wp.com\/www.polizeichor-dresden.de\/wp-content\/uploads\/2015\/09\/web-6199.jpg?fit=800%2C530&amp;ssl=1\" data-orig-size=\"800,530\" data-comments-opened=\"1\" data-image-meta=\"{&quot;aperture&quot;:&quot;5.6&quot;,&quot;credit&quot;:&quot;Jan Wiedemann&quot;,&quot;camera&quot;:&quot;NIKON D7000&quot;,&quot;caption&quot;:&quot;&quot;,&quot;created_timestamp&quot;:&quot;1443258952&quot;,&quot;copyright&quot;:&quot;Jan Wiedemann&quot;,&quot;focal_length&quot;:&quot;170&quot;,&quot;iso&quot;:&quot;1600&quot;,&quot;shutter_speed&quot;:&quot;0.02&quot;,&quot;title&quot;:&quot;&quot;,&quot;orientation&quot;:&quot;0&quot;}\" data-image-title=\"web-6199\" data-image-description=\"\" data-image-caption=\"\" data-medium-file=\"https:\/\/i0.wp.com\/www.polizeichor-dresden.de\/wp-content\/uploads\/2015\/09\/web-6199.jpg?fit=300%2C199&amp;ssl=1\" data-large-file=\"https:\/\/i0.wp.com\/www.polizeichor-dresden.de\/wp-content\/uploads\/2015\/09\/web-6199.jpg?fit=800%2C530&amp;ssl=1\" \/><\/a>\n\t\t\t<\/dt><\/dl><br style=\"clear: both\" \/><dl class='gallery-item'>\n\t\t\t<dt class='gallery-icon landscape'>\n\t\t\t\t<a href='https:\/\/www.polizeichor-dresden.de\/?attachment_id=802'><img width=\"150\" height=\"150\" src=\"https:\/\/i0.wp.com\/www.polizeichor-dresden.de\/wp-content\/uploads\/2015\/09\/web-6202.jpg?resize=150%2C150&amp;ssl=1\" class=\"attachment-thumbnail size-thumbnail\" alt=\"\" decoding=\"async\" loading=\"lazy\" srcset=\"https:\/\/i0.wp.com\/www.polizeichor-dresden.de\/wp-content\/uploads\/2015\/09\/web-6202.jpg?resize=150%2C150&amp;ssl=1 150w, https:\/\/i0.wp.com\/www.polizeichor-dresden.de\/wp-content\/uploads\/2015\/09\/web-6202.jpg?zoom=2&amp;resize=150%2C150&amp;ssl=1 300w, https:\/\/i0.wp.com\/www.polizeichor-dresden.de\/wp-content\/uploads\/2015\/09\/web-6202.jpg?zoom=3&amp;resize=150%2C150&amp;ssl=1 450w\" sizes=\"(max-width: 150px) 100vw, 150px\" data-attachment-id=\"802\" data-permalink=\"https:\/\/www.polizeichor-dresden.de\/?attachment_id=802\" data-orig-file=\"https:\/\/i0.wp.com\/www.polizeichor-dresden.de\/wp-content\/uploads\/2015\/09\/web-6202.jpg?fit=800%2C530&amp;ssl=1\" data-orig-size=\"800,530\" data-comments-opened=\"1\" data-image-meta=\"{&quot;aperture&quot;:&quot;5.3&quot;,&quot;credit&quot;:&quot;Jan Wiedemann&quot;,&quot;camera&quot;:&quot;NIKON D7000&quot;,&quot;caption&quot;:&quot;&quot;,&quot;created_timestamp&quot;:&quot;1443259024&quot;,&quot;copyright&quot;:&quot;Jan Wiedemann&quot;,&quot;focal_length&quot;:&quot;105&quot;,&quot;iso&quot;:&quot;800&quot;,&quot;shutter_speed&quot;:&quot;0.033333333333333&quot;,&quot;title&quot;:&quot;&quot;,&quot;orientation&quot;:&quot;0&quot;}\" data-image-title=\"web-6202\" data-image-description=\"\" data-image-caption=\"\" data-medium-file=\"https:\/\/i0.wp.com\/www.polizeichor-dresden.de\/wp-content\/uploads\/2015\/09\/web-6202.jpg?fit=300%2C199&amp;ssl=1\" data-large-file=\"https:\/\/i0.wp.com\/www.polizeichor-dresden.de\/wp-content\/uploads\/2015\/09\/web-6202.jpg?fit=800%2C530&amp;ssl=1\" \/><\/a>\n\t\t\t<\/dt><\/dl><dl class='gallery-item'>\n\t\t\t<dt class='gallery-icon portrait'>\n\t\t\t\t<a href='https:\/\/www.polizeichor-dresden.de\/?attachment_id=803'><img width=\"150\" height=\"150\" src=\"https:\/\/i0.wp.com\/www.polizeichor-dresden.de\/wp-content\/uploads\/2015\/09\/web-6223.jpg?resize=150%2C150&amp;ssl=1\" class=\"attachment-thumbnail size-thumbnail\" alt=\"\" decoding=\"async\" loading=\"lazy\" srcset=\"https:\/\/i0.wp.com\/www.polizeichor-dresden.de\/wp-content\/uploads\/2015\/09\/web-6223.jpg?resize=150%2C150&amp;ssl=1 150w, https:\/\/i0.wp.com\/www.polizeichor-dresden.de\/wp-content\/uploads\/2015\/09\/web-6223.jpg?zoom=2&amp;resize=150%2C150&amp;ssl=1 300w, https:\/\/i0.wp.com\/www.polizeichor-dresden.de\/wp-content\/uploads\/2015\/09\/web-6223.jpg?zoom=3&amp;resize=150%2C150&amp;ssl=1 450w\" sizes=\"(max-width: 150px) 100vw, 150px\" data-attachment-id=\"803\" data-permalink=\"https:\/\/www.polizeichor-dresden.de\/?attachment_id=803\" data-orig-file=\"https:\/\/i0.wp.com\/www.polizeichor-dresden.de\/wp-content\/uploads\/2015\/09\/web-6223.jpg?fit=530%2C800&amp;ssl=1\" data-orig-size=\"530,800\" data-comments-opened=\"1\" data-image-meta=\"{&quot;aperture&quot;:&quot;4.2&quot;,&quot;credit&quot;:&quot;Jan Wiedemann&quot;,&quot;camera&quot;:&quot;NIKON D7000&quot;,&quot;caption&quot;:&quot;&quot;,&quot;created_timestamp&quot;:&quot;1443259551&quot;,&quot;copyright&quot;:&quot;Jan Wiedemann&quot;,&quot;focal_length&quot;:&quot;32&quot;,&quot;iso&quot;:&quot;1100&quot;,&quot;shutter_speed&quot;:&quot;0.033333333333333&quot;,&quot;title&quot;:&quot;&quot;,&quot;orientation&quot;:&quot;0&quot;}\" data-image-title=\"web-6223\" data-image-description=\"\" data-image-caption=\"\" data-medium-file=\"https:\/\/i0.wp.com\/www.polizeichor-dresden.de\/wp-content\/uploads\/2015\/09\/web-6223.jpg?fit=199%2C300&amp;ssl=1\" data-large-file=\"https:\/\/i0.wp.com\/www.polizeichor-dresden.de\/wp-content\/uploads\/2015\/09\/web-6223.jpg?fit=530%2C800&amp;ssl=1\" \/><\/a>\n\t\t\t<\/dt><\/dl><dl class='gallery-item'>\n\t\t\t<dt class='gallery-icon landscape'>\n\t\t\t\t<a href='https:\/\/www.polizeichor-dresden.de\/?attachment_id=804'><img width=\"150\" height=\"150\" src=\"https:\/\/i0.wp.com\/www.polizeichor-dresden.de\/wp-content\/uploads\/2015\/09\/web-6246.jpg?resize=150%2C150&amp;ssl=1\" class=\"attachment-thumbnail size-thumbnail\" alt=\"\" decoding=\"async\" loading=\"lazy\" srcset=\"https:\/\/i0.wp.com\/www.polizeichor-dresden.de\/wp-content\/uploads\/2015\/09\/web-6246.jpg?resize=150%2C150&amp;ssl=1 150w, https:\/\/i0.wp.com\/www.polizeichor-dresden.de\/wp-content\/uploads\/2015\/09\/web-6246.jpg?zoom=2&amp;resize=150%2C150&amp;ssl=1 300w, https:\/\/i0.wp.com\/www.polizeichor-dresden.de\/wp-content\/uploads\/2015\/09\/web-6246.jpg?zoom=3&amp;resize=150%2C150&amp;ssl=1 450w\" sizes=\"(max-width: 150px) 100vw, 150px\" data-attachment-id=\"804\" data-permalink=\"https:\/\/www.polizeichor-dresden.de\/?attachment_id=804\" data-orig-file=\"https:\/\/i0.wp.com\/www.polizeichor-dresden.de\/wp-content\/uploads\/2015\/09\/web-6246.jpg?fit=800%2C530&amp;ssl=1\" data-orig-size=\"800,530\" data-comments-opened=\"1\" data-image-meta=\"{&quot;aperture&quot;:&quot;4.5&quot;,&quot;credit&quot;:&quot;Jan Wiedemann&quot;,&quot;camera&quot;:&quot;NIKON D7000&quot;,&quot;caption&quot;:&quot;&quot;,&quot;created_timestamp&quot;:&quot;1443260282&quot;,&quot;copyright&quot;:&quot;Jan Wiedemann&quot;,&quot;focal_length&quot;:&quot;18&quot;,&quot;iso&quot;:&quot;400&quot;,&quot;shutter_speed&quot;:&quot;0.0125&quot;,&quot;title&quot;:&quot;&quot;,&quot;orientation&quot;:&quot;0&quot;}\" data-image-title=\"web-6246\" data-image-description=\"\" data-image-caption=\"\" data-medium-file=\"https:\/\/i0.wp.com\/www.polizeichor-dresden.de\/wp-content\/uploads\/2015\/09\/web-6246.jpg?fit=300%2C199&amp;ssl=1\" data-large-file=\"https:\/\/i0.wp.com\/www.polizeichor-dresden.de\/wp-content\/uploads\/2015\/09\/web-6246.jpg?fit=800%2C530&amp;ssl=1\" \/><\/a>\n\t\t\t<\/dt><\/dl><br style=\"clear: both\" \/><dl class='gallery-item'>\n\t\t\t<dt class='gallery-icon portrait'>\n\t\t\t\t<a href='https:\/\/www.polizeichor-dresden.de\/?attachment_id=805'><img width=\"150\" height=\"150\" src=\"https:\/\/i0.wp.com\/www.polizeichor-dresden.de\/wp-content\/uploads\/2015\/09\/web-6271.jpg?resize=150%2C150&amp;ssl=1\" class=\"attachment-thumbnail size-thumbnail\" alt=\"\" decoding=\"async\" loading=\"lazy\" srcset=\"https:\/\/i0.wp.com\/www.polizeichor-dresden.de\/wp-content\/uploads\/2015\/09\/web-6271.jpg?resize=150%2C150&amp;ssl=1 150w, https:\/\/i0.wp.com\/www.polizeichor-dresden.de\/wp-content\/uploads\/2015\/09\/web-6271.jpg?zoom=2&amp;resize=150%2C150&amp;ssl=1 300w, https:\/\/i0.wp.com\/www.polizeichor-dresden.de\/wp-content\/uploads\/2015\/09\/web-6271.jpg?zoom=3&amp;resize=150%2C150&amp;ssl=1 450w\" sizes=\"(max-width: 150px) 100vw, 150px\" data-attachment-id=\"805\" data-permalink=\"https:\/\/www.polizeichor-dresden.de\/?attachment_id=805\" data-orig-file=\"https:\/\/i0.wp.com\/www.polizeichor-dresden.de\/wp-content\/uploads\/2015\/09\/web-6271.jpg?fit=530%2C800&amp;ssl=1\" data-orig-size=\"530,800\" data-comments-opened=\"1\" data-image-meta=\"{&quot;aperture&quot;:&quot;3.5&quot;,&quot;credit&quot;:&quot;Jan Wiedemann&quot;,&quot;camera&quot;:&quot;NIKON D7000&quot;,&quot;caption&quot;:&quot;&quot;,&quot;created_timestamp&quot;:&quot;1443260502&quot;,&quot;copyright&quot;:&quot;Jan Wiedemann&quot;,&quot;focal_length&quot;:&quot;18&quot;,&quot;iso&quot;:&quot;800&quot;,&quot;shutter_speed&quot;:&quot;0.02&quot;,&quot;title&quot;:&quot;&quot;,&quot;orientation&quot;:&quot;0&quot;}\" data-image-title=\"web-6271\" data-image-description=\"\" data-image-caption=\"\" data-medium-file=\"https:\/\/i0.wp.com\/www.polizeichor-dresden.de\/wp-content\/uploads\/2015\/09\/web-6271.jpg?fit=199%2C300&amp;ssl=1\" data-large-file=\"https:\/\/i0.wp.com\/www.polizeichor-dresden.de\/wp-content\/uploads\/2015\/09\/web-6271.jpg?fit=530%2C800&amp;ssl=1\" \/><\/a>\n\t\t\t<\/dt><\/dl><dl class='gallery-item'>\n\t\t\t<dt class='gallery-icon portrait'>\n\t\t\t\t<a href='https:\/\/www.polizeichor-dresden.de\/?attachment_id=806'><img width=\"150\" height=\"150\" src=\"https:\/\/i0.wp.com\/www.polizeichor-dresden.de\/wp-content\/uploads\/2015\/09\/web-6273.jpg?resize=150%2C150&amp;ssl=1\" class=\"attachment-thumbnail size-thumbnail\" alt=\"\" decoding=\"async\" loading=\"lazy\" srcset=\"https:\/\/i0.wp.com\/www.polizeichor-dresden.de\/wp-content\/uploads\/2015\/09\/web-6273.jpg?resize=150%2C150&amp;ssl=1 150w, https:\/\/i0.wp.com\/www.polizeichor-dresden.de\/wp-content\/uploads\/2015\/09\/web-6273.jpg?zoom=2&amp;resize=150%2C150&amp;ssl=1 300w, https:\/\/i0.wp.com\/www.polizeichor-dresden.de\/wp-content\/uploads\/2015\/09\/web-6273.jpg?zoom=3&amp;resize=150%2C150&amp;ssl=1 450w\" sizes=\"(max-width: 150px) 100vw, 150px\" data-attachment-id=\"806\" data-permalink=\"https:\/\/www.polizeichor-dresden.de\/?attachment_id=806\" data-orig-file=\"https:\/\/i0.wp.com\/www.polizeichor-dresden.de\/wp-content\/uploads\/2015\/09\/web-6273.jpg?fit=530%2C800&amp;ssl=1\" data-orig-size=\"530,800\" data-comments-opened=\"1\" data-image-meta=\"{&quot;aperture&quot;:&quot;4.5&quot;,&quot;credit&quot;:&quot;Jan Wiedemann&quot;,&quot;camera&quot;:&quot;NIKON D7000&quot;,&quot;caption&quot;:&quot;&quot;,&quot;created_timestamp&quot;:&quot;1443260565&quot;,&quot;copyright&quot;:&quot;Jan Wiedemann&quot;,&quot;focal_length&quot;:&quot;40&quot;,&quot;iso&quot;:&quot;400&quot;,&quot;shutter_speed&quot;:&quot;0.016666666666667&quot;,&quot;title&quot;:&quot;&quot;,&quot;orientation&quot;:&quot;0&quot;}\" data-image-title=\"web-6273\" data-image-description=\"\" data-image-caption=\"\" data-medium-file=\"https:\/\/i0.wp.com\/www.polizeichor-dresden.de\/wp-content\/uploads\/2015\/09\/web-6273.jpg?fit=199%2C300&amp;ssl=1\" data-large-file=\"https:\/\/i0.wp.com\/www.polizeichor-dresden.de\/wp-content\/uploads\/2015\/09\/web-6273.jpg?fit=530%2C800&amp;ssl=1\" \/><\/a>\n\t\t\t<\/dt><\/dl><dl class='gallery-item'>\n\t\t\t<dt class='gallery-icon landscape'>\n\t\t\t\t<a href='https:\/\/www.polizeichor-dresden.de\/?attachment_id=807'><img width=\"150\" height=\"150\" src=\"https:\/\/i0.wp.com\/www.polizeichor-dresden.de\/wp-content\/uploads\/2015\/09\/web-6317.jpg?resize=150%2C150&amp;ssl=1\" class=\"attachment-thumbnail size-thumbnail\" alt=\"\" decoding=\"async\" loading=\"lazy\" srcset=\"https:\/\/i0.wp.com\/www.polizeichor-dresden.de\/wp-content\/uploads\/2015\/09\/web-6317.jpg?resize=150%2C150&amp;ssl=1 150w, https:\/\/i0.wp.com\/www.polizeichor-dresden.de\/wp-content\/uploads\/2015\/09\/web-6317.jpg?zoom=2&amp;resize=150%2C150&amp;ssl=1 300w, https:\/\/i0.wp.com\/www.polizeichor-dresden.de\/wp-content\/uploads\/2015\/09\/web-6317.jpg?zoom=3&amp;resize=150%2C150&amp;ssl=1 450w\" sizes=\"(max-width: 150px) 100vw, 150px\" data-attachment-id=\"807\" data-permalink=\"https:\/\/www.polizeichor-dresden.de\/?attachment_id=807\" data-orig-file=\"https:\/\/i0.wp.com\/www.polizeichor-dresden.de\/wp-content\/uploads\/2015\/09\/web-6317.jpg?fit=800%2C530&amp;ssl=1\" data-orig-size=\"800,530\" data-comments-opened=\"1\" data-image-meta=\"{&quot;aperture&quot;:&quot;11&quot;,&quot;credit&quot;:&quot;Jan Wiedemann&quot;,&quot;camera&quot;:&quot;NIKON D7000&quot;,&quot;caption&quot;:&quot;&quot;,&quot;created_timestamp&quot;:&quot;1443263490&quot;,&quot;copyright&quot;:&quot;Jan Wiedemann&quot;,&quot;focal_length&quot;:&quot;46&quot;,&quot;iso&quot;:&quot;100&quot;,&quot;shutter_speed&quot;:&quot;0.002&quot;,&quot;title&quot;:&quot;&quot;,&quot;orientation&quot;:&quot;0&quot;}\" data-image-title=\"web-6317\" data-image-description=\"\" data-image-caption=\"\" data-medium-file=\"https:\/\/i0.wp.com\/www.polizeichor-dresden.de\/wp-content\/uploads\/2015\/09\/web-6317.jpg?fit=300%2C199&amp;ssl=1\" data-large-file=\"https:\/\/i0.wp.com\/www.polizeichor-dresden.de\/wp-content\/uploads\/2015\/09\/web-6317.jpg?fit=800%2C530&amp;ssl=1\" \/><\/a>\n\t\t\t<\/dt><\/dl><br style=\"clear: both\" \/><dl class='gallery-item'>\n\t\t\t<dt class='gallery-icon landscape'>\n\t\t\t\t<a href='https:\/\/www.polizeichor-dresden.de\/?attachment_id=808'><img width=\"150\" height=\"150\" src=\"https:\/\/i0.wp.com\/www.polizeichor-dresden.de\/wp-content\/uploads\/2015\/09\/web-6328.jpg?resize=150%2C150&amp;ssl=1\" class=\"attachment-thumbnail size-thumbnail\" alt=\"\" decoding=\"async\" loading=\"lazy\" srcset=\"https:\/\/i0.wp.com\/www.polizeichor-dresden.de\/wp-content\/uploads\/2015\/09\/web-6328.jpg?resize=150%2C150&amp;ssl=1 150w, https:\/\/i0.wp.com\/www.polizeichor-dresden.de\/wp-content\/uploads\/2015\/09\/web-6328.jpg?zoom=2&amp;resize=150%2C150&amp;ssl=1 300w, https:\/\/i0.wp.com\/www.polizeichor-dresden.de\/wp-content\/uploads\/2015\/09\/web-6328.jpg?zoom=3&amp;resize=150%2C150&amp;ssl=1 450w\" sizes=\"(max-width: 150px) 100vw, 150px\" data-attachment-id=\"808\" data-permalink=\"https:\/\/www.polizeichor-dresden.de\/?attachment_id=808\" data-orig-file=\"https:\/\/i0.wp.com\/www.polizeichor-dresden.de\/wp-content\/uploads\/2015\/09\/web-6328.jpg?fit=800%2C530&amp;ssl=1\" data-orig-size=\"800,530\" data-comments-opened=\"1\" data-image-meta=\"{&quot;aperture&quot;:&quot;7.1&quot;,&quot;credit&quot;:&quot;Jan Wiedemann&quot;,&quot;camera&quot;:&quot;NIKON D7000&quot;,&quot;caption&quot;:&quot;&quot;,&quot;created_timestamp&quot;:&quot;1443264234&quot;,&quot;copyright&quot;:&quot;Jan Wiedemann&quot;,&quot;focal_length&quot;:&quot;18&quot;,&quot;iso&quot;:&quot;100&quot;,&quot;shutter_speed&quot;:&quot;0.005&quot;,&quot;title&quot;:&quot;&quot;,&quot;orientation&quot;:&quot;0&quot;}\" data-image-title=\"web-6328\" data-image-description=\"\" data-image-caption=\"\" data-medium-file=\"https:\/\/i0.wp.com\/www.polizeichor-dresden.de\/wp-content\/uploads\/2015\/09\/web-6328.jpg?fit=300%2C199&amp;ssl=1\" data-large-file=\"https:\/\/i0.wp.com\/www.polizeichor-dresden.de\/wp-content\/uploads\/2015\/09\/web-6328.jpg?fit=800%2C530&amp;ssl=1\" \/><\/a>\n\t\t\t<\/dt><\/dl><dl class='gallery-item'>\n\t\t\t<dt class='gallery-icon landscape'>\n\t\t\t\t<a href='https:\/\/www.polizeichor-dresden.de\/?attachment_id=809'><img width=\"150\" height=\"150\" src=\"https:\/\/i0.wp.com\/www.polizeichor-dresden.de\/wp-content\/uploads\/2015\/09\/web-6329.jpg?resize=150%2C150&amp;ssl=1\" class=\"attachment-thumbnail size-thumbnail\" alt=\"\" decoding=\"async\" loading=\"lazy\" srcset=\"https:\/\/i0.wp.com\/www.polizeichor-dresden.de\/wp-content\/uploads\/2015\/09\/web-6329.jpg?resize=150%2C150&amp;ssl=1 150w, https:\/\/i0.wp.com\/www.polizeichor-dresden.de\/wp-content\/uploads\/2015\/09\/web-6329.jpg?zoom=2&amp;resize=150%2C150&amp;ssl=1 300w, https:\/\/i0.wp.com\/www.polizeichor-dresden.de\/wp-content\/uploads\/2015\/09\/web-6329.jpg?zoom=3&amp;resize=150%2C150&amp;ssl=1 450w\" sizes=\"(max-width: 150px) 100vw, 150px\" data-attachment-id=\"809\" data-permalink=\"https:\/\/www.polizeichor-dresden.de\/?attachment_id=809\" data-orig-file=\"https:\/\/i0.wp.com\/www.polizeichor-dresden.de\/wp-content\/uploads\/2015\/09\/web-6329.jpg?fit=800%2C530&amp;ssl=1\" data-orig-size=\"800,530\" data-comments-opened=\"1\" data-image-meta=\"{&quot;aperture&quot;:&quot;7.1&quot;,&quot;credit&quot;:&quot;Jan Wiedemann&quot;,&quot;camera&quot;:&quot;NIKON D7000&quot;,&quot;caption&quot;:&quot;&quot;,&quot;created_timestamp&quot;:&quot;1443264243&quot;,&quot;copyright&quot;:&quot;Jan Wiedemann&quot;,&quot;focal_length&quot;:&quot;20&quot;,&quot;iso&quot;:&quot;100&quot;,&quot;shutter_speed&quot;:&quot;0.005&quot;,&quot;title&quot;:&quot;&quot;,&quot;orientation&quot;:&quot;0&quot;}\" data-image-title=\"web-6329\" data-image-description=\"\" data-image-caption=\"\" data-medium-file=\"https:\/\/i0.wp.com\/www.polizeichor-dresden.de\/wp-content\/uploads\/2015\/09\/web-6329.jpg?fit=300%2C199&amp;ssl=1\" data-large-file=\"https:\/\/i0.wp.com\/www.polizeichor-dresden.de\/wp-content\/uploads\/2015\/09\/web-6329.jpg?fit=800%2C530&amp;ssl=1\" \/><\/a>\n\t\t\t<\/dt><\/dl><dl class='gallery-item'>\n\t\t\t<dt class='gallery-icon landscape'>\n\t\t\t\t<a href='https:\/\/www.polizeichor-dresden.de\/?attachment_id=811'><img width=\"150\" height=\"150\" src=\"https:\/\/i0.wp.com\/www.polizeichor-dresden.de\/wp-content\/uploads\/2015\/09\/web-6350.jpg?resize=150%2C150&amp;ssl=1\" class=\"attachment-thumbnail size-thumbnail\" alt=\"\" decoding=\"async\" loading=\"lazy\" srcset=\"https:\/\/i0.wp.com\/www.polizeichor-dresden.de\/wp-content\/uploads\/2015\/09\/web-6350.jpg?resize=150%2C150&amp;ssl=1 150w, https:\/\/i0.wp.com\/www.polizeichor-dresden.de\/wp-content\/uploads\/2015\/09\/web-6350.jpg?zoom=2&amp;resize=150%2C150&amp;ssl=1 300w, https:\/\/i0.wp.com\/www.polizeichor-dresden.de\/wp-content\/uploads\/2015\/09\/web-6350.jpg?zoom=3&amp;resize=150%2C150&amp;ssl=1 450w\" sizes=\"(max-width: 150px) 100vw, 150px\" data-attachment-id=\"811\" data-permalink=\"https:\/\/www.polizeichor-dresden.de\/?attachment_id=811\" data-orig-file=\"https:\/\/i0.wp.com\/www.polizeichor-dresden.de\/wp-content\/uploads\/2015\/09\/web-6350.jpg?fit=800%2C530&amp;ssl=1\" data-orig-size=\"800,530\" data-comments-opened=\"1\" data-image-meta=\"{&quot;aperture&quot;:&quot;8&quot;,&quot;credit&quot;:&quot;Jan Wiedemann&quot;,&quot;camera&quot;:&quot;NIKON D7000&quot;,&quot;caption&quot;:&quot;&quot;,&quot;created_timestamp&quot;:&quot;1443271598&quot;,&quot;copyright&quot;:&quot;Jan Wiedemann&quot;,&quot;focal_length&quot;:&quot;50&quot;,&quot;iso&quot;:&quot;100&quot;,&quot;shutter_speed&quot;:&quot;0.004&quot;,&quot;title&quot;:&quot;&quot;,&quot;orientation&quot;:&quot;0&quot;}\" data-image-title=\"web-6350\" data-image-description=\"\" data-image-caption=\"\" data-medium-file=\"https:\/\/i0.wp.com\/www.polizeichor-dresden.de\/wp-content\/uploads\/2015\/09\/web-6350.jpg?fit=300%2C199&amp;ssl=1\" data-large-file=\"https:\/\/i0.wp.com\/www.polizeichor-dresden.de\/wp-content\/uploads\/2015\/09\/web-6350.jpg?fit=800%2C530&amp;ssl=1\" \/><\/a>\n\t\t\t<\/dt><\/dl><br style=\"clear: both\" \/><dl class='gallery-item'>\n\t\t\t<dt class='gallery-icon landscape'>\n\t\t\t\t<a href='https:\/\/www.polizeichor-dresden.de\/?attachment_id=812'><img width=\"150\" height=\"150\" src=\"https:\/\/i0.wp.com\/www.polizeichor-dresden.de\/wp-content\/uploads\/2015\/09\/web-6403.jpg?resize=150%2C150&amp;ssl=1\" class=\"attachment-thumbnail size-thumbnail\" alt=\"\" decoding=\"async\" loading=\"lazy\" srcset=\"https:\/\/i0.wp.com\/www.polizeichor-dresden.de\/wp-content\/uploads\/2015\/09\/web-6403.jpg?resize=150%2C150&amp;ssl=1 150w, https:\/\/i0.wp.com\/www.polizeichor-dresden.de\/wp-content\/uploads\/2015\/09\/web-6403.jpg?zoom=2&amp;resize=150%2C150&amp;ssl=1 300w, https:\/\/i0.wp.com\/www.polizeichor-dresden.de\/wp-content\/uploads\/2015\/09\/web-6403.jpg?zoom=3&amp;resize=150%2C150&amp;ssl=1 450w\" sizes=\"(max-width: 150px) 100vw, 150px\" data-attachment-id=\"812\" data-permalink=\"https:\/\/www.polizeichor-dresden.de\/?attachment_id=812\" data-orig-file=\"https:\/\/i0.wp.com\/www.polizeichor-dresden.de\/wp-content\/uploads\/2015\/09\/web-6403.jpg?fit=800%2C530&amp;ssl=1\" data-orig-size=\"800,530\" data-comments-opened=\"1\" data-image-meta=\"{&quot;aperture&quot;:&quot;7.1&quot;,&quot;credit&quot;:&quot;Jan Wiedemann&quot;,&quot;camera&quot;:&quot;NIKON D7000&quot;,&quot;caption&quot;:&quot;&quot;,&quot;created_timestamp&quot;:&quot;1443277240&quot;,&quot;copyright&quot;:&quot;Jan Wiedemann&quot;,&quot;focal_length&quot;:&quot;18&quot;,&quot;iso&quot;:&quot;100&quot;,&quot;shutter_speed&quot;:&quot;0.005&quot;,&quot;title&quot;:&quot;&quot;,&quot;orientation&quot;:&quot;0&quot;}\" data-image-title=\"web-6403\" data-image-description=\"\" data-image-caption=\"\" data-medium-file=\"https:\/\/i0.wp.com\/www.polizeichor-dresden.de\/wp-content\/uploads\/2015\/09\/web-6403.jpg?fit=300%2C199&amp;ssl=1\" data-large-file=\"https:\/\/i0.wp.com\/www.polizeichor-dresden.de\/wp-content\/uploads\/2015\/09\/web-6403.jpg?fit=800%2C530&amp;ssl=1\" \/><\/a>\n\t\t\t<\/dt><\/dl><dl class='gallery-item'>\n\t\t\t<dt class='gallery-icon landscape'>\n\t\t\t\t<a href='https:\/\/www.polizeichor-dresden.de\/?attachment_id=813'><img width=\"150\" height=\"150\" src=\"https:\/\/i0.wp.com\/www.polizeichor-dresden.de\/wp-content\/uploads\/2015\/09\/web-6421.jpg?resize=150%2C150&amp;ssl=1\" class=\"attachment-thumbnail size-thumbnail\" alt=\"\" decoding=\"async\" loading=\"lazy\" srcset=\"https:\/\/i0.wp.com\/www.polizeichor-dresden.de\/wp-content\/uploads\/2015\/09\/web-6421.jpg?resize=150%2C150&amp;ssl=1 150w, https:\/\/i0.wp.com\/www.polizeichor-dresden.de\/wp-content\/uploads\/2015\/09\/web-6421.jpg?zoom=2&amp;resize=150%2C150&amp;ssl=1 300w, https:\/\/i0.wp.com\/www.polizeichor-dresden.de\/wp-content\/uploads\/2015\/09\/web-6421.jpg?zoom=3&amp;resize=150%2C150&amp;ssl=1 450w\" sizes=\"(max-width: 150px) 100vw, 150px\" data-attachment-id=\"813\" data-permalink=\"https:\/\/www.polizeichor-dresden.de\/?attachment_id=813\" data-orig-file=\"https:\/\/i0.wp.com\/www.polizeichor-dresden.de\/wp-content\/uploads\/2015\/09\/web-6421.jpg?fit=800%2C530&amp;ssl=1\" data-orig-size=\"800,530\" data-comments-opened=\"1\" data-image-meta=\"{&quot;aperture&quot;:&quot;8&quot;,&quot;credit&quot;:&quot;Jan Wiedemann&quot;,&quot;camera&quot;:&quot;NIKON D7000&quot;,&quot;caption&quot;:&quot;&quot;,&quot;created_timestamp&quot;:&quot;1443278945&quot;,&quot;copyright&quot;:&quot;Jan Wiedemann&quot;,&quot;focal_length&quot;:&quot;29&quot;,&quot;iso&quot;:&quot;100&quot;,&quot;shutter_speed&quot;:&quot;0.004&quot;,&quot;title&quot;:&quot;&quot;,&quot;orientation&quot;:&quot;0&quot;}\" data-image-title=\"web-6421\" data-image-description=\"\" data-image-caption=\"\" data-medium-file=\"https:\/\/i0.wp.com\/www.polizeichor-dresden.de\/wp-content\/uploads\/2015\/09\/web-6421.jpg?fit=300%2C199&amp;ssl=1\" data-large-file=\"https:\/\/i0.wp.com\/www.polizeichor-dresden.de\/wp-content\/uploads\/2015\/09\/web-6421.jpg?fit=800%2C530&amp;ssl=1\" \/><\/a>\n\t\t\t<\/dt><\/dl><dl class='gallery-item'>\n\t\t\t<dt class='gallery-icon landscape'>\n\t\t\t\t<a href='https:\/\/www.polizeichor-dresden.de\/?attachment_id=814'><img width=\"150\" height=\"150\" src=\"https:\/\/i0.wp.com\/www.polizeichor-dresden.de\/wp-content\/uploads\/2015\/09\/web-6423.jpg?resize=150%2C150&amp;ssl=1\" class=\"attachment-thumbnail size-thumbnail\" alt=\"\" decoding=\"async\" loading=\"lazy\" srcset=\"https:\/\/i0.wp.com\/www.polizeichor-dresden.de\/wp-content\/uploads\/2015\/09\/web-6423.jpg?resize=150%2C150&amp;ssl=1 150w, https:\/\/i0.wp.com\/www.polizeichor-dresden.de\/wp-content\/uploads\/2015\/09\/web-6423.jpg?zoom=2&amp;resize=150%2C150&amp;ssl=1 300w, https:\/\/i0.wp.com\/www.polizeichor-dresden.de\/wp-content\/uploads\/2015\/09\/web-6423.jpg?zoom=3&amp;resize=150%2C150&amp;ssl=1 450w\" sizes=\"(max-width: 150px) 100vw, 150px\" data-attachment-id=\"814\" data-permalink=\"https:\/\/www.polizeichor-dresden.de\/?attachment_id=814\" data-orig-file=\"https:\/\/i0.wp.com\/www.polizeichor-dresden.de\/wp-content\/uploads\/2015\/09\/web-6423.jpg?fit=800%2C530&amp;ssl=1\" data-orig-size=\"800,530\" data-comments-opened=\"1\" data-image-meta=\"{&quot;aperture&quot;:&quot;3.5&quot;,&quot;credit&quot;:&quot;Jan Wiedemann&quot;,&quot;camera&quot;:&quot;NIKON D7000&quot;,&quot;caption&quot;:&quot;&quot;,&quot;created_timestamp&quot;:&quot;1443298265&quot;,&quot;copyright&quot;:&quot;Jan Wiedemann&quot;,&quot;focal_length&quot;:&quot;18&quot;,&quot;iso&quot;:&quot;1400&quot;,&quot;shutter_speed&quot;:&quot;0.033333333333333&quot;,&quot;title&quot;:&quot;&quot;,&quot;orientation&quot;:&quot;0&quot;}\" data-image-title=\"web-6423\" data-image-description=\"\" data-image-caption=\"\" data-medium-file=\"https:\/\/i0.wp.com\/www.polizeichor-dresden.de\/wp-content\/uploads\/2015\/09\/web-6423.jpg?fit=300%2C199&amp;ssl=1\" data-large-file=\"https:\/\/i0.wp.com\/www.polizeichor-dresden.de\/wp-content\/uploads\/2015\/09\/web-6423.jpg?fit=800%2C530&amp;ssl=1\" \/><\/a>\n\t\t\t<\/dt><\/dl><br style=\"clear: both\" \/><dl class='gallery-item'>\n\t\t\t<dt class='gallery-icon landscape'>\n\t\t\t\t<a href='https:\/\/www.polizeichor-dresden.de\/?attachment_id=815'><img width=\"150\" height=\"150\" src=\"https:\/\/i0.wp.com\/www.polizeichor-dresden.de\/wp-content\/uploads\/2015\/09\/web-6427.jpg?resize=150%2C150&amp;ssl=1\" class=\"attachment-thumbnail size-thumbnail\" alt=\"\" decoding=\"async\" loading=\"lazy\" srcset=\"https:\/\/i0.wp.com\/www.polizeichor-dresden.de\/wp-content\/uploads\/2015\/09\/web-6427.jpg?resize=150%2C150&amp;ssl=1 150w, https:\/\/i0.wp.com\/www.polizeichor-dresden.de\/wp-content\/uploads\/2015\/09\/web-6427.jpg?zoom=2&amp;resize=150%2C150&amp;ssl=1 300w, https:\/\/i0.wp.com\/www.polizeichor-dresden.de\/wp-content\/uploads\/2015\/09\/web-6427.jpg?zoom=3&amp;resize=150%2C150&amp;ssl=1 450w\" sizes=\"(max-width: 150px) 100vw, 150px\" data-attachment-id=\"815\" data-permalink=\"https:\/\/www.polizeichor-dresden.de\/?attachment_id=815\" data-orig-file=\"https:\/\/i0.wp.com\/www.polizeichor-dresden.de\/wp-content\/uploads\/2015\/09\/web-6427.jpg?fit=800%2C530&amp;ssl=1\" data-orig-size=\"800,530\" data-comments-opened=\"1\" data-image-meta=\"{&quot;aperture&quot;:&quot;3.5&quot;,&quot;credit&quot;:&quot;Jan Wiedemann&quot;,&quot;camera&quot;:&quot;NIKON D7000&quot;,&quot;caption&quot;:&quot;&quot;,&quot;created_timestamp&quot;:&quot;1443299679&quot;,&quot;copyright&quot;:&quot;Jan Wiedemann&quot;,&quot;focal_length&quot;:&quot;18&quot;,&quot;iso&quot;:&quot;1000&quot;,&quot;shutter_speed&quot;:&quot;0.033333333333333&quot;,&quot;title&quot;:&quot;&quot;,&quot;orientation&quot;:&quot;0&quot;}\" data-image-title=\"web-6427\" data-image-description=\"\" data-image-caption=\"\" data-medium-file=\"https:\/\/i0.wp.com\/www.polizeichor-dresden.de\/wp-content\/uploads\/2015\/09\/web-6427.jpg?fit=300%2C199&amp;ssl=1\" data-large-file=\"https:\/\/i0.wp.com\/www.polizeichor-dresden.de\/wp-content\/uploads\/2015\/09\/web-6427.jpg?fit=800%2C530&amp;ssl=1\" \/><\/a>\n\t\t\t<\/dt><\/dl><dl class='gallery-item'>\n\t\t\t<dt class='gallery-icon landscape'>\n\t\t\t\t<a href='https:\/\/www.polizeichor-dresden.de\/?attachment_id=816'><img width=\"150\" height=\"150\" src=\"https:\/\/i0.wp.com\/www.polizeichor-dresden.de\/wp-content\/uploads\/2015\/09\/web-6433.jpg?resize=150%2C150&amp;ssl=1\" class=\"attachment-thumbnail size-thumbnail\" alt=\"\" decoding=\"async\" loading=\"lazy\" srcset=\"https:\/\/i0.wp.com\/www.polizeichor-dresden.de\/wp-content\/uploads\/2015\/09\/web-6433.jpg?resize=150%2C150&amp;ssl=1 150w, https:\/\/i0.wp.com\/www.polizeichor-dresden.de\/wp-content\/uploads\/2015\/09\/web-6433.jpg?zoom=2&amp;resize=150%2C150&amp;ssl=1 300w, https:\/\/i0.wp.com\/www.polizeichor-dresden.de\/wp-content\/uploads\/2015\/09\/web-6433.jpg?zoom=3&amp;resize=150%2C150&amp;ssl=1 450w\" sizes=\"(max-width: 150px) 100vw, 150px\" data-attachment-id=\"816\" data-permalink=\"https:\/\/www.polizeichor-dresden.de\/?attachment_id=816\" data-orig-file=\"https:\/\/i0.wp.com\/www.polizeichor-dresden.de\/wp-content\/uploads\/2015\/09\/web-6433.jpg?fit=800%2C530&amp;ssl=1\" data-orig-size=\"800,530\" data-comments-opened=\"1\" data-image-meta=\"{&quot;aperture&quot;:&quot;3.5&quot;,&quot;credit&quot;:&quot;Jan Wiedemann&quot;,&quot;camera&quot;:&quot;NIKON D7000&quot;,&quot;caption&quot;:&quot;&quot;,&quot;created_timestamp&quot;:&quot;1443299825&quot;,&quot;copyright&quot;:&quot;Jan Wiedemann&quot;,&quot;focal_length&quot;:&quot;18&quot;,&quot;iso&quot;:&quot;1400&quot;,&quot;shutter_speed&quot;:&quot;0.033333333333333&quot;,&quot;title&quot;:&quot;&quot;,&quot;orientation&quot;:&quot;0&quot;}\" data-image-title=\"web-6433\" data-image-description=\"\" data-image-caption=\"\" data-medium-file=\"https:\/\/i0.wp.com\/www.polizeichor-dresden.de\/wp-content\/uploads\/2015\/09\/web-6433.jpg?fit=300%2C199&amp;ssl=1\" data-large-file=\"https:\/\/i0.wp.com\/www.polizeichor-dresden.de\/wp-content\/uploads\/2015\/09\/web-6433.jpg?fit=800%2C530&amp;ssl=1\" \/><\/a>\n\t\t\t<\/dt><\/dl><dl class='gallery-item'>\n\t\t\t<dt class='gallery-icon landscape'>\n\t\t\t\t<a href='https:\/\/www.polizeichor-dresden.de\/?attachment_id=817'><img width=\"150\" height=\"150\" src=\"https:\/\/i0.wp.com\/www.polizeichor-dresden.de\/wp-content\/uploads\/2015\/09\/web-6434.jpg?resize=150%2C150&amp;ssl=1\" class=\"attachment-thumbnail size-thumbnail\" alt=\"\" decoding=\"async\" loading=\"lazy\" srcset=\"https:\/\/i0.wp.com\/www.polizeichor-dresden.de\/wp-content\/uploads\/2015\/09\/web-6434.jpg?resize=150%2C150&amp;ssl=1 150w, https:\/\/i0.wp.com\/www.polizeichor-dresden.de\/wp-content\/uploads\/2015\/09\/web-6434.jpg?zoom=2&amp;resize=150%2C150&amp;ssl=1 300w, https:\/\/i0.wp.com\/www.polizeichor-dresden.de\/wp-content\/uploads\/2015\/09\/web-6434.jpg?zoom=3&amp;resize=150%2C150&amp;ssl=1 450w\" sizes=\"(max-width: 150px) 100vw, 150px\" data-attachment-id=\"817\" data-permalink=\"https:\/\/www.polizeichor-dresden.de\/?attachment_id=817\" data-orig-file=\"https:\/\/i0.wp.com\/www.polizeichor-dresden.de\/wp-content\/uploads\/2015\/09\/web-6434.jpg?fit=800%2C530&amp;ssl=1\" data-orig-size=\"800,530\" data-comments-opened=\"1\" data-image-meta=\"{&quot;aperture&quot;:&quot;3.5&quot;,&quot;credit&quot;:&quot;Jan Wiedemann&quot;,&quot;camera&quot;:&quot;NIKON D7000&quot;,&quot;caption&quot;:&quot;&quot;,&quot;created_timestamp&quot;:&quot;1443301725&quot;,&quot;copyright&quot;:&quot;Jan Wiedemann&quot;,&quot;focal_length&quot;:&quot;18&quot;,&quot;iso&quot;:&quot;1000&quot;,&quot;shutter_speed&quot;:&quot;0.033333333333333&quot;,&quot;title&quot;:&quot;&quot;,&quot;orientation&quot;:&quot;0&quot;}\" data-image-title=\"web-6434\" data-image-description=\"\" data-image-caption=\"\" data-medium-file=\"https:\/\/i0.wp.com\/www.polizeichor-dresden.de\/wp-content\/uploads\/2015\/09\/web-6434.jpg?fit=300%2C199&amp;ssl=1\" data-large-file=\"https:\/\/i0.wp.com\/www.polizeichor-dresden.de\/wp-content\/uploads\/2015\/09\/web-6434.jpg?fit=800%2C530&amp;ssl=1\" \/><\/a>\n\t\t\t<\/dt><\/dl><br style=\"clear: both\" \/><dl class='gallery-item'>\n\t\t\t<dt class='gallery-icon landscape'>\n\t\t\t\t<a href='https:\/\/www.polizeichor-dresden.de\/?attachment_id=818'><img width=\"150\" height=\"150\" src=\"https:\/\/i0.wp.com\/www.polizeichor-dresden.de\/wp-content\/uploads\/2015\/09\/web-6439.jpg?resize=150%2C150&amp;ssl=1\" class=\"attachment-thumbnail size-thumbnail\" alt=\"\" decoding=\"async\" loading=\"lazy\" srcset=\"https:\/\/i0.wp.com\/www.polizeichor-dresden.de\/wp-content\/uploads\/2015\/09\/web-6439.jpg?resize=150%2C150&amp;ssl=1 150w, https:\/\/i0.wp.com\/www.polizeichor-dresden.de\/wp-content\/uploads\/2015\/09\/web-6439.jpg?zoom=2&amp;resize=150%2C150&amp;ssl=1 300w, https:\/\/i0.wp.com\/www.polizeichor-dresden.de\/wp-content\/uploads\/2015\/09\/web-6439.jpg?zoom=3&amp;resize=150%2C150&amp;ssl=1 450w\" sizes=\"(max-width: 150px) 100vw, 150px\" data-attachment-id=\"818\" data-permalink=\"https:\/\/www.polizeichor-dresden.de\/?attachment_id=818\" data-orig-file=\"https:\/\/i0.wp.com\/www.polizeichor-dresden.de\/wp-content\/uploads\/2015\/09\/web-6439.jpg?fit=800%2C530&amp;ssl=1\" data-orig-size=\"800,530\" data-comments-opened=\"1\" data-image-meta=\"{&quot;aperture&quot;:&quot;5.3&quot;,&quot;credit&quot;:&quot;Jan Wiedemann&quot;,&quot;camera&quot;:&quot;NIKON D7000&quot;,&quot;caption&quot;:&quot;&quot;,&quot;created_timestamp&quot;:&quot;1443301859&quot;,&quot;copyright&quot;:&quot;Jan Wiedemann&quot;,&quot;focal_length&quot;:&quot;95&quot;,&quot;iso&quot;:&quot;1250&quot;,&quot;shutter_speed&quot;:&quot;0.033333333333333&quot;,&quot;title&quot;:&quot;&quot;,&quot;orientation&quot;:&quot;0&quot;}\" data-image-title=\"web-6439\" data-image-description=\"\" data-image-caption=\"\" data-medium-file=\"https:\/\/i0.wp.com\/www.polizeichor-dresden.de\/wp-content\/uploads\/2015\/09\/web-6439.jpg?fit=300%2C199&amp;ssl=1\" data-large-file=\"https:\/\/i0.wp.com\/www.polizeichor-dresden.de\/wp-content\/uploads\/2015\/09\/web-6439.jpg?fit=800%2C530&amp;ssl=1\" \/><\/a>\n\t\t\t<\/dt><\/dl><dl class='gallery-item'>\n\t\t\t<dt class='gallery-icon landscape'>\n\t\t\t\t<a href='https:\/\/www.polizeichor-dresden.de\/?attachment_id=819'><img width=\"150\" height=\"150\" src=\"https:\/\/i0.wp.com\/www.polizeichor-dresden.de\/wp-content\/uploads\/2015\/09\/web-6454.jpg?resize=150%2C150&amp;ssl=1\" class=\"attachment-thumbnail size-thumbnail\" alt=\"\" decoding=\"async\" loading=\"lazy\" srcset=\"https:\/\/i0.wp.com\/www.polizeichor-dresden.de\/wp-content\/uploads\/2015\/09\/web-6454.jpg?resize=150%2C150&amp;ssl=1 150w, https:\/\/i0.wp.com\/www.polizeichor-dresden.de\/wp-content\/uploads\/2015\/09\/web-6454.jpg?zoom=2&amp;resize=150%2C150&amp;ssl=1 300w, https:\/\/i0.wp.com\/www.polizeichor-dresden.de\/wp-content\/uploads\/2015\/09\/web-6454.jpg?zoom=3&amp;resize=150%2C150&amp;ssl=1 450w\" sizes=\"(max-width: 150px) 100vw, 150px\" data-attachment-id=\"819\" data-permalink=\"https:\/\/www.polizeichor-dresden.de\/?attachment_id=819\" data-orig-file=\"https:\/\/i0.wp.com\/www.polizeichor-dresden.de\/wp-content\/uploads\/2015\/09\/web-6454.jpg?fit=800%2C530&amp;ssl=1\" data-orig-size=\"800,530\" data-comments-opened=\"1\" data-image-meta=\"{&quot;aperture&quot;:&quot;5&quot;,&quot;credit&quot;:&quot;Jan Wiedemann&quot;,&quot;camera&quot;:&quot;NIKON D7000&quot;,&quot;caption&quot;:&quot;&quot;,&quot;created_timestamp&quot;:&quot;1443302090&quot;,&quot;copyright&quot;:&quot;Jan Wiedemann&quot;,&quot;focal_length&quot;:&quot;70&quot;,&quot;iso&quot;:&quot;1600&quot;,&quot;shutter_speed&quot;:&quot;0.04&quot;,&quot;title&quot;:&quot;&quot;,&quot;orientation&quot;:&quot;0&quot;}\" data-image-title=\"web-6454\" data-image-description=\"\" data-image-caption=\"\" data-medium-file=\"https:\/\/i0.wp.com\/www.polizeichor-dresden.de\/wp-content\/uploads\/2015\/09\/web-6454.jpg?fit=300%2C199&amp;ssl=1\" data-large-file=\"https:\/\/i0.wp.com\/www.polizeichor-dresden.de\/wp-content\/uploads\/2015\/09\/web-6454.jpg?fit=800%2C530&amp;ssl=1\" \/><\/a>\n\t\t\t<\/dt><\/dl><dl class='gallery-item'>\n\t\t\t<dt class='gallery-icon landscape'>\n\t\t\t\t<a href='https:\/\/www.polizeichor-dresden.de\/?attachment_id=820'><img width=\"150\" height=\"150\" src=\"https:\/\/i0.wp.com\/www.polizeichor-dresden.de\/wp-content\/uploads\/2015\/09\/web-6460.jpg?resize=150%2C150&amp;ssl=1\" class=\"attachment-thumbnail size-thumbnail\" alt=\"\" decoding=\"async\" loading=\"lazy\" srcset=\"https:\/\/i0.wp.com\/www.polizeichor-dresden.de\/wp-content\/uploads\/2015\/09\/web-6460.jpg?resize=150%2C150&amp;ssl=1 150w, https:\/\/i0.wp.com\/www.polizeichor-dresden.de\/wp-content\/uploads\/2015\/09\/web-6460.jpg?zoom=2&amp;resize=150%2C150&amp;ssl=1 300w, https:\/\/i0.wp.com\/www.polizeichor-dresden.de\/wp-content\/uploads\/2015\/09\/web-6460.jpg?zoom=3&amp;resize=150%2C150&amp;ssl=1 450w\" sizes=\"(max-width: 150px) 100vw, 150px\" data-attachment-id=\"820\" data-permalink=\"https:\/\/www.polizeichor-dresden.de\/?attachment_id=820\" data-orig-file=\"https:\/\/i0.wp.com\/www.polizeichor-dresden.de\/wp-content\/uploads\/2015\/09\/web-6460.jpg?fit=800%2C530&amp;ssl=1\" data-orig-size=\"800,530\" data-comments-opened=\"1\" data-image-meta=\"{&quot;aperture&quot;:&quot;4.5&quot;,&quot;credit&quot;:&quot;Jan Wiedemann&quot;,&quot;camera&quot;:&quot;NIKON D7000&quot;,&quot;caption&quot;:&quot;&quot;,&quot;created_timestamp&quot;:&quot;1443302233&quot;,&quot;copyright&quot;:&quot;Jan Wiedemann&quot;,&quot;focal_length&quot;:&quot;46&quot;,&quot;iso&quot;:&quot;1600&quot;,&quot;shutter_speed&quot;:&quot;0.05&quot;,&quot;title&quot;:&quot;&quot;,&quot;orientation&quot;:&quot;0&quot;}\" data-image-title=\"web-6460\" data-image-description=\"\" data-image-caption=\"\" data-medium-file=\"https:\/\/i0.wp.com\/www.polizeichor-dresden.de\/wp-content\/uploads\/2015\/09\/web-6460.jpg?fit=300%2C199&amp;ssl=1\" data-large-file=\"https:\/\/i0.wp.com\/www.polizeichor-dresden.de\/wp-content\/uploads\/2015\/09\/web-6460.jpg?fit=800%2C530&amp;ssl=1\" \/><\/a>\n\t\t\t<\/dt><\/dl><br style=\"clear: both\" \/><dl class='gallery-item'>\n\t\t\t<dt class='gallery-icon landscape'>\n\t\t\t\t<a href='https:\/\/www.polizeichor-dresden.de\/?attachment_id=821'><img width=\"150\" height=\"150\" src=\"https:\/\/i0.wp.com\/www.polizeichor-dresden.de\/wp-content\/uploads\/2015\/09\/web-6469.jpg?resize=150%2C150&amp;ssl=1\" class=\"attachment-thumbnail size-thumbnail\" alt=\"\" decoding=\"async\" loading=\"lazy\" srcset=\"https:\/\/i0.wp.com\/www.polizeichor-dresden.de\/wp-content\/uploads\/2015\/09\/web-6469.jpg?resize=150%2C150&amp;ssl=1 150w, https:\/\/i0.wp.com\/www.polizeichor-dresden.de\/wp-content\/uploads\/2015\/09\/web-6469.jpg?zoom=2&amp;resize=150%2C150&amp;ssl=1 300w, https:\/\/i0.wp.com\/www.polizeichor-dresden.de\/wp-content\/uploads\/2015\/09\/web-6469.jpg?zoom=3&amp;resize=150%2C150&amp;ssl=1 450w\" sizes=\"(max-width: 150px) 100vw, 150px\" data-attachment-id=\"821\" data-permalink=\"https:\/\/www.polizeichor-dresden.de\/?attachment_id=821\" data-orig-file=\"https:\/\/i0.wp.com\/www.polizeichor-dresden.de\/wp-content\/uploads\/2015\/09\/web-6469.jpg?fit=800%2C530&amp;ssl=1\" data-orig-size=\"800,530\" data-comments-opened=\"1\" data-image-meta=\"{&quot;aperture&quot;:&quot;3.5&quot;,&quot;credit&quot;:&quot;Jan Wiedemann&quot;,&quot;camera&quot;:&quot;NIKON D7000&quot;,&quot;caption&quot;:&quot;&quot;,&quot;created_timestamp&quot;:&quot;1443302587&quot;,&quot;copyright&quot;:&quot;Jan Wiedemann&quot;,&quot;focal_length&quot;:&quot;18&quot;,&quot;iso&quot;:&quot;1600&quot;,&quot;shutter_speed&quot;:&quot;0.04&quot;,&quot;title&quot;:&quot;&quot;,&quot;orientation&quot;:&quot;0&quot;}\" data-image-title=\"web-6469\" data-image-description=\"\" data-image-caption=\"\" data-medium-file=\"https:\/\/i0.wp.com\/www.polizeichor-dresden.de\/wp-content\/uploads\/2015\/09\/web-6469.jpg?fit=300%2C199&amp;ssl=1\" data-large-file=\"https:\/\/i0.wp.com\/www.polizeichor-dresden.de\/wp-content\/uploads\/2015\/09\/web-6469.jpg?fit=800%2C530&amp;ssl=1\" \/><\/a>\n\t\t\t<\/dt><\/dl><dl class='gallery-item'>\n\t\t\t<dt class='gallery-icon landscape'>\n\t\t\t\t<a href='https:\/\/www.polizeichor-dresden.de\/?attachment_id=822'><img width=\"150\" height=\"150\" src=\"https:\/\/i0.wp.com\/www.polizeichor-dresden.de\/wp-content\/uploads\/2015\/09\/web-6470.jpg?resize=150%2C150&amp;ssl=1\" class=\"attachment-thumbnail size-thumbnail\" alt=\"\" decoding=\"async\" loading=\"lazy\" srcset=\"https:\/\/i0.wp.com\/www.polizeichor-dresden.de\/wp-content\/uploads\/2015\/09\/web-6470.jpg?resize=150%2C150&amp;ssl=1 150w, https:\/\/i0.wp.com\/www.polizeichor-dresden.de\/wp-content\/uploads\/2015\/09\/web-6470.jpg?zoom=2&amp;resize=150%2C150&amp;ssl=1 300w, https:\/\/i0.wp.com\/www.polizeichor-dresden.de\/wp-content\/uploads\/2015\/09\/web-6470.jpg?zoom=3&amp;resize=150%2C150&amp;ssl=1 450w\" sizes=\"(max-width: 150px) 100vw, 150px\" data-attachment-id=\"822\" data-permalink=\"https:\/\/www.polizeichor-dresden.de\/?attachment_id=822\" data-orig-file=\"https:\/\/i0.wp.com\/www.polizeichor-dresden.de\/wp-content\/uploads\/2015\/09\/web-6470.jpg?fit=800%2C530&amp;ssl=1\" data-orig-size=\"800,530\" data-comments-opened=\"1\" data-image-meta=\"{&quot;aperture&quot;:&quot;4.2&quot;,&quot;credit&quot;:&quot;Jan Wiedemann&quot;,&quot;camera&quot;:&quot;NIKON D7000&quot;,&quot;caption&quot;:&quot;&quot;,&quot;created_timestamp&quot;:&quot;1443303124&quot;,&quot;copyright&quot;:&quot;Jan Wiedemann&quot;,&quot;focal_length&quot;:&quot;35&quot;,&quot;iso&quot;:&quot;1100&quot;,&quot;shutter_speed&quot;:&quot;0.033333333333333&quot;,&quot;title&quot;:&quot;&quot;,&quot;orientation&quot;:&quot;0&quot;}\" data-image-title=\"web-6470\" data-image-description=\"\" data-image-caption=\"\" data-medium-file=\"https:\/\/i0.wp.com\/www.polizeichor-dresden.de\/wp-content\/uploads\/2015\/09\/web-6470.jpg?fit=300%2C199&amp;ssl=1\" data-large-file=\"https:\/\/i0.wp.com\/www.polizeichor-dresden.de\/wp-content\/uploads\/2015\/09\/web-6470.jpg?fit=800%2C530&amp;ssl=1\" \/><\/a>\n\t\t\t<\/dt><\/dl>\n\t\t\t<br style='clear: both' \/>\n\t\t<\/div>\n\n","protected":false},"excerpt":{"rendered":"<p>Heute war leider unser letzter Tag in S\u00fcdtirol. Nach dem Fr\u00fchst\u00fcck ging es heute zum Kloster Neustift. Dort erwartete uns Konrad und Luis vom Neustifter M\u00e4nnerchor und begleiteten uns durch das Kloster. Dieses wurde uns sehr interessant von Hochw\u00fcrden Herr Martin erkl\u00e4rt. Er hatte ein Ohr f\u00fcr alle unsere Fragen und im Anschluss durften wir [&hellip;]<\/p>\n","protected":false},"author":2,"featured_media":0,"comment_status":"open","ping_status":"open","sticky":false,"template":"","format":"standard","meta":{"ngg_post_thumbnail":0,"jetpack_post_was_ever_published":false,"jetpack_publicize_message":"","jetpack_is_tweetstorm":false,"jetpack_publicize_feature_enabled":true,"jetpack_social_post_already_shared":true,"jetpack_social_options":{"image_generator_settings":{"template":"highway","enabled":false}}},"categories":[1],"tags":[],"jetpack_publicize_connections":[],"aioseo_notices":[],"jetpack_featured_media_url":"","jetpack_shortlink":"https:\/\/wp.me\/p32b0X-di","jetpack_sharing_enabled":true,"_links":{"self":[{"href":"https:\/\/www.polizeichor-dresden.de\/index.php?rest_route=\/wp\/v2\/posts\/824"}],"collection":[{"href":"https:\/\/www.polizeichor-dresden.de\/index.php?rest_route=\/wp\/v2\/posts"}],"about":[{"href":"https:\/\/www.polizeichor-dresden.de\/index.php?rest_route=\/wp\/v2\/types\/post"}],"author":[{"embeddable":true,"href":"https:\/\/www.polizeichor-dresden.de\/index.php?rest_route=\/wp\/v2\/users\/2"}],"replies":[{"embeddable":true,"href":"https:\/\/www.polizeichor-dresden.de\/index.php?rest_route=%2Fwp%2Fv2%2Fcomments&post=824"}],"version-history":[{"count":1,"href":"https:\/\/www.polizeichor-dresden.de\/index.php?rest_route=\/wp\/v2\/posts\/824\/revisions"}],"predecessor-version":[{"id":825,"href":"https:\/\/www.polizeichor-dresden.de\/index.php?rest_route=\/wp\/v2\/posts\/824\/revisions\/825"}],"wp:attachment":[{"href":"https:\/\/www.polizeichor-dresden.de\/index.php?rest_route=%2Fwp%2Fv2%2Fmedia&parent=824"}],"wp:term":[{"taxonomy":"category","embeddable":true,"href":"https:\/\/www.polizeichor-dresden.de\/index.php?rest_route=%2Fwp%2Fv2%2Fcategories&post=824"},{"taxonomy":"post_tag","embeddable":true,"href":"https:\/\/www.polizeichor-dresden.de\/index.php?rest_route=%2Fwp%2Fv2%2Ftags&post=824"}],"curies":[{"name":"wp","href":"https:\/\/api.w.org\/{rel}","templated":true}]}}