{"id":587,"date":"2015-09-20T22:59:12","date_gmt":"2015-09-20T20:59:12","guid":{"rendered":"http:\/\/www.polizeichor-dresden.de\/?p=587"},"modified":"2015-09-21T08:59:57","modified_gmt":"2015-09-21T06:59:57","slug":"ein-reisebericht-tag-2-in-der-steiermark","status":"publish","type":"post","link":"https:\/\/www.polizeichor-dresden.de\/?p=587","title":{"rendered":"Ein Reisebericht: Tag 2 in der Steiermark"},"content":{"rendered":"<p>20. Sept. 2015<\/p>\n<p>Andrea fehlt. Um die N\u00e4chte an der Hotelbar durch zu quatschen und Ihr Bordservice &#8211; morgens 8 Uhr schon &#8222;Kaffee mit Rum, Amaretto und anderen s\u00fc\u00dfen K\u00f6stlichkeiten&#8220; tr\u00e4llernd &#8211; geht uns auch ab. Jens man\u00f6vriert den Bus in aller Fr\u00fch also ohne Kaffee-Service durch die leeren engen Stra\u00dfen von Graz. Eine prunkvolle Kirche in Heiligenkreuz am Waasen ist unser Ziel, in der wir f\u00fcr die musikalische Umrahmung des Gottesdienstes eingeladen wurden. Lustig ist, dass Maja und Robert das heutige Einsingen mit uns gleich im Bus erledigen und die beiden so f\u00fcr allgemeine Auflockerung sorgen.<\/p>\n<p>Unser erster Auftritt hier w\u00e4hrend des Gottesdienstes verl\u00e4uft dann auch erfolgreich; Pfarrer und die Gemeinde sind begeistert, w\u00e4hrend wir uns schon auf das bevorstehende Konzert und die Begegnung mit unseren beiden Gastgeberch\u00f6ren freuen. Dies wird sp\u00e4ter vom Steirischen J\u00e4gerchor er\u00f6ffnet; die M\u00e4nner harmonieren wunderbar mit der sie begleitenden Band &#8222;Stub&#8217;nmusi&#8220; und wecken die Lust zum mitsingen im Publikum.<!--more--><\/p>\n<p>Es folgt unser Teil des Konzertes; Wir werden von Maja anmoderiert und verraten in &#8222;Plapperm\u00e4ulchen&#8220; weibliche Tricks in Sachen Kommunikation, unternehmen eine musikalische Reise mit dem Slowakischen Heimatlied und sehen Begeisterung bei unseren Gastgebern als wir singend von der Sch\u00f6nheit der Berge erz\u00e4hlen. Es folgt Gabriellas Sang, der bekannte Titel aus dem Film &#8222;Wie im Himmel&#8220; und auch die &#8222;Harmonie der Ehe&#8220; unserer Musici kommt sehr gut an. Der Augustin-Rap unserer M\u00e4nner bringt den Saal zum schmunzeln und in dem Moment wissen wir, dass sich die harte Arbeit der letzten Monate gelohnt hat. Robert begleitet uns am Keyboard, Maja dirigiert (ihr zweites Konzert) als h\u00e4tte sie im Leben nie etwas anderes gemacht und am Ende unseres Auftritts verlassen wir gl\u00fccklich die B\u00fchne.<\/p>\n<p>Auf den im Publikum f\u00fcr uns reservierten Pl\u00e4tzen genie\u00dfen wir den dritten Teil des Konzertes; die Darbietung des gemischtes Chores &#8222;Vocal Stiefingtal&#8220;. Eine der S\u00e4ngerinnen war mir schon auf der B\u00fchne aufgefallen; hatte sie doch eine Seitent\u00fcr ge\u00f6ffnet und uns so ein minimales Luft-Durchzugs-Erlebnis verschafft, welches eine angenehme Abwechslung zu der hei\u00df strahlenden B\u00fchnenbeleuchtung brachte. Mitgedacht hatte die Dame, das hat uns schon gefallen als wir noch nicht wussten, was sie musikalisch so drauf haben. Besonders gut kamen die deutschen Volkslieder &#8222;Erlaube mir&#8220; und &#8222;xxx&#8220; sowie &#8222;Samba, Samba&#8220; an, welches der Chor bereits in Vorbereitung auf die demn\u00e4chst anstehende Bolivien-Reise einstudiert hat.<\/p>\n<p>Kr\u00f6nender Abschluss des Konzertes war der von uns allen gemeinsam gesungene Titel &#8222;Ein sch\u00f6ner Tag&#8220;. Anschlie\u00dfend chauffierte Jens uns mit dem Bus zur z\u00fcnftigen Brotzeit beim &#8222;Lippizaner Franzl&#8220;. Wie er selbiges \u00fcber die engen und kurvenreichen Gassen geschafft hat blieb uns ein R\u00e4tsel. Weisungsgem\u00e4\u00df (Hannes hatte entsprechende Order erlassen) lie\u00dfen wir an jedem unserer Tische Platz f\u00fcr S\u00e4nger aus den anderen Ch\u00f6ren. Und was soll ich Euch sagen? Ausgerechnet an unserem Tisch nahm die mitdenkende S\u00e4ngerin von Vocal Stiefingtal Platz, bei der ich mich gleich erstmal herzlich f\u00fcr die nette Geste auf der B\u00fchne bedankte. Ihr Name ist Barbara und es entwickelte sich innerhalb k\u00fcrzester Zeit ein angeregtes Gespr\u00e4ch. Sie erz\u00e4hlte, wie super es ihr in Dresden gefallen h\u00e4tte. So kamen wir zum Thema Urlaub und Landschaften und Steffen (mein Tischnachbar) bemerkte, dass es ihm ganz besonders gut in der Toskana gefallen hat und er da unbedingt noch mal hin m\u00f6chte. Da hatte Barbara gleich eine wunderbare Idee und empfahl ihm die Ferienwohnung ihrer Schwester, zu bestaunen unter www.casamorandi.eu.<\/p>\n<p>Das Buffet bestand aus lauter kulinarischen K\u00f6stlichkeiten. Besondere Spezialit\u00e4t ist das hier in der Region hergestellte K\u00fcrbiskern\u00f6l, mit welchem z. B. der Salat angerichtet war.<\/p>\n<p>Zwischendurch gab es auch ein St\u00e4ndchen f\u00fcr unser heutiges Geburtstags-&#8222;kind&#8220;, Joachim Wendrich. Bei der Gelegenheit gaben wir f\u00fcr unsere Gastgeber auch gleich noch den &#8222;Schweinehirten&#8220; zum besten, sehr zur allgemeinen Belustigung.<\/p>\n<p>Auch den weiteren Nachmittag verbrachten wir in Gesellschaft unserer Gastgeber. Barbara brachte uns noch einige sprachliche Feinheiten der Region bei, z. B. dass Buletten hier &#8222;faschierte Laberl&#8220; hei\u00dfen \ud83d\ude09<\/p>\n<p>Die M\u00e4nner vom Steirischen J\u00e4gerchor hatten noch eine besondere \u00dcberraschung f\u00fcr uns vorbereitet; sie schenkten uns ihr Herz. Ein kleines gr\u00fcnes Herzchen als Anstecker nehmen wir nun als Souvenir mit&#8230; Und eine tolle CD mit den Songs des Chores.<\/p>\n<p>In einem Interview mit der Chorleiterin des Steirischen J\u00e4gerchores, Margit Weiss verriet sie mir, wie die M\u00e4nner auf sie als weibliche Chefin reagiert hatten; sie hatten bemerkt, dass es wohl nun hier gleich wie zu Hause weiter gehen w\u00fcrde. Darauf hatte sie gekontert &#8222;Nein, wie im Kindergarten&#8220;, denn ihr Alltags-Business ist die Arbeit als Kinderg\u00e4rtnerin.<\/p>\n<p>Die Zeit verging wie im Flug und schon nach einem gemeinsam verbrachten Tag fiel uns der Abschied von unseren Gastgebern schwer. Das &#8222;Wir sehen uns wieder&#8220; nehmen wir als Versprechen und freuen uns bereits jetzt auf die n\u00e4chste Begegnung.<\/p>\n<p>Ina Simon<\/p>\n<p>&nbsp;<\/p>\n\n\t\t<style type=\"text\/css\">\n\t\t\t#gallery-1 {\n\t\t\t\tmargin: auto;\n\t\t\t}\n\t\t\t#gallery-1 .gallery-item {\n\t\t\t\tfloat: left;\n\t\t\t\tmargin-top: 10px;\n\t\t\t\ttext-align: center;\n\t\t\t\twidth: 33%;\n\t\t\t}\n\t\t\t#gallery-1 img {\n\t\t\t\tborder: 2px solid #cfcfcf;\n\t\t\t}\n\t\t\t#gallery-1 .gallery-caption {\n\t\t\t\tmargin-left: 0;\n\t\t\t}\n\t\t\t\/* see gallery_shortcode() in wp-includes\/media.php *\/\n\t\t<\/style>\n\t\t<div data-carousel-extra='{\"blog_id\":1,\"permalink\":\"https:\\\/\\\/www.polizeichor-dresden.de\\\/?p=587\"}' id='gallery-1' class='gallery galleryid-587 gallery-columns-3 gallery-size-thumbnail'><dl class='gallery-item'>\n\t\t\t<dt class='gallery-icon portrait'>\n\t\t\t\t<a href='https:\/\/www.polizeichor-dresden.de\/?attachment_id=592'><img width=\"150\" height=\"150\" src=\"https:\/\/i0.wp.com\/www.polizeichor-dresden.de\/wp-content\/uploads\/2015\/09\/web-4738.jpg?resize=150%2C150&amp;ssl=1\" class=\"attachment-thumbnail size-thumbnail\" alt=\"\" decoding=\"async\" loading=\"lazy\" srcset=\"https:\/\/i0.wp.com\/www.polizeichor-dresden.de\/wp-content\/uploads\/2015\/09\/web-4738.jpg?resize=150%2C150&amp;ssl=1 150w, https:\/\/i0.wp.com\/www.polizeichor-dresden.de\/wp-content\/uploads\/2015\/09\/web-4738.jpg?zoom=2&amp;resize=150%2C150&amp;ssl=1 300w, https:\/\/i0.wp.com\/www.polizeichor-dresden.de\/wp-content\/uploads\/2015\/09\/web-4738.jpg?zoom=3&amp;resize=150%2C150&amp;ssl=1 450w\" sizes=\"(max-width: 150px) 100vw, 150px\" data-attachment-id=\"592\" data-permalink=\"https:\/\/www.polizeichor-dresden.de\/?attachment_id=592\" data-orig-file=\"https:\/\/i0.wp.com\/www.polizeichor-dresden.de\/wp-content\/uploads\/2015\/09\/web-4738.jpg?fit=530%2C800&amp;ssl=1\" data-orig-size=\"530,800\" data-comments-opened=\"1\" data-image-meta=\"{&quot;aperture&quot;:&quot;4&quot;,&quot;credit&quot;:&quot;Jan Wiedemann&quot;,&quot;camera&quot;:&quot;NIKON D7000&quot;,&quot;caption&quot;:&quot;&quot;,&quot;created_timestamp&quot;:&quot;1442736657&quot;,&quot;copyright&quot;:&quot;Jan Wiedemann&quot;,&quot;focal_length&quot;:&quot;18&quot;,&quot;iso&quot;:&quot;400&quot;,&quot;shutter_speed&quot;:&quot;0.016666666666667&quot;,&quot;title&quot;:&quot;&quot;,&quot;orientation&quot;:&quot;0&quot;}\" data-image-title=\"web-4738\" data-image-description=\"\" data-image-caption=\"\" data-medium-file=\"https:\/\/i0.wp.com\/www.polizeichor-dresden.de\/wp-content\/uploads\/2015\/09\/web-4738.jpg?fit=199%2C300&amp;ssl=1\" data-large-file=\"https:\/\/i0.wp.com\/www.polizeichor-dresden.de\/wp-content\/uploads\/2015\/09\/web-4738.jpg?fit=530%2C800&amp;ssl=1\" \/><\/a>\n\t\t\t<\/dt><\/dl><dl class='gallery-item'>\n\t\t\t<dt class='gallery-icon portrait'>\n\t\t\t\t<a href='https:\/\/www.polizeichor-dresden.de\/?attachment_id=591'><img width=\"150\" height=\"150\" src=\"https:\/\/i0.wp.com\/www.polizeichor-dresden.de\/wp-content\/uploads\/2015\/09\/web-4737.jpg?resize=150%2C150&amp;ssl=1\" class=\"attachment-thumbnail size-thumbnail\" alt=\"\" decoding=\"async\" loading=\"lazy\" srcset=\"https:\/\/i0.wp.com\/www.polizeichor-dresden.de\/wp-content\/uploads\/2015\/09\/web-4737.jpg?resize=150%2C150&amp;ssl=1 150w, https:\/\/i0.wp.com\/www.polizeichor-dresden.de\/wp-content\/uploads\/2015\/09\/web-4737.jpg?zoom=2&amp;resize=150%2C150&amp;ssl=1 300w, https:\/\/i0.wp.com\/www.polizeichor-dresden.de\/wp-content\/uploads\/2015\/09\/web-4737.jpg?zoom=3&amp;resize=150%2C150&amp;ssl=1 450w\" sizes=\"(max-width: 150px) 100vw, 150px\" data-attachment-id=\"591\" data-permalink=\"https:\/\/www.polizeichor-dresden.de\/?attachment_id=591\" data-orig-file=\"https:\/\/i0.wp.com\/www.polizeichor-dresden.de\/wp-content\/uploads\/2015\/09\/web-4737.jpg?fit=530%2C800&amp;ssl=1\" data-orig-size=\"530,800\" data-comments-opened=\"1\" data-image-meta=\"{&quot;aperture&quot;:&quot;4&quot;,&quot;credit&quot;:&quot;Jan Wiedemann&quot;,&quot;camera&quot;:&quot;NIKON D7000&quot;,&quot;caption&quot;:&quot;&quot;,&quot;created_timestamp&quot;:&quot;1442736615&quot;,&quot;copyright&quot;:&quot;Jan Wiedemann&quot;,&quot;focal_length&quot;:&quot;31&quot;,&quot;iso&quot;:&quot;800&quot;,&quot;shutter_speed&quot;:&quot;0.02&quot;,&quot;title&quot;:&quot;&quot;,&quot;orientation&quot;:&quot;0&quot;}\" data-image-title=\"web-4737\" data-image-description=\"\" data-image-caption=\"\" data-medium-file=\"https:\/\/i0.wp.com\/www.polizeichor-dresden.de\/wp-content\/uploads\/2015\/09\/web-4737.jpg?fit=199%2C300&amp;ssl=1\" data-large-file=\"https:\/\/i0.wp.com\/www.polizeichor-dresden.de\/wp-content\/uploads\/2015\/09\/web-4737.jpg?fit=530%2C800&amp;ssl=1\" \/><\/a>\n\t\t\t<\/dt><\/dl><dl class='gallery-item'>\n\t\t\t<dt class='gallery-icon landscape'>\n\t\t\t\t<a href='https:\/\/www.polizeichor-dresden.de\/?attachment_id=598'><img width=\"150\" height=\"150\" src=\"https:\/\/i0.wp.com\/www.polizeichor-dresden.de\/wp-content\/uploads\/2015\/09\/web-4766.jpg?resize=150%2C150&amp;ssl=1\" class=\"attachment-thumbnail size-thumbnail\" alt=\"\" decoding=\"async\" loading=\"lazy\" srcset=\"https:\/\/i0.wp.com\/www.polizeichor-dresden.de\/wp-content\/uploads\/2015\/09\/web-4766.jpg?resize=150%2C150&amp;ssl=1 150w, https:\/\/i0.wp.com\/www.polizeichor-dresden.de\/wp-content\/uploads\/2015\/09\/web-4766.jpg?zoom=2&amp;resize=150%2C150&amp;ssl=1 300w, https:\/\/i0.wp.com\/www.polizeichor-dresden.de\/wp-content\/uploads\/2015\/09\/web-4766.jpg?zoom=3&amp;resize=150%2C150&amp;ssl=1 450w\" sizes=\"(max-width: 150px) 100vw, 150px\" data-attachment-id=\"598\" data-permalink=\"https:\/\/www.polizeichor-dresden.de\/?attachment_id=598\" data-orig-file=\"https:\/\/i0.wp.com\/www.polizeichor-dresden.de\/wp-content\/uploads\/2015\/09\/web-4766.jpg?fit=800%2C530&amp;ssl=1\" data-orig-size=\"800,530\" data-comments-opened=\"1\" data-image-meta=\"{&quot;aperture&quot;:&quot;5&quot;,&quot;credit&quot;:&quot;Jan Wiedemann&quot;,&quot;camera&quot;:&quot;NIKON D7000&quot;,&quot;caption&quot;:&quot;&quot;,&quot;created_timestamp&quot;:&quot;1442758277&quot;,&quot;copyright&quot;:&quot;Jan Wiedemann&quot;,&quot;focal_length&quot;:&quot;65&quot;,&quot;iso&quot;:&quot;1600&quot;,&quot;shutter_speed&quot;:&quot;0.04&quot;,&quot;title&quot;:&quot;&quot;,&quot;orientation&quot;:&quot;0&quot;}\" data-image-title=\"web-4766\" data-image-description=\"\" data-image-caption=\"\" data-medium-file=\"https:\/\/i0.wp.com\/www.polizeichor-dresden.de\/wp-content\/uploads\/2015\/09\/web-4766.jpg?fit=300%2C199&amp;ssl=1\" data-large-file=\"https:\/\/i0.wp.com\/www.polizeichor-dresden.de\/wp-content\/uploads\/2015\/09\/web-4766.jpg?fit=800%2C530&amp;ssl=1\" \/><\/a>\n\t\t\t<\/dt><\/dl><br style=\"clear: both\" \/><dl class='gallery-item'>\n\t\t\t<dt class='gallery-icon landscape'>\n\t\t\t\t<a href='https:\/\/www.polizeichor-dresden.de\/?attachment_id=599'><img width=\"150\" height=\"150\" src=\"https:\/\/i0.wp.com\/www.polizeichor-dresden.de\/wp-content\/uploads\/2015\/09\/web-4769.jpg?resize=150%2C150&amp;ssl=1\" class=\"attachment-thumbnail size-thumbnail\" alt=\"\" decoding=\"async\" loading=\"lazy\" srcset=\"https:\/\/i0.wp.com\/www.polizeichor-dresden.de\/wp-content\/uploads\/2015\/09\/web-4769.jpg?resize=150%2C150&amp;ssl=1 150w, https:\/\/i0.wp.com\/www.polizeichor-dresden.de\/wp-content\/uploads\/2015\/09\/web-4769.jpg?zoom=2&amp;resize=150%2C150&amp;ssl=1 300w, https:\/\/i0.wp.com\/www.polizeichor-dresden.de\/wp-content\/uploads\/2015\/09\/web-4769.jpg?zoom=3&amp;resize=150%2C150&amp;ssl=1 450w\" sizes=\"(max-width: 150px) 100vw, 150px\" data-attachment-id=\"599\" data-permalink=\"https:\/\/www.polizeichor-dresden.de\/?attachment_id=599\" data-orig-file=\"https:\/\/i0.wp.com\/www.polizeichor-dresden.de\/wp-content\/uploads\/2015\/09\/web-4769.jpg?fit=800%2C530&amp;ssl=1\" data-orig-size=\"800,530\" data-comments-opened=\"1\" data-image-meta=\"{&quot;aperture&quot;:&quot;4.8&quot;,&quot;credit&quot;:&quot;Jan Wiedemann&quot;,&quot;camera&quot;:&quot;NIKON D7000&quot;,&quot;caption&quot;:&quot;&quot;,&quot;created_timestamp&quot;:&quot;1442758336&quot;,&quot;copyright&quot;:&quot;Jan Wiedemann&quot;,&quot;focal_length&quot;:&quot;52&quot;,&quot;iso&quot;:&quot;1600&quot;,&quot;shutter_speed&quot;:&quot;0.04&quot;,&quot;title&quot;:&quot;&quot;,&quot;orientation&quot;:&quot;0&quot;}\" data-image-title=\"web-4769\" data-image-description=\"\" data-image-caption=\"\" data-medium-file=\"https:\/\/i0.wp.com\/www.polizeichor-dresden.de\/wp-content\/uploads\/2015\/09\/web-4769.jpg?fit=300%2C199&amp;ssl=1\" data-large-file=\"https:\/\/i0.wp.com\/www.polizeichor-dresden.de\/wp-content\/uploads\/2015\/09\/web-4769.jpg?fit=800%2C530&amp;ssl=1\" \/><\/a>\n\t\t\t<\/dt><\/dl><dl class='gallery-item'>\n\t\t\t<dt class='gallery-icon landscape'>\n\t\t\t\t<a href='https:\/\/www.polizeichor-dresden.de\/?attachment_id=602'><img width=\"150\" height=\"150\" src=\"https:\/\/i0.wp.com\/www.polizeichor-dresden.de\/wp-content\/uploads\/2015\/09\/web-4793.jpg?resize=150%2C150&amp;ssl=1\" class=\"attachment-thumbnail size-thumbnail\" alt=\"\" decoding=\"async\" loading=\"lazy\" srcset=\"https:\/\/i0.wp.com\/www.polizeichor-dresden.de\/wp-content\/uploads\/2015\/09\/web-4793.jpg?resize=150%2C150&amp;ssl=1 150w, https:\/\/i0.wp.com\/www.polizeichor-dresden.de\/wp-content\/uploads\/2015\/09\/web-4793.jpg?zoom=2&amp;resize=150%2C150&amp;ssl=1 300w, https:\/\/i0.wp.com\/www.polizeichor-dresden.de\/wp-content\/uploads\/2015\/09\/web-4793.jpg?zoom=3&amp;resize=150%2C150&amp;ssl=1 450w\" sizes=\"(max-width: 150px) 100vw, 150px\" data-attachment-id=\"602\" data-permalink=\"https:\/\/www.polizeichor-dresden.de\/?attachment_id=602\" data-orig-file=\"https:\/\/i0.wp.com\/www.polizeichor-dresden.de\/wp-content\/uploads\/2015\/09\/web-4793.jpg?fit=800%2C530&amp;ssl=1\" data-orig-size=\"800,530\" data-comments-opened=\"1\" data-image-meta=\"{&quot;aperture&quot;:&quot;4.2&quot;,&quot;credit&quot;:&quot;Jan Wiedemann&quot;,&quot;camera&quot;:&quot;NIKON D7000&quot;,&quot;caption&quot;:&quot;&quot;,&quot;created_timestamp&quot;:&quot;1442759167&quot;,&quot;copyright&quot;:&quot;Jan Wiedemann&quot;,&quot;focal_length&quot;:&quot;35&quot;,&quot;iso&quot;:&quot;800&quot;,&quot;shutter_speed&quot;:&quot;0.033333333333333&quot;,&quot;title&quot;:&quot;&quot;,&quot;orientation&quot;:&quot;0&quot;}\" data-image-title=\"web-4793\" data-image-description=\"\" data-image-caption=\"\" data-medium-file=\"https:\/\/i0.wp.com\/www.polizeichor-dresden.de\/wp-content\/uploads\/2015\/09\/web-4793.jpg?fit=300%2C199&amp;ssl=1\" data-large-file=\"https:\/\/i0.wp.com\/www.polizeichor-dresden.de\/wp-content\/uploads\/2015\/09\/web-4793.jpg?fit=800%2C530&amp;ssl=1\" \/><\/a>\n\t\t\t<\/dt><\/dl><dl class='gallery-item'>\n\t\t\t<dt class='gallery-icon portrait'>\n\t\t\t\t<a href='https:\/\/www.polizeichor-dresden.de\/?attachment_id=601'><img width=\"150\" height=\"150\" src=\"https:\/\/i0.wp.com\/www.polizeichor-dresden.de\/wp-content\/uploads\/2015\/09\/web-4788.jpg?resize=150%2C150&amp;ssl=1\" class=\"attachment-thumbnail size-thumbnail\" alt=\"\" decoding=\"async\" loading=\"lazy\" srcset=\"https:\/\/i0.wp.com\/www.polizeichor-dresden.de\/wp-content\/uploads\/2015\/09\/web-4788.jpg?resize=150%2C150&amp;ssl=1 150w, https:\/\/i0.wp.com\/www.polizeichor-dresden.de\/wp-content\/uploads\/2015\/09\/web-4788.jpg?zoom=2&amp;resize=150%2C150&amp;ssl=1 300w, https:\/\/i0.wp.com\/www.polizeichor-dresden.de\/wp-content\/uploads\/2015\/09\/web-4788.jpg?zoom=3&amp;resize=150%2C150&amp;ssl=1 450w\" sizes=\"(max-width: 150px) 100vw, 150px\" data-attachment-id=\"601\" data-permalink=\"https:\/\/www.polizeichor-dresden.de\/?attachment_id=601\" data-orig-file=\"https:\/\/i0.wp.com\/www.polizeichor-dresden.de\/wp-content\/uploads\/2015\/09\/web-4788.jpg?fit=530%2C800&amp;ssl=1\" data-orig-size=\"530,800\" data-comments-opened=\"1\" data-image-meta=\"{&quot;aperture&quot;:&quot;5.3&quot;,&quot;credit&quot;:&quot;Jan Wiedemann&quot;,&quot;camera&quot;:&quot;NIKON D7000&quot;,&quot;caption&quot;:&quot;&quot;,&quot;created_timestamp&quot;:&quot;1442758976&quot;,&quot;copyright&quot;:&quot;Jan Wiedemann&quot;,&quot;focal_length&quot;:&quot;90&quot;,&quot;iso&quot;:&quot;1600&quot;,&quot;shutter_speed&quot;:&quot;0.025&quot;,&quot;title&quot;:&quot;&quot;,&quot;orientation&quot;:&quot;0&quot;}\" data-image-title=\"web-4788\" data-image-description=\"\" data-image-caption=\"\" data-medium-file=\"https:\/\/i0.wp.com\/www.polizeichor-dresden.de\/wp-content\/uploads\/2015\/09\/web-4788.jpg?fit=199%2C300&amp;ssl=1\" data-large-file=\"https:\/\/i0.wp.com\/www.polizeichor-dresden.de\/wp-content\/uploads\/2015\/09\/web-4788.jpg?fit=530%2C800&amp;ssl=1\" \/><\/a>\n\t\t\t<\/dt><\/dl><br style=\"clear: both\" \/><dl class='gallery-item'>\n\t\t\t<dt class='gallery-icon landscape'>\n\t\t\t\t<a href='https:\/\/www.polizeichor-dresden.de\/?attachment_id=600'><img width=\"150\" height=\"150\" src=\"https:\/\/i0.wp.com\/www.polizeichor-dresden.de\/wp-content\/uploads\/2015\/09\/web-4776.jpg?resize=150%2C150&amp;ssl=1\" class=\"attachment-thumbnail size-thumbnail\" alt=\"\" decoding=\"async\" loading=\"lazy\" srcset=\"https:\/\/i0.wp.com\/www.polizeichor-dresden.de\/wp-content\/uploads\/2015\/09\/web-4776.jpg?resize=150%2C150&amp;ssl=1 150w, https:\/\/i0.wp.com\/www.polizeichor-dresden.de\/wp-content\/uploads\/2015\/09\/web-4776.jpg?zoom=2&amp;resize=150%2C150&amp;ssl=1 300w, https:\/\/i0.wp.com\/www.polizeichor-dresden.de\/wp-content\/uploads\/2015\/09\/web-4776.jpg?zoom=3&amp;resize=150%2C150&amp;ssl=1 450w\" sizes=\"(max-width: 150px) 100vw, 150px\" data-attachment-id=\"600\" data-permalink=\"https:\/\/www.polizeichor-dresden.de\/?attachment_id=600\" data-orig-file=\"https:\/\/i0.wp.com\/www.polizeichor-dresden.de\/wp-content\/uploads\/2015\/09\/web-4776.jpg?fit=800%2C530&amp;ssl=1\" data-orig-size=\"800,530\" data-comments-opened=\"1\" data-image-meta=\"{&quot;aperture&quot;:&quot;3.5&quot;,&quot;credit&quot;:&quot;Jan Wiedemann&quot;,&quot;camera&quot;:&quot;NIKON D7000&quot;,&quot;caption&quot;:&quot;&quot;,&quot;created_timestamp&quot;:&quot;1442758728&quot;,&quot;copyright&quot;:&quot;Jan Wiedemann&quot;,&quot;focal_length&quot;:&quot;18&quot;,&quot;iso&quot;:&quot;800&quot;,&quot;shutter_speed&quot;:&quot;0.033333333333333&quot;,&quot;title&quot;:&quot;&quot;,&quot;orientation&quot;:&quot;0&quot;}\" data-image-title=\"web-4776\" data-image-description=\"\" data-image-caption=\"\" data-medium-file=\"https:\/\/i0.wp.com\/www.polizeichor-dresden.de\/wp-content\/uploads\/2015\/09\/web-4776.jpg?fit=300%2C199&amp;ssl=1\" data-large-file=\"https:\/\/i0.wp.com\/www.polizeichor-dresden.de\/wp-content\/uploads\/2015\/09\/web-4776.jpg?fit=800%2C530&amp;ssl=1\" \/><\/a>\n\t\t\t<\/dt><\/dl><dl class='gallery-item'>\n\t\t\t<dt class='gallery-icon landscape'>\n\t\t\t\t<a href='https:\/\/www.polizeichor-dresden.de\/?attachment_id=597'><img width=\"150\" height=\"150\" src=\"https:\/\/i0.wp.com\/www.polizeichor-dresden.de\/wp-content\/uploads\/2015\/09\/web-4751.jpg?resize=150%2C150&amp;ssl=1\" class=\"attachment-thumbnail size-thumbnail\" alt=\"\" decoding=\"async\" loading=\"lazy\" srcset=\"https:\/\/i0.wp.com\/www.polizeichor-dresden.de\/wp-content\/uploads\/2015\/09\/web-4751.jpg?resize=150%2C150&amp;ssl=1 150w, https:\/\/i0.wp.com\/www.polizeichor-dresden.de\/wp-content\/uploads\/2015\/09\/web-4751.jpg?zoom=2&amp;resize=150%2C150&amp;ssl=1 300w, https:\/\/i0.wp.com\/www.polizeichor-dresden.de\/wp-content\/uploads\/2015\/09\/web-4751.jpg?zoom=3&amp;resize=150%2C150&amp;ssl=1 450w\" sizes=\"(max-width: 150px) 100vw, 150px\" data-attachment-id=\"597\" data-permalink=\"https:\/\/www.polizeichor-dresden.de\/?attachment_id=597\" data-orig-file=\"https:\/\/i0.wp.com\/www.polizeichor-dresden.de\/wp-content\/uploads\/2015\/09\/web-4751.jpg?fit=800%2C530&amp;ssl=1\" data-orig-size=\"800,530\" data-comments-opened=\"1\" data-image-meta=\"{&quot;aperture&quot;:&quot;3.5&quot;,&quot;credit&quot;:&quot;Jan Wiedemann&quot;,&quot;camera&quot;:&quot;NIKON D7000&quot;,&quot;caption&quot;:&quot;&quot;,&quot;created_timestamp&quot;:&quot;1442756194&quot;,&quot;copyright&quot;:&quot;Jan Wiedemann&quot;,&quot;focal_length&quot;:&quot;18&quot;,&quot;iso&quot;:&quot;800&quot;,&quot;shutter_speed&quot;:&quot;0.033333333333333&quot;,&quot;title&quot;:&quot;&quot;,&quot;orientation&quot;:&quot;0&quot;}\" data-image-title=\"web-4751\" data-image-description=\"\" data-image-caption=\"\" data-medium-file=\"https:\/\/i0.wp.com\/www.polizeichor-dresden.de\/wp-content\/uploads\/2015\/09\/web-4751.jpg?fit=300%2C199&amp;ssl=1\" data-large-file=\"https:\/\/i0.wp.com\/www.polizeichor-dresden.de\/wp-content\/uploads\/2015\/09\/web-4751.jpg?fit=800%2C530&amp;ssl=1\" \/><\/a>\n\t\t\t<\/dt><\/dl><dl class='gallery-item'>\n\t\t\t<dt class='gallery-icon landscape'>\n\t\t\t\t<a href='https:\/\/www.polizeichor-dresden.de\/?attachment_id=596'><img width=\"150\" height=\"150\" src=\"https:\/\/i0.wp.com\/www.polizeichor-dresden.de\/wp-content\/uploads\/2015\/09\/web-4749.jpg?resize=150%2C150&amp;ssl=1\" class=\"attachment-thumbnail size-thumbnail\" alt=\"\" decoding=\"async\" loading=\"lazy\" srcset=\"https:\/\/i0.wp.com\/www.polizeichor-dresden.de\/wp-content\/uploads\/2015\/09\/web-4749.jpg?resize=150%2C150&amp;ssl=1 150w, https:\/\/i0.wp.com\/www.polizeichor-dresden.de\/wp-content\/uploads\/2015\/09\/web-4749.jpg?zoom=2&amp;resize=150%2C150&amp;ssl=1 300w, https:\/\/i0.wp.com\/www.polizeichor-dresden.de\/wp-content\/uploads\/2015\/09\/web-4749.jpg?zoom=3&amp;resize=150%2C150&amp;ssl=1 450w\" sizes=\"(max-width: 150px) 100vw, 150px\" data-attachment-id=\"596\" data-permalink=\"https:\/\/www.polizeichor-dresden.de\/?attachment_id=596\" data-orig-file=\"https:\/\/i0.wp.com\/www.polizeichor-dresden.de\/wp-content\/uploads\/2015\/09\/web-4749.jpg?fit=800%2C530&amp;ssl=1\" data-orig-size=\"800,530\" data-comments-opened=\"1\" data-image-meta=\"{&quot;aperture&quot;:&quot;4&quot;,&quot;credit&quot;:&quot;Jan Wiedemann&quot;,&quot;camera&quot;:&quot;NIKON D7000&quot;,&quot;caption&quot;:&quot;&quot;,&quot;created_timestamp&quot;:&quot;1442756167&quot;,&quot;copyright&quot;:&quot;Jan Wiedemann&quot;,&quot;focal_length&quot;:&quot;18&quot;,&quot;iso&quot;:&quot;800&quot;,&quot;shutter_speed&quot;:&quot;0.016666666666667&quot;,&quot;title&quot;:&quot;&quot;,&quot;orientation&quot;:&quot;0&quot;}\" data-image-title=\"web-4749\" data-image-description=\"\" data-image-caption=\"\" data-medium-file=\"https:\/\/i0.wp.com\/www.polizeichor-dresden.de\/wp-content\/uploads\/2015\/09\/web-4749.jpg?fit=300%2C199&amp;ssl=1\" data-large-file=\"https:\/\/i0.wp.com\/www.polizeichor-dresden.de\/wp-content\/uploads\/2015\/09\/web-4749.jpg?fit=800%2C530&amp;ssl=1\" \/><\/a>\n\t\t\t<\/dt><\/dl><br style=\"clear: both\" \/><dl class='gallery-item'>\n\t\t\t<dt class='gallery-icon landscape'>\n\t\t\t\t<a href='https:\/\/www.polizeichor-dresden.de\/?attachment_id=595'><img width=\"150\" height=\"150\" src=\"https:\/\/i0.wp.com\/www.polizeichor-dresden.de\/wp-content\/uploads\/2015\/09\/web-4747.jpg?resize=150%2C150&amp;ssl=1\" class=\"attachment-thumbnail size-thumbnail\" alt=\"\" decoding=\"async\" loading=\"lazy\" srcset=\"https:\/\/i0.wp.com\/www.polizeichor-dresden.de\/wp-content\/uploads\/2015\/09\/web-4747.jpg?resize=150%2C150&amp;ssl=1 150w, https:\/\/i0.wp.com\/www.polizeichor-dresden.de\/wp-content\/uploads\/2015\/09\/web-4747.jpg?zoom=2&amp;resize=150%2C150&amp;ssl=1 300w, https:\/\/i0.wp.com\/www.polizeichor-dresden.de\/wp-content\/uploads\/2015\/09\/web-4747.jpg?zoom=3&amp;resize=150%2C150&amp;ssl=1 450w\" sizes=\"(max-width: 150px) 100vw, 150px\" data-attachment-id=\"595\" data-permalink=\"https:\/\/www.polizeichor-dresden.de\/?attachment_id=595\" data-orig-file=\"https:\/\/i0.wp.com\/www.polizeichor-dresden.de\/wp-content\/uploads\/2015\/09\/web-4747.jpg?fit=800%2C530&amp;ssl=1\" data-orig-size=\"800,530\" data-comments-opened=\"1\" data-image-meta=\"{&quot;aperture&quot;:&quot;4&quot;,&quot;credit&quot;:&quot;Jan Wiedemann&quot;,&quot;camera&quot;:&quot;NIKON D7000&quot;,&quot;caption&quot;:&quot;&quot;,&quot;created_timestamp&quot;:&quot;1442756138&quot;,&quot;copyright&quot;:&quot;Jan Wiedemann&quot;,&quot;focal_length&quot;:&quot;18&quot;,&quot;iso&quot;:&quot;560&quot;,&quot;shutter_speed&quot;:&quot;0.016666666666667&quot;,&quot;title&quot;:&quot;&quot;,&quot;orientation&quot;:&quot;0&quot;}\" data-image-title=\"web-4747\" data-image-description=\"\" data-image-caption=\"\" data-medium-file=\"https:\/\/i0.wp.com\/www.polizeichor-dresden.de\/wp-content\/uploads\/2015\/09\/web-4747.jpg?fit=300%2C199&amp;ssl=1\" data-large-file=\"https:\/\/i0.wp.com\/www.polizeichor-dresden.de\/wp-content\/uploads\/2015\/09\/web-4747.jpg?fit=800%2C530&amp;ssl=1\" \/><\/a>\n\t\t\t<\/dt><\/dl><dl class='gallery-item'>\n\t\t\t<dt class='gallery-icon landscape'>\n\t\t\t\t<a href='https:\/\/www.polizeichor-dresden.de\/?attachment_id=594'><img width=\"150\" height=\"150\" src=\"https:\/\/i0.wp.com\/www.polizeichor-dresden.de\/wp-content\/uploads\/2015\/09\/web-4744.jpg?resize=150%2C150&amp;ssl=1\" class=\"attachment-thumbnail size-thumbnail\" alt=\"\" decoding=\"async\" loading=\"lazy\" srcset=\"https:\/\/i0.wp.com\/www.polizeichor-dresden.de\/wp-content\/uploads\/2015\/09\/web-4744.jpg?resize=150%2C150&amp;ssl=1 150w, https:\/\/i0.wp.com\/www.polizeichor-dresden.de\/wp-content\/uploads\/2015\/09\/web-4744.jpg?zoom=2&amp;resize=150%2C150&amp;ssl=1 300w, https:\/\/i0.wp.com\/www.polizeichor-dresden.de\/wp-content\/uploads\/2015\/09\/web-4744.jpg?zoom=3&amp;resize=150%2C150&amp;ssl=1 450w\" sizes=\"(max-width: 150px) 100vw, 150px\" data-attachment-id=\"594\" data-permalink=\"https:\/\/www.polizeichor-dresden.de\/?attachment_id=594\" data-orig-file=\"https:\/\/i0.wp.com\/www.polizeichor-dresden.de\/wp-content\/uploads\/2015\/09\/web-4744.jpg?fit=800%2C530&amp;ssl=1\" data-orig-size=\"800,530\" data-comments-opened=\"1\" data-image-meta=\"{&quot;aperture&quot;:&quot;4&quot;,&quot;credit&quot;:&quot;Jan Wiedemann&quot;,&quot;camera&quot;:&quot;NIKON D7000&quot;,&quot;caption&quot;:&quot;&quot;,&quot;created_timestamp&quot;:&quot;1442756123&quot;,&quot;copyright&quot;:&quot;Jan Wiedemann&quot;,&quot;focal_length&quot;:&quot;24&quot;,&quot;iso&quot;:&quot;800&quot;,&quot;shutter_speed&quot;:&quot;0.016666666666667&quot;,&quot;title&quot;:&quot;&quot;,&quot;orientation&quot;:&quot;0&quot;}\" data-image-title=\"web-4744\" data-image-description=\"\" data-image-caption=\"\" data-medium-file=\"https:\/\/i0.wp.com\/www.polizeichor-dresden.de\/wp-content\/uploads\/2015\/09\/web-4744.jpg?fit=300%2C199&amp;ssl=1\" data-large-file=\"https:\/\/i0.wp.com\/www.polizeichor-dresden.de\/wp-content\/uploads\/2015\/09\/web-4744.jpg?fit=800%2C530&amp;ssl=1\" \/><\/a>\n\t\t\t<\/dt><\/dl><dl class='gallery-item'>\n\t\t\t<dt class='gallery-icon landscape'>\n\t\t\t\t<a href='https:\/\/www.polizeichor-dresden.de\/?attachment_id=593'><img width=\"150\" height=\"150\" src=\"https:\/\/i0.wp.com\/www.polizeichor-dresden.de\/wp-content\/uploads\/2015\/09\/web-4742.jpg?resize=150%2C150&amp;ssl=1\" class=\"attachment-thumbnail size-thumbnail\" alt=\"\" decoding=\"async\" loading=\"lazy\" srcset=\"https:\/\/i0.wp.com\/www.polizeichor-dresden.de\/wp-content\/uploads\/2015\/09\/web-4742.jpg?resize=150%2C150&amp;ssl=1 150w, https:\/\/i0.wp.com\/www.polizeichor-dresden.de\/wp-content\/uploads\/2015\/09\/web-4742.jpg?zoom=2&amp;resize=150%2C150&amp;ssl=1 300w, https:\/\/i0.wp.com\/www.polizeichor-dresden.de\/wp-content\/uploads\/2015\/09\/web-4742.jpg?zoom=3&amp;resize=150%2C150&amp;ssl=1 450w\" sizes=\"(max-width: 150px) 100vw, 150px\" data-attachment-id=\"593\" data-permalink=\"https:\/\/www.polizeichor-dresden.de\/?attachment_id=593\" data-orig-file=\"https:\/\/i0.wp.com\/www.polizeichor-dresden.de\/wp-content\/uploads\/2015\/09\/web-4742.jpg?fit=800%2C530&amp;ssl=1\" data-orig-size=\"800,530\" data-comments-opened=\"1\" data-image-meta=\"{&quot;aperture&quot;:&quot;4&quot;,&quot;credit&quot;:&quot;Jan Wiedemann&quot;,&quot;camera&quot;:&quot;NIKON D7000&quot;,&quot;caption&quot;:&quot;&quot;,&quot;created_timestamp&quot;:&quot;1442756103&quot;,&quot;copyright&quot;:&quot;Jan Wiedemann&quot;,&quot;focal_length&quot;:&quot;18&quot;,&quot;iso&quot;:&quot;800&quot;,&quot;shutter_speed&quot;:&quot;0.016666666666667&quot;,&quot;title&quot;:&quot;&quot;,&quot;orientation&quot;:&quot;0&quot;}\" data-image-title=\"web-4742\" data-image-description=\"\" data-image-caption=\"\" data-medium-file=\"https:\/\/i0.wp.com\/www.polizeichor-dresden.de\/wp-content\/uploads\/2015\/09\/web-4742.jpg?fit=300%2C199&amp;ssl=1\" data-large-file=\"https:\/\/i0.wp.com\/www.polizeichor-dresden.de\/wp-content\/uploads\/2015\/09\/web-4742.jpg?fit=800%2C530&amp;ssl=1\" \/><\/a>\n\t\t\t<\/dt><\/dl><br style=\"clear: both\" \/>\n\t\t<\/div>\n\n","protected":false},"excerpt":{"rendered":"<p>20. Sept. 2015 Andrea fehlt. Um die N\u00e4chte an der Hotelbar durch zu quatschen und Ihr Bordservice &#8211; morgens 8 Uhr schon &#8222;Kaffee mit Rum, Amaretto und anderen s\u00fc\u00dfen K\u00f6stlichkeiten&#8220; tr\u00e4llernd &#8211; geht uns auch ab. Jens man\u00f6vriert den Bus in aller Fr\u00fch also ohne Kaffee-Service durch die leeren engen Stra\u00dfen von Graz. Eine prunkvolle [&hellip;]<\/p>\n","protected":false},"author":2,"featured_media":0,"comment_status":"open","ping_status":"open","sticky":false,"template":"","format":"standard","meta":{"ngg_post_thumbnail":0,"jetpack_post_was_ever_published":false,"jetpack_publicize_message":"","jetpack_is_tweetstorm":false,"jetpack_publicize_feature_enabled":true,"jetpack_social_post_already_shared":true,"jetpack_social_options":{"image_generator_settings":{"template":"highway","enabled":false}}},"categories":[3,23],"tags":[46,6,45],"jetpack_publicize_connections":[],"aioseo_notices":[],"jetpack_featured_media_url":"","jetpack_shortlink":"https:\/\/wp.me\/p32b0X-9t","jetpack_sharing_enabled":true,"_links":{"self":[{"href":"https:\/\/www.polizeichor-dresden.de\/index.php?rest_route=\/wp\/v2\/posts\/587"}],"collection":[{"href":"https:\/\/www.polizeichor-dresden.de\/index.php?rest_route=\/wp\/v2\/posts"}],"about":[{"href":"https:\/\/www.polizeichor-dresden.de\/index.php?rest_route=\/wp\/v2\/types\/post"}],"author":[{"embeddable":true,"href":"https:\/\/www.polizeichor-dresden.de\/index.php?rest_route=\/wp\/v2\/users\/2"}],"replies":[{"embeddable":true,"href":"https:\/\/www.polizeichor-dresden.de\/index.php?rest_route=%2Fwp%2Fv2%2Fcomments&post=587"}],"version-history":[{"count":5,"href":"https:\/\/www.polizeichor-dresden.de\/index.php?rest_route=\/wp\/v2\/posts\/587\/revisions"}],"predecessor-version":[{"id":604,"href":"https:\/\/www.polizeichor-dresden.de\/index.php?rest_route=\/wp\/v2\/posts\/587\/revisions\/604"}],"wp:attachment":[{"href":"https:\/\/www.polizeichor-dresden.de\/index.php?rest_route=%2Fwp%2Fv2%2Fmedia&parent=587"}],"wp:term":[{"taxonomy":"category","embeddable":true,"href":"https:\/\/www.polizeichor-dresden.de\/index.php?rest_route=%2Fwp%2Fv2%2Fcategories&post=587"},{"taxonomy":"post_tag","embeddable":true,"href":"https:\/\/www.polizeichor-dresden.de\/index.php?rest_route=%2Fwp%2Fv2%2Ftags&post=587"}],"curies":[{"name":"wp","href":"https:\/\/api.w.org\/{rel}","templated":true}]}}