{"id":525,"date":"2015-04-21T17:00:21","date_gmt":"2015-04-21T15:00:21","guid":{"rendered":"http:\/\/www.polizeichor-dresden.de\/?p=525"},"modified":"2015-04-21T19:30:05","modified_gmt":"2015-04-21T17:30:05","slug":"der-schnee-zerrinnt-der-mai-beginnt","status":"publish","type":"post","link":"https:\/\/www.polizeichor-dresden.de\/?p=525","title":{"rendered":"Der Schnee zerrinnt, der Mai beginnt"},"content":{"rendered":"<p><a title=\" \" href=\"https:\/\/i0.wp.com\/www.polizeichor-dresden.de\/wp-content\/gallery\/fruehjahrskonzert-2015\/PCDD_Fruehjahrskonzert_2015__0013.jpg\"  rel=\"lightbox[525] \\&quot;lightbox[]\\&quot;\" data-image-id=\"194\" data-src=\"http:\/\/www.polizeichor-dresden.de\/wp-content\/gallery\/fruehjahrskonzert-2015\/PCDD_Fruehjahrskonzert_2015__0013.jpg\" data-thumbnail=\"https:\/\/i0.wp.com\/www.polizeichor-dresden.de\/wp-content\/gallery\/fruehjahrskonzert-2015\/thumbs\/thumbs_PCDD_Fruehjahrskonzert_2015__0013.jpg?resize=225%2C149\" data-title=\"PCDD_Fruehjahrskonzert_2015__0013.jpg\" data-description=\" \"><img decoding=\"async\" loading=\"lazy\" class=\"ngg-singlepic ngg-left\" title=\"\" src=\"https:\/\/i0.wp.com\/www.polizeichor-dresden.de\/wp-content\/gallery\/fruehjahrskonzert-2015\/thumbs\/thumbs_PCDD_Fruehjahrskonzert_2015__0013.jpg?resize=225%2C149\" alt=\"PCDD_Fruehjahrskonzert_2015__0013.jpg\" width=\"225\" height=\"149\" data-recalc-dims=\"1\" \/><\/a>Ganz richtig passte der Text des Er\u00f6ffnungstitels des Fr\u00fchlingskonzertes des Polizeichores Dresden zwar nicht, denn der Schnee war schon lange geschmolzen und bis zum Mai fehlten noch 11 Tage, aber er bot dem Publikum tats\u00e4chlich etwas Neues: Aus drei Richtungen betraten die S\u00e4ngerinnen und S\u00e4nger nach der temperamentvollen Einleitung des Konzertes durch die Dixielandformation des Polizeiorchesters Sachsen den Ballsaal des Quality Hotel Plaza in Dresden und hielten auf dem Weg zur B\u00fchne inne, um, getrennt nach Sopranisten, Altisten und M\u00e4nnerstimmen, den oben genannten Kanon an- und damit das Publikum auf ein abwechslungsreiches Konzert einzustimmen.<\/p>\n<p>Robert Stolz war der Komponist der n\u00e4chsten Lieder, mit denen unser Gesamtchor von wei\u00dfen Orchideen, Kornblumen und Kaktusbl\u00fcte und unser Frauenchor von Veilchen erz\u00e4hlten.<\/p>\n<p>Wie schon in den beiden letzten Jahren begr\u00fc\u00dfte die Moderatorin Kathy Leen das Publikum sehr charmant und sang anschlie\u00dfend weiter von Robert Stolz und begleitet von dem Pianisten Holger Miersch davon, dass auch im Wiener Prater wieder die B\u00e4ume bl\u00fchen.<!--more--><\/p>\n<p>Bunt ging es weiter mit Darbietungen unserer Musici, nochmals unseres Frauen- und des Gesamtchores sowie der Dixielandformation unter der Leitung von Thomas Quandt, bis Kathy Leen nach der lustigen \u201es\u00e4chsischen Hymne\u201c unseren Gastchor vorstellte und ank\u00fcndigte, den mit Spannung erwarteten Frauenchor der Polizei M\u00fcnchen.<\/p>\n<p>Der noch junge Chor erwarb von Beginn seines Auftrittes an die Gunst des Publikums, sowohl was die Auswahl der\u00a0 Lieder (fr\u00f6hlich, bayrisch und von Liebe) als auch die Art ihres Vortrages betraf.<\/p>\n<p>Im zweiten Teil des Programms, wiederum eingeleitet von der Dixielandformation, traten die von der Chorleiterin Dr. Evi Haberberger angeleiteten M\u00fcnchner Damen zuerst auf und ernteten wie vor der Pause lebhaften Beifall.<\/p>\n<p>Im weiteren Verlauf des Konzertes bekamen auch die Konzertg\u00e4ste die M\u00f6glichkeit, mitzusingen. Auch die M\u00e4nnergruppe des PC Dresden bot zwei Titel. Kathy Leen erkl\u00e4rte vorher den Hintergrund des bayrischen Volksliedes vom \u201eLieben Augustin\u201c. \u00dcberhaupt zeigte sie im Laufe des Konzerts mehrmals sowohl Proben ihres s\u00e4ngerischen K\u00f6nnens als auch ihres hervorragenden Talents, das Publikum mit ihrer Moderation zu begeistern. \u00c4hnlich bewies auch die Dixielandformation noch mehrfach, dass sie allein und auch im Zusammenwirken mit dem Polizeichor das Publikum zu lebhaftem Beifall anregen kann.<\/p>\n<p>Beim Schlusstitel, wie auch einige andere Lieder dieses Konzerts von Holger Miersch f\u00fcr den Chor bearbeitet, vereinigten sich alle Mitwirkenden. Die Empfehlung von \u201eDie Rose\u201c, nie zu verzagen und stets nach vorn zu blicken, nahm wohl jeder der Zuh\u00f6rer innerlich auf.<\/p>\n<p>Dass unsere Besucher mit dem Konzert sehr zufrieden waren, konnten alle Mitwirkenden an deren positiver Reaktion feststellen. Einen besonderen Anteil daran hat auch unsere neue 2. Chorleiterin, Maja Seidel, die ihr Deb\u00fct in dieser Funktion mit Erfolg bestand. Das \u00dcberreichen der Blumengeschenke wurden von lang anhaltendem Beifall begleitet, so dass eine Zugabe (\u201eDie Rose\u201c) gegeben werden musste.\u00a0 Unsere S\u00e4ngerinnen und S\u00e4nger wird dieses Echo der Zuh\u00f6rer befl\u00fcgeln, sich auf die f\u00fcnf weiteren Konzerte dieses Jahres ebenso gut vorzubereiten.<\/p>\n<p>Jochen Strobel<\/p>\n<p><!-- index.php -->\n<div\n\tclass=\"ngg-galleryoverview ngg-ajax-pagination-none\"\n\tid=\"ngg-gallery-538-1\">\n\n    \t\t<!-- Thumbnails -->\n\t\t\t\t<div id=\"ngg-image-0\" class=\"ngg-gallery-thumbnail-box\" >\n\t\t\t\t        <div class=\"ngg-gallery-thumbnail\">\n            <a href=\"https:\/\/www.polizeichor-dresden.de\/wp-content\/gallery\/fruehjahrskonzert-2015\/PCDD_FK2015_Christin.jpg\"\n               title=\"\"\n               data-src=\"https:\/\/www.polizeichor-dresden.de\/wp-content\/gallery\/fruehjahrskonzert-2015\/PCDD_FK2015_Christin.jpg\"\n               data-thumbnail=\"https:\/\/www.polizeichor-dresden.de\/wp-content\/gallery\/fruehjahrskonzert-2015\/thumbs\/thumbs_PCDD_FK2015_Christin.jpg\"\n               data-image-id=\"181\"\n               data-title=\"PCDD_FK2015_Christin.jpg\"\n               data-description=\"\"\n               data-image-slug=\"pcdd_fk2015_christin-jpg-2\"\n               class='nggobasic-fancybox' rel='538'>\n                <img\n                    title=\"PCDD_FK2015_Christin.jpg\"\n                    alt=\"PCDD_FK2015_Christin.jpg\"\n                    src=\"https:\/\/www.polizeichor-dresden.de\/wp-content\/gallery\/fruehjahrskonzert-2015\/thumbs\/thumbs_PCDD_FK2015_Christin.jpg\"\n                    width=\"150\"\n                    height=\"77\"\n                    style=\"max-width:100%;\"\n                \/>\n            <\/a>\n        <\/div>\n\t\t\t\t\t\t\t<\/div> \n\t\t\t\n                            \n\t\t\t\t<div id=\"ngg-image-1\" class=\"ngg-gallery-thumbnail-box\" >\n\t\t\t\t        <div class=\"ngg-gallery-thumbnail\">\n            <a href=\"https:\/\/www.polizeichor-dresden.de\/wp-content\/gallery\/fruehjahrskonzert-2015\/PCDD_Fruehjahrskonzert_2015__0001.jpg\"\n               title=\"\"\n               data-src=\"https:\/\/www.polizeichor-dresden.de\/wp-content\/gallery\/fruehjahrskonzert-2015\/PCDD_Fruehjahrskonzert_2015__0001.jpg\"\n               data-thumbnail=\"https:\/\/www.polizeichor-dresden.de\/wp-content\/gallery\/fruehjahrskonzert-2015\/thumbs\/thumbs_PCDD_Fruehjahrskonzert_2015__0001.jpg\"\n               data-image-id=\"182\"\n               data-title=\"PCDD_Fruehjahrskonzert_2015__0001.jpg\"\n               data-description=\"\"\n               data-image-slug=\"pcdd_fruehjahrskonzert_2015__0001-jpg\"\n               class='nggobasic-fancybox' rel='538'>\n                <img\n                    title=\"PCDD_Fruehjahrskonzert_2015__0001.jpg\"\n                    alt=\"PCDD_Fruehjahrskonzert_2015__0001.jpg\"\n                    src=\"https:\/\/www.polizeichor-dresden.de\/wp-content\/gallery\/fruehjahrskonzert-2015\/thumbs\/thumbs_PCDD_Fruehjahrskonzert_2015__0001.jpg\"\n                    width=\"150\"\n                    height=\"84\"\n                    style=\"max-width:100%;\"\n                \/>\n            <\/a>\n        <\/div>\n\t\t\t\t\t\t\t<\/div> \n\t\t\t\n                            \n\t\t\t\t<div id=\"ngg-image-2\" class=\"ngg-gallery-thumbnail-box\" >\n\t\t\t\t        <div class=\"ngg-gallery-thumbnail\">\n            <a href=\"https:\/\/www.polizeichor-dresden.de\/wp-content\/gallery\/fruehjahrskonzert-2015\/PCDD_Fruehjahrskonzert_2015__0002.jpg\"\n               title=\"\"\n               data-src=\"https:\/\/www.polizeichor-dresden.de\/wp-content\/gallery\/fruehjahrskonzert-2015\/PCDD_Fruehjahrskonzert_2015__0002.jpg\"\n               data-thumbnail=\"https:\/\/www.polizeichor-dresden.de\/wp-content\/gallery\/fruehjahrskonzert-2015\/thumbs\/thumbs_PCDD_Fruehjahrskonzert_2015__0002.jpg\"\n               data-image-id=\"183\"\n               data-title=\"PCDD_Fruehjahrskonzert_2015__0002.jpg\"\n               data-description=\"\"\n               data-image-slug=\"pcdd_fruehjahrskonzert_2015__0002-jpg\"\n               class='nggobasic-fancybox' rel='538'>\n                <img\n                    title=\"PCDD_Fruehjahrskonzert_2015__0002.jpg\"\n                    alt=\"PCDD_Fruehjahrskonzert_2015__0002.jpg\"\n                    src=\"https:\/\/www.polizeichor-dresden.de\/wp-content\/gallery\/fruehjahrskonzert-2015\/thumbs\/thumbs_PCDD_Fruehjahrskonzert_2015__0002.jpg\"\n                    width=\"150\"\n                    height=\"99\"\n                    style=\"max-width:100%;\"\n                \/>\n            <\/a>\n        <\/div>\n\t\t\t\t\t\t\t<\/div> \n\t\t\t\n                            \n\t\t\t\t<div id=\"ngg-image-3\" class=\"ngg-gallery-thumbnail-box\" >\n\t\t\t\t        <div class=\"ngg-gallery-thumbnail\">\n            <a href=\"https:\/\/www.polizeichor-dresden.de\/wp-content\/gallery\/fruehjahrskonzert-2015\/PCDD_Fruehjahrskonzert_2015__0003.jpg\"\n               title=\"\"\n               data-src=\"https:\/\/www.polizeichor-dresden.de\/wp-content\/gallery\/fruehjahrskonzert-2015\/PCDD_Fruehjahrskonzert_2015__0003.jpg\"\n               data-thumbnail=\"https:\/\/www.polizeichor-dresden.de\/wp-content\/gallery\/fruehjahrskonzert-2015\/thumbs\/thumbs_PCDD_Fruehjahrskonzert_2015__0003.jpg\"\n               data-image-id=\"184\"\n               data-title=\"PCDD_Fruehjahrskonzert_2015__0003.jpg\"\n               data-description=\"\"\n               data-image-slug=\"pcdd_fruehjahrskonzert_2015__0003-jpg\"\n               class='nggobasic-fancybox' rel='538'>\n                <img\n                    title=\"PCDD_Fruehjahrskonzert_2015__0003.jpg\"\n                    alt=\"PCDD_Fruehjahrskonzert_2015__0003.jpg\"\n                    src=\"https:\/\/www.polizeichor-dresden.de\/wp-content\/gallery\/fruehjahrskonzert-2015\/thumbs\/thumbs_PCDD_Fruehjahrskonzert_2015__0003.jpg\"\n                    width=\"150\"\n                    height=\"99\"\n                    style=\"max-width:100%;\"\n                \/>\n            <\/a>\n        <\/div>\n\t\t\t\t\t\t\t<\/div> \n\t\t\t\n                                    <br style=\"clear: both\" \/>\n                    \n\t\t\t\t<div id=\"ngg-image-4\" class=\"ngg-gallery-thumbnail-box\" >\n\t\t\t\t        <div class=\"ngg-gallery-thumbnail\">\n            <a href=\"https:\/\/www.polizeichor-dresden.de\/wp-content\/gallery\/fruehjahrskonzert-2015\/PCDD_Fruehjahrskonzert_2015__0004.jpg\"\n               title=\"\"\n               data-src=\"https:\/\/www.polizeichor-dresden.de\/wp-content\/gallery\/fruehjahrskonzert-2015\/PCDD_Fruehjahrskonzert_2015__0004.jpg\"\n               data-thumbnail=\"https:\/\/www.polizeichor-dresden.de\/wp-content\/gallery\/fruehjahrskonzert-2015\/thumbs\/thumbs_PCDD_Fruehjahrskonzert_2015__0004.jpg\"\n               data-image-id=\"185\"\n               data-title=\"PCDD_Fruehjahrskonzert_2015__0004.jpg\"\n               data-description=\"\"\n               data-image-slug=\"pcdd_fruehjahrskonzert_2015__0004-jpg\"\n               class='nggobasic-fancybox' rel='538'>\n                <img\n                    title=\"PCDD_Fruehjahrskonzert_2015__0004.jpg\"\n                    alt=\"PCDD_Fruehjahrskonzert_2015__0004.jpg\"\n                    src=\"https:\/\/www.polizeichor-dresden.de\/wp-content\/gallery\/fruehjahrskonzert-2015\/thumbs\/thumbs_PCDD_Fruehjahrskonzert_2015__0004.jpg\"\n                    width=\"150\"\n                    height=\"99\"\n                    style=\"max-width:100%;\"\n                \/>\n            <\/a>\n        <\/div>\n\t\t\t\t\t\t\t<\/div> \n\t\t\t\n                            \n\t\t\t\t<div id=\"ngg-image-5\" class=\"ngg-gallery-thumbnail-box\" >\n\t\t\t\t        <div class=\"ngg-gallery-thumbnail\">\n            <a href=\"https:\/\/www.polizeichor-dresden.de\/wp-content\/gallery\/fruehjahrskonzert-2015\/PCDD_Fruehjahrskonzert_2015__0005.jpg\"\n               title=\"\"\n               data-src=\"https:\/\/www.polizeichor-dresden.de\/wp-content\/gallery\/fruehjahrskonzert-2015\/PCDD_Fruehjahrskonzert_2015__0005.jpg\"\n               data-thumbnail=\"https:\/\/www.polizeichor-dresden.de\/wp-content\/gallery\/fruehjahrskonzert-2015\/thumbs\/thumbs_PCDD_Fruehjahrskonzert_2015__0005.jpg\"\n               data-image-id=\"186\"\n               data-title=\"PCDD_Fruehjahrskonzert_2015__0005.jpg\"\n               data-description=\"\"\n               data-image-slug=\"pcdd_fruehjahrskonzert_2015__0005-jpg\"\n               class='nggobasic-fancybox' rel='538'>\n                <img\n                    title=\"PCDD_Fruehjahrskonzert_2015__0005.jpg\"\n                    alt=\"PCDD_Fruehjahrskonzert_2015__0005.jpg\"\n                    src=\"https:\/\/www.polizeichor-dresden.de\/wp-content\/gallery\/fruehjahrskonzert-2015\/thumbs\/thumbs_PCDD_Fruehjahrskonzert_2015__0005.jpg\"\n                    width=\"150\"\n                    height=\"99\"\n                    style=\"max-width:100%;\"\n                \/>\n            <\/a>\n        <\/div>\n\t\t\t\t\t\t\t<\/div> \n\t\t\t\n                            \n\t\t\t\t<div id=\"ngg-image-6\" class=\"ngg-gallery-thumbnail-box\" >\n\t\t\t\t        <div class=\"ngg-gallery-thumbnail\">\n            <a href=\"https:\/\/www.polizeichor-dresden.de\/wp-content\/gallery\/fruehjahrskonzert-2015\/PCDD_Fruehjahrskonzert_2015__0006.jpg\"\n               title=\"\"\n               data-src=\"https:\/\/www.polizeichor-dresden.de\/wp-content\/gallery\/fruehjahrskonzert-2015\/PCDD_Fruehjahrskonzert_2015__0006.jpg\"\n               data-thumbnail=\"https:\/\/www.polizeichor-dresden.de\/wp-content\/gallery\/fruehjahrskonzert-2015\/thumbs\/thumbs_PCDD_Fruehjahrskonzert_2015__0006.jpg\"\n               data-image-id=\"187\"\n               data-title=\"PCDD_Fruehjahrskonzert_2015__0006.jpg\"\n               data-description=\"\"\n               data-image-slug=\"pcdd_fruehjahrskonzert_2015__0006-jpg\"\n               class='nggobasic-fancybox' rel='538'>\n                <img\n                    title=\"PCDD_Fruehjahrskonzert_2015__0006.jpg\"\n                    alt=\"PCDD_Fruehjahrskonzert_2015__0006.jpg\"\n                    src=\"https:\/\/www.polizeichor-dresden.de\/wp-content\/gallery\/fruehjahrskonzert-2015\/thumbs\/thumbs_PCDD_Fruehjahrskonzert_2015__0006.jpg\"\n                    width=\"150\"\n                    height=\"99\"\n                    style=\"max-width:100%;\"\n                \/>\n            <\/a>\n        <\/div>\n\t\t\t\t\t\t\t<\/div> \n\t\t\t\n                            \n\t\t\t\t<div id=\"ngg-image-7\" class=\"ngg-gallery-thumbnail-box\" >\n\t\t\t\t        <div class=\"ngg-gallery-thumbnail\">\n            <a href=\"https:\/\/www.polizeichor-dresden.de\/wp-content\/gallery\/fruehjahrskonzert-2015\/PCDD_Fruehjahrskonzert_2015__0007.jpg\"\n               title=\"\"\n               data-src=\"https:\/\/www.polizeichor-dresden.de\/wp-content\/gallery\/fruehjahrskonzert-2015\/PCDD_Fruehjahrskonzert_2015__0007.jpg\"\n               data-thumbnail=\"https:\/\/www.polizeichor-dresden.de\/wp-content\/gallery\/fruehjahrskonzert-2015\/thumbs\/thumbs_PCDD_Fruehjahrskonzert_2015__0007.jpg\"\n               data-image-id=\"188\"\n               data-title=\"PCDD_Fruehjahrskonzert_2015__0007.jpg\"\n               data-description=\"\"\n               data-image-slug=\"pcdd_fruehjahrskonzert_2015__0007-jpg\"\n               class='nggobasic-fancybox' rel='538'>\n                <img\n                    title=\"PCDD_Fruehjahrskonzert_2015__0007.jpg\"\n                    alt=\"PCDD_Fruehjahrskonzert_2015__0007.jpg\"\n                    src=\"https:\/\/www.polizeichor-dresden.de\/wp-content\/gallery\/fruehjahrskonzert-2015\/thumbs\/thumbs_PCDD_Fruehjahrskonzert_2015__0007.jpg\"\n                    width=\"150\"\n                    height=\"99\"\n                    style=\"max-width:100%;\"\n                \/>\n            <\/a>\n        <\/div>\n\t\t\t\t\t\t\t<\/div> \n\t\t\t\n                                    <br style=\"clear: both\" \/>\n                    \n\t\t\t\t<div id=\"ngg-image-8\" class=\"ngg-gallery-thumbnail-box\" >\n\t\t\t\t        <div class=\"ngg-gallery-thumbnail\">\n            <a href=\"https:\/\/www.polizeichor-dresden.de\/wp-content\/gallery\/fruehjahrskonzert-2015\/PCDD_Fruehjahrskonzert_2015__0008.jpg\"\n               title=\"\"\n               data-src=\"https:\/\/www.polizeichor-dresden.de\/wp-content\/gallery\/fruehjahrskonzert-2015\/PCDD_Fruehjahrskonzert_2015__0008.jpg\"\n               data-thumbnail=\"https:\/\/www.polizeichor-dresden.de\/wp-content\/gallery\/fruehjahrskonzert-2015\/thumbs\/thumbs_PCDD_Fruehjahrskonzert_2015__0008.jpg\"\n               data-image-id=\"189\"\n               data-title=\"PCDD_Fruehjahrskonzert_2015__0008.jpg\"\n               data-description=\"\"\n               data-image-slug=\"pcdd_fruehjahrskonzert_2015__0008-jpg\"\n               class='nggobasic-fancybox' rel='538'>\n                <img\n                    title=\"PCDD_Fruehjahrskonzert_2015__0008.jpg\"\n                    alt=\"PCDD_Fruehjahrskonzert_2015__0008.jpg\"\n                    src=\"https:\/\/www.polizeichor-dresden.de\/wp-content\/gallery\/fruehjahrskonzert-2015\/thumbs\/thumbs_PCDD_Fruehjahrskonzert_2015__0008.jpg\"\n                    width=\"150\"\n                    height=\"99\"\n                    style=\"max-width:100%;\"\n                \/>\n            <\/a>\n        <\/div>\n\t\t\t\t\t\t\t<\/div> \n\t\t\t\n                            \n\t\t\t\t<div id=\"ngg-image-9\" class=\"ngg-gallery-thumbnail-box\" >\n\t\t\t\t        <div class=\"ngg-gallery-thumbnail\">\n            <a href=\"https:\/\/www.polizeichor-dresden.de\/wp-content\/gallery\/fruehjahrskonzert-2015\/PCDD_Fruehjahrskonzert_2015__0009.jpg\"\n               title=\"\"\n               data-src=\"https:\/\/www.polizeichor-dresden.de\/wp-content\/gallery\/fruehjahrskonzert-2015\/PCDD_Fruehjahrskonzert_2015__0009.jpg\"\n               data-thumbnail=\"https:\/\/www.polizeichor-dresden.de\/wp-content\/gallery\/fruehjahrskonzert-2015\/thumbs\/thumbs_PCDD_Fruehjahrskonzert_2015__0009.jpg\"\n               data-image-id=\"190\"\n               data-title=\"PCDD_Fruehjahrskonzert_2015__0009.jpg\"\n               data-description=\"\"\n               data-image-slug=\"pcdd_fruehjahrskonzert_2015__0009-jpg\"\n               class='nggobasic-fancybox' rel='538'>\n                <img\n                    title=\"PCDD_Fruehjahrskonzert_2015__0009.jpg\"\n                    alt=\"PCDD_Fruehjahrskonzert_2015__0009.jpg\"\n                    src=\"https:\/\/www.polizeichor-dresden.de\/wp-content\/gallery\/fruehjahrskonzert-2015\/thumbs\/thumbs_PCDD_Fruehjahrskonzert_2015__0009.jpg\"\n                    width=\"99\"\n                    height=\"150\"\n                    style=\"max-width:100%;\"\n                \/>\n            <\/a>\n        <\/div>\n\t\t\t\t\t\t\t<\/div> \n\t\t\t\n                            \n\t\t\t\t<div id=\"ngg-image-10\" class=\"ngg-gallery-thumbnail-box\" >\n\t\t\t\t        <div class=\"ngg-gallery-thumbnail\">\n            <a href=\"https:\/\/www.polizeichor-dresden.de\/wp-content\/gallery\/fruehjahrskonzert-2015\/PCDD_Fruehjahrskonzert_2015__0010.jpg\"\n               title=\"\"\n               data-src=\"https:\/\/www.polizeichor-dresden.de\/wp-content\/gallery\/fruehjahrskonzert-2015\/PCDD_Fruehjahrskonzert_2015__0010.jpg\"\n               data-thumbnail=\"https:\/\/www.polizeichor-dresden.de\/wp-content\/gallery\/fruehjahrskonzert-2015\/thumbs\/thumbs_PCDD_Fruehjahrskonzert_2015__0010.jpg\"\n               data-image-id=\"191\"\n               data-title=\"PCDD_Fruehjahrskonzert_2015__0010.jpg\"\n               data-description=\"\"\n               data-image-slug=\"pcdd_fruehjahrskonzert_2015__0010-jpg\"\n               class='nggobasic-fancybox' rel='538'>\n                <img\n                    title=\"PCDD_Fruehjahrskonzert_2015__0010.jpg\"\n                    alt=\"PCDD_Fruehjahrskonzert_2015__0010.jpg\"\n                    src=\"https:\/\/www.polizeichor-dresden.de\/wp-content\/gallery\/fruehjahrskonzert-2015\/thumbs\/thumbs_PCDD_Fruehjahrskonzert_2015__0010.jpg\"\n                    width=\"150\"\n                    height=\"99\"\n                    style=\"max-width:100%;\"\n                \/>\n            <\/a>\n        <\/div>\n\t\t\t\t\t\t\t<\/div> \n\t\t\t\n                            \n\t\t\t\t<div id=\"ngg-image-11\" class=\"ngg-gallery-thumbnail-box\" >\n\t\t\t\t        <div class=\"ngg-gallery-thumbnail\">\n            <a href=\"https:\/\/www.polizeichor-dresden.de\/wp-content\/gallery\/fruehjahrskonzert-2015\/PCDD_Fruehjahrskonzert_2015__0011.jpg\"\n               title=\"\"\n               data-src=\"https:\/\/www.polizeichor-dresden.de\/wp-content\/gallery\/fruehjahrskonzert-2015\/PCDD_Fruehjahrskonzert_2015__0011.jpg\"\n               data-thumbnail=\"https:\/\/www.polizeichor-dresden.de\/wp-content\/gallery\/fruehjahrskonzert-2015\/thumbs\/thumbs_PCDD_Fruehjahrskonzert_2015__0011.jpg\"\n               data-image-id=\"192\"\n               data-title=\"PCDD_Fruehjahrskonzert_2015__0011.jpg\"\n               data-description=\"\"\n               data-image-slug=\"pcdd_fruehjahrskonzert_2015__0011-jpg\"\n               class='nggobasic-fancybox' rel='538'>\n                <img\n                    title=\"PCDD_Fruehjahrskonzert_2015__0011.jpg\"\n                    alt=\"PCDD_Fruehjahrskonzert_2015__0011.jpg\"\n                    src=\"https:\/\/www.polizeichor-dresden.de\/wp-content\/gallery\/fruehjahrskonzert-2015\/thumbs\/thumbs_PCDD_Fruehjahrskonzert_2015__0011.jpg\"\n                    width=\"150\"\n                    height=\"99\"\n                    style=\"max-width:100%;\"\n                \/>\n            <\/a>\n        <\/div>\n\t\t\t\t\t\t\t<\/div> \n\t\t\t\n                                    <br style=\"clear: both\" \/>\n                    \n\t\t\t\t<div id=\"ngg-image-12\" class=\"ngg-gallery-thumbnail-box\" >\n\t\t\t\t        <div class=\"ngg-gallery-thumbnail\">\n            <a href=\"https:\/\/www.polizeichor-dresden.de\/wp-content\/gallery\/fruehjahrskonzert-2015\/PCDD_Fruehjahrskonzert_2015__0012.jpg\"\n               title=\"\"\n               data-src=\"https:\/\/www.polizeichor-dresden.de\/wp-content\/gallery\/fruehjahrskonzert-2015\/PCDD_Fruehjahrskonzert_2015__0012.jpg\"\n               data-thumbnail=\"https:\/\/www.polizeichor-dresden.de\/wp-content\/gallery\/fruehjahrskonzert-2015\/thumbs\/thumbs_PCDD_Fruehjahrskonzert_2015__0012.jpg\"\n               data-image-id=\"193\"\n               data-title=\"PCDD_Fruehjahrskonzert_2015__0012.jpg\"\n               data-description=\"\"\n               data-image-slug=\"pcdd_fruehjahrskonzert_2015__0012-jpg\"\n               class='nggobasic-fancybox' rel='538'>\n                <img\n                    title=\"PCDD_Fruehjahrskonzert_2015__0012.jpg\"\n                    alt=\"PCDD_Fruehjahrskonzert_2015__0012.jpg\"\n                    src=\"https:\/\/www.polizeichor-dresden.de\/wp-content\/gallery\/fruehjahrskonzert-2015\/thumbs\/thumbs_PCDD_Fruehjahrskonzert_2015__0012.jpg\"\n                    width=\"150\"\n                    height=\"99\"\n                    style=\"max-width:100%;\"\n                \/>\n            <\/a>\n        <\/div>\n\t\t\t\t\t\t\t<\/div> \n\t\t\t\n                            \n\t\t\t\t<div id=\"ngg-image-13\" class=\"ngg-gallery-thumbnail-box\" >\n\t\t\t\t        <div class=\"ngg-gallery-thumbnail\">\n            <a href=\"https:\/\/www.polizeichor-dresden.de\/wp-content\/gallery\/fruehjahrskonzert-2015\/PCDD_Fruehjahrskonzert_2015__0013.jpg\"\n               title=\"\"\n               data-src=\"https:\/\/www.polizeichor-dresden.de\/wp-content\/gallery\/fruehjahrskonzert-2015\/PCDD_Fruehjahrskonzert_2015__0013.jpg\"\n               data-thumbnail=\"https:\/\/www.polizeichor-dresden.de\/wp-content\/gallery\/fruehjahrskonzert-2015\/thumbs\/thumbs_PCDD_Fruehjahrskonzert_2015__0013.jpg\"\n               data-image-id=\"194\"\n               data-title=\"PCDD_Fruehjahrskonzert_2015__0013.jpg\"\n               data-description=\"\"\n               data-image-slug=\"pcdd_fruehjahrskonzert_2015__0013-jpg-2\"\n               class='nggobasic-fancybox' rel='538'>\n                <img\n                    title=\"PCDD_Fruehjahrskonzert_2015__0013.jpg\"\n                    alt=\"PCDD_Fruehjahrskonzert_2015__0013.jpg\"\n                    src=\"https:\/\/www.polizeichor-dresden.de\/wp-content\/gallery\/fruehjahrskonzert-2015\/thumbs\/thumbs_PCDD_Fruehjahrskonzert_2015__0013.jpg\"\n                    width=\"150\"\n                    height=\"99\"\n                    style=\"max-width:100%;\"\n                \/>\n            <\/a>\n        <\/div>\n\t\t\t\t\t\t\t<\/div> \n\t\t\t\n                            \n\t\t\t\t<div id=\"ngg-image-14\" class=\"ngg-gallery-thumbnail-box\" >\n\t\t\t\t        <div class=\"ngg-gallery-thumbnail\">\n            <a href=\"https:\/\/www.polizeichor-dresden.de\/wp-content\/gallery\/fruehjahrskonzert-2015\/PCDD_Fruehjahrskonzert_2015__0014.jpg\"\n               title=\"\"\n               data-src=\"https:\/\/www.polizeichor-dresden.de\/wp-content\/gallery\/fruehjahrskonzert-2015\/PCDD_Fruehjahrskonzert_2015__0014.jpg\"\n               data-thumbnail=\"https:\/\/www.polizeichor-dresden.de\/wp-content\/gallery\/fruehjahrskonzert-2015\/thumbs\/thumbs_PCDD_Fruehjahrskonzert_2015__0014.jpg\"\n               data-image-id=\"195\"\n               data-title=\"PCDD_Fruehjahrskonzert_2015__0014.jpg\"\n               data-description=\"\"\n               data-image-slug=\"pcdd_fruehjahrskonzert_2015__0014-jpg-2\"\n               class='nggobasic-fancybox' rel='538'>\n                <img\n                    title=\"PCDD_Fruehjahrskonzert_2015__0014.jpg\"\n                    alt=\"PCDD_Fruehjahrskonzert_2015__0014.jpg\"\n                    src=\"https:\/\/www.polizeichor-dresden.de\/wp-content\/gallery\/fruehjahrskonzert-2015\/thumbs\/thumbs_PCDD_Fruehjahrskonzert_2015__0014.jpg\"\n                    width=\"150\"\n                    height=\"84\"\n                    style=\"max-width:100%;\"\n                \/>\n            <\/a>\n        <\/div>\n\t\t\t\t\t\t\t<\/div> \n\t\t\t\n                            \n\t\t\t\t<div id=\"ngg-image-15\" class=\"ngg-gallery-thumbnail-box\" >\n\t\t\t\t        <div class=\"ngg-gallery-thumbnail\">\n            <a href=\"https:\/\/www.polizeichor-dresden.de\/wp-content\/gallery\/fruehjahrskonzert-2015\/PCDD_Fruehjahrskonzert_2015__0015.jpg\"\n               title=\"\"\n               data-src=\"https:\/\/www.polizeichor-dresden.de\/wp-content\/gallery\/fruehjahrskonzert-2015\/PCDD_Fruehjahrskonzert_2015__0015.jpg\"\n               data-thumbnail=\"https:\/\/www.polizeichor-dresden.de\/wp-content\/gallery\/fruehjahrskonzert-2015\/thumbs\/thumbs_PCDD_Fruehjahrskonzert_2015__0015.jpg\"\n               data-image-id=\"196\"\n               data-title=\"PCDD_Fruehjahrskonzert_2015__0015.jpg\"\n               data-description=\"\"\n               data-image-slug=\"pcdd_fruehjahrskonzert_2015__0015-jpg-2\"\n               class='nggobasic-fancybox' rel='538'>\n                <img\n                    title=\"PCDD_Fruehjahrskonzert_2015__0015.jpg\"\n                    alt=\"PCDD_Fruehjahrskonzert_2015__0015.jpg\"\n                    src=\"https:\/\/www.polizeichor-dresden.de\/wp-content\/gallery\/fruehjahrskonzert-2015\/thumbs\/thumbs_PCDD_Fruehjahrskonzert_2015__0015.jpg\"\n                    width=\"150\"\n                    height=\"84\"\n                    style=\"max-width:100%;\"\n                \/>\n            <\/a>\n        <\/div>\n\t\t\t\t\t\t\t<\/div> \n\t\t\t\n                                    <br style=\"clear: both\" \/>\n                    \n\t\t\t\t<div id=\"ngg-image-16\" class=\"ngg-gallery-thumbnail-box\" >\n\t\t\t\t        <div class=\"ngg-gallery-thumbnail\">\n            <a href=\"https:\/\/www.polizeichor-dresden.de\/wp-content\/gallery\/fruehjahrskonzert-2015\/PCDD_Fruehjahrskonzert_2015__0016.jpg\"\n               title=\"\"\n               data-src=\"https:\/\/www.polizeichor-dresden.de\/wp-content\/gallery\/fruehjahrskonzert-2015\/PCDD_Fruehjahrskonzert_2015__0016.jpg\"\n               data-thumbnail=\"https:\/\/www.polizeichor-dresden.de\/wp-content\/gallery\/fruehjahrskonzert-2015\/thumbs\/thumbs_PCDD_Fruehjahrskonzert_2015__0016.jpg\"\n               data-image-id=\"197\"\n               data-title=\"PCDD_Fruehjahrskonzert_2015__0016.jpg\"\n               data-description=\"\"\n               data-image-slug=\"pcdd_fruehjahrskonzert_2015__0016-jpg-2\"\n               class='nggobasic-fancybox' rel='538'>\n                <img\n                    title=\"PCDD_Fruehjahrskonzert_2015__0016.jpg\"\n                    alt=\"PCDD_Fruehjahrskonzert_2015__0016.jpg\"\n                    src=\"https:\/\/www.polizeichor-dresden.de\/wp-content\/gallery\/fruehjahrskonzert-2015\/thumbs\/thumbs_PCDD_Fruehjahrskonzert_2015__0016.jpg\"\n                    width=\"150\"\n                    height=\"99\"\n                    style=\"max-width:100%;\"\n                \/>\n            <\/a>\n        <\/div>\n\t\t\t\t\t\t\t<\/div> \n\t\t\t\n                            \n\t\t\t\t<div id=\"ngg-image-17\" class=\"ngg-gallery-thumbnail-box\" >\n\t\t\t\t        <div class=\"ngg-gallery-thumbnail\">\n            <a href=\"https:\/\/www.polizeichor-dresden.de\/wp-content\/gallery\/fruehjahrskonzert-2015\/PCDD_Fruehjahrskonzert_2015__0017.jpg\"\n               title=\"\"\n               data-src=\"https:\/\/www.polizeichor-dresden.de\/wp-content\/gallery\/fruehjahrskonzert-2015\/PCDD_Fruehjahrskonzert_2015__0017.jpg\"\n               data-thumbnail=\"https:\/\/www.polizeichor-dresden.de\/wp-content\/gallery\/fruehjahrskonzert-2015\/thumbs\/thumbs_PCDD_Fruehjahrskonzert_2015__0017.jpg\"\n               data-image-id=\"198\"\n               data-title=\"PCDD_Fruehjahrskonzert_2015__0017.jpg\"\n               data-description=\"\"\n               data-image-slug=\"pcdd_fruehjahrskonzert_2015__0017-jpg-2\"\n               class='nggobasic-fancybox' rel='538'>\n                <img\n                    title=\"PCDD_Fruehjahrskonzert_2015__0017.jpg\"\n                    alt=\"PCDD_Fruehjahrskonzert_2015__0017.jpg\"\n                    src=\"https:\/\/www.polizeichor-dresden.de\/wp-content\/gallery\/fruehjahrskonzert-2015\/thumbs\/thumbs_PCDD_Fruehjahrskonzert_2015__0017.jpg\"\n                    width=\"150\"\n                    height=\"99\"\n                    style=\"max-width:100%;\"\n                \/>\n            <\/a>\n        <\/div>\n\t\t\t\t\t\t\t<\/div> \n\t\t\t\n                            \n\t\t\t\t<div id=\"ngg-image-18\" class=\"ngg-gallery-thumbnail-box\" >\n\t\t\t\t        <div class=\"ngg-gallery-thumbnail\">\n            <a href=\"https:\/\/www.polizeichor-dresden.de\/wp-content\/gallery\/fruehjahrskonzert-2015\/PCDD_Fruehjahrskonzert_2015__0018.jpg\"\n               title=\"\"\n               data-src=\"https:\/\/www.polizeichor-dresden.de\/wp-content\/gallery\/fruehjahrskonzert-2015\/PCDD_Fruehjahrskonzert_2015__0018.jpg\"\n               data-thumbnail=\"https:\/\/www.polizeichor-dresden.de\/wp-content\/gallery\/fruehjahrskonzert-2015\/thumbs\/thumbs_PCDD_Fruehjahrskonzert_2015__0018.jpg\"\n               data-image-id=\"199\"\n               data-title=\"PCDD_Fruehjahrskonzert_2015__0018.jpg\"\n               data-description=\"\"\n               data-image-slug=\"pcdd_fruehjahrskonzert_2015__0018-jpg-2\"\n               class='nggobasic-fancybox' rel='538'>\n                <img\n                    title=\"PCDD_Fruehjahrskonzert_2015__0018.jpg\"\n                    alt=\"PCDD_Fruehjahrskonzert_2015__0018.jpg\"\n                    src=\"https:\/\/www.polizeichor-dresden.de\/wp-content\/gallery\/fruehjahrskonzert-2015\/thumbs\/thumbs_PCDD_Fruehjahrskonzert_2015__0018.jpg\"\n                    width=\"150\"\n                    height=\"99\"\n                    style=\"max-width:100%;\"\n                \/>\n            <\/a>\n        <\/div>\n\t\t\t\t\t\t\t<\/div> \n\t\t\t\n                            \n\t\t\t\t<div id=\"ngg-image-19\" class=\"ngg-gallery-thumbnail-box\" >\n\t\t\t\t        <div class=\"ngg-gallery-thumbnail\">\n            <a href=\"https:\/\/www.polizeichor-dresden.de\/wp-content\/gallery\/fruehjahrskonzert-2015\/PCDD_Fruehjahrskonzert_2015__0019.jpg\"\n               title=\"\"\n               data-src=\"https:\/\/www.polizeichor-dresden.de\/wp-content\/gallery\/fruehjahrskonzert-2015\/PCDD_Fruehjahrskonzert_2015__0019.jpg\"\n               data-thumbnail=\"https:\/\/www.polizeichor-dresden.de\/wp-content\/gallery\/fruehjahrskonzert-2015\/thumbs\/thumbs_PCDD_Fruehjahrskonzert_2015__0019.jpg\"\n               data-image-id=\"200\"\n               data-title=\"PCDD_Fruehjahrskonzert_2015__0019.jpg\"\n               data-description=\"\"\n               data-image-slug=\"pcdd_fruehjahrskonzert_2015__0019-jpg-2\"\n               class='nggobasic-fancybox' rel='538'>\n                <img\n                    title=\"PCDD_Fruehjahrskonzert_2015__0019.jpg\"\n                    alt=\"PCDD_Fruehjahrskonzert_2015__0019.jpg\"\n                    src=\"https:\/\/www.polizeichor-dresden.de\/wp-content\/gallery\/fruehjahrskonzert-2015\/thumbs\/thumbs_PCDD_Fruehjahrskonzert_2015__0019.jpg\"\n                    width=\"150\"\n                    height=\"99\"\n                    style=\"max-width:100%;\"\n                \/>\n            <\/a>\n        <\/div>\n\t\t\t\t\t\t\t<\/div> \n\t\t\t\n                                    <br style=\"clear: both\" \/>\n                    \n\t\t\t\t<div id=\"ngg-image-20\" class=\"ngg-gallery-thumbnail-box\" >\n\t\t\t\t        <div class=\"ngg-gallery-thumbnail\">\n            <a href=\"https:\/\/www.polizeichor-dresden.de\/wp-content\/gallery\/fruehjahrskonzert-2015\/PCDD_Fruehjahrskonzert_2015__0020.jpg\"\n               title=\"\"\n               data-src=\"https:\/\/www.polizeichor-dresden.de\/wp-content\/gallery\/fruehjahrskonzert-2015\/PCDD_Fruehjahrskonzert_2015__0020.jpg\"\n               data-thumbnail=\"https:\/\/www.polizeichor-dresden.de\/wp-content\/gallery\/fruehjahrskonzert-2015\/thumbs\/thumbs_PCDD_Fruehjahrskonzert_2015__0020.jpg\"\n               data-image-id=\"201\"\n               data-title=\"PCDD_Fruehjahrskonzert_2015__0020.jpg\"\n               data-description=\"\"\n               data-image-slug=\"pcdd_fruehjahrskonzert_2015__0020-jpg-2\"\n               class='nggobasic-fancybox' rel='538'>\n                <img\n                    title=\"PCDD_Fruehjahrskonzert_2015__0020.jpg\"\n                    alt=\"PCDD_Fruehjahrskonzert_2015__0020.jpg\"\n                    src=\"https:\/\/www.polizeichor-dresden.de\/wp-content\/gallery\/fruehjahrskonzert-2015\/thumbs\/thumbs_PCDD_Fruehjahrskonzert_2015__0020.jpg\"\n                    width=\"99\"\n                    height=\"150\"\n                    style=\"max-width:100%;\"\n                \/>\n            <\/a>\n        <\/div>\n\t\t\t\t\t\t\t<\/div> \n\t\t\t\n                            \n\t\t\t\t<div id=\"ngg-image-21\" class=\"ngg-gallery-thumbnail-box\" >\n\t\t\t\t        <div class=\"ngg-gallery-thumbnail\">\n            <a href=\"https:\/\/www.polizeichor-dresden.de\/wp-content\/gallery\/fruehjahrskonzert-2015\/PCDD_Fruehjahrskonzert_2015__0021.jpg\"\n               title=\"\"\n               data-src=\"https:\/\/www.polizeichor-dresden.de\/wp-content\/gallery\/fruehjahrskonzert-2015\/PCDD_Fruehjahrskonzert_2015__0021.jpg\"\n               data-thumbnail=\"https:\/\/www.polizeichor-dresden.de\/wp-content\/gallery\/fruehjahrskonzert-2015\/thumbs\/thumbs_PCDD_Fruehjahrskonzert_2015__0021.jpg\"\n               data-image-id=\"202\"\n               data-title=\"PCDD_Fruehjahrskonzert_2015__0021.jpg\"\n               data-description=\"\"\n               data-image-slug=\"pcdd_fruehjahrskonzert_2015__0021-jpg-2\"\n               class='nggobasic-fancybox' rel='538'>\n                <img\n                    title=\"PCDD_Fruehjahrskonzert_2015__0021.jpg\"\n                    alt=\"PCDD_Fruehjahrskonzert_2015__0021.jpg\"\n                    src=\"https:\/\/www.polizeichor-dresden.de\/wp-content\/gallery\/fruehjahrskonzert-2015\/thumbs\/thumbs_PCDD_Fruehjahrskonzert_2015__0021.jpg\"\n                    width=\"150\"\n                    height=\"99\"\n                    style=\"max-width:100%;\"\n                \/>\n            <\/a>\n        <\/div>\n\t\t\t\t\t\t\t<\/div> \n\t\t\t\n                            \n\t\t\t\t<div id=\"ngg-image-22\" class=\"ngg-gallery-thumbnail-box\" >\n\t\t\t\t        <div class=\"ngg-gallery-thumbnail\">\n            <a href=\"https:\/\/www.polizeichor-dresden.de\/wp-content\/gallery\/fruehjahrskonzert-2015\/PCDD_Fruehjahrskonzert_2015__0022.jpg\"\n               title=\"\"\n               data-src=\"https:\/\/www.polizeichor-dresden.de\/wp-content\/gallery\/fruehjahrskonzert-2015\/PCDD_Fruehjahrskonzert_2015__0022.jpg\"\n               data-thumbnail=\"https:\/\/www.polizeichor-dresden.de\/wp-content\/gallery\/fruehjahrskonzert-2015\/thumbs\/thumbs_PCDD_Fruehjahrskonzert_2015__0022.jpg\"\n               data-image-id=\"203\"\n               data-title=\"PCDD_Fruehjahrskonzert_2015__0022.jpg\"\n               data-description=\"\"\n               data-image-slug=\"pcdd_fruehjahrskonzert_2015__0022-jpg\"\n               class='nggobasic-fancybox' rel='538'>\n                <img\n                    title=\"PCDD_Fruehjahrskonzert_2015__0022.jpg\"\n                    alt=\"PCDD_Fruehjahrskonzert_2015__0022.jpg\"\n                    src=\"https:\/\/www.polizeichor-dresden.de\/wp-content\/gallery\/fruehjahrskonzert-2015\/thumbs\/thumbs_PCDD_Fruehjahrskonzert_2015__0022.jpg\"\n                    width=\"150\"\n                    height=\"99\"\n                    style=\"max-width:100%;\"\n                \/>\n            <\/a>\n        <\/div>\n\t\t\t\t\t\t\t<\/div> \n\t\t\t\n                            \n\t\t\n\t\t<!-- Pagination -->\n\t<div class='ngg-clear'><\/div>\t<\/div>\n<\/p>\n<p>(Fotos: Christin Fetter\/ Rita Wiedemann)<\/p>\n","protected":false},"excerpt":{"rendered":"<p>Ganz richtig passte der Text des Er\u00f6ffnungstitels des Fr\u00fchlingskonzertes des Polizeichores Dresden zwar nicht, denn der Schnee war schon lange geschmolzen und bis zum Mai fehlten noch 11 Tage, aber er bot dem Publikum tats\u00e4chlich etwas Neues: Aus drei Richtungen betraten die S\u00e4ngerinnen und S\u00e4nger nach der temperamentvollen Einleitung des Konzertes durch die Dixielandformation des [&hellip;]<\/p>\n","protected":false},"author":1,"featured_media":0,"comment_status":"open","ping_status":"open","sticky":false,"template":"","format":"standard","meta":{"ngg_post_thumbnail":0,"jetpack_post_was_ever_published":false,"jetpack_publicize_message":"","jetpack_is_tweetstorm":false,"jetpack_publicize_feature_enabled":true,"jetpack_social_post_already_shared":true,"jetpack_social_options":{"image_generator_settings":{"template":"highway","enabled":false}}},"categories":[3],"tags":[38,30,6,39],"jetpack_publicize_connections":[],"aioseo_notices":[],"jetpack_featured_media_url":"","jetpack_shortlink":"https:\/\/wp.me\/p32b0X-8t","jetpack_sharing_enabled":true,"_links":{"self":[{"href":"https:\/\/www.polizeichor-dresden.de\/index.php?rest_route=\/wp\/v2\/posts\/525"}],"collection":[{"href":"https:\/\/www.polizeichor-dresden.de\/index.php?rest_route=\/wp\/v2\/posts"}],"about":[{"href":"https:\/\/www.polizeichor-dresden.de\/index.php?rest_route=\/wp\/v2\/types\/post"}],"author":[{"embeddable":true,"href":"https:\/\/www.polizeichor-dresden.de\/index.php?rest_route=\/wp\/v2\/users\/1"}],"replies":[{"embeddable":true,"href":"https:\/\/www.polizeichor-dresden.de\/index.php?rest_route=%2Fwp%2Fv2%2Fcomments&post=525"}],"version-history":[{"count":11,"href":"https:\/\/www.polizeichor-dresden.de\/index.php?rest_route=\/wp\/v2\/posts\/525\/revisions"}],"predecessor-version":[{"id":542,"href":"https:\/\/www.polizeichor-dresden.de\/index.php?rest_route=\/wp\/v2\/posts\/525\/revisions\/542"}],"wp:attachment":[{"href":"https:\/\/www.polizeichor-dresden.de\/index.php?rest_route=%2Fwp%2Fv2%2Fmedia&parent=525"}],"wp:term":[{"taxonomy":"category","embeddable":true,"href":"https:\/\/www.polizeichor-dresden.de\/index.php?rest_route=%2Fwp%2Fv2%2Fcategories&post=525"},{"taxonomy":"post_tag","embeddable":true,"href":"https:\/\/www.polizeichor-dresden.de\/index.php?rest_route=%2Fwp%2Fv2%2Ftags&post=525"}],"curies":[{"name":"wp","href":"https:\/\/api.w.org\/{rel}","templated":true}]}}