{"id":450,"date":"2015-04-06T21:52:17","date_gmt":"2015-04-06T19:52:17","guid":{"rendered":"http:\/\/www.polizeichor-dresden.de\/?p=450"},"modified":"2015-04-15T21:42:25","modified_gmt":"2015-04-15T19:42:25","slug":"konzertvorschau","status":"publish","type":"post","link":"https:\/\/www.polizeichor-dresden.de\/?p=450","title":{"rendered":"Konzertvorschau"},"content":{"rendered":"<p>Unser Weihnachtskonzert ist schon wieder seit drei Monaten vorbei, aber wir waren in dieser Zeit nicht unt\u00e4tig.<\/p>\n<p>Als erstes haben wir f\u00fcr unsere gesch\u00e4tzte zweite Chorleiterin Elena Beer einen netten und kompetenten \u201eErsatz\u201c gefunden. Seit einiger Zeit unterst\u00fctzt uns in der Probenarbeit und Stimmbildung Maja Seidel. Sie werden sie zu unserem Fr\u00fchjahrskonzert am 19. April 2015 selbst kennenlernen k\u00f6nnen.<\/p>\n<p>Als zweites haben wir uns nat\u00fcrlich in die Probenarbeit gest\u00fcrzt, um Ihnen ein anspruchsvolles und abwechslungsreiches Programm bieten zu k\u00f6nnen. Der Polizeichor Dresden wird f\u00fcr Sie mit einem Lied von Felix Mendelssohn Bartholdy den Fr\u00fchling herbei singen und einen extra f\u00fcr den Polizeichor Dresden arrangierten Chorsatz von Holger Miersch \u201eOSTROCK-Medley\u201c pr\u00e4sentieren.<\/p>\n<p>Es werden uns, wie in den letzten Jahren, die Dixielandformation des Polizeiorchesters Sachsen, Kathy Leen und Holger Miersch begleiten. Erstmalig begr\u00fc\u00dfen wir bei uns im sch\u00f6nen Dresden den Frauenchor der M\u00fcnchner Polizei. Sie werden uns mit klassischer Literatur im ersten Konzertteil erfreuen, aber auch mit einem Bayrischen Dreigesang aus ihrer Heimat. Im zweiten Teil bringt der Chor moderne Lieder, z. B. &#8222;Tage wie diese&#8220;, zu Geh\u00f6r.<\/p>\n<p>Wir, der Polizeichor Dresden, sind schon voller Vorfreude und hoffen, auch Sie ein bisschen neugierig gemacht zu haben.<\/p>\n<p>Ihre S\u00e4ngerinnen und S\u00e4nger des Polizeichores Dresden<\/p>\n","protected":false},"excerpt":{"rendered":"<p>Unser Weihnachtskonzert ist schon wieder seit drei Monaten vorbei, aber wir waren in dieser Zeit nicht unt\u00e4tig. Als erstes haben wir f\u00fcr unsere gesch\u00e4tzte zweite Chorleiterin Elena Beer einen netten und kompetenten \u201eErsatz\u201c gefunden. Seit einiger Zeit unterst\u00fctzt uns in der Probenarbeit und Stimmbildung Maja Seidel. Sie werden sie zu unserem Fr\u00fchjahrskonzert am 19. April [&hellip;]<\/p>\n","protected":false},"author":1,"featured_media":0,"comment_status":"open","ping_status":"open","sticky":false,"template":"","format":"standard","meta":{"ngg_post_thumbnail":0,"jetpack_post_was_ever_published":false,"jetpack_publicize_message":"","jetpack_is_tweetstorm":false,"jetpack_publicize_feature_enabled":true,"jetpack_social_post_already_shared":true,"jetpack_social_options":{"image_generator_settings":{"template":"highway","enabled":false}}},"categories":[1,9],"tags":[],"jetpack_publicize_connections":[],"aioseo_notices":[],"jetpack_featured_media_url":"","jetpack_shortlink":"https:\/\/wp.me\/p32b0X-7g","jetpack_sharing_enabled":true,"_links":{"self":[{"href":"https:\/\/www.polizeichor-dresden.de\/index.php?rest_route=\/wp\/v2\/posts\/450"}],"collection":[{"href":"https:\/\/www.polizeichor-dresden.de\/index.php?rest_route=\/wp\/v2\/posts"}],"about":[{"href":"https:\/\/www.polizeichor-dresden.de\/index.php?rest_route=\/wp\/v2\/types\/post"}],"author":[{"embeddable":true,"href":"https:\/\/www.polizeichor-dresden.de\/index.php?rest_route=\/wp\/v2\/users\/1"}],"replies":[{"embeddable":true,"href":"https:\/\/www.polizeichor-dresden.de\/index.php?rest_route=%2Fwp%2Fv2%2Fcomments&post=450"}],"version-history":[{"count":3,"href":"https:\/\/www.polizeichor-dresden.de\/index.php?rest_route=\/wp\/v2\/posts\/450\/revisions"}],"predecessor-version":[{"id":464,"href":"https:\/\/www.polizeichor-dresden.de\/index.php?rest_route=\/wp\/v2\/posts\/450\/revisions\/464"}],"wp:attachment":[{"href":"https:\/\/www.polizeichor-dresden.de\/index.php?rest_route=%2Fwp%2Fv2%2Fmedia&parent=450"}],"wp:term":[{"taxonomy":"category","embeddable":true,"href":"https:\/\/www.polizeichor-dresden.de\/index.php?rest_route=%2Fwp%2Fv2%2Fcategories&post=450"},{"taxonomy":"post_tag","embeddable":true,"href":"https:\/\/www.polizeichor-dresden.de\/index.php?rest_route=%2Fwp%2Fv2%2Ftags&post=450"}],"curies":[{"name":"wp","href":"https:\/\/api.w.org\/{rel}","templated":true}]}}