{"id":353,"date":"2014-04-27T22:00:28","date_gmt":"2014-04-27T20:00:28","guid":{"rendered":"http:\/\/www.polizeichor-dresden.de\/?p=353"},"modified":"2014-05-04T22:01:39","modified_gmt":"2014-05-04T20:01:39","slug":"das-16-fruehjahrskonzert-des-polizeichores-dresden","status":"publish","type":"post","link":"https:\/\/www.polizeichor-dresden.de\/?p=353","title":{"rendered":"Das 16. Fr\u00fchjahrskonzert des Polizeichores Dresden"},"content":{"rendered":"<p><a href=\"https:\/\/i0.wp.com\/www.polizeichor-dresden.de\/wp-content\/uploads\/2014\/05\/FK2014_02.jpg\" rel=\"lightbox[353]\"><img data-attachment-id=\"351\" data-permalink=\"https:\/\/www.polizeichor-dresden.de\/?attachment_id=351\" data-orig-file=\"https:\/\/i0.wp.com\/www.polizeichor-dresden.de\/wp-content\/uploads\/2014\/05\/FK2014_02.jpg?fit=1000%2C667&amp;ssl=1\" data-orig-size=\"1000,667\" data-comments-opened=\"1\" data-image-meta=\"{&quot;aperture&quot;:&quot;6.3&quot;,&quot;credit&quot;:&quot;emann&quot;,&quot;camera&quot;:&quot;Canon EOS 400D DIGITAL&quot;,&quot;caption&quot;:&quot;&quot;,&quot;created_timestamp&quot;:&quot;1397403567&quot;,&quot;copyright&quot;:&quot;&quot;,&quot;focal_length&quot;:&quot;53&quot;,&quot;iso&quot;:&quot;1600&quot;,&quot;shutter_speed&quot;:&quot;0.033333333333333&quot;,&quot;title&quot;:&quot;&quot;}\" data-image-title=\"FK2014_02\" data-image-description=\"\" data-image-caption=\"\" data-medium-file=\"https:\/\/i0.wp.com\/www.polizeichor-dresden.de\/wp-content\/uploads\/2014\/05\/FK2014_02.jpg?fit=300%2C200&amp;ssl=1\" data-large-file=\"https:\/\/i0.wp.com\/www.polizeichor-dresden.de\/wp-content\/uploads\/2014\/05\/FK2014_02.jpg?fit=1000%2C667&amp;ssl=1\" decoding=\"async\" loading=\"lazy\" class=\"alignleft size-medium wp-image-351\" src=\"https:\/\/i0.wp.com\/www.polizeichor-dresden.de\/wp-content\/uploads\/2014\/05\/FK2014_02-300x200.jpg?resize=300%2C200\" alt=\"FK2014_02\" width=\"300\" height=\"200\" srcset=\"https:\/\/i0.wp.com\/www.polizeichor-dresden.de\/wp-content\/uploads\/2014\/05\/FK2014_02.jpg?resize=300%2C200&amp;ssl=1 300w, https:\/\/i0.wp.com\/www.polizeichor-dresden.de\/wp-content\/uploads\/2014\/05\/FK2014_02.jpg?w=1000&amp;ssl=1 1000w\" sizes=\"(max-width: 300px) 100vw, 300px\" data-recalc-dims=\"1\" \/><\/a>Obwohl der vergangene Winter die von ihm erwarteten Wetterbedingungen weitgehend schuldig geblieben ist, wurde der Fr\u00fchling wieder von Jung und Alt sehnlich erwartet. Dazu geh\u00f6rte nat\u00fcrlich, wie es schon seit 1997 bei uns Tradition ist, diesen auch musikalisch zu begr\u00fc\u00dfen. Wir hatten uns wegen der guten Erfahrungen des Vorjahres erneut f\u00fcr den Ballsaal \u201eLindengarten\u201c des Quality Hotels Plaza entschieden.<\/p>\n<p>Da im Fr\u00fchling nicht nur die Blumen sprie\u00dfen, mit ihnen auch neue Lebensfreude erbl\u00fcht und\u00a0 auch die Liebe viele Knospen treibt, hatten sich die Mitwirkenden an diesem Fr\u00fchlingskonzert auf genau solche Literatur gut vorbereitet. Das Konjzert war seit 8 Wochen restlos ausverkauft und es musste noch eine ganze Menge Zusatzst\u00fchle herangeschafft werden, damit den Tagesg\u00e4sten auch noch Eintritt gew\u00e4hrt werden konnte. <!--more--><\/p>\n<p>Nachdem der langj\u00e4hrige musikalische Partner unseres Chores, die Dixielandformation des Polizeiorchesters Sachsen unter der Leitung von Thomas Quandt, das Konzert mit \u201eWenn der wei\u00dfe Flieder wieder bl\u00fcht\u201c, er\u00f6ffnet hatte, wurden die G\u00e4ste von unserer Moderatorin Kathy Leen begr\u00fc\u00dft. Danach sang der Polizeichor a capella von \u201e(an) hellen Tagen\u201c, von \u201eFeinslieb\u201c, die uns \u201eg\u00b4fangen\u201c hat, von der \u201efr\u00fchlingsbunten Heid\u00b4\u201c, von \u201eTanzen und springen\u201c sowie dem Klingen lassen von \u201eInstrument und Lauten\u201c. Kathy Leen, nicht nur als Moderatorin, sondern auch als S\u00e4ngerin mit Holger Miersch am E-Piano wiederum gern gesehen und geh\u00f6rt, sang zum Thema passende:\u00a0 \u201eImmer, wenn ich gl\u00fccklich bin\u201c. Danach stellten sich der Frauenchor, der M\u00e4nnerchor und die Musici des Polizeichores und nochmals die Dixielandformation vor. Letztere begleitete danach den Polizeichor bei dem Medley \u201eMit Gesang und guter Laune\u201c. Die Einladung zum Mitsingen der bekannten Volks-, Wander- und Liebeslieder wurde von vielen Besuchern wahrgenommen.<\/p>\n<p>Die Beitr\u00e4ge aller bisher Mitwirkenden waren mit viel Beifall belohnt worden. Das traf in gleichem Ma\u00dfe auf den nun folgenden Vortrag des von unserer Vizechorleiterin Elena Beer geleiteten \u201evocalis ensemble dresden\u201c zu, das erstmals, aber bestimmt nicht zum letzten Mal an unserem Konzert teilnahm. Die ausschlie\u00dflich aus jungen S\u00e4ngerinnen und S\u00e4ngern bestehende Gruppe, fast alle sind Absolventen der Hochschule f\u00fcr Musik bzw. entstammen dem Kreuzchor, eroberte das Publikum auf Anhieb. Besonderen Anklang fanden ihre Variationen zur \u201elaunigen Forelle\u201c nach\u00a0 Franz Schubert.<\/p>\n<p>Auch nach der Pause fanden sich Fr\u00fchlingsblumen, Lust und Liebe wieder in den \u201eTulpen aus Amsterdam\u201c (Dixielandformation) sowie \u201eMy way\u201c, wobei der Solotrompeter Stephan Riehn Sonderbeifall erhielt. Die Musici lie\u00dfen danach &#8222;&#8230; die kleinen Veilchen bl\u00fchen\u201c. Mit lustigen und auch romantischen Titeln setzte das \u201evocalis ensemble dresden\u201c das Programm fort.<\/p>\n<p>Besonders gefiel der \u201eAbschied vom Walde\u201c in klassischer sowie moderner Fassung.<\/p>\n<p>Ihm folgte schlie\u00dflich der M\u00e4nnerchor des PC Dresden mit zwei modernen Titeln..Bei &#8222;Ich war noch niemals in New York&#8220; klatschte das Publikum begeistert im Takt mit und bei &#8222;Always look on the bright side of life, bewiesen sie dann, dass jedes Missgeschick auch eine gute Seite hat. Viel Spa\u00df vermittelte Kathy Leen mit der \u201eKi-Ka-K\u00f6nigin\u201c und dem Lach-Fox und erhielt nat\u00fcrlich entsprechenden Beifall. Mit einem von Holger Miersch f\u00fcr unseren Chor und die Dixielandformation bearbeiteten ABBA-Medley konnte dann unser Chorleiter Torsten Petzold noch einmal Chor und Orchester gemeinsam f\u00fchren und alle wurden st\u00fcrmisch gefeiert.<\/p>\n<p>Die Musiker, S\u00e4ngerinnen und S\u00e4nger verabschiedeten sich gemeinsam mit \u201eThank you for the music\u201c vom Publikum, das sich mit viel Beifall f\u00fcr das gute und abwechslungsreiche Programm bedankte. Die Dirigenten und Solisten erhielten f\u00fcr ihre Leistungen noch einen echten Fr\u00fchlingsstrau\u00df.<\/p>\n<p>Nicht unerw\u00e4hnt soll bleiben, dass unsere 2. Chorleiterin Elena Beer zus\u00e4tzlich f\u00fcr ihren bravour\u00f6sen Studienabschluss an der Hochschule f\u00fcr Musik \u201eCarl-Maria von Weber\u201c im Fach Chor- und Orchesterleitung (Staatsexamen mit Note 1,3) eine Auszeichnung und W\u00fcrdigung aller S\u00e4ngerinnen und S\u00e4nger erfuhr.<\/p>\n<p>Jochen Strobel<\/p>\n\n\t\t<style type=\"text\/css\">\n\t\t\t#gallery-1 {\n\t\t\t\tmargin: auto;\n\t\t\t}\n\t\t\t#gallery-1 .gallery-item {\n\t\t\t\tfloat: left;\n\t\t\t\tmargin-top: 10px;\n\t\t\t\ttext-align: center;\n\t\t\t\twidth: 33%;\n\t\t\t}\n\t\t\t#gallery-1 img {\n\t\t\t\tborder: 2px solid #cfcfcf;\n\t\t\t}\n\t\t\t#gallery-1 .gallery-caption {\n\t\t\t\tmargin-left: 0;\n\t\t\t}\n\t\t\t\/* see gallery_shortcode() in wp-includes\/media.php *\/\n\t\t<\/style>\n\t\t<div data-carousel-extra='{\"blog_id\":1,\"permalink\":\"https:\\\/\\\/www.polizeichor-dresden.de\\\/?p=353\"}' id='gallery-1' class='gallery galleryid-353 gallery-columns-3 gallery-size-thumbnail'><dl class='gallery-item'>\n\t\t\t<dt class='gallery-icon landscape'>\n\t\t\t\t<a href='https:\/\/www.polizeichor-dresden.de\/?attachment_id=352'><img width=\"150\" height=\"150\" src=\"https:\/\/i0.wp.com\/www.polizeichor-dresden.de\/wp-content\/uploads\/2014\/05\/FK2014_03.jpg?resize=150%2C150&amp;ssl=1\" class=\"attachment-thumbnail size-thumbnail\" alt=\"\" decoding=\"async\" loading=\"lazy\" srcset=\"https:\/\/i0.wp.com\/www.polizeichor-dresden.de\/wp-content\/uploads\/2014\/05\/FK2014_03.jpg?resize=150%2C150&amp;ssl=1 150w, https:\/\/i0.wp.com\/www.polizeichor-dresden.de\/wp-content\/uploads\/2014\/05\/FK2014_03.jpg?zoom=2&amp;resize=150%2C150&amp;ssl=1 300w, https:\/\/i0.wp.com\/www.polizeichor-dresden.de\/wp-content\/uploads\/2014\/05\/FK2014_03.jpg?zoom=3&amp;resize=150%2C150&amp;ssl=1 450w\" sizes=\"(max-width: 150px) 100vw, 150px\" data-attachment-id=\"352\" data-permalink=\"https:\/\/www.polizeichor-dresden.de\/?attachment_id=352\" data-orig-file=\"https:\/\/i0.wp.com\/www.polizeichor-dresden.de\/wp-content\/uploads\/2014\/05\/FK2014_03.jpg?fit=1000%2C667&amp;ssl=1\" data-orig-size=\"1000,667\" data-comments-opened=\"1\" data-image-meta=\"{&quot;aperture&quot;:&quot;7.1&quot;,&quot;credit&quot;:&quot;emann&quot;,&quot;camera&quot;:&quot;Canon EOS 400D DIGITAL&quot;,&quot;caption&quot;:&quot;&quot;,&quot;created_timestamp&quot;:&quot;1397403876&quot;,&quot;copyright&quot;:&quot;&quot;,&quot;focal_length&quot;:&quot;55&quot;,&quot;iso&quot;:&quot;1600&quot;,&quot;shutter_speed&quot;:&quot;0.033333333333333&quot;,&quot;title&quot;:&quot;&quot;}\" data-image-title=\"FK2014_03\" data-image-description=\"\" data-image-caption=\"\" data-medium-file=\"https:\/\/i0.wp.com\/www.polizeichor-dresden.de\/wp-content\/uploads\/2014\/05\/FK2014_03.jpg?fit=300%2C200&amp;ssl=1\" data-large-file=\"https:\/\/i0.wp.com\/www.polizeichor-dresden.de\/wp-content\/uploads\/2014\/05\/FK2014_03.jpg?fit=1000%2C667&amp;ssl=1\" \/><\/a>\n\t\t\t<\/dt><\/dl><dl class='gallery-item'>\n\t\t\t<dt class='gallery-icon landscape'>\n\t\t\t\t<a href='https:\/\/www.polizeichor-dresden.de\/?attachment_id=351'><img width=\"150\" height=\"150\" src=\"https:\/\/i0.wp.com\/www.polizeichor-dresden.de\/wp-content\/uploads\/2014\/05\/FK2014_02.jpg?resize=150%2C150&amp;ssl=1\" class=\"attachment-thumbnail size-thumbnail\" alt=\"\" decoding=\"async\" loading=\"lazy\" srcset=\"https:\/\/i0.wp.com\/www.polizeichor-dresden.de\/wp-content\/uploads\/2014\/05\/FK2014_02.jpg?resize=150%2C150&amp;ssl=1 150w, https:\/\/i0.wp.com\/www.polizeichor-dresden.de\/wp-content\/uploads\/2014\/05\/FK2014_02.jpg?zoom=2&amp;resize=150%2C150&amp;ssl=1 300w, https:\/\/i0.wp.com\/www.polizeichor-dresden.de\/wp-content\/uploads\/2014\/05\/FK2014_02.jpg?zoom=3&amp;resize=150%2C150&amp;ssl=1 450w\" sizes=\"(max-width: 150px) 100vw, 150px\" data-attachment-id=\"351\" data-permalink=\"https:\/\/www.polizeichor-dresden.de\/?attachment_id=351\" data-orig-file=\"https:\/\/i0.wp.com\/www.polizeichor-dresden.de\/wp-content\/uploads\/2014\/05\/FK2014_02.jpg?fit=1000%2C667&amp;ssl=1\" data-orig-size=\"1000,667\" data-comments-opened=\"1\" data-image-meta=\"{&quot;aperture&quot;:&quot;6.3&quot;,&quot;credit&quot;:&quot;emann&quot;,&quot;camera&quot;:&quot;Canon EOS 400D DIGITAL&quot;,&quot;caption&quot;:&quot;&quot;,&quot;created_timestamp&quot;:&quot;1397403567&quot;,&quot;copyright&quot;:&quot;&quot;,&quot;focal_length&quot;:&quot;53&quot;,&quot;iso&quot;:&quot;1600&quot;,&quot;shutter_speed&quot;:&quot;0.033333333333333&quot;,&quot;title&quot;:&quot;&quot;}\" data-image-title=\"FK2014_02\" data-image-description=\"\" data-image-caption=\"\" data-medium-file=\"https:\/\/i0.wp.com\/www.polizeichor-dresden.de\/wp-content\/uploads\/2014\/05\/FK2014_02.jpg?fit=300%2C200&amp;ssl=1\" data-large-file=\"https:\/\/i0.wp.com\/www.polizeichor-dresden.de\/wp-content\/uploads\/2014\/05\/FK2014_02.jpg?fit=1000%2C667&amp;ssl=1\" \/><\/a>\n\t\t\t<\/dt><\/dl><dl class='gallery-item'>\n\t\t\t<dt class='gallery-icon landscape'>\n\t\t\t\t<a href='https:\/\/www.polizeichor-dresden.de\/?attachment_id=350'><img width=\"150\" height=\"150\" src=\"https:\/\/i0.wp.com\/www.polizeichor-dresden.de\/wp-content\/uploads\/2014\/05\/FK2014_01.jpg?resize=150%2C150&amp;ssl=1\" class=\"attachment-thumbnail size-thumbnail\" alt=\"\" decoding=\"async\" loading=\"lazy\" srcset=\"https:\/\/i0.wp.com\/www.polizeichor-dresden.de\/wp-content\/uploads\/2014\/05\/FK2014_01.jpg?resize=150%2C150&amp;ssl=1 150w, https:\/\/i0.wp.com\/www.polizeichor-dresden.de\/wp-content\/uploads\/2014\/05\/FK2014_01.jpg?zoom=2&amp;resize=150%2C150&amp;ssl=1 300w, https:\/\/i0.wp.com\/www.polizeichor-dresden.de\/wp-content\/uploads\/2014\/05\/FK2014_01.jpg?zoom=3&amp;resize=150%2C150&amp;ssl=1 450w\" sizes=\"(max-width: 150px) 100vw, 150px\" data-attachment-id=\"350\" data-permalink=\"https:\/\/www.polizeichor-dresden.de\/?attachment_id=350\" data-orig-file=\"https:\/\/i0.wp.com\/www.polizeichor-dresden.de\/wp-content\/uploads\/2014\/05\/FK2014_01.jpg?fit=1000%2C667&amp;ssl=1\" data-orig-size=\"1000,667\" data-comments-opened=\"1\" data-image-meta=\"{&quot;aperture&quot;:&quot;5.6&quot;,&quot;credit&quot;:&quot;emann&quot;,&quot;camera&quot;:&quot;Canon EOS 400D DIGITAL&quot;,&quot;caption&quot;:&quot;&quot;,&quot;created_timestamp&quot;:&quot;1397409582&quot;,&quot;copyright&quot;:&quot;&quot;,&quot;focal_length&quot;:&quot;55&quot;,&quot;iso&quot;:&quot;1600&quot;,&quot;shutter_speed&quot;:&quot;0.033333333333333&quot;,&quot;title&quot;:&quot;&quot;}\" data-image-title=\"Fr\u00fchjahrskonzert 2014\" data-image-description=\"\" data-image-caption=\"\" data-medium-file=\"https:\/\/i0.wp.com\/www.polizeichor-dresden.de\/wp-content\/uploads\/2014\/05\/FK2014_01.jpg?fit=300%2C200&amp;ssl=1\" data-large-file=\"https:\/\/i0.wp.com\/www.polizeichor-dresden.de\/wp-content\/uploads\/2014\/05\/FK2014_01.jpg?fit=1000%2C667&amp;ssl=1\" \/><\/a>\n\t\t\t<\/dt><\/dl><br style=\"clear: both\" \/>\n\t\t<\/div>\n\n","protected":false},"excerpt":{"rendered":"<p>Obwohl der vergangene Winter die von ihm erwarteten Wetterbedingungen weitgehend schuldig geblieben ist, wurde der Fr\u00fchling wieder von Jung und Alt sehnlich erwartet. Dazu geh\u00f6rte nat\u00fcrlich, wie es schon seit 1997 bei uns Tradition ist, diesen auch musikalisch zu begr\u00fc\u00dfen. Wir hatten uns wegen der guten Erfahrungen des Vorjahres erneut f\u00fcr den Ballsaal \u201eLindengarten\u201c des [&hellip;]<\/p>\n","protected":false},"author":2,"featured_media":0,"comment_status":"open","ping_status":"open","sticky":false,"template":"","format":"standard","meta":{"ngg_post_thumbnail":0,"jetpack_post_was_ever_published":false,"jetpack_publicize_message":"","jetpack_is_tweetstorm":false,"jetpack_publicize_feature_enabled":true,"jetpack_social_post_already_shared":false,"jetpack_social_options":{"image_generator_settings":{"template":"highway","enabled":false}}},"categories":[3],"tags":[38,18,20,39],"jetpack_publicize_connections":[],"aioseo_notices":[],"jetpack_featured_media_url":"","jetpack_shortlink":"https:\/\/wp.me\/p32b0X-5H","jetpack_sharing_enabled":true,"_links":{"self":[{"href":"https:\/\/www.polizeichor-dresden.de\/index.php?rest_route=\/wp\/v2\/posts\/353"}],"collection":[{"href":"https:\/\/www.polizeichor-dresden.de\/index.php?rest_route=\/wp\/v2\/posts"}],"about":[{"href":"https:\/\/www.polizeichor-dresden.de\/index.php?rest_route=\/wp\/v2\/types\/post"}],"author":[{"embeddable":true,"href":"https:\/\/www.polizeichor-dresden.de\/index.php?rest_route=\/wp\/v2\/users\/2"}],"replies":[{"embeddable":true,"href":"https:\/\/www.polizeichor-dresden.de\/index.php?rest_route=%2Fwp%2Fv2%2Fcomments&post=353"}],"version-history":[{"count":2,"href":"https:\/\/www.polizeichor-dresden.de\/index.php?rest_route=\/wp\/v2\/posts\/353\/revisions"}],"predecessor-version":[{"id":355,"href":"https:\/\/www.polizeichor-dresden.de\/index.php?rest_route=\/wp\/v2\/posts\/353\/revisions\/355"}],"wp:attachment":[{"href":"https:\/\/www.polizeichor-dresden.de\/index.php?rest_route=%2Fwp%2Fv2%2Fmedia&parent=353"}],"wp:term":[{"taxonomy":"category","embeddable":true,"href":"https:\/\/www.polizeichor-dresden.de\/index.php?rest_route=%2Fwp%2Fv2%2Fcategories&post=353"},{"taxonomy":"post_tag","embeddable":true,"href":"https:\/\/www.polizeichor-dresden.de\/index.php?rest_route=%2Fwp%2Fv2%2Ftags&post=353"}],"curies":[{"name":"wp","href":"https:\/\/api.w.org\/{rel}","templated":true}]}}