{"id":3201,"date":"2025-01-15T11:22:20","date_gmt":"2025-01-15T09:22:20","guid":{"rendered":"https:\/\/www.polizeichor-dresden.de\/?p=3201"},"modified":"2025-01-15T11:24:08","modified_gmt":"2025-01-15T09:24:08","slug":"ein-festlicher-erfolg","status":"publish","type":"post","link":"https:\/\/www.polizeichor-dresden.de\/?p=3201","title":{"rendered":"Ein festlicher Erfolg"},"content":{"rendered":"\n<div class=\"wp-block-media-text alignwide is-stacked-on-mobile\"><figure class=\"wp-block-media-text__media\"><img data-attachment-id=\"3202\" data-permalink=\"https:\/\/www.polizeichor-dresden.de\/?attachment_id=3202\" data-orig-file=\"https:\/\/i0.wp.com\/www.polizeichor-dresden.de\/wp-content\/uploads\/2025\/01\/PCDD-WK2024_-5252.jpg?fit=800%2C534&amp;ssl=1\" data-orig-size=\"800,534\" data-comments-opened=\"1\" data-image-meta=\"{&quot;aperture&quot;:&quot;0&quot;,&quot;credit&quot;:&quot;Jan Wiedemann&quot;,&quot;camera&quot;:&quot;&quot;,&quot;caption&quot;:&quot;&quot;,&quot;created_timestamp&quot;:&quot;0&quot;,&quot;copyright&quot;:&quot;Jan Wiedemann&quot;,&quot;focal_length&quot;:&quot;0&quot;,&quot;iso&quot;:&quot;0&quot;,&quot;shutter_speed&quot;:&quot;0&quot;,&quot;title&quot;:&quot;&quot;,&quot;orientation&quot;:&quot;1&quot;}\" data-image-title=\"PCDD-WK2024_-5252\" data-image-description=\"\" data-image-caption=\"\" data-medium-file=\"https:\/\/i0.wp.com\/www.polizeichor-dresden.de\/wp-content\/uploads\/2025\/01\/PCDD-WK2024_-5252.jpg?fit=300%2C200&amp;ssl=1\" data-large-file=\"https:\/\/i0.wp.com\/www.polizeichor-dresden.de\/wp-content\/uploads\/2025\/01\/PCDD-WK2024_-5252.jpg?fit=800%2C534&amp;ssl=1\" decoding=\"async\" loading=\"lazy\" width=\"800\" height=\"534\" src=\"https:\/\/i0.wp.com\/www.polizeichor-dresden.de\/wp-content\/uploads\/2025\/01\/PCDD-WK2024_-5252.jpg?resize=800%2C534&#038;ssl=1\" alt=\"\" class=\"wp-image-3202 size-full\" srcset=\"https:\/\/i0.wp.com\/www.polizeichor-dresden.de\/wp-content\/uploads\/2025\/01\/PCDD-WK2024_-5252.jpg?w=800&amp;ssl=1 800w, https:\/\/i0.wp.com\/www.polizeichor-dresden.de\/wp-content\/uploads\/2025\/01\/PCDD-WK2024_-5252.jpg?resize=300%2C200&amp;ssl=1 300w, https:\/\/i0.wp.com\/www.polizeichor-dresden.de\/wp-content\/uploads\/2025\/01\/PCDD-WK2024_-5252.jpg?resize=768%2C513&amp;ssl=1 768w\" sizes=\"(max-width: 800px) 100vw, 800px\" data-recalc-dims=\"1\" \/><\/figure><div class=\"wp-block-media-text__content\">\n<p>Am 15. Dezember lud der Polizeichor Dresden zu seinen traditionellen Weihnachtskonzerten in die Martin-Luther-Kirche ein. Gleich zweimal, um 15:00 Uhr und 18:00 Uhr, erf\u00fcllte der Chor die festlich geschm\u00fcckte Kirche mit weihnachtlichen Kl\u00e4ngen. Trotz einer kurzfristigen Programm\u00e4nderung waren die Konzerte ein voller Erfolg.<\/p>\n\n\n\n<!--more-->\n<\/div><\/div>\n\n\n\n<p>Mit klassischen Weihnachtsliedern wie \u201eMachet die Tore weit\u201c und \u201eTausend Sterne sind ein Dom\u201c luden wir, der Polizeichor Dresden, nicht nur zum Zuh\u00f6ren, sondern auch zum Mitsingen ein. Besondere Highlights waren auch die internationalen St\u00fccke wie \u201eNutcracker Jingles\u201c und das walisische Schlaflied \u201eAll through the night&#8220;, die das Publikum begeisterten.<\/p>\n\n\n\n<p>Aufgrund gesundheitlicher Probleme musste unser eigentlicher Gastchor, die Restroom Singers aus Duisburg, leider absagen. Doch mit dem Kinderchor des Romain-Rolland-Gymnasiums Dresden konnte kurzfristig ein mehr als w\u00fcrdiger Ersatz gefunden werden. Der Kinderchor verzauberte das Publikum mit einer gelungenen Mischung aus traditionellen und modernen Liedern wie \u201eVorfreude, sch\u00f6nste Freude\u201c und \u201eHolly Jolly Christmas\u201c. Das gemeinsame Singen beider Ch\u00f6re war ein besonderes Erlebnis: Gemeinsam pr\u00e4sentierten wir stimmungsvolle Klassiker wie \u201eEs ist ein Ros\u2018 entsprungen\u201c, w\u00e4hrend unsere Kurrendekinder die Kirche in ein zauberhaftes Kerzenlicht tauchte, und beendeten die Konzerte mit einem kraftvollen \u201eO du fr\u00f6hliche\u201c.<\/p>\n\n\n\n<p>Die musikalische Leitung der Konzerte lag in den erfahrenen H\u00e4nden von Elke Linder, die den Polizeichor dirigierte und die Gesamtleitung inne hatte. Der Kinderchor des Romain-Rolland- Gymnasiums wurde von Nataly Pomsel geleitet. Begleitet wurden beide Ch\u00f6re von Karolina Stachowiak am Klavier und Emelie Walther lie\u00df der Orgel weihnachtlich erklingen. Durch das Programm f\u00fchrte mit Charme und Kompetenz Lydia Schlenkrich.<\/p>\n\n\n\n<p>Die Konzerte waren auch in diesem Jahr wieder gut besucht, und die Stimmung in der Kirche war von Herzlichkeit und Vorfreude auf Weihnachten gepr\u00e4gt. Dank der gro\u00dfz\u00fcgigen Spenden der Konzertbesucher konnte eine Kollekte von insgesamt 2.700 Euro gesammelt werden. Der Erl\u00f6s geht an den Verein brotZeit e.V., der es sich zur Aufgabe gemacht hat, Grund- und F\u00f6rdersch\u00fclern in Dresden ein gesundes Fr\u00fchst\u00fcck zu erm\u00f6glichen. Eine Unterst\u00fctzung, die gerade in der Weihnachtszeit eine besondere Bedeutung hat.<\/p>\n\n\n\n<p>Der Polizeichor Dresden bedankt sich herzlich bei allen Mitwirkenden und Besuchern f\u00fcr diese unvergesslichen Konzerte. Ein besonderer Dank gilt dem Kinderchor des Romain-Rolland- Gymnasiums, der mit seinem Engagement und seiner Energie die Konzerte bereichert hat. Wir freuen uns schon jetzt darauf, all unsere G\u00e4ste und Freunde im n\u00e4chsten Jahr wieder zu unseren Konzerten begr\u00fc\u00dfen zu d\u00fcrfen!<\/p>\n\n\n\n<p>Fotos: Tom Wiedemann<\/p>\n\n\n\n<div data-carousel-extra='{\"blog_id\":1,\"permalink\":\"https:\\\/\\\/www.polizeichor-dresden.de\\\/?p=3201\"}'  class=\"wp-block-jetpack-tiled-gallery aligncenter is-style-rectangular\"><div class=\"tiled-gallery__gallery\"><div class=\"tiled-gallery__row\"><div class=\"tiled-gallery__col\" style=\"flex-basis:40.85689%\"><figure class=\"tiled-gallery__item\"><img data-attachment-id=\"3203\" data-permalink=\"https:\/\/www.polizeichor-dresden.de\/?attachment_id=3203\" data-orig-file=\"https:\/\/i0.wp.com\/www.polizeichor-dresden.de\/wp-content\/uploads\/2025\/01\/PCDD-WK2024_-4749.jpg?fit=800%2C534&amp;ssl=1\" data-orig-size=\"800,534\" data-comments-opened=\"1\" data-image-meta=\"{&quot;aperture&quot;:&quot;0&quot;,&quot;credit&quot;:&quot;Jan Wiedemann&quot;,&quot;camera&quot;:&quot;&quot;,&quot;caption&quot;:&quot;&quot;,&quot;created_timestamp&quot;:&quot;0&quot;,&quot;copyright&quot;:&quot;Jan Wiedemann&quot;,&quot;focal_length&quot;:&quot;0&quot;,&quot;iso&quot;:&quot;0&quot;,&quot;shutter_speed&quot;:&quot;0&quot;,&quot;title&quot;:&quot;&quot;,&quot;orientation&quot;:&quot;1&quot;}\" data-image-title=\"PCDD-WK2024_-4749\" data-image-description=\"\" data-image-caption=\"\" data-medium-file=\"https:\/\/i0.wp.com\/www.polizeichor-dresden.de\/wp-content\/uploads\/2025\/01\/PCDD-WK2024_-4749.jpg?fit=300%2C200&amp;ssl=1\" data-large-file=\"https:\/\/i0.wp.com\/www.polizeichor-dresden.de\/wp-content\/uploads\/2025\/01\/PCDD-WK2024_-4749.jpg?fit=800%2C534&amp;ssl=1\" decoding=\"async\" data-attachment-id=\"3203\" data-permalink=\"https:\/\/www.polizeichor-dresden.de\/?attachment_id=3203\" data-orig-file=\"https:\/\/i0.wp.com\/www.polizeichor-dresden.de\/wp-content\/uploads\/2025\/01\/PCDD-WK2024_-4749.jpg?fit=800%2C534&amp;ssl=1\" data-orig-size=\"800,534\" data-comments-opened=\"1\" data-image-meta=\"{&quot;aperture&quot;:&quot;0&quot;,&quot;credit&quot;:&quot;Jan Wiedemann&quot;,&quot;camera&quot;:&quot;&quot;,&quot;caption&quot;:&quot;&quot;,&quot;created_timestamp&quot;:&quot;0&quot;,&quot;copyright&quot;:&quot;Jan Wiedemann&quot;,&quot;focal_length&quot;:&quot;0&quot;,&quot;iso&quot;:&quot;0&quot;,&quot;shutter_speed&quot;:&quot;0&quot;,&quot;title&quot;:&quot;&quot;,&quot;orientation&quot;:&quot;1&quot;}\" data-image-title=\"PCDD-WK2024_-4749\" data-image-description=\"\" data-image-caption=\"\" data-medium-file=\"https:\/\/i0.wp.com\/www.polizeichor-dresden.de\/wp-content\/uploads\/2025\/01\/PCDD-WK2024_-4749.jpg?fit=300%2C200&amp;ssl=1\" data-large-file=\"https:\/\/i0.wp.com\/www.polizeichor-dresden.de\/wp-content\/uploads\/2025\/01\/PCDD-WK2024_-4749.jpg?fit=800%2C534&amp;ssl=1\" srcset=\"https:\/\/i2.wp.com\/www.polizeichor-dresden.de\/wp-content\/uploads\/2025\/01\/PCDD-WK2024_-4749.jpg?strip=info&#038;w=600&#038;ssl=1 600w,https:\/\/i2.wp.com\/www.polizeichor-dresden.de\/wp-content\/uploads\/2025\/01\/PCDD-WK2024_-4749.jpg?strip=info&#038;w=800&#038;ssl=1 800w\" alt=\"\" data-height=\"534\" data-id=\"3203\" data-link=\"https:\/\/www.polizeichor-dresden.de\/?attachment_id=3203\" data-url=\"https:\/\/www.polizeichor-dresden.de\/wp-content\/uploads\/2025\/01\/PCDD-WK2024_-4749.jpg\" data-width=\"800\" src=\"https:\/\/i2.wp.com\/www.polizeichor-dresden.de\/wp-content\/uploads\/2025\/01\/PCDD-WK2024_-4749.jpg?ssl=1\" data-amp-layout=\"responsive\"\/><\/figure><\/div><div class=\"tiled-gallery__col\" style=\"flex-basis:18.28622%\"><figure class=\"tiled-gallery__item\"><img data-attachment-id=\"3204\" data-permalink=\"https:\/\/www.polizeichor-dresden.de\/?attachment_id=3204\" data-orig-file=\"https:\/\/i0.wp.com\/www.polizeichor-dresden.de\/wp-content\/uploads\/2025\/01\/PCDD-WK2024_-4752.jpg?fit=534%2C800&amp;ssl=1\" data-orig-size=\"534,800\" data-comments-opened=\"1\" data-image-meta=\"{&quot;aperture&quot;:&quot;0&quot;,&quot;credit&quot;:&quot;Jan Wiedemann&quot;,&quot;camera&quot;:&quot;&quot;,&quot;caption&quot;:&quot;&quot;,&quot;created_timestamp&quot;:&quot;0&quot;,&quot;copyright&quot;:&quot;Jan Wiedemann&quot;,&quot;focal_length&quot;:&quot;0&quot;,&quot;iso&quot;:&quot;0&quot;,&quot;shutter_speed&quot;:&quot;0&quot;,&quot;title&quot;:&quot;&quot;,&quot;orientation&quot;:&quot;1&quot;}\" data-image-title=\"PCDD-WK2024_-4752\" data-image-description=\"\" data-image-caption=\"\" data-medium-file=\"https:\/\/i0.wp.com\/www.polizeichor-dresden.de\/wp-content\/uploads\/2025\/01\/PCDD-WK2024_-4752.jpg?fit=200%2C300&amp;ssl=1\" data-large-file=\"https:\/\/i0.wp.com\/www.polizeichor-dresden.de\/wp-content\/uploads\/2025\/01\/PCDD-WK2024_-4752.jpg?fit=534%2C800&amp;ssl=1\" decoding=\"async\" data-attachment-id=\"3204\" data-permalink=\"https:\/\/www.polizeichor-dresden.de\/?attachment_id=3204\" data-orig-file=\"https:\/\/i0.wp.com\/www.polizeichor-dresden.de\/wp-content\/uploads\/2025\/01\/PCDD-WK2024_-4752.jpg?fit=534%2C800&amp;ssl=1\" data-orig-size=\"534,800\" data-comments-opened=\"1\" data-image-meta=\"{&quot;aperture&quot;:&quot;0&quot;,&quot;credit&quot;:&quot;Jan Wiedemann&quot;,&quot;camera&quot;:&quot;&quot;,&quot;caption&quot;:&quot;&quot;,&quot;created_timestamp&quot;:&quot;0&quot;,&quot;copyright&quot;:&quot;Jan Wiedemann&quot;,&quot;focal_length&quot;:&quot;0&quot;,&quot;iso&quot;:&quot;0&quot;,&quot;shutter_speed&quot;:&quot;0&quot;,&quot;title&quot;:&quot;&quot;,&quot;orientation&quot;:&quot;1&quot;}\" data-image-title=\"PCDD-WK2024_-4752\" data-image-description=\"\" data-image-caption=\"\" data-medium-file=\"https:\/\/i0.wp.com\/www.polizeichor-dresden.de\/wp-content\/uploads\/2025\/01\/PCDD-WK2024_-4752.jpg?fit=200%2C300&amp;ssl=1\" data-large-file=\"https:\/\/i0.wp.com\/www.polizeichor-dresden.de\/wp-content\/uploads\/2025\/01\/PCDD-WK2024_-4752.jpg?fit=534%2C800&amp;ssl=1\" srcset=\"https:\/\/i2.wp.com\/www.polizeichor-dresden.de\/wp-content\/uploads\/2025\/01\/PCDD-WK2024_-4752.jpg?strip=info&#038;w=534&#038;ssl=1 534w\" alt=\"\" data-height=\"800\" data-id=\"3204\" data-link=\"https:\/\/www.polizeichor-dresden.de\/?attachment_id=3204\" data-url=\"https:\/\/www.polizeichor-dresden.de\/wp-content\/uploads\/2025\/01\/PCDD-WK2024_-4752.jpg\" data-width=\"534\" src=\"https:\/\/i2.wp.com\/www.polizeichor-dresden.de\/wp-content\/uploads\/2025\/01\/PCDD-WK2024_-4752.jpg?ssl=1\" data-amp-layout=\"responsive\"\/><\/figure><\/div><div class=\"tiled-gallery__col\" style=\"flex-basis:40.85689%\"><figure class=\"tiled-gallery__item\"><img data-attachment-id=\"3205\" data-permalink=\"https:\/\/www.polizeichor-dresden.de\/?attachment_id=3205\" data-orig-file=\"https:\/\/i0.wp.com\/www.polizeichor-dresden.de\/wp-content\/uploads\/2025\/01\/PCDD-WK2024_-4756.jpg?fit=800%2C534&amp;ssl=1\" data-orig-size=\"800,534\" data-comments-opened=\"1\" data-image-meta=\"{&quot;aperture&quot;:&quot;0&quot;,&quot;credit&quot;:&quot;Jan Wiedemann&quot;,&quot;camera&quot;:&quot;&quot;,&quot;caption&quot;:&quot;&quot;,&quot;created_timestamp&quot;:&quot;0&quot;,&quot;copyright&quot;:&quot;Jan Wiedemann&quot;,&quot;focal_length&quot;:&quot;0&quot;,&quot;iso&quot;:&quot;0&quot;,&quot;shutter_speed&quot;:&quot;0&quot;,&quot;title&quot;:&quot;&quot;,&quot;orientation&quot;:&quot;1&quot;}\" data-image-title=\"PCDD-WK2024_-4756\" data-image-description=\"\" data-image-caption=\"\" data-medium-file=\"https:\/\/i0.wp.com\/www.polizeichor-dresden.de\/wp-content\/uploads\/2025\/01\/PCDD-WK2024_-4756.jpg?fit=300%2C200&amp;ssl=1\" data-large-file=\"https:\/\/i0.wp.com\/www.polizeichor-dresden.de\/wp-content\/uploads\/2025\/01\/PCDD-WK2024_-4756.jpg?fit=800%2C534&amp;ssl=1\" decoding=\"async\" data-attachment-id=\"3205\" data-permalink=\"https:\/\/www.polizeichor-dresden.de\/?attachment_id=3205\" data-orig-file=\"https:\/\/i0.wp.com\/www.polizeichor-dresden.de\/wp-content\/uploads\/2025\/01\/PCDD-WK2024_-4756.jpg?fit=800%2C534&amp;ssl=1\" data-orig-size=\"800,534\" data-comments-opened=\"1\" data-image-meta=\"{&quot;aperture&quot;:&quot;0&quot;,&quot;credit&quot;:&quot;Jan Wiedemann&quot;,&quot;camera&quot;:&quot;&quot;,&quot;caption&quot;:&quot;&quot;,&quot;created_timestamp&quot;:&quot;0&quot;,&quot;copyright&quot;:&quot;Jan Wiedemann&quot;,&quot;focal_length&quot;:&quot;0&quot;,&quot;iso&quot;:&quot;0&quot;,&quot;shutter_speed&quot;:&quot;0&quot;,&quot;title&quot;:&quot;&quot;,&quot;orientation&quot;:&quot;1&quot;}\" data-image-title=\"PCDD-WK2024_-4756\" data-image-description=\"\" data-image-caption=\"\" data-medium-file=\"https:\/\/i0.wp.com\/www.polizeichor-dresden.de\/wp-content\/uploads\/2025\/01\/PCDD-WK2024_-4756.jpg?fit=300%2C200&amp;ssl=1\" data-large-file=\"https:\/\/i0.wp.com\/www.polizeichor-dresden.de\/wp-content\/uploads\/2025\/01\/PCDD-WK2024_-4756.jpg?fit=800%2C534&amp;ssl=1\" srcset=\"https:\/\/i0.wp.com\/www.polizeichor-dresden.de\/wp-content\/uploads\/2025\/01\/PCDD-WK2024_-4756.jpg?strip=info&#038;w=600&#038;ssl=1 600w,https:\/\/i0.wp.com\/www.polizeichor-dresden.de\/wp-content\/uploads\/2025\/01\/PCDD-WK2024_-4756.jpg?strip=info&#038;w=800&#038;ssl=1 800w\" alt=\"\" data-height=\"534\" data-id=\"3205\" data-link=\"https:\/\/www.polizeichor-dresden.de\/?attachment_id=3205\" data-url=\"https:\/\/www.polizeichor-dresden.de\/wp-content\/uploads\/2025\/01\/PCDD-WK2024_-4756.jpg\" data-width=\"800\" src=\"https:\/\/i0.wp.com\/www.polizeichor-dresden.de\/wp-content\/uploads\/2025\/01\/PCDD-WK2024_-4756.jpg?ssl=1\" data-amp-layout=\"responsive\"\/><\/figure><\/div><\/div><div class=\"tiled-gallery__row\"><div class=\"tiled-gallery__col\" style=\"flex-basis:66.78729%\"><figure class=\"tiled-gallery__item\"><img data-attachment-id=\"3206\" data-permalink=\"https:\/\/www.polizeichor-dresden.de\/?attachment_id=3206\" data-orig-file=\"https:\/\/i0.wp.com\/www.polizeichor-dresden.de\/wp-content\/uploads\/2025\/01\/PCDD-WK2024_-4759.jpg?fit=800%2C534&amp;ssl=1\" data-orig-size=\"800,534\" data-comments-opened=\"1\" data-image-meta=\"{&quot;aperture&quot;:&quot;0&quot;,&quot;credit&quot;:&quot;Jan Wiedemann&quot;,&quot;camera&quot;:&quot;&quot;,&quot;caption&quot;:&quot;&quot;,&quot;created_timestamp&quot;:&quot;0&quot;,&quot;copyright&quot;:&quot;Jan Wiedemann&quot;,&quot;focal_length&quot;:&quot;0&quot;,&quot;iso&quot;:&quot;0&quot;,&quot;shutter_speed&quot;:&quot;0&quot;,&quot;title&quot;:&quot;&quot;,&quot;orientation&quot;:&quot;1&quot;}\" data-image-title=\"PCDD-WK2024_-4759\" data-image-description=\"\" data-image-caption=\"\" data-medium-file=\"https:\/\/i0.wp.com\/www.polizeichor-dresden.de\/wp-content\/uploads\/2025\/01\/PCDD-WK2024_-4759.jpg?fit=300%2C200&amp;ssl=1\" data-large-file=\"https:\/\/i0.wp.com\/www.polizeichor-dresden.de\/wp-content\/uploads\/2025\/01\/PCDD-WK2024_-4759.jpg?fit=800%2C534&amp;ssl=1\" decoding=\"async\" data-attachment-id=\"3206\" data-permalink=\"https:\/\/www.polizeichor-dresden.de\/?attachment_id=3206\" data-orig-file=\"https:\/\/i0.wp.com\/www.polizeichor-dresden.de\/wp-content\/uploads\/2025\/01\/PCDD-WK2024_-4759.jpg?fit=800%2C534&amp;ssl=1\" data-orig-size=\"800,534\" data-comments-opened=\"1\" data-image-meta=\"{&quot;aperture&quot;:&quot;0&quot;,&quot;credit&quot;:&quot;Jan Wiedemann&quot;,&quot;camera&quot;:&quot;&quot;,&quot;caption&quot;:&quot;&quot;,&quot;created_timestamp&quot;:&quot;0&quot;,&quot;copyright&quot;:&quot;Jan Wiedemann&quot;,&quot;focal_length&quot;:&quot;0&quot;,&quot;iso&quot;:&quot;0&quot;,&quot;shutter_speed&quot;:&quot;0&quot;,&quot;title&quot;:&quot;&quot;,&quot;orientation&quot;:&quot;1&quot;}\" data-image-title=\"PCDD-WK2024_-4759\" data-image-description=\"\" data-image-caption=\"\" data-medium-file=\"https:\/\/i0.wp.com\/www.polizeichor-dresden.de\/wp-content\/uploads\/2025\/01\/PCDD-WK2024_-4759.jpg?fit=300%2C200&amp;ssl=1\" data-large-file=\"https:\/\/i0.wp.com\/www.polizeichor-dresden.de\/wp-content\/uploads\/2025\/01\/PCDD-WK2024_-4759.jpg?fit=800%2C534&amp;ssl=1\" srcset=\"https:\/\/i1.wp.com\/www.polizeichor-dresden.de\/wp-content\/uploads\/2025\/01\/PCDD-WK2024_-4759.jpg?strip=info&#038;w=600&#038;ssl=1 600w,https:\/\/i1.wp.com\/www.polizeichor-dresden.de\/wp-content\/uploads\/2025\/01\/PCDD-WK2024_-4759.jpg?strip=info&#038;w=800&#038;ssl=1 800w\" alt=\"\" data-height=\"534\" data-id=\"3206\" data-link=\"https:\/\/www.polizeichor-dresden.de\/?attachment_id=3206\" data-url=\"https:\/\/www.polizeichor-dresden.de\/wp-content\/uploads\/2025\/01\/PCDD-WK2024_-4759.jpg\" data-width=\"800\" src=\"https:\/\/i1.wp.com\/www.polizeichor-dresden.de\/wp-content\/uploads\/2025\/01\/PCDD-WK2024_-4759.jpg?ssl=1\" data-amp-layout=\"responsive\"\/><\/figure><\/div><div class=\"tiled-gallery__col\" style=\"flex-basis:33.21271%\"><figure class=\"tiled-gallery__item\"><img data-attachment-id=\"3207\" data-permalink=\"https:\/\/www.polizeichor-dresden.de\/?attachment_id=3207\" data-orig-file=\"https:\/\/i0.wp.com\/www.polizeichor-dresden.de\/wp-content\/uploads\/2025\/01\/PCDD-WK2024_-4769.jpg?fit=800%2C534&amp;ssl=1\" data-orig-size=\"800,534\" data-comments-opened=\"1\" data-image-meta=\"{&quot;aperture&quot;:&quot;0&quot;,&quot;credit&quot;:&quot;Jan Wiedemann&quot;,&quot;camera&quot;:&quot;&quot;,&quot;caption&quot;:&quot;&quot;,&quot;created_timestamp&quot;:&quot;0&quot;,&quot;copyright&quot;:&quot;Jan Wiedemann&quot;,&quot;focal_length&quot;:&quot;0&quot;,&quot;iso&quot;:&quot;0&quot;,&quot;shutter_speed&quot;:&quot;0&quot;,&quot;title&quot;:&quot;&quot;,&quot;orientation&quot;:&quot;1&quot;}\" data-image-title=\"PCDD-WK2024_-4769\" data-image-description=\"\" data-image-caption=\"\" data-medium-file=\"https:\/\/i0.wp.com\/www.polizeichor-dresden.de\/wp-content\/uploads\/2025\/01\/PCDD-WK2024_-4769.jpg?fit=300%2C200&amp;ssl=1\" data-large-file=\"https:\/\/i0.wp.com\/www.polizeichor-dresden.de\/wp-content\/uploads\/2025\/01\/PCDD-WK2024_-4769.jpg?fit=800%2C534&amp;ssl=1\" decoding=\"async\" data-attachment-id=\"3207\" data-permalink=\"https:\/\/www.polizeichor-dresden.de\/?attachment_id=3207\" data-orig-file=\"https:\/\/i0.wp.com\/www.polizeichor-dresden.de\/wp-content\/uploads\/2025\/01\/PCDD-WK2024_-4769.jpg?fit=800%2C534&amp;ssl=1\" data-orig-size=\"800,534\" data-comments-opened=\"1\" data-image-meta=\"{&quot;aperture&quot;:&quot;0&quot;,&quot;credit&quot;:&quot;Jan Wiedemann&quot;,&quot;camera&quot;:&quot;&quot;,&quot;caption&quot;:&quot;&quot;,&quot;created_timestamp&quot;:&quot;0&quot;,&quot;copyright&quot;:&quot;Jan Wiedemann&quot;,&quot;focal_length&quot;:&quot;0&quot;,&quot;iso&quot;:&quot;0&quot;,&quot;shutter_speed&quot;:&quot;0&quot;,&quot;title&quot;:&quot;&quot;,&quot;orientation&quot;:&quot;1&quot;}\" data-image-title=\"PCDD-WK2024_-4769\" data-image-description=\"\" data-image-caption=\"\" data-medium-file=\"https:\/\/i0.wp.com\/www.polizeichor-dresden.de\/wp-content\/uploads\/2025\/01\/PCDD-WK2024_-4769.jpg?fit=300%2C200&amp;ssl=1\" data-large-file=\"https:\/\/i0.wp.com\/www.polizeichor-dresden.de\/wp-content\/uploads\/2025\/01\/PCDD-WK2024_-4769.jpg?fit=800%2C534&amp;ssl=1\" srcset=\"https:\/\/i2.wp.com\/www.polizeichor-dresden.de\/wp-content\/uploads\/2025\/01\/PCDD-WK2024_-4769.jpg?strip=info&#038;w=600&#038;ssl=1 600w,https:\/\/i2.wp.com\/www.polizeichor-dresden.de\/wp-content\/uploads\/2025\/01\/PCDD-WK2024_-4769.jpg?strip=info&#038;w=800&#038;ssl=1 800w\" alt=\"\" data-height=\"534\" data-id=\"3207\" data-link=\"https:\/\/www.polizeichor-dresden.de\/?attachment_id=3207\" data-url=\"https:\/\/www.polizeichor-dresden.de\/wp-content\/uploads\/2025\/01\/PCDD-WK2024_-4769.jpg\" data-width=\"800\" src=\"https:\/\/i2.wp.com\/www.polizeichor-dresden.de\/wp-content\/uploads\/2025\/01\/PCDD-WK2024_-4769.jpg?ssl=1\" data-amp-layout=\"responsive\"\/><\/figure><figure class=\"tiled-gallery__item\"><img data-attachment-id=\"3208\" data-permalink=\"https:\/\/www.polizeichor-dresden.de\/?attachment_id=3208\" data-orig-file=\"https:\/\/i0.wp.com\/www.polizeichor-dresden.de\/wp-content\/uploads\/2025\/01\/PCDD-WK2024_-4770.jpg?fit=800%2C534&amp;ssl=1\" data-orig-size=\"800,534\" data-comments-opened=\"1\" data-image-meta=\"{&quot;aperture&quot;:&quot;0&quot;,&quot;credit&quot;:&quot;Jan Wiedemann&quot;,&quot;camera&quot;:&quot;&quot;,&quot;caption&quot;:&quot;&quot;,&quot;created_timestamp&quot;:&quot;0&quot;,&quot;copyright&quot;:&quot;Jan Wiedemann&quot;,&quot;focal_length&quot;:&quot;0&quot;,&quot;iso&quot;:&quot;0&quot;,&quot;shutter_speed&quot;:&quot;0&quot;,&quot;title&quot;:&quot;&quot;,&quot;orientation&quot;:&quot;1&quot;}\" data-image-title=\"PCDD-WK2024_-4770\" data-image-description=\"\" data-image-caption=\"\" data-medium-file=\"https:\/\/i0.wp.com\/www.polizeichor-dresden.de\/wp-content\/uploads\/2025\/01\/PCDD-WK2024_-4770.jpg?fit=300%2C200&amp;ssl=1\" data-large-file=\"https:\/\/i0.wp.com\/www.polizeichor-dresden.de\/wp-content\/uploads\/2025\/01\/PCDD-WK2024_-4770.jpg?fit=800%2C534&amp;ssl=1\" decoding=\"async\" data-attachment-id=\"3208\" data-permalink=\"https:\/\/www.polizeichor-dresden.de\/?attachment_id=3208\" data-orig-file=\"https:\/\/i0.wp.com\/www.polizeichor-dresden.de\/wp-content\/uploads\/2025\/01\/PCDD-WK2024_-4770.jpg?fit=800%2C534&amp;ssl=1\" data-orig-size=\"800,534\" data-comments-opened=\"1\" data-image-meta=\"{&quot;aperture&quot;:&quot;0&quot;,&quot;credit&quot;:&quot;Jan Wiedemann&quot;,&quot;camera&quot;:&quot;&quot;,&quot;caption&quot;:&quot;&quot;,&quot;created_timestamp&quot;:&quot;0&quot;,&quot;copyright&quot;:&quot;Jan Wiedemann&quot;,&quot;focal_length&quot;:&quot;0&quot;,&quot;iso&quot;:&quot;0&quot;,&quot;shutter_speed&quot;:&quot;0&quot;,&quot;title&quot;:&quot;&quot;,&quot;orientation&quot;:&quot;1&quot;}\" data-image-title=\"PCDD-WK2024_-4770\" data-image-description=\"\" data-image-caption=\"\" data-medium-file=\"https:\/\/i0.wp.com\/www.polizeichor-dresden.de\/wp-content\/uploads\/2025\/01\/PCDD-WK2024_-4770.jpg?fit=300%2C200&amp;ssl=1\" data-large-file=\"https:\/\/i0.wp.com\/www.polizeichor-dresden.de\/wp-content\/uploads\/2025\/01\/PCDD-WK2024_-4770.jpg?fit=800%2C534&amp;ssl=1\" srcset=\"https:\/\/i2.wp.com\/www.polizeichor-dresden.de\/wp-content\/uploads\/2025\/01\/PCDD-WK2024_-4770.jpg?strip=info&#038;w=600&#038;ssl=1 600w,https:\/\/i2.wp.com\/www.polizeichor-dresden.de\/wp-content\/uploads\/2025\/01\/PCDD-WK2024_-4770.jpg?strip=info&#038;w=800&#038;ssl=1 800w\" alt=\"\" data-height=\"534\" data-id=\"3208\" data-link=\"https:\/\/www.polizeichor-dresden.de\/?attachment_id=3208\" data-url=\"https:\/\/www.polizeichor-dresden.de\/wp-content\/uploads\/2025\/01\/PCDD-WK2024_-4770.jpg\" data-width=\"800\" src=\"https:\/\/i2.wp.com\/www.polizeichor-dresden.de\/wp-content\/uploads\/2025\/01\/PCDD-WK2024_-4770.jpg?ssl=1\" data-amp-layout=\"responsive\"\/><\/figure><\/div><\/div><div class=\"tiled-gallery__row\"><div class=\"tiled-gallery__col\" style=\"flex-basis:33.21271%\"><figure class=\"tiled-gallery__item\"><img data-attachment-id=\"3209\" data-permalink=\"https:\/\/www.polizeichor-dresden.de\/?attachment_id=3209\" data-orig-file=\"https:\/\/i0.wp.com\/www.polizeichor-dresden.de\/wp-content\/uploads\/2025\/01\/PCDD-WK2024_-4790.jpg?fit=800%2C534&amp;ssl=1\" data-orig-size=\"800,534\" data-comments-opened=\"1\" data-image-meta=\"{&quot;aperture&quot;:&quot;0&quot;,&quot;credit&quot;:&quot;Jan Wiedemann&quot;,&quot;camera&quot;:&quot;&quot;,&quot;caption&quot;:&quot;&quot;,&quot;created_timestamp&quot;:&quot;0&quot;,&quot;copyright&quot;:&quot;Jan Wiedemann&quot;,&quot;focal_length&quot;:&quot;0&quot;,&quot;iso&quot;:&quot;0&quot;,&quot;shutter_speed&quot;:&quot;0&quot;,&quot;title&quot;:&quot;&quot;,&quot;orientation&quot;:&quot;1&quot;}\" data-image-title=\"PCDD-WK2024_-4790\" data-image-description=\"\" data-image-caption=\"\" data-medium-file=\"https:\/\/i0.wp.com\/www.polizeichor-dresden.de\/wp-content\/uploads\/2025\/01\/PCDD-WK2024_-4790.jpg?fit=300%2C200&amp;ssl=1\" data-large-file=\"https:\/\/i0.wp.com\/www.polizeichor-dresden.de\/wp-content\/uploads\/2025\/01\/PCDD-WK2024_-4790.jpg?fit=800%2C534&amp;ssl=1\" decoding=\"async\" data-attachment-id=\"3209\" data-permalink=\"https:\/\/www.polizeichor-dresden.de\/?attachment_id=3209\" data-orig-file=\"https:\/\/i0.wp.com\/www.polizeichor-dresden.de\/wp-content\/uploads\/2025\/01\/PCDD-WK2024_-4790.jpg?fit=800%2C534&amp;ssl=1\" data-orig-size=\"800,534\" data-comments-opened=\"1\" data-image-meta=\"{&quot;aperture&quot;:&quot;0&quot;,&quot;credit&quot;:&quot;Jan Wiedemann&quot;,&quot;camera&quot;:&quot;&quot;,&quot;caption&quot;:&quot;&quot;,&quot;created_timestamp&quot;:&quot;0&quot;,&quot;copyright&quot;:&quot;Jan Wiedemann&quot;,&quot;focal_length&quot;:&quot;0&quot;,&quot;iso&quot;:&quot;0&quot;,&quot;shutter_speed&quot;:&quot;0&quot;,&quot;title&quot;:&quot;&quot;,&quot;orientation&quot;:&quot;1&quot;}\" data-image-title=\"PCDD-WK2024_-4790\" data-image-description=\"\" data-image-caption=\"\" data-medium-file=\"https:\/\/i0.wp.com\/www.polizeichor-dresden.de\/wp-content\/uploads\/2025\/01\/PCDD-WK2024_-4790.jpg?fit=300%2C200&amp;ssl=1\" data-large-file=\"https:\/\/i0.wp.com\/www.polizeichor-dresden.de\/wp-content\/uploads\/2025\/01\/PCDD-WK2024_-4790.jpg?fit=800%2C534&amp;ssl=1\" srcset=\"https:\/\/i2.wp.com\/www.polizeichor-dresden.de\/wp-content\/uploads\/2025\/01\/PCDD-WK2024_-4790.jpg?strip=info&#038;w=600&#038;ssl=1 600w,https:\/\/i2.wp.com\/www.polizeichor-dresden.de\/wp-content\/uploads\/2025\/01\/PCDD-WK2024_-4790.jpg?strip=info&#038;w=800&#038;ssl=1 800w\" alt=\"\" data-height=\"534\" data-id=\"3209\" data-link=\"https:\/\/www.polizeichor-dresden.de\/?attachment_id=3209\" data-url=\"https:\/\/www.polizeichor-dresden.de\/wp-content\/uploads\/2025\/01\/PCDD-WK2024_-4790.jpg\" data-width=\"800\" src=\"https:\/\/i2.wp.com\/www.polizeichor-dresden.de\/wp-content\/uploads\/2025\/01\/PCDD-WK2024_-4790.jpg?ssl=1\" data-amp-layout=\"responsive\"\/><\/figure><figure class=\"tiled-gallery__item\"><img data-attachment-id=\"3210\" data-permalink=\"https:\/\/www.polizeichor-dresden.de\/?attachment_id=3210\" data-orig-file=\"https:\/\/i0.wp.com\/www.polizeichor-dresden.de\/wp-content\/uploads\/2025\/01\/PCDD-WK2024_-4825.jpg?fit=800%2C534&amp;ssl=1\" data-orig-size=\"800,534\" data-comments-opened=\"1\" data-image-meta=\"{&quot;aperture&quot;:&quot;0&quot;,&quot;credit&quot;:&quot;Jan Wiedemann&quot;,&quot;camera&quot;:&quot;&quot;,&quot;caption&quot;:&quot;&quot;,&quot;created_timestamp&quot;:&quot;0&quot;,&quot;copyright&quot;:&quot;Jan Wiedemann&quot;,&quot;focal_length&quot;:&quot;0&quot;,&quot;iso&quot;:&quot;0&quot;,&quot;shutter_speed&quot;:&quot;0&quot;,&quot;title&quot;:&quot;&quot;,&quot;orientation&quot;:&quot;1&quot;}\" data-image-title=\"PCDD-WK2024_-4825\" data-image-description=\"\" data-image-caption=\"\" data-medium-file=\"https:\/\/i0.wp.com\/www.polizeichor-dresden.de\/wp-content\/uploads\/2025\/01\/PCDD-WK2024_-4825.jpg?fit=300%2C200&amp;ssl=1\" data-large-file=\"https:\/\/i0.wp.com\/www.polizeichor-dresden.de\/wp-content\/uploads\/2025\/01\/PCDD-WK2024_-4825.jpg?fit=800%2C534&amp;ssl=1\" decoding=\"async\" data-attachment-id=\"3210\" data-permalink=\"https:\/\/www.polizeichor-dresden.de\/?attachment_id=3210\" data-orig-file=\"https:\/\/i0.wp.com\/www.polizeichor-dresden.de\/wp-content\/uploads\/2025\/01\/PCDD-WK2024_-4825.jpg?fit=800%2C534&amp;ssl=1\" data-orig-size=\"800,534\" data-comments-opened=\"1\" data-image-meta=\"{&quot;aperture&quot;:&quot;0&quot;,&quot;credit&quot;:&quot;Jan Wiedemann&quot;,&quot;camera&quot;:&quot;&quot;,&quot;caption&quot;:&quot;&quot;,&quot;created_timestamp&quot;:&quot;0&quot;,&quot;copyright&quot;:&quot;Jan Wiedemann&quot;,&quot;focal_length&quot;:&quot;0&quot;,&quot;iso&quot;:&quot;0&quot;,&quot;shutter_speed&quot;:&quot;0&quot;,&quot;title&quot;:&quot;&quot;,&quot;orientation&quot;:&quot;1&quot;}\" data-image-title=\"PCDD-WK2024_-4825\" data-image-description=\"\" data-image-caption=\"\" data-medium-file=\"https:\/\/i0.wp.com\/www.polizeichor-dresden.de\/wp-content\/uploads\/2025\/01\/PCDD-WK2024_-4825.jpg?fit=300%2C200&amp;ssl=1\" data-large-file=\"https:\/\/i0.wp.com\/www.polizeichor-dresden.de\/wp-content\/uploads\/2025\/01\/PCDD-WK2024_-4825.jpg?fit=800%2C534&amp;ssl=1\" srcset=\"https:\/\/i0.wp.com\/www.polizeichor-dresden.de\/wp-content\/uploads\/2025\/01\/PCDD-WK2024_-4825.jpg?strip=info&#038;w=600&#038;ssl=1 600w,https:\/\/i0.wp.com\/www.polizeichor-dresden.de\/wp-content\/uploads\/2025\/01\/PCDD-WK2024_-4825.jpg?strip=info&#038;w=800&#038;ssl=1 800w\" alt=\"\" data-height=\"534\" data-id=\"3210\" data-link=\"https:\/\/www.polizeichor-dresden.de\/?attachment_id=3210\" data-url=\"https:\/\/www.polizeichor-dresden.de\/wp-content\/uploads\/2025\/01\/PCDD-WK2024_-4825.jpg\" data-width=\"800\" src=\"https:\/\/i0.wp.com\/www.polizeichor-dresden.de\/wp-content\/uploads\/2025\/01\/PCDD-WK2024_-4825.jpg?ssl=1\" data-amp-layout=\"responsive\"\/><\/figure><\/div><div class=\"tiled-gallery__col\" style=\"flex-basis:66.78729%\"><figure class=\"tiled-gallery__item\"><img data-attachment-id=\"3211\" data-permalink=\"https:\/\/www.polizeichor-dresden.de\/?attachment_id=3211\" data-orig-file=\"https:\/\/i0.wp.com\/www.polizeichor-dresden.de\/wp-content\/uploads\/2025\/01\/PCDD-WK2024_-4827.jpg?fit=800%2C534&amp;ssl=1\" data-orig-size=\"800,534\" data-comments-opened=\"1\" data-image-meta=\"{&quot;aperture&quot;:&quot;0&quot;,&quot;credit&quot;:&quot;Jan Wiedemann&quot;,&quot;camera&quot;:&quot;&quot;,&quot;caption&quot;:&quot;&quot;,&quot;created_timestamp&quot;:&quot;0&quot;,&quot;copyright&quot;:&quot;Jan Wiedemann&quot;,&quot;focal_length&quot;:&quot;0&quot;,&quot;iso&quot;:&quot;0&quot;,&quot;shutter_speed&quot;:&quot;0&quot;,&quot;title&quot;:&quot;&quot;,&quot;orientation&quot;:&quot;1&quot;}\" data-image-title=\"PCDD-WK2024_-4827\" data-image-description=\"\" data-image-caption=\"\" data-medium-file=\"https:\/\/i0.wp.com\/www.polizeichor-dresden.de\/wp-content\/uploads\/2025\/01\/PCDD-WK2024_-4827.jpg?fit=300%2C200&amp;ssl=1\" data-large-file=\"https:\/\/i0.wp.com\/www.polizeichor-dresden.de\/wp-content\/uploads\/2025\/01\/PCDD-WK2024_-4827.jpg?fit=800%2C534&amp;ssl=1\" decoding=\"async\" data-attachment-id=\"3211\" data-permalink=\"https:\/\/www.polizeichor-dresden.de\/?attachment_id=3211\" data-orig-file=\"https:\/\/i0.wp.com\/www.polizeichor-dresden.de\/wp-content\/uploads\/2025\/01\/PCDD-WK2024_-4827.jpg?fit=800%2C534&amp;ssl=1\" data-orig-size=\"800,534\" data-comments-opened=\"1\" data-image-meta=\"{&quot;aperture&quot;:&quot;0&quot;,&quot;credit&quot;:&quot;Jan Wiedemann&quot;,&quot;camera&quot;:&quot;&quot;,&quot;caption&quot;:&quot;&quot;,&quot;created_timestamp&quot;:&quot;0&quot;,&quot;copyright&quot;:&quot;Jan Wiedemann&quot;,&quot;focal_length&quot;:&quot;0&quot;,&quot;iso&quot;:&quot;0&quot;,&quot;shutter_speed&quot;:&quot;0&quot;,&quot;title&quot;:&quot;&quot;,&quot;orientation&quot;:&quot;1&quot;}\" data-image-title=\"PCDD-WK2024_-4827\" data-image-description=\"\" data-image-caption=\"\" data-medium-file=\"https:\/\/i0.wp.com\/www.polizeichor-dresden.de\/wp-content\/uploads\/2025\/01\/PCDD-WK2024_-4827.jpg?fit=300%2C200&amp;ssl=1\" data-large-file=\"https:\/\/i0.wp.com\/www.polizeichor-dresden.de\/wp-content\/uploads\/2025\/01\/PCDD-WK2024_-4827.jpg?fit=800%2C534&amp;ssl=1\" srcset=\"https:\/\/i0.wp.com\/www.polizeichor-dresden.de\/wp-content\/uploads\/2025\/01\/PCDD-WK2024_-4827.jpg?strip=info&#038;w=600&#038;ssl=1 600w,https:\/\/i0.wp.com\/www.polizeichor-dresden.de\/wp-content\/uploads\/2025\/01\/PCDD-WK2024_-4827.jpg?strip=info&#038;w=800&#038;ssl=1 800w\" alt=\"\" data-height=\"534\" data-id=\"3211\" data-link=\"https:\/\/www.polizeichor-dresden.de\/?attachment_id=3211\" data-url=\"https:\/\/www.polizeichor-dresden.de\/wp-content\/uploads\/2025\/01\/PCDD-WK2024_-4827.jpg\" data-width=\"800\" src=\"https:\/\/i0.wp.com\/www.polizeichor-dresden.de\/wp-content\/uploads\/2025\/01\/PCDD-WK2024_-4827.jpg?ssl=1\" data-amp-layout=\"responsive\"\/><\/figure><\/div><\/div><div class=\"tiled-gallery__row\"><div class=\"tiled-gallery__col\" style=\"flex-basis:50.00000%\"><figure class=\"tiled-gallery__item\"><img data-attachment-id=\"3212\" data-permalink=\"https:\/\/www.polizeichor-dresden.de\/?attachment_id=3212\" data-orig-file=\"https:\/\/i0.wp.com\/www.polizeichor-dresden.de\/wp-content\/uploads\/2025\/01\/PCDD-WK2024_-4831.jpg?fit=800%2C534&amp;ssl=1\" data-orig-size=\"800,534\" data-comments-opened=\"1\" data-image-meta=\"{&quot;aperture&quot;:&quot;0&quot;,&quot;credit&quot;:&quot;Jan Wiedemann&quot;,&quot;camera&quot;:&quot;&quot;,&quot;caption&quot;:&quot;&quot;,&quot;created_timestamp&quot;:&quot;0&quot;,&quot;copyright&quot;:&quot;Jan Wiedemann&quot;,&quot;focal_length&quot;:&quot;0&quot;,&quot;iso&quot;:&quot;0&quot;,&quot;shutter_speed&quot;:&quot;0&quot;,&quot;title&quot;:&quot;&quot;,&quot;orientation&quot;:&quot;1&quot;}\" data-image-title=\"PCDD-WK2024_-4831\" data-image-description=\"\" data-image-caption=\"\" data-medium-file=\"https:\/\/i0.wp.com\/www.polizeichor-dresden.de\/wp-content\/uploads\/2025\/01\/PCDD-WK2024_-4831.jpg?fit=300%2C200&amp;ssl=1\" data-large-file=\"https:\/\/i0.wp.com\/www.polizeichor-dresden.de\/wp-content\/uploads\/2025\/01\/PCDD-WK2024_-4831.jpg?fit=800%2C534&amp;ssl=1\" decoding=\"async\" data-attachment-id=\"3212\" data-permalink=\"https:\/\/www.polizeichor-dresden.de\/?attachment_id=3212\" data-orig-file=\"https:\/\/i0.wp.com\/www.polizeichor-dresden.de\/wp-content\/uploads\/2025\/01\/PCDD-WK2024_-4831.jpg?fit=800%2C534&amp;ssl=1\" data-orig-size=\"800,534\" data-comments-opened=\"1\" data-image-meta=\"{&quot;aperture&quot;:&quot;0&quot;,&quot;credit&quot;:&quot;Jan Wiedemann&quot;,&quot;camera&quot;:&quot;&quot;,&quot;caption&quot;:&quot;&quot;,&quot;created_timestamp&quot;:&quot;0&quot;,&quot;copyright&quot;:&quot;Jan Wiedemann&quot;,&quot;focal_length&quot;:&quot;0&quot;,&quot;iso&quot;:&quot;0&quot;,&quot;shutter_speed&quot;:&quot;0&quot;,&quot;title&quot;:&quot;&quot;,&quot;orientation&quot;:&quot;1&quot;}\" data-image-title=\"PCDD-WK2024_-4831\" data-image-description=\"\" data-image-caption=\"\" data-medium-file=\"https:\/\/i0.wp.com\/www.polizeichor-dresden.de\/wp-content\/uploads\/2025\/01\/PCDD-WK2024_-4831.jpg?fit=300%2C200&amp;ssl=1\" data-large-file=\"https:\/\/i0.wp.com\/www.polizeichor-dresden.de\/wp-content\/uploads\/2025\/01\/PCDD-WK2024_-4831.jpg?fit=800%2C534&amp;ssl=1\" srcset=\"https:\/\/i2.wp.com\/www.polizeichor-dresden.de\/wp-content\/uploads\/2025\/01\/PCDD-WK2024_-4831.jpg?strip=info&#038;w=600&#038;ssl=1 600w,https:\/\/i2.wp.com\/www.polizeichor-dresden.de\/wp-content\/uploads\/2025\/01\/PCDD-WK2024_-4831.jpg?strip=info&#038;w=800&#038;ssl=1 800w\" alt=\"\" data-height=\"534\" data-id=\"3212\" data-link=\"https:\/\/www.polizeichor-dresden.de\/?attachment_id=3212\" data-url=\"https:\/\/www.polizeichor-dresden.de\/wp-content\/uploads\/2025\/01\/PCDD-WK2024_-4831.jpg\" data-width=\"800\" src=\"https:\/\/i2.wp.com\/www.polizeichor-dresden.de\/wp-content\/uploads\/2025\/01\/PCDD-WK2024_-4831.jpg?ssl=1\" data-amp-layout=\"responsive\"\/><\/figure><\/div><div class=\"tiled-gallery__col\" style=\"flex-basis:50.00000%\"><figure class=\"tiled-gallery__item\"><img data-attachment-id=\"3213\" data-permalink=\"https:\/\/www.polizeichor-dresden.de\/?attachment_id=3213\" data-orig-file=\"https:\/\/i0.wp.com\/www.polizeichor-dresden.de\/wp-content\/uploads\/2025\/01\/PCDD-WK2024_-4845.jpg?fit=800%2C534&amp;ssl=1\" data-orig-size=\"800,534\" data-comments-opened=\"1\" data-image-meta=\"{&quot;aperture&quot;:&quot;0&quot;,&quot;credit&quot;:&quot;Jan Wiedemann&quot;,&quot;camera&quot;:&quot;&quot;,&quot;caption&quot;:&quot;&quot;,&quot;created_timestamp&quot;:&quot;0&quot;,&quot;copyright&quot;:&quot;Jan Wiedemann&quot;,&quot;focal_length&quot;:&quot;0&quot;,&quot;iso&quot;:&quot;0&quot;,&quot;shutter_speed&quot;:&quot;0&quot;,&quot;title&quot;:&quot;&quot;,&quot;orientation&quot;:&quot;1&quot;}\" data-image-title=\"PCDD-WK2024_-4845\" data-image-description=\"\" data-image-caption=\"\" data-medium-file=\"https:\/\/i0.wp.com\/www.polizeichor-dresden.de\/wp-content\/uploads\/2025\/01\/PCDD-WK2024_-4845.jpg?fit=300%2C200&amp;ssl=1\" data-large-file=\"https:\/\/i0.wp.com\/www.polizeichor-dresden.de\/wp-content\/uploads\/2025\/01\/PCDD-WK2024_-4845.jpg?fit=800%2C534&amp;ssl=1\" decoding=\"async\" data-attachment-id=\"3213\" data-permalink=\"https:\/\/www.polizeichor-dresden.de\/?attachment_id=3213\" data-orig-file=\"https:\/\/i0.wp.com\/www.polizeichor-dresden.de\/wp-content\/uploads\/2025\/01\/PCDD-WK2024_-4845.jpg?fit=800%2C534&amp;ssl=1\" data-orig-size=\"800,534\" data-comments-opened=\"1\" data-image-meta=\"{&quot;aperture&quot;:&quot;0&quot;,&quot;credit&quot;:&quot;Jan Wiedemann&quot;,&quot;camera&quot;:&quot;&quot;,&quot;caption&quot;:&quot;&quot;,&quot;created_timestamp&quot;:&quot;0&quot;,&quot;copyright&quot;:&quot;Jan Wiedemann&quot;,&quot;focal_length&quot;:&quot;0&quot;,&quot;iso&quot;:&quot;0&quot;,&quot;shutter_speed&quot;:&quot;0&quot;,&quot;title&quot;:&quot;&quot;,&quot;orientation&quot;:&quot;1&quot;}\" data-image-title=\"PCDD-WK2024_-4845\" data-image-description=\"\" data-image-caption=\"\" data-medium-file=\"https:\/\/i0.wp.com\/www.polizeichor-dresden.de\/wp-content\/uploads\/2025\/01\/PCDD-WK2024_-4845.jpg?fit=300%2C200&amp;ssl=1\" data-large-file=\"https:\/\/i0.wp.com\/www.polizeichor-dresden.de\/wp-content\/uploads\/2025\/01\/PCDD-WK2024_-4845.jpg?fit=800%2C534&amp;ssl=1\" srcset=\"https:\/\/i1.wp.com\/www.polizeichor-dresden.de\/wp-content\/uploads\/2025\/01\/PCDD-WK2024_-4845.jpg?strip=info&#038;w=600&#038;ssl=1 600w,https:\/\/i1.wp.com\/www.polizeichor-dresden.de\/wp-content\/uploads\/2025\/01\/PCDD-WK2024_-4845.jpg?strip=info&#038;w=800&#038;ssl=1 800w\" alt=\"\" data-height=\"534\" data-id=\"3213\" data-link=\"https:\/\/www.polizeichor-dresden.de\/?attachment_id=3213\" data-url=\"https:\/\/www.polizeichor-dresden.de\/wp-content\/uploads\/2025\/01\/PCDD-WK2024_-4845.jpg\" data-width=\"800\" src=\"https:\/\/i1.wp.com\/www.polizeichor-dresden.de\/wp-content\/uploads\/2025\/01\/PCDD-WK2024_-4845.jpg?ssl=1\" data-amp-layout=\"responsive\"\/><\/figure><\/div><\/div><div class=\"tiled-gallery__row\"><div class=\"tiled-gallery__col\" style=\"flex-basis:33.33333%\"><figure class=\"tiled-gallery__item\"><img data-attachment-id=\"3214\" data-permalink=\"https:\/\/www.polizeichor-dresden.de\/?attachment_id=3214\" data-orig-file=\"https:\/\/i0.wp.com\/www.polizeichor-dresden.de\/wp-content\/uploads\/2025\/01\/PCDD-WK2024_-4876.jpg?fit=800%2C534&amp;ssl=1\" data-orig-size=\"800,534\" data-comments-opened=\"1\" data-image-meta=\"{&quot;aperture&quot;:&quot;0&quot;,&quot;credit&quot;:&quot;Jan Wiedemann&quot;,&quot;camera&quot;:&quot;&quot;,&quot;caption&quot;:&quot;&quot;,&quot;created_timestamp&quot;:&quot;0&quot;,&quot;copyright&quot;:&quot;Jan Wiedemann&quot;,&quot;focal_length&quot;:&quot;0&quot;,&quot;iso&quot;:&quot;0&quot;,&quot;shutter_speed&quot;:&quot;0&quot;,&quot;title&quot;:&quot;&quot;,&quot;orientation&quot;:&quot;1&quot;}\" data-image-title=\"PCDD-WK2024_-4876\" data-image-description=\"\" data-image-caption=\"\" data-medium-file=\"https:\/\/i0.wp.com\/www.polizeichor-dresden.de\/wp-content\/uploads\/2025\/01\/PCDD-WK2024_-4876.jpg?fit=300%2C200&amp;ssl=1\" data-large-file=\"https:\/\/i0.wp.com\/www.polizeichor-dresden.de\/wp-content\/uploads\/2025\/01\/PCDD-WK2024_-4876.jpg?fit=800%2C534&amp;ssl=1\" decoding=\"async\" data-attachment-id=\"3214\" data-permalink=\"https:\/\/www.polizeichor-dresden.de\/?attachment_id=3214\" data-orig-file=\"https:\/\/i0.wp.com\/www.polizeichor-dresden.de\/wp-content\/uploads\/2025\/01\/PCDD-WK2024_-4876.jpg?fit=800%2C534&amp;ssl=1\" data-orig-size=\"800,534\" data-comments-opened=\"1\" data-image-meta=\"{&quot;aperture&quot;:&quot;0&quot;,&quot;credit&quot;:&quot;Jan Wiedemann&quot;,&quot;camera&quot;:&quot;&quot;,&quot;caption&quot;:&quot;&quot;,&quot;created_timestamp&quot;:&quot;0&quot;,&quot;copyright&quot;:&quot;Jan Wiedemann&quot;,&quot;focal_length&quot;:&quot;0&quot;,&quot;iso&quot;:&quot;0&quot;,&quot;shutter_speed&quot;:&quot;0&quot;,&quot;title&quot;:&quot;&quot;,&quot;orientation&quot;:&quot;1&quot;}\" data-image-title=\"PCDD-WK2024_-4876\" data-image-description=\"\" data-image-caption=\"\" data-medium-file=\"https:\/\/i0.wp.com\/www.polizeichor-dresden.de\/wp-content\/uploads\/2025\/01\/PCDD-WK2024_-4876.jpg?fit=300%2C200&amp;ssl=1\" data-large-file=\"https:\/\/i0.wp.com\/www.polizeichor-dresden.de\/wp-content\/uploads\/2025\/01\/PCDD-WK2024_-4876.jpg?fit=800%2C534&amp;ssl=1\" srcset=\"https:\/\/i1.wp.com\/www.polizeichor-dresden.de\/wp-content\/uploads\/2025\/01\/PCDD-WK2024_-4876.jpg?strip=info&#038;w=600&#038;ssl=1 600w,https:\/\/i1.wp.com\/www.polizeichor-dresden.de\/wp-content\/uploads\/2025\/01\/PCDD-WK2024_-4876.jpg?strip=info&#038;w=800&#038;ssl=1 800w\" alt=\"\" data-height=\"534\" data-id=\"3214\" data-link=\"https:\/\/www.polizeichor-dresden.de\/?attachment_id=3214\" data-url=\"https:\/\/www.polizeichor-dresden.de\/wp-content\/uploads\/2025\/01\/PCDD-WK2024_-4876.jpg\" data-width=\"800\" src=\"https:\/\/i1.wp.com\/www.polizeichor-dresden.de\/wp-content\/uploads\/2025\/01\/PCDD-WK2024_-4876.jpg?ssl=1\" data-amp-layout=\"responsive\"\/><\/figure><\/div><div class=\"tiled-gallery__col\" style=\"flex-basis:33.33333%\"><figure class=\"tiled-gallery__item\"><img data-attachment-id=\"3215\" data-permalink=\"https:\/\/www.polizeichor-dresden.de\/?attachment_id=3215\" data-orig-file=\"https:\/\/i0.wp.com\/www.polizeichor-dresden.de\/wp-content\/uploads\/2025\/01\/PCDD-WK2024_-4878.jpg?fit=800%2C534&amp;ssl=1\" data-orig-size=\"800,534\" data-comments-opened=\"1\" data-image-meta=\"{&quot;aperture&quot;:&quot;0&quot;,&quot;credit&quot;:&quot;Jan Wiedemann&quot;,&quot;camera&quot;:&quot;&quot;,&quot;caption&quot;:&quot;&quot;,&quot;created_timestamp&quot;:&quot;0&quot;,&quot;copyright&quot;:&quot;Jan Wiedemann&quot;,&quot;focal_length&quot;:&quot;0&quot;,&quot;iso&quot;:&quot;0&quot;,&quot;shutter_speed&quot;:&quot;0&quot;,&quot;title&quot;:&quot;&quot;,&quot;orientation&quot;:&quot;1&quot;}\" data-image-title=\"PCDD-WK2024_-4878\" data-image-description=\"\" data-image-caption=\"\" data-medium-file=\"https:\/\/i0.wp.com\/www.polizeichor-dresden.de\/wp-content\/uploads\/2025\/01\/PCDD-WK2024_-4878.jpg?fit=300%2C200&amp;ssl=1\" data-large-file=\"https:\/\/i0.wp.com\/www.polizeichor-dresden.de\/wp-content\/uploads\/2025\/01\/PCDD-WK2024_-4878.jpg?fit=800%2C534&amp;ssl=1\" decoding=\"async\" data-attachment-id=\"3215\" data-permalink=\"https:\/\/www.polizeichor-dresden.de\/?attachment_id=3215\" data-orig-file=\"https:\/\/i0.wp.com\/www.polizeichor-dresden.de\/wp-content\/uploads\/2025\/01\/PCDD-WK2024_-4878.jpg?fit=800%2C534&amp;ssl=1\" data-orig-size=\"800,534\" data-comments-opened=\"1\" data-image-meta=\"{&quot;aperture&quot;:&quot;0&quot;,&quot;credit&quot;:&quot;Jan Wiedemann&quot;,&quot;camera&quot;:&quot;&quot;,&quot;caption&quot;:&quot;&quot;,&quot;created_timestamp&quot;:&quot;0&quot;,&quot;copyright&quot;:&quot;Jan Wiedemann&quot;,&quot;focal_length&quot;:&quot;0&quot;,&quot;iso&quot;:&quot;0&quot;,&quot;shutter_speed&quot;:&quot;0&quot;,&quot;title&quot;:&quot;&quot;,&quot;orientation&quot;:&quot;1&quot;}\" data-image-title=\"PCDD-WK2024_-4878\" data-image-description=\"\" data-image-caption=\"\" data-medium-file=\"https:\/\/i0.wp.com\/www.polizeichor-dresden.de\/wp-content\/uploads\/2025\/01\/PCDD-WK2024_-4878.jpg?fit=300%2C200&amp;ssl=1\" data-large-file=\"https:\/\/i0.wp.com\/www.polizeichor-dresden.de\/wp-content\/uploads\/2025\/01\/PCDD-WK2024_-4878.jpg?fit=800%2C534&amp;ssl=1\" srcset=\"https:\/\/i0.wp.com\/www.polizeichor-dresden.de\/wp-content\/uploads\/2025\/01\/PCDD-WK2024_-4878.jpg?strip=info&#038;w=600&#038;ssl=1 600w,https:\/\/i0.wp.com\/www.polizeichor-dresden.de\/wp-content\/uploads\/2025\/01\/PCDD-WK2024_-4878.jpg?strip=info&#038;w=800&#038;ssl=1 800w\" alt=\"\" data-height=\"534\" data-id=\"3215\" data-link=\"https:\/\/www.polizeichor-dresden.de\/?attachment_id=3215\" data-url=\"https:\/\/www.polizeichor-dresden.de\/wp-content\/uploads\/2025\/01\/PCDD-WK2024_-4878.jpg\" data-width=\"800\" src=\"https:\/\/i0.wp.com\/www.polizeichor-dresden.de\/wp-content\/uploads\/2025\/01\/PCDD-WK2024_-4878.jpg?ssl=1\" data-amp-layout=\"responsive\"\/><\/figure><\/div><div class=\"tiled-gallery__col\" style=\"flex-basis:33.33333%\"><figure class=\"tiled-gallery__item\"><img data-attachment-id=\"3216\" data-permalink=\"https:\/\/www.polizeichor-dresden.de\/?attachment_id=3216\" data-orig-file=\"https:\/\/i0.wp.com\/www.polizeichor-dresden.de\/wp-content\/uploads\/2025\/01\/PCDD-WK2024_-4888.jpg?fit=800%2C534&amp;ssl=1\" data-orig-size=\"800,534\" data-comments-opened=\"1\" data-image-meta=\"{&quot;aperture&quot;:&quot;0&quot;,&quot;credit&quot;:&quot;Jan Wiedemann&quot;,&quot;camera&quot;:&quot;&quot;,&quot;caption&quot;:&quot;&quot;,&quot;created_timestamp&quot;:&quot;0&quot;,&quot;copyright&quot;:&quot;Jan Wiedemann&quot;,&quot;focal_length&quot;:&quot;0&quot;,&quot;iso&quot;:&quot;0&quot;,&quot;shutter_speed&quot;:&quot;0&quot;,&quot;title&quot;:&quot;&quot;,&quot;orientation&quot;:&quot;1&quot;}\" data-image-title=\"PCDD-WK2024_-4888\" data-image-description=\"\" data-image-caption=\"\" data-medium-file=\"https:\/\/i0.wp.com\/www.polizeichor-dresden.de\/wp-content\/uploads\/2025\/01\/PCDD-WK2024_-4888.jpg?fit=300%2C200&amp;ssl=1\" data-large-file=\"https:\/\/i0.wp.com\/www.polizeichor-dresden.de\/wp-content\/uploads\/2025\/01\/PCDD-WK2024_-4888.jpg?fit=800%2C534&amp;ssl=1\" decoding=\"async\" data-attachment-id=\"3216\" data-permalink=\"https:\/\/www.polizeichor-dresden.de\/?attachment_id=3216\" data-orig-file=\"https:\/\/i0.wp.com\/www.polizeichor-dresden.de\/wp-content\/uploads\/2025\/01\/PCDD-WK2024_-4888.jpg?fit=800%2C534&amp;ssl=1\" data-orig-size=\"800,534\" data-comments-opened=\"1\" data-image-meta=\"{&quot;aperture&quot;:&quot;0&quot;,&quot;credit&quot;:&quot;Jan Wiedemann&quot;,&quot;camera&quot;:&quot;&quot;,&quot;caption&quot;:&quot;&quot;,&quot;created_timestamp&quot;:&quot;0&quot;,&quot;copyright&quot;:&quot;Jan Wiedemann&quot;,&quot;focal_length&quot;:&quot;0&quot;,&quot;iso&quot;:&quot;0&quot;,&quot;shutter_speed&quot;:&quot;0&quot;,&quot;title&quot;:&quot;&quot;,&quot;orientation&quot;:&quot;1&quot;}\" data-image-title=\"PCDD-WK2024_-4888\" data-image-description=\"\" data-image-caption=\"\" data-medium-file=\"https:\/\/i0.wp.com\/www.polizeichor-dresden.de\/wp-content\/uploads\/2025\/01\/PCDD-WK2024_-4888.jpg?fit=300%2C200&amp;ssl=1\" data-large-file=\"https:\/\/i0.wp.com\/www.polizeichor-dresden.de\/wp-content\/uploads\/2025\/01\/PCDD-WK2024_-4888.jpg?fit=800%2C534&amp;ssl=1\" srcset=\"https:\/\/i0.wp.com\/www.polizeichor-dresden.de\/wp-content\/uploads\/2025\/01\/PCDD-WK2024_-4888.jpg?strip=info&#038;w=600&#038;ssl=1 600w,https:\/\/i0.wp.com\/www.polizeichor-dresden.de\/wp-content\/uploads\/2025\/01\/PCDD-WK2024_-4888.jpg?strip=info&#038;w=800&#038;ssl=1 800w\" alt=\"\" data-height=\"534\" data-id=\"3216\" data-link=\"https:\/\/www.polizeichor-dresden.de\/?attachment_id=3216\" data-url=\"https:\/\/www.polizeichor-dresden.de\/wp-content\/uploads\/2025\/01\/PCDD-WK2024_-4888.jpg\" data-width=\"800\" src=\"https:\/\/i0.wp.com\/www.polizeichor-dresden.de\/wp-content\/uploads\/2025\/01\/PCDD-WK2024_-4888.jpg?ssl=1\" data-amp-layout=\"responsive\"\/><\/figure><\/div><\/div><div class=\"tiled-gallery__row\"><div class=\"tiled-gallery__col\" style=\"flex-basis:66.78729%\"><figure class=\"tiled-gallery__item\"><img data-attachment-id=\"3217\" data-permalink=\"https:\/\/www.polizeichor-dresden.de\/?attachment_id=3217\" data-orig-file=\"https:\/\/i0.wp.com\/www.polizeichor-dresden.de\/wp-content\/uploads\/2025\/01\/PCDD-WK2024_-4889.jpg?fit=800%2C534&amp;ssl=1\" data-orig-size=\"800,534\" data-comments-opened=\"1\" data-image-meta=\"{&quot;aperture&quot;:&quot;0&quot;,&quot;credit&quot;:&quot;Jan Wiedemann&quot;,&quot;camera&quot;:&quot;&quot;,&quot;caption&quot;:&quot;&quot;,&quot;created_timestamp&quot;:&quot;0&quot;,&quot;copyright&quot;:&quot;Jan Wiedemann&quot;,&quot;focal_length&quot;:&quot;0&quot;,&quot;iso&quot;:&quot;0&quot;,&quot;shutter_speed&quot;:&quot;0&quot;,&quot;title&quot;:&quot;&quot;,&quot;orientation&quot;:&quot;1&quot;}\" data-image-title=\"PCDD-WK2024_-4889\" data-image-description=\"\" data-image-caption=\"\" data-medium-file=\"https:\/\/i0.wp.com\/www.polizeichor-dresden.de\/wp-content\/uploads\/2025\/01\/PCDD-WK2024_-4889.jpg?fit=300%2C200&amp;ssl=1\" data-large-file=\"https:\/\/i0.wp.com\/www.polizeichor-dresden.de\/wp-content\/uploads\/2025\/01\/PCDD-WK2024_-4889.jpg?fit=800%2C534&amp;ssl=1\" decoding=\"async\" data-attachment-id=\"3217\" data-permalink=\"https:\/\/www.polizeichor-dresden.de\/?attachment_id=3217\" data-orig-file=\"https:\/\/i0.wp.com\/www.polizeichor-dresden.de\/wp-content\/uploads\/2025\/01\/PCDD-WK2024_-4889.jpg?fit=800%2C534&amp;ssl=1\" data-orig-size=\"800,534\" data-comments-opened=\"1\" data-image-meta=\"{&quot;aperture&quot;:&quot;0&quot;,&quot;credit&quot;:&quot;Jan Wiedemann&quot;,&quot;camera&quot;:&quot;&quot;,&quot;caption&quot;:&quot;&quot;,&quot;created_timestamp&quot;:&quot;0&quot;,&quot;copyright&quot;:&quot;Jan Wiedemann&quot;,&quot;focal_length&quot;:&quot;0&quot;,&quot;iso&quot;:&quot;0&quot;,&quot;shutter_speed&quot;:&quot;0&quot;,&quot;title&quot;:&quot;&quot;,&quot;orientation&quot;:&quot;1&quot;}\" data-image-title=\"PCDD-WK2024_-4889\" data-image-description=\"\" data-image-caption=\"\" data-medium-file=\"https:\/\/i0.wp.com\/www.polizeichor-dresden.de\/wp-content\/uploads\/2025\/01\/PCDD-WK2024_-4889.jpg?fit=300%2C200&amp;ssl=1\" data-large-file=\"https:\/\/i0.wp.com\/www.polizeichor-dresden.de\/wp-content\/uploads\/2025\/01\/PCDD-WK2024_-4889.jpg?fit=800%2C534&amp;ssl=1\" srcset=\"https:\/\/i0.wp.com\/www.polizeichor-dresden.de\/wp-content\/uploads\/2025\/01\/PCDD-WK2024_-4889.jpg?strip=info&#038;w=600&#038;ssl=1 600w,https:\/\/i0.wp.com\/www.polizeichor-dresden.de\/wp-content\/uploads\/2025\/01\/PCDD-WK2024_-4889.jpg?strip=info&#038;w=800&#038;ssl=1 800w\" alt=\"\" data-height=\"534\" data-id=\"3217\" data-link=\"https:\/\/www.polizeichor-dresden.de\/?attachment_id=3217\" data-url=\"https:\/\/www.polizeichor-dresden.de\/wp-content\/uploads\/2025\/01\/PCDD-WK2024_-4889.jpg\" data-width=\"800\" src=\"https:\/\/i0.wp.com\/www.polizeichor-dresden.de\/wp-content\/uploads\/2025\/01\/PCDD-WK2024_-4889.jpg?ssl=1\" data-amp-layout=\"responsive\"\/><\/figure><\/div><div class=\"tiled-gallery__col\" style=\"flex-basis:33.21271%\"><figure class=\"tiled-gallery__item\"><img data-attachment-id=\"3218\" data-permalink=\"https:\/\/www.polizeichor-dresden.de\/?attachment_id=3218\" data-orig-file=\"https:\/\/i0.wp.com\/www.polizeichor-dresden.de\/wp-content\/uploads\/2025\/01\/PCDD-WK2024_-4905.jpg?fit=800%2C534&amp;ssl=1\" data-orig-size=\"800,534\" data-comments-opened=\"1\" data-image-meta=\"{&quot;aperture&quot;:&quot;0&quot;,&quot;credit&quot;:&quot;Jan Wiedemann&quot;,&quot;camera&quot;:&quot;&quot;,&quot;caption&quot;:&quot;&quot;,&quot;created_timestamp&quot;:&quot;0&quot;,&quot;copyright&quot;:&quot;Jan Wiedemann&quot;,&quot;focal_length&quot;:&quot;0&quot;,&quot;iso&quot;:&quot;0&quot;,&quot;shutter_speed&quot;:&quot;0&quot;,&quot;title&quot;:&quot;&quot;,&quot;orientation&quot;:&quot;1&quot;}\" data-image-title=\"PCDD-WK2024_-4905\" data-image-description=\"\" data-image-caption=\"\" data-medium-file=\"https:\/\/i0.wp.com\/www.polizeichor-dresden.de\/wp-content\/uploads\/2025\/01\/PCDD-WK2024_-4905.jpg?fit=300%2C200&amp;ssl=1\" data-large-file=\"https:\/\/i0.wp.com\/www.polizeichor-dresden.de\/wp-content\/uploads\/2025\/01\/PCDD-WK2024_-4905.jpg?fit=800%2C534&amp;ssl=1\" decoding=\"async\" data-attachment-id=\"3218\" data-permalink=\"https:\/\/www.polizeichor-dresden.de\/?attachment_id=3218\" data-orig-file=\"https:\/\/i0.wp.com\/www.polizeichor-dresden.de\/wp-content\/uploads\/2025\/01\/PCDD-WK2024_-4905.jpg?fit=800%2C534&amp;ssl=1\" data-orig-size=\"800,534\" data-comments-opened=\"1\" data-image-meta=\"{&quot;aperture&quot;:&quot;0&quot;,&quot;credit&quot;:&quot;Jan Wiedemann&quot;,&quot;camera&quot;:&quot;&quot;,&quot;caption&quot;:&quot;&quot;,&quot;created_timestamp&quot;:&quot;0&quot;,&quot;copyright&quot;:&quot;Jan Wiedemann&quot;,&quot;focal_length&quot;:&quot;0&quot;,&quot;iso&quot;:&quot;0&quot;,&quot;shutter_speed&quot;:&quot;0&quot;,&quot;title&quot;:&quot;&quot;,&quot;orientation&quot;:&quot;1&quot;}\" data-image-title=\"PCDD-WK2024_-4905\" data-image-description=\"\" data-image-caption=\"\" data-medium-file=\"https:\/\/i0.wp.com\/www.polizeichor-dresden.de\/wp-content\/uploads\/2025\/01\/PCDD-WK2024_-4905.jpg?fit=300%2C200&amp;ssl=1\" data-large-file=\"https:\/\/i0.wp.com\/www.polizeichor-dresden.de\/wp-content\/uploads\/2025\/01\/PCDD-WK2024_-4905.jpg?fit=800%2C534&amp;ssl=1\" srcset=\"https:\/\/i0.wp.com\/www.polizeichor-dresden.de\/wp-content\/uploads\/2025\/01\/PCDD-WK2024_-4905.jpg?strip=info&#038;w=600&#038;ssl=1 600w,https:\/\/i0.wp.com\/www.polizeichor-dresden.de\/wp-content\/uploads\/2025\/01\/PCDD-WK2024_-4905.jpg?strip=info&#038;w=800&#038;ssl=1 800w\" alt=\"\" data-height=\"534\" data-id=\"3218\" data-link=\"https:\/\/www.polizeichor-dresden.de\/?attachment_id=3218\" data-url=\"https:\/\/www.polizeichor-dresden.de\/wp-content\/uploads\/2025\/01\/PCDD-WK2024_-4905.jpg\" data-width=\"800\" src=\"https:\/\/i0.wp.com\/www.polizeichor-dresden.de\/wp-content\/uploads\/2025\/01\/PCDD-WK2024_-4905.jpg?ssl=1\" data-amp-layout=\"responsive\"\/><\/figure><figure class=\"tiled-gallery__item\"><img data-attachment-id=\"3219\" data-permalink=\"https:\/\/www.polizeichor-dresden.de\/?attachment_id=3219\" data-orig-file=\"https:\/\/i0.wp.com\/www.polizeichor-dresden.de\/wp-content\/uploads\/2025\/01\/PCDD-WK2024_-4906.jpg?fit=800%2C534&amp;ssl=1\" data-orig-size=\"800,534\" data-comments-opened=\"1\" data-image-meta=\"{&quot;aperture&quot;:&quot;0&quot;,&quot;credit&quot;:&quot;Jan Wiedemann&quot;,&quot;camera&quot;:&quot;&quot;,&quot;caption&quot;:&quot;&quot;,&quot;created_timestamp&quot;:&quot;0&quot;,&quot;copyright&quot;:&quot;Jan Wiedemann&quot;,&quot;focal_length&quot;:&quot;0&quot;,&quot;iso&quot;:&quot;0&quot;,&quot;shutter_speed&quot;:&quot;0&quot;,&quot;title&quot;:&quot;&quot;,&quot;orientation&quot;:&quot;1&quot;}\" data-image-title=\"PCDD-WK2024_-4906\" data-image-description=\"\" data-image-caption=\"\" data-medium-file=\"https:\/\/i0.wp.com\/www.polizeichor-dresden.de\/wp-content\/uploads\/2025\/01\/PCDD-WK2024_-4906.jpg?fit=300%2C200&amp;ssl=1\" data-large-file=\"https:\/\/i0.wp.com\/www.polizeichor-dresden.de\/wp-content\/uploads\/2025\/01\/PCDD-WK2024_-4906.jpg?fit=800%2C534&amp;ssl=1\" decoding=\"async\" data-attachment-id=\"3219\" data-permalink=\"https:\/\/www.polizeichor-dresden.de\/?attachment_id=3219\" data-orig-file=\"https:\/\/i0.wp.com\/www.polizeichor-dresden.de\/wp-content\/uploads\/2025\/01\/PCDD-WK2024_-4906.jpg?fit=800%2C534&amp;ssl=1\" data-orig-size=\"800,534\" data-comments-opened=\"1\" data-image-meta=\"{&quot;aperture&quot;:&quot;0&quot;,&quot;credit&quot;:&quot;Jan Wiedemann&quot;,&quot;camera&quot;:&quot;&quot;,&quot;caption&quot;:&quot;&quot;,&quot;created_timestamp&quot;:&quot;0&quot;,&quot;copyright&quot;:&quot;Jan Wiedemann&quot;,&quot;focal_length&quot;:&quot;0&quot;,&quot;iso&quot;:&quot;0&quot;,&quot;shutter_speed&quot;:&quot;0&quot;,&quot;title&quot;:&quot;&quot;,&quot;orientation&quot;:&quot;1&quot;}\" data-image-title=\"PCDD-WK2024_-4906\" data-image-description=\"\" data-image-caption=\"\" data-medium-file=\"https:\/\/i0.wp.com\/www.polizeichor-dresden.de\/wp-content\/uploads\/2025\/01\/PCDD-WK2024_-4906.jpg?fit=300%2C200&amp;ssl=1\" data-large-file=\"https:\/\/i0.wp.com\/www.polizeichor-dresden.de\/wp-content\/uploads\/2025\/01\/PCDD-WK2024_-4906.jpg?fit=800%2C534&amp;ssl=1\" srcset=\"https:\/\/i2.wp.com\/www.polizeichor-dresden.de\/wp-content\/uploads\/2025\/01\/PCDD-WK2024_-4906.jpg?strip=info&#038;w=600&#038;ssl=1 600w,https:\/\/i2.wp.com\/www.polizeichor-dresden.de\/wp-content\/uploads\/2025\/01\/PCDD-WK2024_-4906.jpg?strip=info&#038;w=800&#038;ssl=1 800w\" alt=\"\" data-height=\"534\" data-id=\"3219\" data-link=\"https:\/\/www.polizeichor-dresden.de\/?attachment_id=3219\" data-url=\"https:\/\/www.polizeichor-dresden.de\/wp-content\/uploads\/2025\/01\/PCDD-WK2024_-4906.jpg\" data-width=\"800\" src=\"https:\/\/i2.wp.com\/www.polizeichor-dresden.de\/wp-content\/uploads\/2025\/01\/PCDD-WK2024_-4906.jpg?ssl=1\" data-amp-layout=\"responsive\"\/><\/figure><\/div><\/div><div class=\"tiled-gallery__row\"><div class=\"tiled-gallery__col\" style=\"flex-basis:69.12736%\"><figure class=\"tiled-gallery__item\"><img data-attachment-id=\"3220\" data-permalink=\"https:\/\/www.polizeichor-dresden.de\/?attachment_id=3220\" data-orig-file=\"https:\/\/i0.wp.com\/www.polizeichor-dresden.de\/wp-content\/uploads\/2025\/01\/PCDD-WK2024_-4938.jpg?fit=800%2C534&amp;ssl=1\" data-orig-size=\"800,534\" data-comments-opened=\"1\" data-image-meta=\"{&quot;aperture&quot;:&quot;0&quot;,&quot;credit&quot;:&quot;Jan Wiedemann&quot;,&quot;camera&quot;:&quot;&quot;,&quot;caption&quot;:&quot;&quot;,&quot;created_timestamp&quot;:&quot;0&quot;,&quot;copyright&quot;:&quot;Jan Wiedemann&quot;,&quot;focal_length&quot;:&quot;0&quot;,&quot;iso&quot;:&quot;0&quot;,&quot;shutter_speed&quot;:&quot;0&quot;,&quot;title&quot;:&quot;&quot;,&quot;orientation&quot;:&quot;1&quot;}\" data-image-title=\"PCDD-WK2024_-4938\" data-image-description=\"\" data-image-caption=\"\" data-medium-file=\"https:\/\/i0.wp.com\/www.polizeichor-dresden.de\/wp-content\/uploads\/2025\/01\/PCDD-WK2024_-4938.jpg?fit=300%2C200&amp;ssl=1\" data-large-file=\"https:\/\/i0.wp.com\/www.polizeichor-dresden.de\/wp-content\/uploads\/2025\/01\/PCDD-WK2024_-4938.jpg?fit=800%2C534&amp;ssl=1\" decoding=\"async\" data-attachment-id=\"3220\" data-permalink=\"https:\/\/www.polizeichor-dresden.de\/?attachment_id=3220\" data-orig-file=\"https:\/\/i0.wp.com\/www.polizeichor-dresden.de\/wp-content\/uploads\/2025\/01\/PCDD-WK2024_-4938.jpg?fit=800%2C534&amp;ssl=1\" data-orig-size=\"800,534\" data-comments-opened=\"1\" data-image-meta=\"{&quot;aperture&quot;:&quot;0&quot;,&quot;credit&quot;:&quot;Jan Wiedemann&quot;,&quot;camera&quot;:&quot;&quot;,&quot;caption&quot;:&quot;&quot;,&quot;created_timestamp&quot;:&quot;0&quot;,&quot;copyright&quot;:&quot;Jan Wiedemann&quot;,&quot;focal_length&quot;:&quot;0&quot;,&quot;iso&quot;:&quot;0&quot;,&quot;shutter_speed&quot;:&quot;0&quot;,&quot;title&quot;:&quot;&quot;,&quot;orientation&quot;:&quot;1&quot;}\" data-image-title=\"PCDD-WK2024_-4938\" data-image-description=\"\" data-image-caption=\"\" data-medium-file=\"https:\/\/i0.wp.com\/www.polizeichor-dresden.de\/wp-content\/uploads\/2025\/01\/PCDD-WK2024_-4938.jpg?fit=300%2C200&amp;ssl=1\" data-large-file=\"https:\/\/i0.wp.com\/www.polizeichor-dresden.de\/wp-content\/uploads\/2025\/01\/PCDD-WK2024_-4938.jpg?fit=800%2C534&amp;ssl=1\" srcset=\"https:\/\/i2.wp.com\/www.polizeichor-dresden.de\/wp-content\/uploads\/2025\/01\/PCDD-WK2024_-4938.jpg?strip=info&#038;w=600&#038;ssl=1 600w,https:\/\/i2.wp.com\/www.polizeichor-dresden.de\/wp-content\/uploads\/2025\/01\/PCDD-WK2024_-4938.jpg?strip=info&#038;w=800&#038;ssl=1 800w\" alt=\"\" data-height=\"534\" data-id=\"3220\" data-link=\"https:\/\/www.polizeichor-dresden.de\/?attachment_id=3220\" data-url=\"https:\/\/www.polizeichor-dresden.de\/wp-content\/uploads\/2025\/01\/PCDD-WK2024_-4938.jpg\" data-width=\"800\" src=\"https:\/\/i2.wp.com\/www.polizeichor-dresden.de\/wp-content\/uploads\/2025\/01\/PCDD-WK2024_-4938.jpg?ssl=1\" data-amp-layout=\"responsive\"\/><\/figure><\/div><div class=\"tiled-gallery__col\" style=\"flex-basis:30.87264%\"><figure class=\"tiled-gallery__item\"><img data-attachment-id=\"3221\" data-permalink=\"https:\/\/www.polizeichor-dresden.de\/?attachment_id=3221\" data-orig-file=\"https:\/\/i0.wp.com\/www.polizeichor-dresden.de\/wp-content\/uploads\/2025\/01\/PCDD-WK2024_-4964.jpg?fit=534%2C800&amp;ssl=1\" data-orig-size=\"534,800\" data-comments-opened=\"1\" data-image-meta=\"{&quot;aperture&quot;:&quot;0&quot;,&quot;credit&quot;:&quot;Jan Wiedemann&quot;,&quot;camera&quot;:&quot;&quot;,&quot;caption&quot;:&quot;&quot;,&quot;created_timestamp&quot;:&quot;0&quot;,&quot;copyright&quot;:&quot;Jan Wiedemann&quot;,&quot;focal_length&quot;:&quot;0&quot;,&quot;iso&quot;:&quot;0&quot;,&quot;shutter_speed&quot;:&quot;0&quot;,&quot;title&quot;:&quot;&quot;,&quot;orientation&quot;:&quot;1&quot;}\" data-image-title=\"PCDD-WK2024_-4964\" data-image-description=\"\" data-image-caption=\"\" data-medium-file=\"https:\/\/i0.wp.com\/www.polizeichor-dresden.de\/wp-content\/uploads\/2025\/01\/PCDD-WK2024_-4964.jpg?fit=200%2C300&amp;ssl=1\" data-large-file=\"https:\/\/i0.wp.com\/www.polizeichor-dresden.de\/wp-content\/uploads\/2025\/01\/PCDD-WK2024_-4964.jpg?fit=534%2C800&amp;ssl=1\" decoding=\"async\" data-attachment-id=\"3221\" data-permalink=\"https:\/\/www.polizeichor-dresden.de\/?attachment_id=3221\" data-orig-file=\"https:\/\/i0.wp.com\/www.polizeichor-dresden.de\/wp-content\/uploads\/2025\/01\/PCDD-WK2024_-4964.jpg?fit=534%2C800&amp;ssl=1\" data-orig-size=\"534,800\" data-comments-opened=\"1\" data-image-meta=\"{&quot;aperture&quot;:&quot;0&quot;,&quot;credit&quot;:&quot;Jan Wiedemann&quot;,&quot;camera&quot;:&quot;&quot;,&quot;caption&quot;:&quot;&quot;,&quot;created_timestamp&quot;:&quot;0&quot;,&quot;copyright&quot;:&quot;Jan Wiedemann&quot;,&quot;focal_length&quot;:&quot;0&quot;,&quot;iso&quot;:&quot;0&quot;,&quot;shutter_speed&quot;:&quot;0&quot;,&quot;title&quot;:&quot;&quot;,&quot;orientation&quot;:&quot;1&quot;}\" data-image-title=\"PCDD-WK2024_-4964\" data-image-description=\"\" data-image-caption=\"\" data-medium-file=\"https:\/\/i0.wp.com\/www.polizeichor-dresden.de\/wp-content\/uploads\/2025\/01\/PCDD-WK2024_-4964.jpg?fit=200%2C300&amp;ssl=1\" data-large-file=\"https:\/\/i0.wp.com\/www.polizeichor-dresden.de\/wp-content\/uploads\/2025\/01\/PCDD-WK2024_-4964.jpg?fit=534%2C800&amp;ssl=1\" srcset=\"https:\/\/i1.wp.com\/www.polizeichor-dresden.de\/wp-content\/uploads\/2025\/01\/PCDD-WK2024_-4964.jpg?strip=info&#038;w=534&#038;ssl=1 534w\" alt=\"\" data-height=\"800\" data-id=\"3221\" data-link=\"https:\/\/www.polizeichor-dresden.de\/?attachment_id=3221\" data-url=\"https:\/\/www.polizeichor-dresden.de\/wp-content\/uploads\/2025\/01\/PCDD-WK2024_-4964.jpg\" data-width=\"534\" src=\"https:\/\/i1.wp.com\/www.polizeichor-dresden.de\/wp-content\/uploads\/2025\/01\/PCDD-WK2024_-4964.jpg?ssl=1\" data-amp-layout=\"responsive\"\/><\/figure><\/div><\/div><div class=\"tiled-gallery__row\"><div class=\"tiled-gallery__col\" style=\"flex-basis:30.87264%\"><figure class=\"tiled-gallery__item\"><img data-attachment-id=\"3222\" data-permalink=\"https:\/\/www.polizeichor-dresden.de\/?attachment_id=3222\" data-orig-file=\"https:\/\/i0.wp.com\/www.polizeichor-dresden.de\/wp-content\/uploads\/2025\/01\/PCDD-WK2024_-4974.jpg?fit=534%2C800&amp;ssl=1\" data-orig-size=\"534,800\" data-comments-opened=\"1\" data-image-meta=\"{&quot;aperture&quot;:&quot;0&quot;,&quot;credit&quot;:&quot;Jan Wiedemann&quot;,&quot;camera&quot;:&quot;&quot;,&quot;caption&quot;:&quot;&quot;,&quot;created_timestamp&quot;:&quot;0&quot;,&quot;copyright&quot;:&quot;Jan Wiedemann&quot;,&quot;focal_length&quot;:&quot;0&quot;,&quot;iso&quot;:&quot;0&quot;,&quot;shutter_speed&quot;:&quot;0&quot;,&quot;title&quot;:&quot;&quot;,&quot;orientation&quot;:&quot;1&quot;}\" data-image-title=\"PCDD-WK2024_-4974\" data-image-description=\"\" data-image-caption=\"\" data-medium-file=\"https:\/\/i0.wp.com\/www.polizeichor-dresden.de\/wp-content\/uploads\/2025\/01\/PCDD-WK2024_-4974.jpg?fit=200%2C300&amp;ssl=1\" data-large-file=\"https:\/\/i0.wp.com\/www.polizeichor-dresden.de\/wp-content\/uploads\/2025\/01\/PCDD-WK2024_-4974.jpg?fit=534%2C800&amp;ssl=1\" decoding=\"async\" data-attachment-id=\"3222\" data-permalink=\"https:\/\/www.polizeichor-dresden.de\/?attachment_id=3222\" data-orig-file=\"https:\/\/i0.wp.com\/www.polizeichor-dresden.de\/wp-content\/uploads\/2025\/01\/PCDD-WK2024_-4974.jpg?fit=534%2C800&amp;ssl=1\" data-orig-size=\"534,800\" data-comments-opened=\"1\" data-image-meta=\"{&quot;aperture&quot;:&quot;0&quot;,&quot;credit&quot;:&quot;Jan Wiedemann&quot;,&quot;camera&quot;:&quot;&quot;,&quot;caption&quot;:&quot;&quot;,&quot;created_timestamp&quot;:&quot;0&quot;,&quot;copyright&quot;:&quot;Jan Wiedemann&quot;,&quot;focal_length&quot;:&quot;0&quot;,&quot;iso&quot;:&quot;0&quot;,&quot;shutter_speed&quot;:&quot;0&quot;,&quot;title&quot;:&quot;&quot;,&quot;orientation&quot;:&quot;1&quot;}\" data-image-title=\"PCDD-WK2024_-4974\" data-image-description=\"\" data-image-caption=\"\" data-medium-file=\"https:\/\/i0.wp.com\/www.polizeichor-dresden.de\/wp-content\/uploads\/2025\/01\/PCDD-WK2024_-4974.jpg?fit=200%2C300&amp;ssl=1\" data-large-file=\"https:\/\/i0.wp.com\/www.polizeichor-dresden.de\/wp-content\/uploads\/2025\/01\/PCDD-WK2024_-4974.jpg?fit=534%2C800&amp;ssl=1\" srcset=\"https:\/\/i2.wp.com\/www.polizeichor-dresden.de\/wp-content\/uploads\/2025\/01\/PCDD-WK2024_-4974.jpg?strip=info&#038;w=534&#038;ssl=1 534w\" alt=\"\" data-height=\"800\" data-id=\"3222\" data-link=\"https:\/\/www.polizeichor-dresden.de\/?attachment_id=3222\" data-url=\"https:\/\/www.polizeichor-dresden.de\/wp-content\/uploads\/2025\/01\/PCDD-WK2024_-4974.jpg\" data-width=\"534\" src=\"https:\/\/i2.wp.com\/www.polizeichor-dresden.de\/wp-content\/uploads\/2025\/01\/PCDD-WK2024_-4974.jpg?ssl=1\" data-amp-layout=\"responsive\"\/><\/figure><\/div><div class=\"tiled-gallery__col\" style=\"flex-basis:69.12736%\"><figure class=\"tiled-gallery__item\"><img data-attachment-id=\"3223\" data-permalink=\"https:\/\/www.polizeichor-dresden.de\/?attachment_id=3223\" data-orig-file=\"https:\/\/i0.wp.com\/www.polizeichor-dresden.de\/wp-content\/uploads\/2025\/01\/PCDD-WK2024_-4996.jpg?fit=800%2C534&amp;ssl=1\" data-orig-size=\"800,534\" data-comments-opened=\"1\" data-image-meta=\"{&quot;aperture&quot;:&quot;0&quot;,&quot;credit&quot;:&quot;Jan Wiedemann&quot;,&quot;camera&quot;:&quot;&quot;,&quot;caption&quot;:&quot;&quot;,&quot;created_timestamp&quot;:&quot;0&quot;,&quot;copyright&quot;:&quot;Jan Wiedemann&quot;,&quot;focal_length&quot;:&quot;0&quot;,&quot;iso&quot;:&quot;0&quot;,&quot;shutter_speed&quot;:&quot;0&quot;,&quot;title&quot;:&quot;&quot;,&quot;orientation&quot;:&quot;1&quot;}\" data-image-title=\"PCDD-WK2024_-4996\" data-image-description=\"\" data-image-caption=\"\" data-medium-file=\"https:\/\/i0.wp.com\/www.polizeichor-dresden.de\/wp-content\/uploads\/2025\/01\/PCDD-WK2024_-4996.jpg?fit=300%2C200&amp;ssl=1\" data-large-file=\"https:\/\/i0.wp.com\/www.polizeichor-dresden.de\/wp-content\/uploads\/2025\/01\/PCDD-WK2024_-4996.jpg?fit=800%2C534&amp;ssl=1\" decoding=\"async\" data-attachment-id=\"3223\" data-permalink=\"https:\/\/www.polizeichor-dresden.de\/?attachment_id=3223\" data-orig-file=\"https:\/\/i0.wp.com\/www.polizeichor-dresden.de\/wp-content\/uploads\/2025\/01\/PCDD-WK2024_-4996.jpg?fit=800%2C534&amp;ssl=1\" data-orig-size=\"800,534\" data-comments-opened=\"1\" data-image-meta=\"{&quot;aperture&quot;:&quot;0&quot;,&quot;credit&quot;:&quot;Jan Wiedemann&quot;,&quot;camera&quot;:&quot;&quot;,&quot;caption&quot;:&quot;&quot;,&quot;created_timestamp&quot;:&quot;0&quot;,&quot;copyright&quot;:&quot;Jan Wiedemann&quot;,&quot;focal_length&quot;:&quot;0&quot;,&quot;iso&quot;:&quot;0&quot;,&quot;shutter_speed&quot;:&quot;0&quot;,&quot;title&quot;:&quot;&quot;,&quot;orientation&quot;:&quot;1&quot;}\" data-image-title=\"PCDD-WK2024_-4996\" data-image-description=\"\" data-image-caption=\"\" data-medium-file=\"https:\/\/i0.wp.com\/www.polizeichor-dresden.de\/wp-content\/uploads\/2025\/01\/PCDD-WK2024_-4996.jpg?fit=300%2C200&amp;ssl=1\" data-large-file=\"https:\/\/i0.wp.com\/www.polizeichor-dresden.de\/wp-content\/uploads\/2025\/01\/PCDD-WK2024_-4996.jpg?fit=800%2C534&amp;ssl=1\" srcset=\"https:\/\/i2.wp.com\/www.polizeichor-dresden.de\/wp-content\/uploads\/2025\/01\/PCDD-WK2024_-4996.jpg?strip=info&#038;w=600&#038;ssl=1 600w,https:\/\/i2.wp.com\/www.polizeichor-dresden.de\/wp-content\/uploads\/2025\/01\/PCDD-WK2024_-4996.jpg?strip=info&#038;w=800&#038;ssl=1 800w\" alt=\"\" data-height=\"534\" data-id=\"3223\" data-link=\"https:\/\/www.polizeichor-dresden.de\/?attachment_id=3223\" data-url=\"https:\/\/www.polizeichor-dresden.de\/wp-content\/uploads\/2025\/01\/PCDD-WK2024_-4996.jpg\" data-width=\"800\" src=\"https:\/\/i2.wp.com\/www.polizeichor-dresden.de\/wp-content\/uploads\/2025\/01\/PCDD-WK2024_-4996.jpg?ssl=1\" data-amp-layout=\"responsive\"\/><\/figure><\/div><\/div><div class=\"tiled-gallery__row\"><div class=\"tiled-gallery__col\" style=\"flex-basis:25.00000%\"><figure class=\"tiled-gallery__item\"><img data-attachment-id=\"3224\" data-permalink=\"https:\/\/www.polizeichor-dresden.de\/?attachment_id=3224\" data-orig-file=\"https:\/\/i0.wp.com\/www.polizeichor-dresden.de\/wp-content\/uploads\/2025\/01\/PCDD-WK2024_-4999.jpg?fit=534%2C800&amp;ssl=1\" data-orig-size=\"534,800\" data-comments-opened=\"1\" data-image-meta=\"{&quot;aperture&quot;:&quot;0&quot;,&quot;credit&quot;:&quot;Jan Wiedemann&quot;,&quot;camera&quot;:&quot;&quot;,&quot;caption&quot;:&quot;&quot;,&quot;created_timestamp&quot;:&quot;0&quot;,&quot;copyright&quot;:&quot;Jan Wiedemann&quot;,&quot;focal_length&quot;:&quot;0&quot;,&quot;iso&quot;:&quot;0&quot;,&quot;shutter_speed&quot;:&quot;0&quot;,&quot;title&quot;:&quot;&quot;,&quot;orientation&quot;:&quot;1&quot;}\" data-image-title=\"PCDD-WK2024_-4999\" data-image-description=\"\" data-image-caption=\"\" data-medium-file=\"https:\/\/i0.wp.com\/www.polizeichor-dresden.de\/wp-content\/uploads\/2025\/01\/PCDD-WK2024_-4999.jpg?fit=200%2C300&amp;ssl=1\" data-large-file=\"https:\/\/i0.wp.com\/www.polizeichor-dresden.de\/wp-content\/uploads\/2025\/01\/PCDD-WK2024_-4999.jpg?fit=534%2C800&amp;ssl=1\" decoding=\"async\" data-attachment-id=\"3224\" data-permalink=\"https:\/\/www.polizeichor-dresden.de\/?attachment_id=3224\" data-orig-file=\"https:\/\/i0.wp.com\/www.polizeichor-dresden.de\/wp-content\/uploads\/2025\/01\/PCDD-WK2024_-4999.jpg?fit=534%2C800&amp;ssl=1\" data-orig-size=\"534,800\" data-comments-opened=\"1\" data-image-meta=\"{&quot;aperture&quot;:&quot;0&quot;,&quot;credit&quot;:&quot;Jan Wiedemann&quot;,&quot;camera&quot;:&quot;&quot;,&quot;caption&quot;:&quot;&quot;,&quot;created_timestamp&quot;:&quot;0&quot;,&quot;copyright&quot;:&quot;Jan Wiedemann&quot;,&quot;focal_length&quot;:&quot;0&quot;,&quot;iso&quot;:&quot;0&quot;,&quot;shutter_speed&quot;:&quot;0&quot;,&quot;title&quot;:&quot;&quot;,&quot;orientation&quot;:&quot;1&quot;}\" data-image-title=\"PCDD-WK2024_-4999\" data-image-description=\"\" data-image-caption=\"\" data-medium-file=\"https:\/\/i0.wp.com\/www.polizeichor-dresden.de\/wp-content\/uploads\/2025\/01\/PCDD-WK2024_-4999.jpg?fit=200%2C300&amp;ssl=1\" data-large-file=\"https:\/\/i0.wp.com\/www.polizeichor-dresden.de\/wp-content\/uploads\/2025\/01\/PCDD-WK2024_-4999.jpg?fit=534%2C800&amp;ssl=1\" srcset=\"https:\/\/i1.wp.com\/www.polizeichor-dresden.de\/wp-content\/uploads\/2025\/01\/PCDD-WK2024_-4999.jpg?strip=info&#038;w=534&#038;ssl=1 534w\" alt=\"\" data-height=\"800\" data-id=\"3224\" data-link=\"https:\/\/www.polizeichor-dresden.de\/?attachment_id=3224\" data-url=\"https:\/\/www.polizeichor-dresden.de\/wp-content\/uploads\/2025\/01\/PCDD-WK2024_-4999.jpg\" data-width=\"534\" src=\"https:\/\/i1.wp.com\/www.polizeichor-dresden.de\/wp-content\/uploads\/2025\/01\/PCDD-WK2024_-4999.jpg?ssl=1\" data-amp-layout=\"responsive\"\/><\/figure><\/div><div class=\"tiled-gallery__col\" style=\"flex-basis:25.00000%\"><figure class=\"tiled-gallery__item\"><img data-attachment-id=\"3225\" data-permalink=\"https:\/\/www.polizeichor-dresden.de\/?attachment_id=3225\" data-orig-file=\"https:\/\/i0.wp.com\/www.polizeichor-dresden.de\/wp-content\/uploads\/2025\/01\/PCDD-WK2024_-5016.jpg?fit=534%2C800&amp;ssl=1\" data-orig-size=\"534,800\" data-comments-opened=\"1\" data-image-meta=\"{&quot;aperture&quot;:&quot;0&quot;,&quot;credit&quot;:&quot;Jan Wiedemann&quot;,&quot;camera&quot;:&quot;&quot;,&quot;caption&quot;:&quot;&quot;,&quot;created_timestamp&quot;:&quot;0&quot;,&quot;copyright&quot;:&quot;Jan Wiedemann&quot;,&quot;focal_length&quot;:&quot;0&quot;,&quot;iso&quot;:&quot;0&quot;,&quot;shutter_speed&quot;:&quot;0&quot;,&quot;title&quot;:&quot;&quot;,&quot;orientation&quot;:&quot;1&quot;}\" data-image-title=\"PCDD-WK2024_-5016\" data-image-description=\"\" data-image-caption=\"\" data-medium-file=\"https:\/\/i0.wp.com\/www.polizeichor-dresden.de\/wp-content\/uploads\/2025\/01\/PCDD-WK2024_-5016.jpg?fit=200%2C300&amp;ssl=1\" data-large-file=\"https:\/\/i0.wp.com\/www.polizeichor-dresden.de\/wp-content\/uploads\/2025\/01\/PCDD-WK2024_-5016.jpg?fit=534%2C800&amp;ssl=1\" decoding=\"async\" data-attachment-id=\"3225\" data-permalink=\"https:\/\/www.polizeichor-dresden.de\/?attachment_id=3225\" data-orig-file=\"https:\/\/i0.wp.com\/www.polizeichor-dresden.de\/wp-content\/uploads\/2025\/01\/PCDD-WK2024_-5016.jpg?fit=534%2C800&amp;ssl=1\" data-orig-size=\"534,800\" data-comments-opened=\"1\" data-image-meta=\"{&quot;aperture&quot;:&quot;0&quot;,&quot;credit&quot;:&quot;Jan Wiedemann&quot;,&quot;camera&quot;:&quot;&quot;,&quot;caption&quot;:&quot;&quot;,&quot;created_timestamp&quot;:&quot;0&quot;,&quot;copyright&quot;:&quot;Jan Wiedemann&quot;,&quot;focal_length&quot;:&quot;0&quot;,&quot;iso&quot;:&quot;0&quot;,&quot;shutter_speed&quot;:&quot;0&quot;,&quot;title&quot;:&quot;&quot;,&quot;orientation&quot;:&quot;1&quot;}\" data-image-title=\"PCDD-WK2024_-5016\" data-image-description=\"\" data-image-caption=\"\" data-medium-file=\"https:\/\/i0.wp.com\/www.polizeichor-dresden.de\/wp-content\/uploads\/2025\/01\/PCDD-WK2024_-5016.jpg?fit=200%2C300&amp;ssl=1\" data-large-file=\"https:\/\/i0.wp.com\/www.polizeichor-dresden.de\/wp-content\/uploads\/2025\/01\/PCDD-WK2024_-5016.jpg?fit=534%2C800&amp;ssl=1\" srcset=\"https:\/\/i0.wp.com\/www.polizeichor-dresden.de\/wp-content\/uploads\/2025\/01\/PCDD-WK2024_-5016.jpg?strip=info&#038;w=534&#038;ssl=1 534w\" alt=\"\" data-height=\"800\" data-id=\"3225\" data-link=\"https:\/\/www.polizeichor-dresden.de\/?attachment_id=3225\" data-url=\"https:\/\/www.polizeichor-dresden.de\/wp-content\/uploads\/2025\/01\/PCDD-WK2024_-5016.jpg\" data-width=\"534\" src=\"https:\/\/i0.wp.com\/www.polizeichor-dresden.de\/wp-content\/uploads\/2025\/01\/PCDD-WK2024_-5016.jpg?ssl=1\" data-amp-layout=\"responsive\"\/><\/figure><\/div><div class=\"tiled-gallery__col\" style=\"flex-basis:25.00000%\"><figure class=\"tiled-gallery__item\"><img data-attachment-id=\"3226\" data-permalink=\"https:\/\/www.polizeichor-dresden.de\/?attachment_id=3226\" data-orig-file=\"https:\/\/i0.wp.com\/www.polizeichor-dresden.de\/wp-content\/uploads\/2025\/01\/PCDD-WK2024_-5017.jpg?fit=534%2C800&amp;ssl=1\" data-orig-size=\"534,800\" data-comments-opened=\"1\" data-image-meta=\"{&quot;aperture&quot;:&quot;0&quot;,&quot;credit&quot;:&quot;Jan Wiedemann&quot;,&quot;camera&quot;:&quot;&quot;,&quot;caption&quot;:&quot;&quot;,&quot;created_timestamp&quot;:&quot;0&quot;,&quot;copyright&quot;:&quot;Jan Wiedemann&quot;,&quot;focal_length&quot;:&quot;0&quot;,&quot;iso&quot;:&quot;0&quot;,&quot;shutter_speed&quot;:&quot;0&quot;,&quot;title&quot;:&quot;&quot;,&quot;orientation&quot;:&quot;1&quot;}\" data-image-title=\"PCDD-WK2024_-5017\" data-image-description=\"\" data-image-caption=\"\" data-medium-file=\"https:\/\/i0.wp.com\/www.polizeichor-dresden.de\/wp-content\/uploads\/2025\/01\/PCDD-WK2024_-5017.jpg?fit=200%2C300&amp;ssl=1\" data-large-file=\"https:\/\/i0.wp.com\/www.polizeichor-dresden.de\/wp-content\/uploads\/2025\/01\/PCDD-WK2024_-5017.jpg?fit=534%2C800&amp;ssl=1\" decoding=\"async\" data-attachment-id=\"3226\" data-permalink=\"https:\/\/www.polizeichor-dresden.de\/?attachment_id=3226\" data-orig-file=\"https:\/\/i0.wp.com\/www.polizeichor-dresden.de\/wp-content\/uploads\/2025\/01\/PCDD-WK2024_-5017.jpg?fit=534%2C800&amp;ssl=1\" data-orig-size=\"534,800\" data-comments-opened=\"1\" data-image-meta=\"{&quot;aperture&quot;:&quot;0&quot;,&quot;credit&quot;:&quot;Jan Wiedemann&quot;,&quot;camera&quot;:&quot;&quot;,&quot;caption&quot;:&quot;&quot;,&quot;created_timestamp&quot;:&quot;0&quot;,&quot;copyright&quot;:&quot;Jan Wiedemann&quot;,&quot;focal_length&quot;:&quot;0&quot;,&quot;iso&quot;:&quot;0&quot;,&quot;shutter_speed&quot;:&quot;0&quot;,&quot;title&quot;:&quot;&quot;,&quot;orientation&quot;:&quot;1&quot;}\" data-image-title=\"PCDD-WK2024_-5017\" data-image-description=\"\" data-image-caption=\"\" data-medium-file=\"https:\/\/i0.wp.com\/www.polizeichor-dresden.de\/wp-content\/uploads\/2025\/01\/PCDD-WK2024_-5017.jpg?fit=200%2C300&amp;ssl=1\" data-large-file=\"https:\/\/i0.wp.com\/www.polizeichor-dresden.de\/wp-content\/uploads\/2025\/01\/PCDD-WK2024_-5017.jpg?fit=534%2C800&amp;ssl=1\" srcset=\"https:\/\/i2.wp.com\/www.polizeichor-dresden.de\/wp-content\/uploads\/2025\/01\/PCDD-WK2024_-5017.jpg?strip=info&#038;w=534&#038;ssl=1 534w\" alt=\"\" data-height=\"800\" data-id=\"3226\" data-link=\"https:\/\/www.polizeichor-dresden.de\/?attachment_id=3226\" data-url=\"https:\/\/www.polizeichor-dresden.de\/wp-content\/uploads\/2025\/01\/PCDD-WK2024_-5017.jpg\" data-width=\"534\" src=\"https:\/\/i2.wp.com\/www.polizeichor-dresden.de\/wp-content\/uploads\/2025\/01\/PCDD-WK2024_-5017.jpg?ssl=1\" data-amp-layout=\"responsive\"\/><\/figure><\/div><div class=\"tiled-gallery__col\" style=\"flex-basis:25.00000%\"><figure class=\"tiled-gallery__item\"><img data-attachment-id=\"3227\" data-permalink=\"https:\/\/www.polizeichor-dresden.de\/?attachment_id=3227\" data-orig-file=\"https:\/\/i0.wp.com\/www.polizeichor-dresden.de\/wp-content\/uploads\/2025\/01\/PCDD-WK2024_-5024.jpg?fit=534%2C800&amp;ssl=1\" data-orig-size=\"534,800\" data-comments-opened=\"1\" data-image-meta=\"{&quot;aperture&quot;:&quot;0&quot;,&quot;credit&quot;:&quot;Jan Wiedemann&quot;,&quot;camera&quot;:&quot;&quot;,&quot;caption&quot;:&quot;&quot;,&quot;created_timestamp&quot;:&quot;0&quot;,&quot;copyright&quot;:&quot;Jan Wiedemann&quot;,&quot;focal_length&quot;:&quot;0&quot;,&quot;iso&quot;:&quot;0&quot;,&quot;shutter_speed&quot;:&quot;0&quot;,&quot;title&quot;:&quot;&quot;,&quot;orientation&quot;:&quot;1&quot;}\" data-image-title=\"PCDD-WK2024_-5024\" data-image-description=\"\" data-image-caption=\"\" data-medium-file=\"https:\/\/i0.wp.com\/www.polizeichor-dresden.de\/wp-content\/uploads\/2025\/01\/PCDD-WK2024_-5024.jpg?fit=200%2C300&amp;ssl=1\" data-large-file=\"https:\/\/i0.wp.com\/www.polizeichor-dresden.de\/wp-content\/uploads\/2025\/01\/PCDD-WK2024_-5024.jpg?fit=534%2C800&amp;ssl=1\" decoding=\"async\" data-attachment-id=\"3227\" data-permalink=\"https:\/\/www.polizeichor-dresden.de\/?attachment_id=3227\" data-orig-file=\"https:\/\/i0.wp.com\/www.polizeichor-dresden.de\/wp-content\/uploads\/2025\/01\/PCDD-WK2024_-5024.jpg?fit=534%2C800&amp;ssl=1\" data-orig-size=\"534,800\" data-comments-opened=\"1\" data-image-meta=\"{&quot;aperture&quot;:&quot;0&quot;,&quot;credit&quot;:&quot;Jan Wiedemann&quot;,&quot;camera&quot;:&quot;&quot;,&quot;caption&quot;:&quot;&quot;,&quot;created_timestamp&quot;:&quot;0&quot;,&quot;copyright&quot;:&quot;Jan Wiedemann&quot;,&quot;focal_length&quot;:&quot;0&quot;,&quot;iso&quot;:&quot;0&quot;,&quot;shutter_speed&quot;:&quot;0&quot;,&quot;title&quot;:&quot;&quot;,&quot;orientation&quot;:&quot;1&quot;}\" data-image-title=\"PCDD-WK2024_-5024\" data-image-description=\"\" data-image-caption=\"\" data-medium-file=\"https:\/\/i0.wp.com\/www.polizeichor-dresden.de\/wp-content\/uploads\/2025\/01\/PCDD-WK2024_-5024.jpg?fit=200%2C300&amp;ssl=1\" data-large-file=\"https:\/\/i0.wp.com\/www.polizeichor-dresden.de\/wp-content\/uploads\/2025\/01\/PCDD-WK2024_-5024.jpg?fit=534%2C800&amp;ssl=1\" srcset=\"https:\/\/i2.wp.com\/www.polizeichor-dresden.de\/wp-content\/uploads\/2025\/01\/PCDD-WK2024_-5024.jpg?strip=info&#038;w=534&#038;ssl=1 534w\" alt=\"\" data-height=\"800\" data-id=\"3227\" data-link=\"https:\/\/www.polizeichor-dresden.de\/?attachment_id=3227\" data-url=\"https:\/\/www.polizeichor-dresden.de\/wp-content\/uploads\/2025\/01\/PCDD-WK2024_-5024.jpg\" data-width=\"534\" src=\"https:\/\/i2.wp.com\/www.polizeichor-dresden.de\/wp-content\/uploads\/2025\/01\/PCDD-WK2024_-5024.jpg?ssl=1\" data-amp-layout=\"responsive\"\/><\/figure><\/div><\/div><div class=\"tiled-gallery__row\"><div class=\"tiled-gallery__col\" style=\"flex-basis:66.78729%\"><figure class=\"tiled-gallery__item\"><img data-attachment-id=\"3228\" data-permalink=\"https:\/\/www.polizeichor-dresden.de\/?attachment_id=3228\" data-orig-file=\"https:\/\/i0.wp.com\/www.polizeichor-dresden.de\/wp-content\/uploads\/2025\/01\/PCDD-WK2024_-5025.jpg?fit=800%2C534&amp;ssl=1\" data-orig-size=\"800,534\" data-comments-opened=\"1\" data-image-meta=\"{&quot;aperture&quot;:&quot;0&quot;,&quot;credit&quot;:&quot;Jan Wiedemann&quot;,&quot;camera&quot;:&quot;&quot;,&quot;caption&quot;:&quot;&quot;,&quot;created_timestamp&quot;:&quot;0&quot;,&quot;copyright&quot;:&quot;Jan Wiedemann&quot;,&quot;focal_length&quot;:&quot;0&quot;,&quot;iso&quot;:&quot;0&quot;,&quot;shutter_speed&quot;:&quot;0&quot;,&quot;title&quot;:&quot;&quot;,&quot;orientation&quot;:&quot;1&quot;}\" data-image-title=\"PCDD-WK2024_-5025\" data-image-description=\"\" data-image-caption=\"\" data-medium-file=\"https:\/\/i0.wp.com\/www.polizeichor-dresden.de\/wp-content\/uploads\/2025\/01\/PCDD-WK2024_-5025.jpg?fit=300%2C200&amp;ssl=1\" data-large-file=\"https:\/\/i0.wp.com\/www.polizeichor-dresden.de\/wp-content\/uploads\/2025\/01\/PCDD-WK2024_-5025.jpg?fit=800%2C534&amp;ssl=1\" decoding=\"async\" data-attachment-id=\"3228\" data-permalink=\"https:\/\/www.polizeichor-dresden.de\/?attachment_id=3228\" data-orig-file=\"https:\/\/i0.wp.com\/www.polizeichor-dresden.de\/wp-content\/uploads\/2025\/01\/PCDD-WK2024_-5025.jpg?fit=800%2C534&amp;ssl=1\" data-orig-size=\"800,534\" data-comments-opened=\"1\" data-image-meta=\"{&quot;aperture&quot;:&quot;0&quot;,&quot;credit&quot;:&quot;Jan Wiedemann&quot;,&quot;camera&quot;:&quot;&quot;,&quot;caption&quot;:&quot;&quot;,&quot;created_timestamp&quot;:&quot;0&quot;,&quot;copyright&quot;:&quot;Jan Wiedemann&quot;,&quot;focal_length&quot;:&quot;0&quot;,&quot;iso&quot;:&quot;0&quot;,&quot;shutter_speed&quot;:&quot;0&quot;,&quot;title&quot;:&quot;&quot;,&quot;orientation&quot;:&quot;1&quot;}\" data-image-title=\"PCDD-WK2024_-5025\" data-image-description=\"\" data-image-caption=\"\" data-medium-file=\"https:\/\/i0.wp.com\/www.polizeichor-dresden.de\/wp-content\/uploads\/2025\/01\/PCDD-WK2024_-5025.jpg?fit=300%2C200&amp;ssl=1\" data-large-file=\"https:\/\/i0.wp.com\/www.polizeichor-dresden.de\/wp-content\/uploads\/2025\/01\/PCDD-WK2024_-5025.jpg?fit=800%2C534&amp;ssl=1\" srcset=\"https:\/\/i2.wp.com\/www.polizeichor-dresden.de\/wp-content\/uploads\/2025\/01\/PCDD-WK2024_-5025.jpg?strip=info&#038;w=600&#038;ssl=1 600w,https:\/\/i2.wp.com\/www.polizeichor-dresden.de\/wp-content\/uploads\/2025\/01\/PCDD-WK2024_-5025.jpg?strip=info&#038;w=800&#038;ssl=1 800w\" alt=\"\" data-height=\"534\" data-id=\"3228\" data-link=\"https:\/\/www.polizeichor-dresden.de\/?attachment_id=3228\" data-url=\"https:\/\/www.polizeichor-dresden.de\/wp-content\/uploads\/2025\/01\/PCDD-WK2024_-5025.jpg\" data-width=\"800\" src=\"https:\/\/i2.wp.com\/www.polizeichor-dresden.de\/wp-content\/uploads\/2025\/01\/PCDD-WK2024_-5025.jpg?ssl=1\" data-amp-layout=\"responsive\"\/><\/figure><\/div><div class=\"tiled-gallery__col\" style=\"flex-basis:33.21271%\"><figure class=\"tiled-gallery__item\"><img data-attachment-id=\"3229\" data-permalink=\"https:\/\/www.polizeichor-dresden.de\/?attachment_id=3229\" data-orig-file=\"https:\/\/i0.wp.com\/www.polizeichor-dresden.de\/wp-content\/uploads\/2025\/01\/PCDD-WK2024_-5043.jpg?fit=800%2C534&amp;ssl=1\" data-orig-size=\"800,534\" data-comments-opened=\"1\" data-image-meta=\"{&quot;aperture&quot;:&quot;0&quot;,&quot;credit&quot;:&quot;Jan Wiedemann&quot;,&quot;camera&quot;:&quot;&quot;,&quot;caption&quot;:&quot;&quot;,&quot;created_timestamp&quot;:&quot;0&quot;,&quot;copyright&quot;:&quot;Jan Wiedemann&quot;,&quot;focal_length&quot;:&quot;0&quot;,&quot;iso&quot;:&quot;0&quot;,&quot;shutter_speed&quot;:&quot;0&quot;,&quot;title&quot;:&quot;&quot;,&quot;orientation&quot;:&quot;1&quot;}\" data-image-title=\"PCDD-WK2024_-5043\" data-image-description=\"\" data-image-caption=\"\" data-medium-file=\"https:\/\/i0.wp.com\/www.polizeichor-dresden.de\/wp-content\/uploads\/2025\/01\/PCDD-WK2024_-5043.jpg?fit=300%2C200&amp;ssl=1\" data-large-file=\"https:\/\/i0.wp.com\/www.polizeichor-dresden.de\/wp-content\/uploads\/2025\/01\/PCDD-WK2024_-5043.jpg?fit=800%2C534&amp;ssl=1\" decoding=\"async\" data-attachment-id=\"3229\" data-permalink=\"https:\/\/www.polizeichor-dresden.de\/?attachment_id=3229\" data-orig-file=\"https:\/\/i0.wp.com\/www.polizeichor-dresden.de\/wp-content\/uploads\/2025\/01\/PCDD-WK2024_-5043.jpg?fit=800%2C534&amp;ssl=1\" data-orig-size=\"800,534\" data-comments-opened=\"1\" data-image-meta=\"{&quot;aperture&quot;:&quot;0&quot;,&quot;credit&quot;:&quot;Jan Wiedemann&quot;,&quot;camera&quot;:&quot;&quot;,&quot;caption&quot;:&quot;&quot;,&quot;created_timestamp&quot;:&quot;0&quot;,&quot;copyright&quot;:&quot;Jan Wiedemann&quot;,&quot;focal_length&quot;:&quot;0&quot;,&quot;iso&quot;:&quot;0&quot;,&quot;shutter_speed&quot;:&quot;0&quot;,&quot;title&quot;:&quot;&quot;,&quot;orientation&quot;:&quot;1&quot;}\" data-image-title=\"PCDD-WK2024_-5043\" data-image-description=\"\" data-image-caption=\"\" data-medium-file=\"https:\/\/i0.wp.com\/www.polizeichor-dresden.de\/wp-content\/uploads\/2025\/01\/PCDD-WK2024_-5043.jpg?fit=300%2C200&amp;ssl=1\" data-large-file=\"https:\/\/i0.wp.com\/www.polizeichor-dresden.de\/wp-content\/uploads\/2025\/01\/PCDD-WK2024_-5043.jpg?fit=800%2C534&amp;ssl=1\" srcset=\"https:\/\/i1.wp.com\/www.polizeichor-dresden.de\/wp-content\/uploads\/2025\/01\/PCDD-WK2024_-5043.jpg?strip=info&#038;w=600&#038;ssl=1 600w,https:\/\/i1.wp.com\/www.polizeichor-dresden.de\/wp-content\/uploads\/2025\/01\/PCDD-WK2024_-5043.jpg?strip=info&#038;w=800&#038;ssl=1 800w\" alt=\"\" data-height=\"534\" data-id=\"3229\" data-link=\"https:\/\/www.polizeichor-dresden.de\/?attachment_id=3229\" data-url=\"https:\/\/www.polizeichor-dresden.de\/wp-content\/uploads\/2025\/01\/PCDD-WK2024_-5043.jpg\" data-width=\"800\" src=\"https:\/\/i1.wp.com\/www.polizeichor-dresden.de\/wp-content\/uploads\/2025\/01\/PCDD-WK2024_-5043.jpg?ssl=1\" data-amp-layout=\"responsive\"\/><\/figure><figure class=\"tiled-gallery__item\"><img data-attachment-id=\"3230\" data-permalink=\"https:\/\/www.polizeichor-dresden.de\/?attachment_id=3230\" data-orig-file=\"https:\/\/i0.wp.com\/www.polizeichor-dresden.de\/wp-content\/uploads\/2025\/01\/PCDD-WK2024_-5049.jpg?fit=800%2C534&amp;ssl=1\" data-orig-size=\"800,534\" data-comments-opened=\"1\" data-image-meta=\"{&quot;aperture&quot;:&quot;0&quot;,&quot;credit&quot;:&quot;Jan Wiedemann&quot;,&quot;camera&quot;:&quot;&quot;,&quot;caption&quot;:&quot;&quot;,&quot;created_timestamp&quot;:&quot;0&quot;,&quot;copyright&quot;:&quot;Jan Wiedemann&quot;,&quot;focal_length&quot;:&quot;0&quot;,&quot;iso&quot;:&quot;0&quot;,&quot;shutter_speed&quot;:&quot;0&quot;,&quot;title&quot;:&quot;&quot;,&quot;orientation&quot;:&quot;1&quot;}\" data-image-title=\"PCDD-WK2024_-5049\" data-image-description=\"\" data-image-caption=\"\" data-medium-file=\"https:\/\/i0.wp.com\/www.polizeichor-dresden.de\/wp-content\/uploads\/2025\/01\/PCDD-WK2024_-5049.jpg?fit=300%2C200&amp;ssl=1\" data-large-file=\"https:\/\/i0.wp.com\/www.polizeichor-dresden.de\/wp-content\/uploads\/2025\/01\/PCDD-WK2024_-5049.jpg?fit=800%2C534&amp;ssl=1\" decoding=\"async\" data-attachment-id=\"3230\" data-permalink=\"https:\/\/www.polizeichor-dresden.de\/?attachment_id=3230\" data-orig-file=\"https:\/\/i0.wp.com\/www.polizeichor-dresden.de\/wp-content\/uploads\/2025\/01\/PCDD-WK2024_-5049.jpg?fit=800%2C534&amp;ssl=1\" data-orig-size=\"800,534\" data-comments-opened=\"1\" data-image-meta=\"{&quot;aperture&quot;:&quot;0&quot;,&quot;credit&quot;:&quot;Jan Wiedemann&quot;,&quot;camera&quot;:&quot;&quot;,&quot;caption&quot;:&quot;&quot;,&quot;created_timestamp&quot;:&quot;0&quot;,&quot;copyright&quot;:&quot;Jan Wiedemann&quot;,&quot;focal_length&quot;:&quot;0&quot;,&quot;iso&quot;:&quot;0&quot;,&quot;shutter_speed&quot;:&quot;0&quot;,&quot;title&quot;:&quot;&quot;,&quot;orientation&quot;:&quot;1&quot;}\" data-image-title=\"PCDD-WK2024_-5049\" data-image-description=\"\" data-image-caption=\"\" data-medium-file=\"https:\/\/i0.wp.com\/www.polizeichor-dresden.de\/wp-content\/uploads\/2025\/01\/PCDD-WK2024_-5049.jpg?fit=300%2C200&amp;ssl=1\" data-large-file=\"https:\/\/i0.wp.com\/www.polizeichor-dresden.de\/wp-content\/uploads\/2025\/01\/PCDD-WK2024_-5049.jpg?fit=800%2C534&amp;ssl=1\" srcset=\"https:\/\/i0.wp.com\/www.polizeichor-dresden.de\/wp-content\/uploads\/2025\/01\/PCDD-WK2024_-5049.jpg?strip=info&#038;w=600&#038;ssl=1 600w,https:\/\/i0.wp.com\/www.polizeichor-dresden.de\/wp-content\/uploads\/2025\/01\/PCDD-WK2024_-5049.jpg?strip=info&#038;w=800&#038;ssl=1 800w\" alt=\"\" data-height=\"534\" data-id=\"3230\" data-link=\"https:\/\/www.polizeichor-dresden.de\/?attachment_id=3230\" data-url=\"https:\/\/www.polizeichor-dresden.de\/wp-content\/uploads\/2025\/01\/PCDD-WK2024_-5049.jpg\" data-width=\"800\" src=\"https:\/\/i0.wp.com\/www.polizeichor-dresden.de\/wp-content\/uploads\/2025\/01\/PCDD-WK2024_-5049.jpg?ssl=1\" data-amp-layout=\"responsive\"\/><\/figure><\/div><\/div><div class=\"tiled-gallery__row\"><div class=\"tiled-gallery__col\" style=\"flex-basis:33.33333%\"><figure class=\"tiled-gallery__item\"><img data-attachment-id=\"3231\" data-permalink=\"https:\/\/www.polizeichor-dresden.de\/?attachment_id=3231\" data-orig-file=\"https:\/\/i0.wp.com\/www.polizeichor-dresden.de\/wp-content\/uploads\/2025\/01\/PCDD-WK2024_-5081.jpg?fit=800%2C534&amp;ssl=1\" data-orig-size=\"800,534\" data-comments-opened=\"1\" data-image-meta=\"{&quot;aperture&quot;:&quot;0&quot;,&quot;credit&quot;:&quot;Jan Wiedemann&quot;,&quot;camera&quot;:&quot;&quot;,&quot;caption&quot;:&quot;&quot;,&quot;created_timestamp&quot;:&quot;0&quot;,&quot;copyright&quot;:&quot;Jan Wiedemann&quot;,&quot;focal_length&quot;:&quot;0&quot;,&quot;iso&quot;:&quot;0&quot;,&quot;shutter_speed&quot;:&quot;0&quot;,&quot;title&quot;:&quot;&quot;,&quot;orientation&quot;:&quot;1&quot;}\" data-image-title=\"PCDD-WK2024_-5081\" data-image-description=\"\" data-image-caption=\"\" data-medium-file=\"https:\/\/i0.wp.com\/www.polizeichor-dresden.de\/wp-content\/uploads\/2025\/01\/PCDD-WK2024_-5081.jpg?fit=300%2C200&amp;ssl=1\" data-large-file=\"https:\/\/i0.wp.com\/www.polizeichor-dresden.de\/wp-content\/uploads\/2025\/01\/PCDD-WK2024_-5081.jpg?fit=800%2C534&amp;ssl=1\" decoding=\"async\" data-attachment-id=\"3231\" data-permalink=\"https:\/\/www.polizeichor-dresden.de\/?attachment_id=3231\" data-orig-file=\"https:\/\/i0.wp.com\/www.polizeichor-dresden.de\/wp-content\/uploads\/2025\/01\/PCDD-WK2024_-5081.jpg?fit=800%2C534&amp;ssl=1\" data-orig-size=\"800,534\" data-comments-opened=\"1\" data-image-meta=\"{&quot;aperture&quot;:&quot;0&quot;,&quot;credit&quot;:&quot;Jan Wiedemann&quot;,&quot;camera&quot;:&quot;&quot;,&quot;caption&quot;:&quot;&quot;,&quot;created_timestamp&quot;:&quot;0&quot;,&quot;copyright&quot;:&quot;Jan Wiedemann&quot;,&quot;focal_length&quot;:&quot;0&quot;,&quot;iso&quot;:&quot;0&quot;,&quot;shutter_speed&quot;:&quot;0&quot;,&quot;title&quot;:&quot;&quot;,&quot;orientation&quot;:&quot;1&quot;}\" data-image-title=\"PCDD-WK2024_-5081\" data-image-description=\"\" data-image-caption=\"\" data-medium-file=\"https:\/\/i0.wp.com\/www.polizeichor-dresden.de\/wp-content\/uploads\/2025\/01\/PCDD-WK2024_-5081.jpg?fit=300%2C200&amp;ssl=1\" data-large-file=\"https:\/\/i0.wp.com\/www.polizeichor-dresden.de\/wp-content\/uploads\/2025\/01\/PCDD-WK2024_-5081.jpg?fit=800%2C534&amp;ssl=1\" srcset=\"https:\/\/i1.wp.com\/www.polizeichor-dresden.de\/wp-content\/uploads\/2025\/01\/PCDD-WK2024_-5081.jpg?strip=info&#038;w=600&#038;ssl=1 600w,https:\/\/i1.wp.com\/www.polizeichor-dresden.de\/wp-content\/uploads\/2025\/01\/PCDD-WK2024_-5081.jpg?strip=info&#038;w=800&#038;ssl=1 800w\" alt=\"\" data-height=\"534\" data-id=\"3231\" data-link=\"https:\/\/www.polizeichor-dresden.de\/?attachment_id=3231\" data-url=\"https:\/\/www.polizeichor-dresden.de\/wp-content\/uploads\/2025\/01\/PCDD-WK2024_-5081.jpg\" data-width=\"800\" src=\"https:\/\/i1.wp.com\/www.polizeichor-dresden.de\/wp-content\/uploads\/2025\/01\/PCDD-WK2024_-5081.jpg?ssl=1\" data-amp-layout=\"responsive\"\/><\/figure><\/div><div class=\"tiled-gallery__col\" style=\"flex-basis:33.33333%\"><figure class=\"tiled-gallery__item\"><img data-attachment-id=\"3232\" data-permalink=\"https:\/\/www.polizeichor-dresden.de\/?attachment_id=3232\" data-orig-file=\"https:\/\/i0.wp.com\/www.polizeichor-dresden.de\/wp-content\/uploads\/2025\/01\/PCDD-WK2024_-5117.jpg?fit=800%2C534&amp;ssl=1\" data-orig-size=\"800,534\" data-comments-opened=\"1\" data-image-meta=\"{&quot;aperture&quot;:&quot;0&quot;,&quot;credit&quot;:&quot;Jan Wiedemann&quot;,&quot;camera&quot;:&quot;&quot;,&quot;caption&quot;:&quot;&quot;,&quot;created_timestamp&quot;:&quot;0&quot;,&quot;copyright&quot;:&quot;Jan Wiedemann&quot;,&quot;focal_length&quot;:&quot;0&quot;,&quot;iso&quot;:&quot;0&quot;,&quot;shutter_speed&quot;:&quot;0&quot;,&quot;title&quot;:&quot;&quot;,&quot;orientation&quot;:&quot;1&quot;}\" data-image-title=\"PCDD-WK2024_-5117\" data-image-description=\"\" data-image-caption=\"\" data-medium-file=\"https:\/\/i0.wp.com\/www.polizeichor-dresden.de\/wp-content\/uploads\/2025\/01\/PCDD-WK2024_-5117.jpg?fit=300%2C200&amp;ssl=1\" data-large-file=\"https:\/\/i0.wp.com\/www.polizeichor-dresden.de\/wp-content\/uploads\/2025\/01\/PCDD-WK2024_-5117.jpg?fit=800%2C534&amp;ssl=1\" decoding=\"async\" data-attachment-id=\"3232\" data-permalink=\"https:\/\/www.polizeichor-dresden.de\/?attachment_id=3232\" data-orig-file=\"https:\/\/i0.wp.com\/www.polizeichor-dresden.de\/wp-content\/uploads\/2025\/01\/PCDD-WK2024_-5117.jpg?fit=800%2C534&amp;ssl=1\" data-orig-size=\"800,534\" data-comments-opened=\"1\" data-image-meta=\"{&quot;aperture&quot;:&quot;0&quot;,&quot;credit&quot;:&quot;Jan Wiedemann&quot;,&quot;camera&quot;:&quot;&quot;,&quot;caption&quot;:&quot;&quot;,&quot;created_timestamp&quot;:&quot;0&quot;,&quot;copyright&quot;:&quot;Jan Wiedemann&quot;,&quot;focal_length&quot;:&quot;0&quot;,&quot;iso&quot;:&quot;0&quot;,&quot;shutter_speed&quot;:&quot;0&quot;,&quot;title&quot;:&quot;&quot;,&quot;orientation&quot;:&quot;1&quot;}\" data-image-title=\"PCDD-WK2024_-5117\" data-image-description=\"\" data-image-caption=\"\" data-medium-file=\"https:\/\/i0.wp.com\/www.polizeichor-dresden.de\/wp-content\/uploads\/2025\/01\/PCDD-WK2024_-5117.jpg?fit=300%2C200&amp;ssl=1\" data-large-file=\"https:\/\/i0.wp.com\/www.polizeichor-dresden.de\/wp-content\/uploads\/2025\/01\/PCDD-WK2024_-5117.jpg?fit=800%2C534&amp;ssl=1\" srcset=\"https:\/\/i1.wp.com\/www.polizeichor-dresden.de\/wp-content\/uploads\/2025\/01\/PCDD-WK2024_-5117.jpg?strip=info&#038;w=600&#038;ssl=1 600w,https:\/\/i1.wp.com\/www.polizeichor-dresden.de\/wp-content\/uploads\/2025\/01\/PCDD-WK2024_-5117.jpg?strip=info&#038;w=800&#038;ssl=1 800w\" alt=\"\" data-height=\"534\" data-id=\"3232\" data-link=\"https:\/\/www.polizeichor-dresden.de\/?attachment_id=3232\" data-url=\"https:\/\/www.polizeichor-dresden.de\/wp-content\/uploads\/2025\/01\/PCDD-WK2024_-5117.jpg\" data-width=\"800\" src=\"https:\/\/i1.wp.com\/www.polizeichor-dresden.de\/wp-content\/uploads\/2025\/01\/PCDD-WK2024_-5117.jpg?ssl=1\" data-amp-layout=\"responsive\"\/><\/figure><\/div><div class=\"tiled-gallery__col\" style=\"flex-basis:33.33333%\"><figure class=\"tiled-gallery__item\"><img data-attachment-id=\"3233\" data-permalink=\"https:\/\/www.polizeichor-dresden.de\/?attachment_id=3233\" data-orig-file=\"https:\/\/i0.wp.com\/www.polizeichor-dresden.de\/wp-content\/uploads\/2025\/01\/PCDD-WK2024_-5125.jpg?fit=800%2C534&amp;ssl=1\" data-orig-size=\"800,534\" data-comments-opened=\"1\" data-image-meta=\"{&quot;aperture&quot;:&quot;0&quot;,&quot;credit&quot;:&quot;Jan Wiedemann&quot;,&quot;camera&quot;:&quot;&quot;,&quot;caption&quot;:&quot;&quot;,&quot;created_timestamp&quot;:&quot;0&quot;,&quot;copyright&quot;:&quot;Jan Wiedemann&quot;,&quot;focal_length&quot;:&quot;0&quot;,&quot;iso&quot;:&quot;0&quot;,&quot;shutter_speed&quot;:&quot;0&quot;,&quot;title&quot;:&quot;&quot;,&quot;orientation&quot;:&quot;1&quot;}\" data-image-title=\"PCDD-WK2024_-5125\" data-image-description=\"\" data-image-caption=\"\" data-medium-file=\"https:\/\/i0.wp.com\/www.polizeichor-dresden.de\/wp-content\/uploads\/2025\/01\/PCDD-WK2024_-5125.jpg?fit=300%2C200&amp;ssl=1\" data-large-file=\"https:\/\/i0.wp.com\/www.polizeichor-dresden.de\/wp-content\/uploads\/2025\/01\/PCDD-WK2024_-5125.jpg?fit=800%2C534&amp;ssl=1\" decoding=\"async\" data-attachment-id=\"3233\" data-permalink=\"https:\/\/www.polizeichor-dresden.de\/?attachment_id=3233\" data-orig-file=\"https:\/\/i0.wp.com\/www.polizeichor-dresden.de\/wp-content\/uploads\/2025\/01\/PCDD-WK2024_-5125.jpg?fit=800%2C534&amp;ssl=1\" data-orig-size=\"800,534\" data-comments-opened=\"1\" data-image-meta=\"{&quot;aperture&quot;:&quot;0&quot;,&quot;credit&quot;:&quot;Jan Wiedemann&quot;,&quot;camera&quot;:&quot;&quot;,&quot;caption&quot;:&quot;&quot;,&quot;created_timestamp&quot;:&quot;0&quot;,&quot;copyright&quot;:&quot;Jan Wiedemann&quot;,&quot;focal_length&quot;:&quot;0&quot;,&quot;iso&quot;:&quot;0&quot;,&quot;shutter_speed&quot;:&quot;0&quot;,&quot;title&quot;:&quot;&quot;,&quot;orientation&quot;:&quot;1&quot;}\" data-image-title=\"PCDD-WK2024_-5125\" data-image-description=\"\" data-image-caption=\"\" data-medium-file=\"https:\/\/i0.wp.com\/www.polizeichor-dresden.de\/wp-content\/uploads\/2025\/01\/PCDD-WK2024_-5125.jpg?fit=300%2C200&amp;ssl=1\" data-large-file=\"https:\/\/i0.wp.com\/www.polizeichor-dresden.de\/wp-content\/uploads\/2025\/01\/PCDD-WK2024_-5125.jpg?fit=800%2C534&amp;ssl=1\" srcset=\"https:\/\/i1.wp.com\/www.polizeichor-dresden.de\/wp-content\/uploads\/2025\/01\/PCDD-WK2024_-5125.jpg?strip=info&#038;w=600&#038;ssl=1 600w,https:\/\/i1.wp.com\/www.polizeichor-dresden.de\/wp-content\/uploads\/2025\/01\/PCDD-WK2024_-5125.jpg?strip=info&#038;w=800&#038;ssl=1 800w\" alt=\"\" data-height=\"534\" data-id=\"3233\" data-link=\"https:\/\/www.polizeichor-dresden.de\/?attachment_id=3233\" data-url=\"https:\/\/www.polizeichor-dresden.de\/wp-content\/uploads\/2025\/01\/PCDD-WK2024_-5125.jpg\" data-width=\"800\" src=\"https:\/\/i1.wp.com\/www.polizeichor-dresden.de\/wp-content\/uploads\/2025\/01\/PCDD-WK2024_-5125.jpg?ssl=1\" data-amp-layout=\"responsive\"\/><\/figure><\/div><\/div><div class=\"tiled-gallery__row\"><div class=\"tiled-gallery__col\" style=\"flex-basis:28.99757%\"><figure class=\"tiled-gallery__item\"><img data-attachment-id=\"3234\" data-permalink=\"https:\/\/www.polizeichor-dresden.de\/?attachment_id=3234\" data-orig-file=\"https:\/\/i0.wp.com\/www.polizeichor-dresden.de\/wp-content\/uploads\/2025\/01\/PCDD-WK2024_-5195.jpg?fit=800%2C534&amp;ssl=1\" data-orig-size=\"800,534\" data-comments-opened=\"1\" data-image-meta=\"{&quot;aperture&quot;:&quot;0&quot;,&quot;credit&quot;:&quot;Jan Wiedemann&quot;,&quot;camera&quot;:&quot;&quot;,&quot;caption&quot;:&quot;&quot;,&quot;created_timestamp&quot;:&quot;0&quot;,&quot;copyright&quot;:&quot;Jan Wiedemann&quot;,&quot;focal_length&quot;:&quot;0&quot;,&quot;iso&quot;:&quot;0&quot;,&quot;shutter_speed&quot;:&quot;0&quot;,&quot;title&quot;:&quot;&quot;,&quot;orientation&quot;:&quot;1&quot;}\" data-image-title=\"PCDD-WK2024_-5195\" data-image-description=\"\" data-image-caption=\"\" data-medium-file=\"https:\/\/i0.wp.com\/www.polizeichor-dresden.de\/wp-content\/uploads\/2025\/01\/PCDD-WK2024_-5195.jpg?fit=300%2C200&amp;ssl=1\" data-large-file=\"https:\/\/i0.wp.com\/www.polizeichor-dresden.de\/wp-content\/uploads\/2025\/01\/PCDD-WK2024_-5195.jpg?fit=800%2C534&amp;ssl=1\" decoding=\"async\" data-attachment-id=\"3234\" data-permalink=\"https:\/\/www.polizeichor-dresden.de\/?attachment_id=3234\" data-orig-file=\"https:\/\/i0.wp.com\/www.polizeichor-dresden.de\/wp-content\/uploads\/2025\/01\/PCDD-WK2024_-5195.jpg?fit=800%2C534&amp;ssl=1\" data-orig-size=\"800,534\" data-comments-opened=\"1\" data-image-meta=\"{&quot;aperture&quot;:&quot;0&quot;,&quot;credit&quot;:&quot;Jan Wiedemann&quot;,&quot;camera&quot;:&quot;&quot;,&quot;caption&quot;:&quot;&quot;,&quot;created_timestamp&quot;:&quot;0&quot;,&quot;copyright&quot;:&quot;Jan Wiedemann&quot;,&quot;focal_length&quot;:&quot;0&quot;,&quot;iso&quot;:&quot;0&quot;,&quot;shutter_speed&quot;:&quot;0&quot;,&quot;title&quot;:&quot;&quot;,&quot;orientation&quot;:&quot;1&quot;}\" data-image-title=\"PCDD-WK2024_-5195\" data-image-description=\"\" data-image-caption=\"\" data-medium-file=\"https:\/\/i0.wp.com\/www.polizeichor-dresden.de\/wp-content\/uploads\/2025\/01\/PCDD-WK2024_-5195.jpg?fit=300%2C200&amp;ssl=1\" data-large-file=\"https:\/\/i0.wp.com\/www.polizeichor-dresden.de\/wp-content\/uploads\/2025\/01\/PCDD-WK2024_-5195.jpg?fit=800%2C534&amp;ssl=1\" srcset=\"https:\/\/i2.wp.com\/www.polizeichor-dresden.de\/wp-content\/uploads\/2025\/01\/PCDD-WK2024_-5195.jpg?strip=info&#038;w=600&#038;ssl=1 600w,https:\/\/i2.wp.com\/www.polizeichor-dresden.de\/wp-content\/uploads\/2025\/01\/PCDD-WK2024_-5195.jpg?strip=info&#038;w=800&#038;ssl=1 800w\" alt=\"\" data-height=\"534\" data-id=\"3234\" data-link=\"https:\/\/www.polizeichor-dresden.de\/?attachment_id=3234\" data-url=\"https:\/\/www.polizeichor-dresden.de\/wp-content\/uploads\/2025\/01\/PCDD-WK2024_-5195.jpg\" data-width=\"800\" src=\"https:\/\/i2.wp.com\/www.polizeichor-dresden.de\/wp-content\/uploads\/2025\/01\/PCDD-WK2024_-5195.jpg?ssl=1\" data-amp-layout=\"responsive\"\/><\/figure><\/div><div class=\"tiled-gallery__col\" style=\"flex-basis:13.00730%\"><figure class=\"tiled-gallery__item\"><img data-attachment-id=\"3235\" data-permalink=\"https:\/\/www.polizeichor-dresden.de\/?attachment_id=3235\" data-orig-file=\"https:\/\/i0.wp.com\/www.polizeichor-dresden.de\/wp-content\/uploads\/2025\/01\/PCDD-WK2024_-5220.jpg?fit=534%2C800&amp;ssl=1\" data-orig-size=\"534,800\" data-comments-opened=\"1\" data-image-meta=\"{&quot;aperture&quot;:&quot;0&quot;,&quot;credit&quot;:&quot;Jan Wiedemann&quot;,&quot;camera&quot;:&quot;&quot;,&quot;caption&quot;:&quot;&quot;,&quot;created_timestamp&quot;:&quot;0&quot;,&quot;copyright&quot;:&quot;Jan Wiedemann&quot;,&quot;focal_length&quot;:&quot;0&quot;,&quot;iso&quot;:&quot;0&quot;,&quot;shutter_speed&quot;:&quot;0&quot;,&quot;title&quot;:&quot;&quot;,&quot;orientation&quot;:&quot;1&quot;}\" data-image-title=\"PCDD-WK2024_-5220\" data-image-description=\"\" data-image-caption=\"\" data-medium-file=\"https:\/\/i0.wp.com\/www.polizeichor-dresden.de\/wp-content\/uploads\/2025\/01\/PCDD-WK2024_-5220.jpg?fit=200%2C300&amp;ssl=1\" data-large-file=\"https:\/\/i0.wp.com\/www.polizeichor-dresden.de\/wp-content\/uploads\/2025\/01\/PCDD-WK2024_-5220.jpg?fit=534%2C800&amp;ssl=1\" decoding=\"async\" data-attachment-id=\"3235\" data-permalink=\"https:\/\/www.polizeichor-dresden.de\/?attachment_id=3235\" data-orig-file=\"https:\/\/i0.wp.com\/www.polizeichor-dresden.de\/wp-content\/uploads\/2025\/01\/PCDD-WK2024_-5220.jpg?fit=534%2C800&amp;ssl=1\" data-orig-size=\"534,800\" data-comments-opened=\"1\" data-image-meta=\"{&quot;aperture&quot;:&quot;0&quot;,&quot;credit&quot;:&quot;Jan Wiedemann&quot;,&quot;camera&quot;:&quot;&quot;,&quot;caption&quot;:&quot;&quot;,&quot;created_timestamp&quot;:&quot;0&quot;,&quot;copyright&quot;:&quot;Jan Wiedemann&quot;,&quot;focal_length&quot;:&quot;0&quot;,&quot;iso&quot;:&quot;0&quot;,&quot;shutter_speed&quot;:&quot;0&quot;,&quot;title&quot;:&quot;&quot;,&quot;orientation&quot;:&quot;1&quot;}\" data-image-title=\"PCDD-WK2024_-5220\" data-image-description=\"\" data-image-caption=\"\" data-medium-file=\"https:\/\/i0.wp.com\/www.polizeichor-dresden.de\/wp-content\/uploads\/2025\/01\/PCDD-WK2024_-5220.jpg?fit=200%2C300&amp;ssl=1\" data-large-file=\"https:\/\/i0.wp.com\/www.polizeichor-dresden.de\/wp-content\/uploads\/2025\/01\/PCDD-WK2024_-5220.jpg?fit=534%2C800&amp;ssl=1\" srcset=\"https:\/\/i0.wp.com\/www.polizeichor-dresden.de\/wp-content\/uploads\/2025\/01\/PCDD-WK2024_-5220.jpg?strip=info&#038;w=534&#038;ssl=1 534w\" alt=\"\" data-height=\"800\" data-id=\"3235\" data-link=\"https:\/\/www.polizeichor-dresden.de\/?attachment_id=3235\" data-url=\"https:\/\/www.polizeichor-dresden.de\/wp-content\/uploads\/2025\/01\/PCDD-WK2024_-5220.jpg\" data-width=\"534\" src=\"https:\/\/i0.wp.com\/www.polizeichor-dresden.de\/wp-content\/uploads\/2025\/01\/PCDD-WK2024_-5220.jpg?ssl=1\" data-amp-layout=\"responsive\"\/><\/figure><\/div><div class=\"tiled-gallery__col\" style=\"flex-basis:28.99757%\"><figure class=\"tiled-gallery__item\"><img data-attachment-id=\"3236\" data-permalink=\"https:\/\/www.polizeichor-dresden.de\/?attachment_id=3236\" data-orig-file=\"https:\/\/i0.wp.com\/www.polizeichor-dresden.de\/wp-content\/uploads\/2025\/01\/PCDD-WK2024_-5253.jpg?fit=800%2C534&amp;ssl=1\" data-orig-size=\"800,534\" data-comments-opened=\"1\" data-image-meta=\"{&quot;aperture&quot;:&quot;0&quot;,&quot;credit&quot;:&quot;Jan Wiedemann&quot;,&quot;camera&quot;:&quot;&quot;,&quot;caption&quot;:&quot;&quot;,&quot;created_timestamp&quot;:&quot;0&quot;,&quot;copyright&quot;:&quot;Jan Wiedemann&quot;,&quot;focal_length&quot;:&quot;0&quot;,&quot;iso&quot;:&quot;0&quot;,&quot;shutter_speed&quot;:&quot;0&quot;,&quot;title&quot;:&quot;&quot;,&quot;orientation&quot;:&quot;1&quot;}\" data-image-title=\"PCDD-WK2024_-5253\" data-image-description=\"\" data-image-caption=\"\" data-medium-file=\"https:\/\/i0.wp.com\/www.polizeichor-dresden.de\/wp-content\/uploads\/2025\/01\/PCDD-WK2024_-5253.jpg?fit=300%2C200&amp;ssl=1\" data-large-file=\"https:\/\/i0.wp.com\/www.polizeichor-dresden.de\/wp-content\/uploads\/2025\/01\/PCDD-WK2024_-5253.jpg?fit=800%2C534&amp;ssl=1\" decoding=\"async\" data-attachment-id=\"3236\" data-permalink=\"https:\/\/www.polizeichor-dresden.de\/?attachment_id=3236\" data-orig-file=\"https:\/\/i0.wp.com\/www.polizeichor-dresden.de\/wp-content\/uploads\/2025\/01\/PCDD-WK2024_-5253.jpg?fit=800%2C534&amp;ssl=1\" data-orig-size=\"800,534\" data-comments-opened=\"1\" data-image-meta=\"{&quot;aperture&quot;:&quot;0&quot;,&quot;credit&quot;:&quot;Jan Wiedemann&quot;,&quot;camera&quot;:&quot;&quot;,&quot;caption&quot;:&quot;&quot;,&quot;created_timestamp&quot;:&quot;0&quot;,&quot;copyright&quot;:&quot;Jan Wiedemann&quot;,&quot;focal_length&quot;:&quot;0&quot;,&quot;iso&quot;:&quot;0&quot;,&quot;shutter_speed&quot;:&quot;0&quot;,&quot;title&quot;:&quot;&quot;,&quot;orientation&quot;:&quot;1&quot;}\" data-image-title=\"PCDD-WK2024_-5253\" data-image-description=\"\" data-image-caption=\"\" data-medium-file=\"https:\/\/i0.wp.com\/www.polizeichor-dresden.de\/wp-content\/uploads\/2025\/01\/PCDD-WK2024_-5253.jpg?fit=300%2C200&amp;ssl=1\" data-large-file=\"https:\/\/i0.wp.com\/www.polizeichor-dresden.de\/wp-content\/uploads\/2025\/01\/PCDD-WK2024_-5253.jpg?fit=800%2C534&amp;ssl=1\" srcset=\"https:\/\/i0.wp.com\/www.polizeichor-dresden.de\/wp-content\/uploads\/2025\/01\/PCDD-WK2024_-5253.jpg?strip=info&#038;w=600&#038;ssl=1 600w,https:\/\/i0.wp.com\/www.polizeichor-dresden.de\/wp-content\/uploads\/2025\/01\/PCDD-WK2024_-5253.jpg?strip=info&#038;w=800&#038;ssl=1 800w\" alt=\"\" data-height=\"534\" data-id=\"3236\" data-link=\"https:\/\/www.polizeichor-dresden.de\/?attachment_id=3236\" data-url=\"https:\/\/www.polizeichor-dresden.de\/wp-content\/uploads\/2025\/01\/PCDD-WK2024_-5253.jpg\" data-width=\"800\" src=\"https:\/\/i0.wp.com\/www.polizeichor-dresden.de\/wp-content\/uploads\/2025\/01\/PCDD-WK2024_-5253.jpg?ssl=1\" data-amp-layout=\"responsive\"\/><\/figure><\/div><div class=\"tiled-gallery__col\" style=\"flex-basis:28.99757%\"><figure class=\"tiled-gallery__item\"><img data-attachment-id=\"3237\" data-permalink=\"https:\/\/www.polizeichor-dresden.de\/?attachment_id=3237\" data-orig-file=\"https:\/\/i0.wp.com\/www.polizeichor-dresden.de\/wp-content\/uploads\/2025\/01\/PCDD-WK2024_-5263.jpg?fit=800%2C534&amp;ssl=1\" data-orig-size=\"800,534\" data-comments-opened=\"1\" data-image-meta=\"{&quot;aperture&quot;:&quot;0&quot;,&quot;credit&quot;:&quot;Jan Wiedemann&quot;,&quot;camera&quot;:&quot;&quot;,&quot;caption&quot;:&quot;&quot;,&quot;created_timestamp&quot;:&quot;0&quot;,&quot;copyright&quot;:&quot;Jan Wiedemann&quot;,&quot;focal_length&quot;:&quot;0&quot;,&quot;iso&quot;:&quot;0&quot;,&quot;shutter_speed&quot;:&quot;0&quot;,&quot;title&quot;:&quot;&quot;,&quot;orientation&quot;:&quot;1&quot;}\" data-image-title=\"PCDD-WK2024_-5263\" data-image-description=\"\" data-image-caption=\"\" data-medium-file=\"https:\/\/i0.wp.com\/www.polizeichor-dresden.de\/wp-content\/uploads\/2025\/01\/PCDD-WK2024_-5263.jpg?fit=300%2C200&amp;ssl=1\" data-large-file=\"https:\/\/i0.wp.com\/www.polizeichor-dresden.de\/wp-content\/uploads\/2025\/01\/PCDD-WK2024_-5263.jpg?fit=800%2C534&amp;ssl=1\" decoding=\"async\" data-attachment-id=\"3237\" data-permalink=\"https:\/\/www.polizeichor-dresden.de\/?attachment_id=3237\" data-orig-file=\"https:\/\/i0.wp.com\/www.polizeichor-dresden.de\/wp-content\/uploads\/2025\/01\/PCDD-WK2024_-5263.jpg?fit=800%2C534&amp;ssl=1\" data-orig-size=\"800,534\" data-comments-opened=\"1\" data-image-meta=\"{&quot;aperture&quot;:&quot;0&quot;,&quot;credit&quot;:&quot;Jan Wiedemann&quot;,&quot;camera&quot;:&quot;&quot;,&quot;caption&quot;:&quot;&quot;,&quot;created_timestamp&quot;:&quot;0&quot;,&quot;copyright&quot;:&quot;Jan Wiedemann&quot;,&quot;focal_length&quot;:&quot;0&quot;,&quot;iso&quot;:&quot;0&quot;,&quot;shutter_speed&quot;:&quot;0&quot;,&quot;title&quot;:&quot;&quot;,&quot;orientation&quot;:&quot;1&quot;}\" data-image-title=\"PCDD-WK2024_-5263\" data-image-description=\"\" data-image-caption=\"\" data-medium-file=\"https:\/\/i0.wp.com\/www.polizeichor-dresden.de\/wp-content\/uploads\/2025\/01\/PCDD-WK2024_-5263.jpg?fit=300%2C200&amp;ssl=1\" data-large-file=\"https:\/\/i0.wp.com\/www.polizeichor-dresden.de\/wp-content\/uploads\/2025\/01\/PCDD-WK2024_-5263.jpg?fit=800%2C534&amp;ssl=1\" srcset=\"https:\/\/i0.wp.com\/www.polizeichor-dresden.de\/wp-content\/uploads\/2025\/01\/PCDD-WK2024_-5263.jpg?strip=info&#038;w=600&#038;ssl=1 600w,https:\/\/i0.wp.com\/www.polizeichor-dresden.de\/wp-content\/uploads\/2025\/01\/PCDD-WK2024_-5263.jpg?strip=info&#038;w=800&#038;ssl=1 800w\" alt=\"\" data-height=\"534\" data-id=\"3237\" data-link=\"https:\/\/www.polizeichor-dresden.de\/?attachment_id=3237\" data-url=\"https:\/\/www.polizeichor-dresden.de\/wp-content\/uploads\/2025\/01\/PCDD-WK2024_-5263.jpg\" data-width=\"800\" src=\"https:\/\/i0.wp.com\/www.polizeichor-dresden.de\/wp-content\/uploads\/2025\/01\/PCDD-WK2024_-5263.jpg?ssl=1\" data-amp-layout=\"responsive\"\/><\/figure><\/div><\/div><\/div><\/div>\n","protected":false},"excerpt":{"rendered":"<p>Am 15. Dezember lud der Polizeichor Dresden zu seinen traditionellen Weihnachtskonzerten in die Martin-Luther-Kirche ein. Gleich zweimal, um 15:00 Uhr und 18:00 Uhr, erf\u00fcllte der Chor die festlich geschm\u00fcckte Kirche mit weihnachtlichen Kl\u00e4ngen. Trotz einer kurzfristigen Programm\u00e4nderung waren die Konzerte ein voller Erfolg.<\/p>\n","protected":false},"author":3,"featured_media":0,"comment_status":"open","ping_status":"open","sticky":false,"template":"","format":"standard","meta":{"ngg_post_thumbnail":0,"jetpack_post_was_ever_published":false,"jetpack_publicize_message":"","jetpack_is_tweetstorm":false,"jetpack_publicize_feature_enabled":false,"jetpack_social_post_already_shared":false,"jetpack_social_options":{"image_generator_settings":{"template":"highway","enabled":false}}},"categories":[1,3],"tags":[18,6,5,4],"jetpack_publicize_connections":[],"aioseo_notices":[],"jetpack_featured_media_url":"","jetpack_shortlink":"https:\/\/wp.me\/p32b0X-PD","jetpack_sharing_enabled":true,"_links":{"self":[{"href":"https:\/\/www.polizeichor-dresden.de\/index.php?rest_route=\/wp\/v2\/posts\/3201"}],"collection":[{"href":"https:\/\/www.polizeichor-dresden.de\/index.php?rest_route=\/wp\/v2\/posts"}],"about":[{"href":"https:\/\/www.polizeichor-dresden.de\/index.php?rest_route=\/wp\/v2\/types\/post"}],"author":[{"embeddable":true,"href":"https:\/\/www.polizeichor-dresden.de\/index.php?rest_route=\/wp\/v2\/users\/3"}],"replies":[{"embeddable":true,"href":"https:\/\/www.polizeichor-dresden.de\/index.php?rest_route=%2Fwp%2Fv2%2Fcomments&post=3201"}],"version-history":[{"count":3,"href":"https:\/\/www.polizeichor-dresden.de\/index.php?rest_route=\/wp\/v2\/posts\/3201\/revisions"}],"predecessor-version":[{"id":3240,"href":"https:\/\/www.polizeichor-dresden.de\/index.php?rest_route=\/wp\/v2\/posts\/3201\/revisions\/3240"}],"wp:attachment":[{"href":"https:\/\/www.polizeichor-dresden.de\/index.php?rest_route=%2Fwp%2Fv2%2Fmedia&parent=3201"}],"wp:term":[{"taxonomy":"category","embeddable":true,"href":"https:\/\/www.polizeichor-dresden.de\/index.php?rest_route=%2Fwp%2Fv2%2Fcategories&post=3201"},{"taxonomy":"post_tag","embeddable":true,"href":"https:\/\/www.polizeichor-dresden.de\/index.php?rest_route=%2Fwp%2Fv2%2Ftags&post=3201"}],"curies":[{"name":"wp","href":"https:\/\/api.w.org\/{rel}","templated":true}]}}