{"id":2891,"date":"2023-11-11T22:47:07","date_gmt":"2023-11-11T20:47:07","guid":{"rendered":"https:\/\/www.polizeichor-dresden.de\/?p=2891"},"modified":"2023-11-11T22:47:12","modified_gmt":"2023-11-11T20:47:12","slug":"probenwochenende-in-colditz","status":"publish","type":"post","link":"https:\/\/www.polizeichor-dresden.de\/?p=2891","title":{"rendered":"Probenwochenende in Colditz"},"content":{"rendered":"\n<p><img data-attachment-id=\"2903\" data-permalink=\"https:\/\/www.polizeichor-dresden.de\/?attachment_id=2903\" data-orig-file=\"https:\/\/i0.wp.com\/www.polizeichor-dresden.de\/wp-content\/uploads\/2023\/11\/PXL_20231104_114600906-scaled.jpg?fit=2560%2C1440&amp;ssl=1\" data-orig-size=\"2560,1440\" data-comments-opened=\"1\" data-image-meta=\"{&quot;aperture&quot;:&quot;2.2&quot;,&quot;credit&quot;:&quot;&quot;,&quot;camera&quot;:&quot;Pixel 6&quot;,&quot;caption&quot;:&quot;&quot;,&quot;created_timestamp&quot;:&quot;1699101960&quot;,&quot;copyright&quot;:&quot;&quot;,&quot;focal_length&quot;:&quot;2.35&quot;,&quot;iso&quot;:&quot;54&quot;,&quot;shutter_speed&quot;:&quot;0.000102&quot;,&quot;title&quot;:&quot;&quot;,&quot;orientation&quot;:&quot;1&quot;}\" data-image-title=\"PXL_20231104_114600906\" data-image-description=\"\" data-image-caption=\"\" data-medium-file=\"https:\/\/i0.wp.com\/www.polizeichor-dresden.de\/wp-content\/uploads\/2023\/11\/PXL_20231104_114600906-scaled.jpg?fit=300%2C169&amp;ssl=1\" data-large-file=\"https:\/\/i0.wp.com\/www.polizeichor-dresden.de\/wp-content\/uploads\/2023\/11\/PXL_20231104_114600906-scaled.jpg?fit=1024%2C576&amp;ssl=1\" decoding=\"async\" loading=\"lazy\" width=\"2560\" height=\"1440\" class=\"wp-image-2903\" style=\"width: 350px;\" src=\"https:\/\/i0.wp.com\/www.polizeichor-dresden.de\/wp-content\/uploads\/2023\/11\/PXL_20231104_114600906-scaled.jpg?resize=2560%2C1440&#038;ssl=1\" alt=\"\" align=\"right\" srcset=\"https:\/\/i0.wp.com\/www.polizeichor-dresden.de\/wp-content\/uploads\/2023\/11\/PXL_20231104_114600906-scaled.jpg?w=2560&amp;ssl=1 2560w, https:\/\/i0.wp.com\/www.polizeichor-dresden.de\/wp-content\/uploads\/2023\/11\/PXL_20231104_114600906-scaled.jpg?resize=300%2C169&amp;ssl=1 300w, https:\/\/i0.wp.com\/www.polizeichor-dresden.de\/wp-content\/uploads\/2023\/11\/PXL_20231104_114600906-scaled.jpg?resize=1024%2C576&amp;ssl=1 1024w, https:\/\/i0.wp.com\/www.polizeichor-dresden.de\/wp-content\/uploads\/2023\/11\/PXL_20231104_114600906-scaled.jpg?resize=768%2C432&amp;ssl=1 768w, https:\/\/i0.wp.com\/www.polizeichor-dresden.de\/wp-content\/uploads\/2023\/11\/PXL_20231104_114600906-scaled.jpg?resize=1536%2C864&amp;ssl=1 1536w, https:\/\/i0.wp.com\/www.polizeichor-dresden.de\/wp-content\/uploads\/2023\/11\/PXL_20231104_114600906-scaled.jpg?resize=2048%2C1152&amp;ssl=1 2048w\" sizes=\"(max-width: 1000px) 100vw, 1000px\" data-recalc-dims=\"1\" \/>In diesem Jahr ging&#8217;s ziemlich zeitig zum allj\u00e4hrlichen Chorausflug ins Leipziger Vorland, schlie\u00dflich waren es bis zum 3. Advent noch sechs Wochen. Die <a href=\"https:\/\/www.schloss-colditz.de\" title=\"\">Landesmusikakademie in Colditz nebst angeschlossener Jugendherberge<\/a> empfing den Polizeichor aus Dresden vom 3. bis 5. November. Mal wieder stand ein intensives und produktives Probenwochenende im Schloss auf dem Plan. <\/p>\n\n\n\n<!--more-->\n\n\n\n<p>Die Zielsetzung wie jedes Jahr: Das Programm f\u00fcrs Weihnachtskonzert muss einstudiert werden, am Gesang, an den Texten wird ausgiebig &#8222;gefeilt&#8220; und nat\u00fcrlich soll auch das Vereinsleben nicht zu kurz kommen. Das alles wie bew\u00e4hrt, unterst\u00fctzt von erstklassiger Verpflegung vor Ort &#8211; ein gro\u00dfes Dankesch\u00f6n wie immer an das dortige K\u00fcchenteam! <\/p>\n\n\n\n<p>Abfahrt Freitag DD-Schie\u00dfgasse, p\u00fcnktlich 16 Uhr, alle auf den Bus Gebuchten sind da, gibt&#8217;s doch nicht, echt? &#x1f602; Nach reichlich einst\u00fcndiger Fahrt OHNE Stau auf der A4, gab es nach der Ankunft um 18 Uhr ein herzhaftes Abendessen, St\u00e4rkung bevor es an die Proben ging. ToDo freitags f\u00fcr jedes Chormitglied: Betten beziehen, nen sch\u00f6nen Platz in Mitten seiner Lieben (Stimmgruppe) suchen, pers\u00f6nlichen Notenst\u00e4nder aufstellen, \u00fcberhaupt &#8211; mental ankommen.  <\/p>\n\n\n\n<p><img data-attachment-id=\"2905\" data-permalink=\"https:\/\/www.polizeichor-dresden.de\/?attachment_id=2905\" data-orig-file=\"https:\/\/i0.wp.com\/www.polizeichor-dresden.de\/wp-content\/uploads\/2023\/11\/2023-Coldtz-Chorleitung-scaled.jpg?fit=2560%2C1572&amp;ssl=1\" data-orig-size=\"2560,1572\" data-comments-opened=\"1\" data-image-meta=\"{&quot;aperture&quot;:&quot;0&quot;,&quot;credit&quot;:&quot;&quot;,&quot;camera&quot;:&quot;&quot;,&quot;caption&quot;:&quot;&quot;,&quot;created_timestamp&quot;:&quot;0&quot;,&quot;copyright&quot;:&quot;&quot;,&quot;focal_length&quot;:&quot;0&quot;,&quot;iso&quot;:&quot;0&quot;,&quot;shutter_speed&quot;:&quot;0&quot;,&quot;title&quot;:&quot;&quot;,&quot;orientation&quot;:&quot;0&quot;}\" data-image-title=\"2023-Coldtz-Chorleitung\" data-image-description=\"\" data-image-caption=\"\" data-medium-file=\"https:\/\/i0.wp.com\/www.polizeichor-dresden.de\/wp-content\/uploads\/2023\/11\/2023-Coldtz-Chorleitung-scaled.jpg?fit=300%2C184&amp;ssl=1\" data-large-file=\"https:\/\/i0.wp.com\/www.polizeichor-dresden.de\/wp-content\/uploads\/2023\/11\/2023-Coldtz-Chorleitung-scaled.jpg?fit=1024%2C629&amp;ssl=1\" decoding=\"async\" loading=\"lazy\" width=\"2560\" height=\"1572\" align=\"left\" class=\"wp-image-2905\" style=\"width: 450px; margin-left: 5px; margin-bottom: 5px;\" src=\"https:\/\/i0.wp.com\/www.polizeichor-dresden.de\/wp-content\/uploads\/2023\/11\/2023-Coldtz-Chorleitung-scaled.jpg?resize=2560%2C1572&#038;ssl=1\" alt=\"\" srcset=\"https:\/\/i0.wp.com\/www.polizeichor-dresden.de\/wp-content\/uploads\/2023\/11\/2023-Coldtz-Chorleitung-scaled.jpg?w=2560&amp;ssl=1 2560w, https:\/\/i0.wp.com\/www.polizeichor-dresden.de\/wp-content\/uploads\/2023\/11\/2023-Coldtz-Chorleitung-scaled.jpg?resize=300%2C184&amp;ssl=1 300w, https:\/\/i0.wp.com\/www.polizeichor-dresden.de\/wp-content\/uploads\/2023\/11\/2023-Coldtz-Chorleitung-scaled.jpg?resize=1024%2C629&amp;ssl=1 1024w, https:\/\/i0.wp.com\/www.polizeichor-dresden.de\/wp-content\/uploads\/2023\/11\/2023-Coldtz-Chorleitung-scaled.jpg?resize=768%2C471&amp;ssl=1 768w, https:\/\/i0.wp.com\/www.polizeichor-dresden.de\/wp-content\/uploads\/2023\/11\/2023-Coldtz-Chorleitung-scaled.jpg?resize=1536%2C943&amp;ssl=1 1536w, https:\/\/i0.wp.com\/www.polizeichor-dresden.de\/wp-content\/uploads\/2023\/11\/2023-Coldtz-Chorleitung-scaled.jpg?resize=2048%2C1257&amp;ssl=1 2048w\" sizes=\"(max-width: 1000px) 100vw, 1000px\" data-recalc-dims=\"1\" \/>Der Samstag stand ganz im Zeichen der Proben. Der gesamte Tag wurde genutzt, um an den musikalischen St\u00fccken zu feilen und die Performance zu optimieren. Unsere zwei mitgereisten Chorleiterinnen Elke Linder und Tatiana Boguta arbeiteten mit uns in einzelnen Stimmgruppen bzw. vor versammelter Mannschaft. Die Landesmusikakademie Colditz bietet hier f\u00fcr Ch\u00f6re optimale Probenbedingungen. Singen vor einem Spiegel zum Beispiel, wann hat Mann\/Frau das schon mal. Und die Akustik: Parkettfu\u00dfb\u00f6den, Holzvert\u00e4felung, abgehangene Decken und der Knaller: Immer ein Fl\u00fcgel im Raum. Die konzentrierte Arbeit wurde durch kurze Pausen unterbrochen, um die Stimmb\u00e4nder zu schonen und den Chormitgliedern eine Verschnaufpause zu g\u00f6nnen, wir werden ja alle nicht j\u00fcnger. Hatte ich schon erw\u00e4hnt, dass es lecker Verpflegung \u00fcber den ganzen Tag gab.<\/p>\n\n\n\n<p><img data-attachment-id=\"2915\" data-permalink=\"https:\/\/www.polizeichor-dresden.de\/?attachment_id=2915\" data-orig-file=\"https:\/\/i0.wp.com\/www.polizeichor-dresden.de\/wp-content\/uploads\/2023\/11\/Huttisch-1.jpeg?fit=2048%2C1260&amp;ssl=1\" data-orig-size=\"2048,1260\" data-comments-opened=\"1\" data-image-meta=\"{&quot;aperture&quot;:&quot;0&quot;,&quot;credit&quot;:&quot;&quot;,&quot;camera&quot;:&quot;&quot;,&quot;caption&quot;:&quot;&quot;,&quot;created_timestamp&quot;:&quot;0&quot;,&quot;copyright&quot;:&quot;&quot;,&quot;focal_length&quot;:&quot;0&quot;,&quot;iso&quot;:&quot;0&quot;,&quot;shutter_speed&quot;:&quot;0&quot;,&quot;title&quot;:&quot;&quot;,&quot;orientation&quot;:&quot;1&quot;}\" data-image-title=\"Huttisch\" data-image-description=\"\" data-image-caption=\"\" data-medium-file=\"https:\/\/i0.wp.com\/www.polizeichor-dresden.de\/wp-content\/uploads\/2023\/11\/Huttisch-1.jpeg?fit=300%2C185&amp;ssl=1\" data-large-file=\"https:\/\/i0.wp.com\/www.polizeichor-dresden.de\/wp-content\/uploads\/2023\/11\/Huttisch-1.jpeg?fit=1024%2C630&amp;ssl=1\" decoding=\"async\" loading=\"lazy\" width=\"2048\" height=\"1260\" class=\"wp-image-2915\" style=\"width: 300px;\" src=\"https:\/\/i0.wp.com\/www.polizeichor-dresden.de\/wp-content\/uploads\/2023\/11\/Huttisch-1.jpeg?resize=2048%2C1260&#038;ssl=1\" alt=\"\" align=\"right\" srcset=\"https:\/\/i0.wp.com\/www.polizeichor-dresden.de\/wp-content\/uploads\/2023\/11\/Huttisch-1.jpeg?w=2048&amp;ssl=1 2048w, https:\/\/i0.wp.com\/www.polizeichor-dresden.de\/wp-content\/uploads\/2023\/11\/Huttisch-1.jpeg?resize=300%2C185&amp;ssl=1 300w, https:\/\/i0.wp.com\/www.polizeichor-dresden.de\/wp-content\/uploads\/2023\/11\/Huttisch-1.jpeg?resize=1024%2C630&amp;ssl=1 1024w, https:\/\/i0.wp.com\/www.polizeichor-dresden.de\/wp-content\/uploads\/2023\/11\/Huttisch-1.jpeg?resize=768%2C473&amp;ssl=1 768w, https:\/\/i0.wp.com\/www.polizeichor-dresden.de\/wp-content\/uploads\/2023\/11\/Huttisch-1.jpeg?resize=1536%2C945&amp;ssl=1 1536w\" sizes=\"(max-width: 1000px) 100vw, 1000px\" data-recalc-dims=\"1\" \/>Nach getaner Probenarbeit war es dann Zeit f\u00fcr den traditionellen Vereinsabend. Ab 19:30 Uhr wurde im Klubraum eine stimmungsvolle Disko veranstaltet, bei der die S\u00e4ngerinnen und S\u00e4nger das Tanzbein schwingen konnten. <\/p>\n\n\n\n<p>Das Motto des Abends: &#8222;Der Polizeichor ist wohlbeh\u00fctet&#8220; wurde von allen dankend angenommen. Die Auswahl an kreativem Hutschmuck erstaunte und machte eine Abstimmung, welcher Kopfschmuck der ausgefallenste oder sch\u00f6nste des Abends war, unabdingbar. Geboten wurde von ausschweifend hoch, \u00fcber kurz davor selbst gefaltet, bis zu allerlei Panamah\u00fcten einiges. Den meisten Beifall unter notarieller Aufsicht von Herrn Orlowski per Hand gestoppt, bekam das Modell &#8222;Lady in Red&#8220;. <\/p>\n\n\n\n<figure data-carousel-extra='{\"blog_id\":1,\"permalink\":\"https:\\\/\\\/www.polizeichor-dresden.de\\\/?p=2891\"}'  class=\"wp-block-gallery has-nested-images columns-default is-cropped wp-block-gallery-1 is-layout-flex\">\n<figure class=\"wp-block-image size-large\"><a href=\"https:\/\/i0.wp.com\/www.polizeichor-dresden.de\/wp-content\/uploads\/2023\/11\/Party-1.jpeg?ssl=1\" rel=\"lightbox[2891]\"><img data-attachment-id=\"2909\" data-permalink=\"https:\/\/www.polizeichor-dresden.de\/?attachment_id=2909\" data-orig-file=\"https:\/\/i0.wp.com\/www.polizeichor-dresden.de\/wp-content\/uploads\/2023\/11\/Party-1.jpeg?fit=2016%2C1134&amp;ssl=1\" data-orig-size=\"2016,1134\" data-comments-opened=\"1\" data-image-meta=\"{&quot;aperture&quot;:&quot;0&quot;,&quot;credit&quot;:&quot;&quot;,&quot;camera&quot;:&quot;&quot;,&quot;caption&quot;:&quot;&quot;,&quot;created_timestamp&quot;:&quot;0&quot;,&quot;copyright&quot;:&quot;&quot;,&quot;focal_length&quot;:&quot;0&quot;,&quot;iso&quot;:&quot;0&quot;,&quot;shutter_speed&quot;:&quot;0&quot;,&quot;title&quot;:&quot;&quot;,&quot;orientation&quot;:&quot;0&quot;}\" data-image-title=\"Party-1\" data-image-description=\"\" data-image-caption=\"\" data-medium-file=\"https:\/\/i0.wp.com\/www.polizeichor-dresden.de\/wp-content\/uploads\/2023\/11\/Party-1.jpeg?fit=300%2C169&amp;ssl=1\" data-large-file=\"https:\/\/i0.wp.com\/www.polizeichor-dresden.de\/wp-content\/uploads\/2023\/11\/Party-1.jpeg?fit=1024%2C576&amp;ssl=1\" decoding=\"async\" loading=\"lazy\" width=\"1024\" height=\"576\" data-id=\"2909\"  src=\"https:\/\/i0.wp.com\/www.polizeichor-dresden.de\/wp-content\/uploads\/2023\/11\/Party-1.jpeg?resize=1024%2C576&#038;ssl=1\" alt=\"\" class=\"wp-image-2909\" srcset=\"https:\/\/i0.wp.com\/www.polizeichor-dresden.de\/wp-content\/uploads\/2023\/11\/Party-1.jpeg?resize=1024%2C576&amp;ssl=1 1024w, https:\/\/i0.wp.com\/www.polizeichor-dresden.de\/wp-content\/uploads\/2023\/11\/Party-1.jpeg?resize=300%2C169&amp;ssl=1 300w, https:\/\/i0.wp.com\/www.polizeichor-dresden.de\/wp-content\/uploads\/2023\/11\/Party-1.jpeg?resize=768%2C432&amp;ssl=1 768w, https:\/\/i0.wp.com\/www.polizeichor-dresden.de\/wp-content\/uploads\/2023\/11\/Party-1.jpeg?resize=1536%2C864&amp;ssl=1 1536w, https:\/\/i0.wp.com\/www.polizeichor-dresden.de\/wp-content\/uploads\/2023\/11\/Party-1.jpeg?w=2016&amp;ssl=1 2016w\" sizes=\"(max-width: 1000px) 100vw, 1000px\" data-recalc-dims=\"1\" \/><\/a><\/figure>\n\n\n\n<figure class=\"wp-block-image size-large\"><a href=\"https:\/\/i0.wp.com\/www.polizeichor-dresden.de\/wp-content\/uploads\/2023\/11\/Party-2.jpeg?ssl=1\" rel=\"lightbox[2891]\"><img data-attachment-id=\"2910\" data-permalink=\"https:\/\/www.polizeichor-dresden.de\/?attachment_id=2910\" data-orig-file=\"https:\/\/i0.wp.com\/www.polizeichor-dresden.de\/wp-content\/uploads\/2023\/11\/Party-2.jpeg?fit=2048%2C1536&amp;ssl=1\" data-orig-size=\"2048,1536\" data-comments-opened=\"1\" data-image-meta=\"{&quot;aperture&quot;:&quot;0&quot;,&quot;credit&quot;:&quot;&quot;,&quot;camera&quot;:&quot;&quot;,&quot;caption&quot;:&quot;&quot;,&quot;created_timestamp&quot;:&quot;0&quot;,&quot;copyright&quot;:&quot;&quot;,&quot;focal_length&quot;:&quot;0&quot;,&quot;iso&quot;:&quot;0&quot;,&quot;shutter_speed&quot;:&quot;0&quot;,&quot;title&quot;:&quot;&quot;,&quot;orientation&quot;:&quot;0&quot;}\" data-image-title=\"Party-2\" data-image-description=\"\" data-image-caption=\"\" data-medium-file=\"https:\/\/i0.wp.com\/www.polizeichor-dresden.de\/wp-content\/uploads\/2023\/11\/Party-2.jpeg?fit=300%2C225&amp;ssl=1\" data-large-file=\"https:\/\/i0.wp.com\/www.polizeichor-dresden.de\/wp-content\/uploads\/2023\/11\/Party-2.jpeg?fit=1024%2C768&amp;ssl=1\" decoding=\"async\" loading=\"lazy\" width=\"1024\" height=\"768\" data-id=\"2910\"  src=\"https:\/\/i0.wp.com\/www.polizeichor-dresden.de\/wp-content\/uploads\/2023\/11\/Party-2.jpeg?resize=1024%2C768&#038;ssl=1\" alt=\"\" class=\"wp-image-2910\" srcset=\"https:\/\/i0.wp.com\/www.polizeichor-dresden.de\/wp-content\/uploads\/2023\/11\/Party-2.jpeg?resize=1024%2C768&amp;ssl=1 1024w, https:\/\/i0.wp.com\/www.polizeichor-dresden.de\/wp-content\/uploads\/2023\/11\/Party-2.jpeg?resize=300%2C225&amp;ssl=1 300w, https:\/\/i0.wp.com\/www.polizeichor-dresden.de\/wp-content\/uploads\/2023\/11\/Party-2.jpeg?resize=768%2C576&amp;ssl=1 768w, https:\/\/i0.wp.com\/www.polizeichor-dresden.de\/wp-content\/uploads\/2023\/11\/Party-2.jpeg?resize=1536%2C1152&amp;ssl=1 1536w, https:\/\/i0.wp.com\/www.polizeichor-dresden.de\/wp-content\/uploads\/2023\/11\/Party-2.jpeg?w=2048&amp;ssl=1 2048w\" sizes=\"(max-width: 1000px) 100vw, 1000px\" data-recalc-dims=\"1\" \/><\/a><\/figure>\n\n\n\n<figure class=\"wp-block-image size-large\"><a href=\"https:\/\/i0.wp.com\/www.polizeichor-dresden.de\/wp-content\/uploads\/2023\/11\/Party-3.jpeg?ssl=1\" rel=\"lightbox[2891]\"><img data-attachment-id=\"2911\" data-permalink=\"https:\/\/www.polizeichor-dresden.de\/?attachment_id=2911\" data-orig-file=\"https:\/\/i0.wp.com\/www.polizeichor-dresden.de\/wp-content\/uploads\/2023\/11\/Party-3.jpeg?fit=2016%2C1134&amp;ssl=1\" data-orig-size=\"2016,1134\" data-comments-opened=\"1\" data-image-meta=\"{&quot;aperture&quot;:&quot;0&quot;,&quot;credit&quot;:&quot;&quot;,&quot;camera&quot;:&quot;&quot;,&quot;caption&quot;:&quot;&quot;,&quot;created_timestamp&quot;:&quot;0&quot;,&quot;copyright&quot;:&quot;&quot;,&quot;focal_length&quot;:&quot;0&quot;,&quot;iso&quot;:&quot;0&quot;,&quot;shutter_speed&quot;:&quot;0&quot;,&quot;title&quot;:&quot;&quot;,&quot;orientation&quot;:&quot;0&quot;}\" data-image-title=\"Party-3\" data-image-description=\"\" data-image-caption=\"\" data-medium-file=\"https:\/\/i0.wp.com\/www.polizeichor-dresden.de\/wp-content\/uploads\/2023\/11\/Party-3.jpeg?fit=300%2C169&amp;ssl=1\" data-large-file=\"https:\/\/i0.wp.com\/www.polizeichor-dresden.de\/wp-content\/uploads\/2023\/11\/Party-3.jpeg?fit=1024%2C576&amp;ssl=1\" decoding=\"async\" loading=\"lazy\" width=\"1024\" height=\"576\" data-id=\"2911\"  src=\"https:\/\/i0.wp.com\/www.polizeichor-dresden.de\/wp-content\/uploads\/2023\/11\/Party-3.jpeg?resize=1024%2C576&#038;ssl=1\" alt=\"\" class=\"wp-image-2911\" srcset=\"https:\/\/i0.wp.com\/www.polizeichor-dresden.de\/wp-content\/uploads\/2023\/11\/Party-3.jpeg?resize=1024%2C576&amp;ssl=1 1024w, https:\/\/i0.wp.com\/www.polizeichor-dresden.de\/wp-content\/uploads\/2023\/11\/Party-3.jpeg?resize=300%2C169&amp;ssl=1 300w, https:\/\/i0.wp.com\/www.polizeichor-dresden.de\/wp-content\/uploads\/2023\/11\/Party-3.jpeg?resize=768%2C432&amp;ssl=1 768w, https:\/\/i0.wp.com\/www.polizeichor-dresden.de\/wp-content\/uploads\/2023\/11\/Party-3.jpeg?resize=1536%2C864&amp;ssl=1 1536w, https:\/\/i0.wp.com\/www.polizeichor-dresden.de\/wp-content\/uploads\/2023\/11\/Party-3.jpeg?w=2016&amp;ssl=1 2016w\" sizes=\"(max-width: 1000px) 100vw, 1000px\" data-recalc-dims=\"1\" \/><\/a><\/figure>\n<\/figure>\n\n\n\n<p>Der Sonntagmorgen, bekannterweise immer etwas schwierig f\u00fcr die ganz Feierw\u00fctigen, war nochmal f\u00fcr die Probenarbeit reserviert. Um 12 Uhr gab es ein letztes gemeinsames Mittagessen, das die Chormitglieder f\u00fcr den bevorstehenden R\u00fcckweg st\u00e4rkte. P\u00fcnktlich um 13 Uhr ging es mit dem Bus auf Heimreise nach Dresden.<\/p>\n\n\n\n<p><strong>Fazit:<\/strong> Das Probenwochenende in Colditz war wie immer ein voller Erfolg. Die S\u00e4ngerinnen und S\u00e4nger hatten die Gelegenheit, intensiv an ihrem Repertoire zu arbeiten. Dem Polizeichor Dresden gef\u00e4llt es hier immer au\u00dferordentlich gut. 2024 ist bereits gebucht und, welche Erkenntnis, f\u00fcr die Buchung 2025 gab&#8217;s nicht viel zu diskutieren bzw. auszuw\u00e4hlen: Im Wunschzeitraum war nur noch ein Wochenende verf\u00fcgbar. <\/p>\n\n\n\n<p>In diesem Sinne freuen wir uns auf die zwei Weihnachtskonzerte im Advent und sehen auch schon die Herausforderungen 2024 am Horizont. Zwei gro\u00dfe Namen wecken die Vorfreude: der &#8222;Kulturpalast Dresden&#8220; und unser Gastchor: S\u00e4chsischer Bergsteigerchor \u201eKurt Schlosser\u201c.  <a href=\"https:\/\/dresdnerphilharmonie.eventim-inhouse.de\/webshop\/webticket\/seatmap?eventId=2822\" target=\"_blank\" rel=\"noopener\" title=\"\">Karten gibts daf\u00fcr direkt \u00fcber den Kulturpalast<\/a>, Weihnachten ist ja bald. <\/p>\n\n\n\n<p><\/p>\n\n\n\n<p>Ralph Lippmann<\/p>\n","protected":false},"excerpt":{"rendered":"<p>In diesem Jahr ging&#8217;s ziemlich zeitig zum allj\u00e4hrlichen Chorausflug ins Leipziger Vorland, schlie\u00dflich waren es bis zum 3. Advent noch sechs Wochen. Die Landesmusikakademie in Colditz nebst angeschlossener Jugendherberge empfing den Polizeichor aus Dresden vom 3. bis 5. November. Mal wieder stand ein intensives und produktives Probenwochenende im Schloss auf dem Plan.<\/p>\n","protected":false},"author":6,"featured_media":0,"comment_status":"open","ping_status":"open","sticky":false,"template":"","format":"standard","meta":{"ngg_post_thumbnail":0,"jetpack_post_was_ever_published":false,"jetpack_publicize_message":"","jetpack_is_tweetstorm":false,"jetpack_publicize_feature_enabled":true,"jetpack_social_post_already_shared":true,"jetpack_social_options":{"image_generator_settings":{"template":"highway","enabled":false}}},"categories":[1],"tags":[],"jetpack_publicize_connections":[],"aioseo_notices":[],"jetpack_featured_media_url":"","jetpack_shortlink":"https:\/\/wp.me\/p32b0X-KD","jetpack_sharing_enabled":true,"_links":{"self":[{"href":"https:\/\/www.polizeichor-dresden.de\/index.php?rest_route=\/wp\/v2\/posts\/2891"}],"collection":[{"href":"https:\/\/www.polizeichor-dresden.de\/index.php?rest_route=\/wp\/v2\/posts"}],"about":[{"href":"https:\/\/www.polizeichor-dresden.de\/index.php?rest_route=\/wp\/v2\/types\/post"}],"author":[{"embeddable":true,"href":"https:\/\/www.polizeichor-dresden.de\/index.php?rest_route=\/wp\/v2\/users\/6"}],"replies":[{"embeddable":true,"href":"https:\/\/www.polizeichor-dresden.de\/index.php?rest_route=%2Fwp%2Fv2%2Fcomments&post=2891"}],"version-history":[{"count":25,"href":"https:\/\/www.polizeichor-dresden.de\/index.php?rest_route=\/wp\/v2\/posts\/2891\/revisions"}],"predecessor-version":[{"id":2923,"href":"https:\/\/www.polizeichor-dresden.de\/index.php?rest_route=\/wp\/v2\/posts\/2891\/revisions\/2923"}],"wp:attachment":[{"href":"https:\/\/www.polizeichor-dresden.de\/index.php?rest_route=%2Fwp%2Fv2%2Fmedia&parent=2891"}],"wp:term":[{"taxonomy":"category","embeddable":true,"href":"https:\/\/www.polizeichor-dresden.de\/index.php?rest_route=%2Fwp%2Fv2%2Fcategories&post=2891"},{"taxonomy":"post_tag","embeddable":true,"href":"https:\/\/www.polizeichor-dresden.de\/index.php?rest_route=%2Fwp%2Fv2%2Ftags&post=2891"}],"curies":[{"name":"wp","href":"https:\/\/api.w.org\/{rel}","templated":true}]}}