{"id":2692,"date":"2023-01-06T23:25:55","date_gmt":"2023-01-06T21:25:55","guid":{"rendered":"https:\/\/www.polizeichor-dresden.de\/?p=2692"},"modified":"2023-05-04T21:12:59","modified_gmt":"2023-05-04T19:12:59","slug":"jubilaeumskonzert-fruehjahrskonzert-2023","status":"publish","type":"post","link":"https:\/\/www.polizeichor-dresden.de\/?p=2692","title":{"rendered":"Jubil\u00e4umskonzert\/ Fr\u00fchjahrskonzert 2023"},"content":{"rendered":"\n<p><strong>Der Polizeichor Dresden e.V. feiert sein 70-j\u00e4hriges Jubil\u00e4um.<\/strong><\/p>\n\n\n\n<p><a href=\"https:\/\/i0.wp.com\/www.polizeichor-dresden.de\/wp-content\/uploads\/2023\/01\/JK2023_Poster-_A4-scaled.jpg?ssl=1\" rel=\"lightbox[2692]\"><img data-attachment-id=\"2699\" data-permalink=\"https:\/\/www.polizeichor-dresden.de\/?attachment_id=2699\" data-orig-file=\"https:\/\/i0.wp.com\/www.polizeichor-dresden.de\/wp-content\/uploads\/2023\/01\/JK2023_Poster-_A4-scaled.jpg?fit=1810%2C2560&amp;ssl=1\" data-orig-size=\"1810,2560\" data-comments-opened=\"1\" data-image-meta=\"{&quot;aperture&quot;:&quot;0&quot;,&quot;credit&quot;:&quot;&quot;,&quot;camera&quot;:&quot;&quot;,&quot;caption&quot;:&quot;&quot;,&quot;created_timestamp&quot;:&quot;0&quot;,&quot;copyright&quot;:&quot;&quot;,&quot;focal_length&quot;:&quot;0&quot;,&quot;iso&quot;:&quot;0&quot;,&quot;shutter_speed&quot;:&quot;0&quot;,&quot;title&quot;:&quot;&quot;,&quot;orientation&quot;:&quot;0&quot;}\" data-image-title=\"JK2023_Poster _A4\" data-image-description=\"&lt;p&gt;zum Vergr\u00f6\u00dfern Bitte klicken&lt;\/p&gt;\n\" data-image-caption=\"&lt;p&gt;zum Vergr\u00f6\u00dfern Bitte klicken&lt;\/p&gt;\n\" data-medium-file=\"https:\/\/i0.wp.com\/www.polizeichor-dresden.de\/wp-content\/uploads\/2023\/01\/JK2023_Poster-_A4-scaled.jpg?fit=212%2C300&amp;ssl=1\" data-large-file=\"https:\/\/i0.wp.com\/www.polizeichor-dresden.de\/wp-content\/uploads\/2023\/01\/JK2023_Poster-_A4-scaled.jpg?fit=724%2C1024&amp;ssl=1\" decoding=\"async\" loading=\"lazy\" width=\"1810\" height=\"2560\" align=\"right\" class=\"wp-image-2699\" style=\"width: 150px; height: 212px;\" src=\"https:\/\/i0.wp.com\/www.polizeichor-dresden.de\/wp-content\/uploads\/2023\/01\/JK2023_Poster-_A4-scaled.jpg?resize=1810%2C2560&#038;ssl=1\" alt=\"Poster des Jubil\u00e4umskonzertes\" srcset=\"https:\/\/i0.wp.com\/www.polizeichor-dresden.de\/wp-content\/uploads\/2023\/01\/JK2023_Poster-_A4-scaled.jpg?w=1810&amp;ssl=1 1810w, https:\/\/i0.wp.com\/www.polizeichor-dresden.de\/wp-content\/uploads\/2023\/01\/JK2023_Poster-_A4-scaled.jpg?resize=212%2C300&amp;ssl=1 212w, https:\/\/i0.wp.com\/www.polizeichor-dresden.de\/wp-content\/uploads\/2023\/01\/JK2023_Poster-_A4-scaled.jpg?resize=724%2C1024&amp;ssl=1 724w, https:\/\/i0.wp.com\/www.polizeichor-dresden.de\/wp-content\/uploads\/2023\/01\/JK2023_Poster-_A4-scaled.jpg?resize=768%2C1086&amp;ssl=1 768w, https:\/\/i0.wp.com\/www.polizeichor-dresden.de\/wp-content\/uploads\/2023\/01\/JK2023_Poster-_A4-scaled.jpg?resize=1086%2C1536&amp;ssl=1 1086w, https:\/\/i0.wp.com\/www.polizeichor-dresden.de\/wp-content\/uploads\/2023\/01\/JK2023_Poster-_A4-scaled.jpg?resize=1448%2C2048&amp;ssl=1 1448w\" sizes=\"(max-width: 1000px) 100vw, 1000px\" data-recalc-dims=\"1\" \/><\/a>Diesem Grund angemessen, werden wir unser gro\u00dfes Festkonzert am <strong>22. April 2023, um 14:30 Uhr im Konzertsaal des Kulturpalast Dresden<\/strong> ausrichten.<\/p>\n\n\n\n<p>Der Tradition folgend, werden wir das Konzert mit einem Gastchor gemeinsam gestalten. <\/p>\n\n\n\n<!--more-->\n\n\n\n<p>Wir konnten daf\u00fcr den <strong>Gemischten Chor der Polizei Berlin<\/strong> engagieren. F\u00fcr die musikalische Umrahmung ist wie bew\u00e4hrt das <strong>Polizeiorchester Sachsen<\/strong> bestellt. Durch den Nachmittag f\u00fchrt <strong>Kathy Leen<\/strong>, die f\u00fcr uns in den letzten Konzertjahren eine feste Gr\u00f6\u00dfe beim Thema Moderation geworden ist.<\/p>\n\n\n\n<p>Wir laden alle interessierten Freundinnen und Freunde des Polizeichores Dresden bzw. ganz allgemein alle am Chorgesang Interessierten ein, diesen gro\u00dfen Tag im wundersch\u00f6nen Herzen unserer Stadt mit uns zu feiern. Wir sind \u00fcberzeugt, mit Ihnen als Publikum ein einmaliges Gesangsfest zu erleben, seien Sie dabei.<\/p>\n\n\n\n<p>Karten k\u00f6nnen direkt \u00fcber den Polizeichor Dresden e.V. bestellt werden. Senden Sie dazu einfach eine E-Mail an <a href=\"mailto:kartenbestellung@pc-dresden.de?subject=Kartenbestellung%20Fr\u00fchjahrskonzert%202023%20im%20Kulturpalast%20Dresden\">kartenbestellung@pc-dresden.de<\/a>.<\/p>\n\n\n\n<hr hr=\"\" class=\"wp-block-separator\" width=\"250\">\n\n\n\n<center><strong>F\u00fcr unser Jubil\u00e4umskonzert suchen wir zus\u00e4tzliche aktive S\u00e4ngerinnen und S\u00e4nger<\/strong><\/center>\n\n\n\n<p>Sie haben bereits Gesangserfahrung in einem Chor oder sind &#8222;Gut bei Stimme&#8220; und versp\u00fcren gro\u00dfe Lust, selbst aktiv beim Konzert auf der B\u00fchne dabei zu sein? Kein Problem, melden Sie sich gern per E-Mail bei <a href=\"mailto:sandvoss@pc-dresden.de?subject=Ich%20singe%20mit\">Anke Sandvoss<\/a>.<br><strong>Unser Probenprogramm wird aktuell zu diesem Zweck um eine w\u00f6chentliche Zusatzprobe erweitert.<\/strong><\/p>\n","protected":false},"excerpt":{"rendered":"<p>Der Polizeichor Dresden e.V. feiert sein 70-j\u00e4hriges Jubil\u00e4um. Diesem Grund angemessen, werden wir unser gro\u00dfes Festkonzert am 22. April 2023, um 14:30 Uhr im Konzertsaal des Kulturpalast Dresden ausrichten. Der Tradition folgend, werden wir das Konzert mit einem Gastchor gemeinsam gestalten.<\/p>\n","protected":false},"author":6,"featured_media":0,"comment_status":"open","ping_status":"open","sticky":false,"template":"","format":"standard","meta":{"ngg_post_thumbnail":0,"jetpack_post_was_ever_published":false,"jetpack_publicize_message":"","jetpack_is_tweetstorm":false,"jetpack_publicize_feature_enabled":true,"jetpack_social_post_already_shared":true,"jetpack_social_options":{"image_generator_settings":{"template":"highway","enabled":false}}},"categories":[16,3,9],"tags":[30,20,104,6,105,92,106],"jetpack_publicize_connections":[],"aioseo_notices":[],"jetpack_featured_media_url":"","jetpack_shortlink":"https:\/\/wp.me\/p32b0X-Hq","jetpack_sharing_enabled":true,"_links":{"self":[{"href":"https:\/\/www.polizeichor-dresden.de\/index.php?rest_route=\/wp\/v2\/posts\/2692"}],"collection":[{"href":"https:\/\/www.polizeichor-dresden.de\/index.php?rest_route=\/wp\/v2\/posts"}],"about":[{"href":"https:\/\/www.polizeichor-dresden.de\/index.php?rest_route=\/wp\/v2\/types\/post"}],"author":[{"embeddable":true,"href":"https:\/\/www.polizeichor-dresden.de\/index.php?rest_route=\/wp\/v2\/users\/6"}],"replies":[{"embeddable":true,"href":"https:\/\/www.polizeichor-dresden.de\/index.php?rest_route=%2Fwp%2Fv2%2Fcomments&post=2692"}],"version-history":[{"count":37,"href":"https:\/\/www.polizeichor-dresden.de\/index.php?rest_route=\/wp\/v2\/posts\/2692\/revisions"}],"predecessor-version":[{"id":2799,"href":"https:\/\/www.polizeichor-dresden.de\/index.php?rest_route=\/wp\/v2\/posts\/2692\/revisions\/2799"}],"wp:attachment":[{"href":"https:\/\/www.polizeichor-dresden.de\/index.php?rest_route=%2Fwp%2Fv2%2Fmedia&parent=2692"}],"wp:term":[{"taxonomy":"category","embeddable":true,"href":"https:\/\/www.polizeichor-dresden.de\/index.php?rest_route=%2Fwp%2Fv2%2Fcategories&post=2692"},{"taxonomy":"post_tag","embeddable":true,"href":"https:\/\/www.polizeichor-dresden.de\/index.php?rest_route=%2Fwp%2Fv2%2Ftags&post=2692"}],"curies":[{"name":"wp","href":"https:\/\/api.w.org\/{rel}","templated":true}]}}