{"id":2652,"date":"2022-12-28T19:26:52","date_gmt":"2022-12-28T17:26:52","guid":{"rendered":"https:\/\/www.polizeichor-dresden.de\/?p=2652"},"modified":"2022-12-28T19:50:21","modified_gmt":"2022-12-28T17:50:21","slug":"magie-gehoert-zu-weihnachten-dazu","status":"publish","type":"post","link":"https:\/\/www.polizeichor-dresden.de\/?p=2652","title":{"rendered":"Magie geh\u00f6rt zu Weihnachten dazu"},"content":{"rendered":"\n<figure class=\"wp-block-image size-large\"><img data-attachment-id=\"2684\" data-permalink=\"https:\/\/www.polizeichor-dresden.de\/?attachment_id=2684\" data-orig-file=\"https:\/\/i0.wp.com\/www.polizeichor-dresden.de\/wp-content\/uploads\/2022\/12\/PCDD-WK2022_-2455-1.jpg?fit=600%2C401&amp;ssl=1\" data-orig-size=\"600,401\" data-comments-opened=\"1\" data-image-meta=\"{&quot;aperture&quot;:&quot;0&quot;,&quot;credit&quot;:&quot;Jan Wiedemann&quot;,&quot;camera&quot;:&quot;&quot;,&quot;caption&quot;:&quot;&quot;,&quot;created_timestamp&quot;:&quot;0&quot;,&quot;copyright&quot;:&quot;Jan Wiedemann&quot;,&quot;focal_length&quot;:&quot;0&quot;,&quot;iso&quot;:&quot;0&quot;,&quot;shutter_speed&quot;:&quot;0&quot;,&quot;title&quot;:&quot;&quot;,&quot;orientation&quot;:&quot;1&quot;}\" data-image-title=\"PCDD-WK2022_-2455\" data-image-description=\"\" data-image-caption=\"\" data-medium-file=\"https:\/\/i0.wp.com\/www.polizeichor-dresden.de\/wp-content\/uploads\/2022\/12\/PCDD-WK2022_-2455-1.jpg?fit=300%2C201&amp;ssl=1\" data-large-file=\"https:\/\/i0.wp.com\/www.polizeichor-dresden.de\/wp-content\/uploads\/2022\/12\/PCDD-WK2022_-2455-1.jpg?fit=600%2C401&amp;ssl=1\" decoding=\"async\" loading=\"lazy\" width=\"600\" height=\"401\" src=\"https:\/\/i0.wp.com\/www.polizeichor-dresden.de\/wp-content\/uploads\/2022\/12\/PCDD-WK2022_-2455-1.jpg?resize=600%2C401&#038;ssl=1\" alt=\"\" class=\"wp-image-2684\" srcset=\"https:\/\/i0.wp.com\/www.polizeichor-dresden.de\/wp-content\/uploads\/2022\/12\/PCDD-WK2022_-2455-1.jpg?w=600&amp;ssl=1 600w, https:\/\/i0.wp.com\/www.polizeichor-dresden.de\/wp-content\/uploads\/2022\/12\/PCDD-WK2022_-2455-1.jpg?resize=300%2C201&amp;ssl=1 300w\" sizes=\"(max-width: 600px) 100vw, 600px\" data-recalc-dims=\"1\" \/><\/figure>\n\n\n\n<p>Und mit dieser Magie wurde unser diesj\u00e4hriges Weihnachtskonzert von unserer ehemaligen 2. Chorleiterin, Emelie Walther, an der Orgel er\u00f6ffnet: Eine weihnachtliche Harry-Potter-Melodie erf\u00fcllte die Martin-Luther-Kirche. Nach zweij\u00e4hriger Zwangspause haben wir gest\u00e4rkt und voller Vorfreude wieder unsere Besucherinnen und Besucher musikalisch in die Weihnachtszeit begleitet.<\/p>\n\n\n\n<p>In diesem Jahr haben wir uns den Dresdner Chor Chortissimo eingeladen. Bereits zum diesj\u00e4hrigen und auch bei vergangen Chortreffen haben wir mit Chortissimo musikalisch zusammengearbeitet. W\u00e4hrend unseres Weihnachtskonzertes hat sich in harmonischer Weise gezeigt, dass sich unsere Weihnachtslieder wunderbar erg\u00e4nzen.<\/p>\n\n\n\n<!--more-->\n\n\n\n<p>In der ausverkauften Kirche erklangen traditionelle Weihnachtslieder, wie \u201eMaria durch ein Dornwald ging\u201c und \u201eOh du Fr\u00f6hliche\u201c sowie moderne Weihnachtshits aus aller Welt, wie \u201eLast Christmas\u201c. Und nat\u00fcrlich haben wir auch gemeinsam wundervolle klassische Weihnachtslieder, auch mit unserem Publikum zusammen, gesungen.<\/p>\n\n\n\n<p>Wie jedes Jahr, haben wir auch in diesem wieder unsere gesammelte Kollekte an eine gemeinn\u00fctzige Organisation gespendet. Am Tag nach dem Konzert haben wir 1.715,34 Euro an das Projekt \u201eNachtcaf\u00e9\u201c \u00fcbergeben und bedanken uns herzlich bei unseren Besucher:innen, die diese Spende erst erm\u00f6glichten.<\/p>\n\n\n\n<p>Bedanken m\u00f6chten wir uns auch bei der musikalischen Leitung des Polizeichores Dresden, Torsten Petzold und Tatiana Boguta, sie haben uns beide wieder sicher und mit leichter Hand, auch am Klavier, durch unser Konzert geleitet.<\/p>\n\n\n\n<p>Mit einem festlichen Gef\u00fchl im Herzen verabschieden wir uns f\u00fcr dieses Jahr in die Weihnachtsferien und freuen uns auf ein musikalisches und erfolgreiches Jahr 2023 mit all unseren S\u00e4ngerinnen und S\u00e4ngern, f\u00f6rdernden Mitgliedern und nat\u00fcrlich unseren Besucherinnen und Besuchern.<\/p>\n\n\n\n<div data-carousel-extra='{\"blog_id\":1,\"permalink\":\"https:\\\/\\\/www.polizeichor-dresden.de\\\/?p=2652\"}'  class=\"wp-block-jetpack-tiled-gallery aligncenter is-style-rectangular\"><div class=\"tiled-gallery__gallery\"><div class=\"tiled-gallery__row\"><div class=\"tiled-gallery__col\" style=\"flex-basis:66.84242957746478%\"><figure class=\"tiled-gallery__item\"><img data-attachment-id=\"2654\" data-permalink=\"https:\/\/www.polizeichor-dresden.de\/?attachment_id=2654\" data-orig-file=\"https:\/\/i0.wp.com\/www.polizeichor-dresden.de\/wp-content\/uploads\/2022\/12\/PCDD-WK2022_-2211.jpg?fit=1198%2C800&amp;ssl=1\" data-orig-size=\"1198,800\" data-comments-opened=\"1\" data-image-meta=\"{&quot;aperture&quot;:&quot;0&quot;,&quot;credit&quot;:&quot;Jan Wiedemann&quot;,&quot;camera&quot;:&quot;&quot;,&quot;caption&quot;:&quot;&quot;,&quot;created_timestamp&quot;:&quot;0&quot;,&quot;copyright&quot;:&quot;Jan Wiedemann&quot;,&quot;focal_length&quot;:&quot;0&quot;,&quot;iso&quot;:&quot;0&quot;,&quot;shutter_speed&quot;:&quot;0&quot;,&quot;title&quot;:&quot;&quot;,&quot;orientation&quot;:&quot;1&quot;}\" data-image-title=\"PCDD-WK2022_-2211\" data-image-description=\"\" data-image-caption=\"\" data-medium-file=\"https:\/\/i0.wp.com\/www.polizeichor-dresden.de\/wp-content\/uploads\/2022\/12\/PCDD-WK2022_-2211.jpg?fit=300%2C200&amp;ssl=1\" data-large-file=\"https:\/\/i0.wp.com\/www.polizeichor-dresden.de\/wp-content\/uploads\/2022\/12\/PCDD-WK2022_-2211.jpg?fit=1024%2C684&amp;ssl=1\" decoding=\"async\" data-attachment-id=\"2654\" data-permalink=\"https:\/\/www.polizeichor-dresden.de\/?attachment_id=2654\" data-orig-file=\"https:\/\/i0.wp.com\/www.polizeichor-dresden.de\/wp-content\/uploads\/2022\/12\/PCDD-WK2022_-2211.jpg?fit=1198%2C800&amp;ssl=1\" data-orig-size=\"1198,800\" data-comments-opened=\"1\" data-image-meta=\"{&quot;aperture&quot;:&quot;0&quot;,&quot;credit&quot;:&quot;Jan Wiedemann&quot;,&quot;camera&quot;:&quot;&quot;,&quot;caption&quot;:&quot;&quot;,&quot;created_timestamp&quot;:&quot;0&quot;,&quot;copyright&quot;:&quot;Jan Wiedemann&quot;,&quot;focal_length&quot;:&quot;0&quot;,&quot;iso&quot;:&quot;0&quot;,&quot;shutter_speed&quot;:&quot;0&quot;,&quot;title&quot;:&quot;&quot;,&quot;orientation&quot;:&quot;1&quot;}\" data-image-title=\"PCDD-WK2022_-2211\" data-image-description=\"\" data-image-caption=\"\" data-medium-file=\"https:\/\/i0.wp.com\/www.polizeichor-dresden.de\/wp-content\/uploads\/2022\/12\/PCDD-WK2022_-2211.jpg?fit=300%2C200&amp;ssl=1\" data-large-file=\"https:\/\/i0.wp.com\/www.polizeichor-dresden.de\/wp-content\/uploads\/2022\/12\/PCDD-WK2022_-2211.jpg?fit=1024%2C684&amp;ssl=1\" srcset=\"https:\/\/i1.wp.com\/www.polizeichor-dresden.de\/wp-content\/uploads\/2022\/12\/PCDD-WK2022_-2211.jpg?strip=info&#038;w=600&#038;ssl=1 600w,https:\/\/i1.wp.com\/www.polizeichor-dresden.de\/wp-content\/uploads\/2022\/12\/PCDD-WK2022_-2211.jpg?strip=info&#038;w=900&#038;ssl=1 900w,https:\/\/i1.wp.com\/www.polizeichor-dresden.de\/wp-content\/uploads\/2022\/12\/PCDD-WK2022_-2211.jpg?strip=info&#038;w=1198&#038;ssl=1 1198w\" alt=\"\" data-height=\"800\" data-id=\"2654\" data-link=\"https:\/\/www.polizeichor-dresden.de\/?attachment_id=2654\" data-url=\"https:\/\/www.polizeichor-dresden.de\/wp-content\/uploads\/2022\/12\/PCDD-WK2022_-2211.jpg\" data-width=\"1198\" src=\"https:\/\/i1.wp.com\/www.polizeichor-dresden.de\/wp-content\/uploads\/2022\/12\/PCDD-WK2022_-2211.jpg?ssl=1\" layout=\"responsive\"\/><\/figure><\/div><div class=\"tiled-gallery__col\" style=\"flex-basis:33.157570422535215%\"><figure class=\"tiled-gallery__item\"><img data-attachment-id=\"2655\" data-permalink=\"https:\/\/www.polizeichor-dresden.de\/?attachment_id=2655\" data-orig-file=\"https:\/\/i0.wp.com\/www.polizeichor-dresden.de\/wp-content\/uploads\/2022\/12\/PCDD-WK2022_-2220.jpg?fit=1198%2C800&amp;ssl=1\" data-orig-size=\"1198,800\" data-comments-opened=\"1\" data-image-meta=\"{&quot;aperture&quot;:&quot;0&quot;,&quot;credit&quot;:&quot;Jan Wiedemann&quot;,&quot;camera&quot;:&quot;&quot;,&quot;caption&quot;:&quot;&quot;,&quot;created_timestamp&quot;:&quot;0&quot;,&quot;copyright&quot;:&quot;Jan Wiedemann&quot;,&quot;focal_length&quot;:&quot;0&quot;,&quot;iso&quot;:&quot;0&quot;,&quot;shutter_speed&quot;:&quot;0&quot;,&quot;title&quot;:&quot;&quot;,&quot;orientation&quot;:&quot;1&quot;}\" data-image-title=\"PCDD-WK2022_-2220\" data-image-description=\"\" data-image-caption=\"\" data-medium-file=\"https:\/\/i0.wp.com\/www.polizeichor-dresden.de\/wp-content\/uploads\/2022\/12\/PCDD-WK2022_-2220.jpg?fit=300%2C200&amp;ssl=1\" data-large-file=\"https:\/\/i0.wp.com\/www.polizeichor-dresden.de\/wp-content\/uploads\/2022\/12\/PCDD-WK2022_-2220.jpg?fit=1024%2C684&amp;ssl=1\" decoding=\"async\" data-attachment-id=\"2655\" data-permalink=\"https:\/\/www.polizeichor-dresden.de\/?attachment_id=2655\" data-orig-file=\"https:\/\/i0.wp.com\/www.polizeichor-dresden.de\/wp-content\/uploads\/2022\/12\/PCDD-WK2022_-2220.jpg?fit=1198%2C800&amp;ssl=1\" data-orig-size=\"1198,800\" data-comments-opened=\"1\" data-image-meta=\"{&quot;aperture&quot;:&quot;0&quot;,&quot;credit&quot;:&quot;Jan Wiedemann&quot;,&quot;camera&quot;:&quot;&quot;,&quot;caption&quot;:&quot;&quot;,&quot;created_timestamp&quot;:&quot;0&quot;,&quot;copyright&quot;:&quot;Jan Wiedemann&quot;,&quot;focal_length&quot;:&quot;0&quot;,&quot;iso&quot;:&quot;0&quot;,&quot;shutter_speed&quot;:&quot;0&quot;,&quot;title&quot;:&quot;&quot;,&quot;orientation&quot;:&quot;1&quot;}\" data-image-title=\"PCDD-WK2022_-2220\" data-image-description=\"\" data-image-caption=\"\" data-medium-file=\"https:\/\/i0.wp.com\/www.polizeichor-dresden.de\/wp-content\/uploads\/2022\/12\/PCDD-WK2022_-2220.jpg?fit=300%2C200&amp;ssl=1\" data-large-file=\"https:\/\/i0.wp.com\/www.polizeichor-dresden.de\/wp-content\/uploads\/2022\/12\/PCDD-WK2022_-2220.jpg?fit=1024%2C684&amp;ssl=1\" srcset=\"https:\/\/i2.wp.com\/www.polizeichor-dresden.de\/wp-content\/uploads\/2022\/12\/PCDD-WK2022_-2220.jpg?strip=info&#038;w=600&#038;ssl=1 600w,https:\/\/i2.wp.com\/www.polizeichor-dresden.de\/wp-content\/uploads\/2022\/12\/PCDD-WK2022_-2220.jpg?strip=info&#038;w=900&#038;ssl=1 900w,https:\/\/i2.wp.com\/www.polizeichor-dresden.de\/wp-content\/uploads\/2022\/12\/PCDD-WK2022_-2220.jpg?strip=info&#038;w=1198&#038;ssl=1 1198w\" alt=\"\" data-height=\"800\" data-id=\"2655\" data-link=\"https:\/\/www.polizeichor-dresden.de\/?attachment_id=2655\" data-url=\"https:\/\/www.polizeichor-dresden.de\/wp-content\/uploads\/2022\/12\/PCDD-WK2022_-2220.jpg\" data-width=\"1198\" src=\"https:\/\/i2.wp.com\/www.polizeichor-dresden.de\/wp-content\/uploads\/2022\/12\/PCDD-WK2022_-2220.jpg?ssl=1\" layout=\"responsive\"\/><\/figure><figure class=\"tiled-gallery__item\"><img data-attachment-id=\"2656\" data-permalink=\"https:\/\/www.polizeichor-dresden.de\/?attachment_id=2656\" data-orig-file=\"https:\/\/i0.wp.com\/www.polizeichor-dresden.de\/wp-content\/uploads\/2022\/12\/PCDD-WK2022_-2230.jpg?fit=1198%2C800&amp;ssl=1\" data-orig-size=\"1198,800\" data-comments-opened=\"1\" data-image-meta=\"{&quot;aperture&quot;:&quot;0&quot;,&quot;credit&quot;:&quot;Jan Wiedemann&quot;,&quot;camera&quot;:&quot;&quot;,&quot;caption&quot;:&quot;&quot;,&quot;created_timestamp&quot;:&quot;0&quot;,&quot;copyright&quot;:&quot;Jan Wiedemann&quot;,&quot;focal_length&quot;:&quot;0&quot;,&quot;iso&quot;:&quot;0&quot;,&quot;shutter_speed&quot;:&quot;0&quot;,&quot;title&quot;:&quot;&quot;,&quot;orientation&quot;:&quot;1&quot;}\" data-image-title=\"PCDD-WK2022_-2230\" data-image-description=\"\" data-image-caption=\"\" data-medium-file=\"https:\/\/i0.wp.com\/www.polizeichor-dresden.de\/wp-content\/uploads\/2022\/12\/PCDD-WK2022_-2230.jpg?fit=300%2C200&amp;ssl=1\" data-large-file=\"https:\/\/i0.wp.com\/www.polizeichor-dresden.de\/wp-content\/uploads\/2022\/12\/PCDD-WK2022_-2230.jpg?fit=1024%2C684&amp;ssl=1\" decoding=\"async\" data-attachment-id=\"2656\" data-permalink=\"https:\/\/www.polizeichor-dresden.de\/?attachment_id=2656\" data-orig-file=\"https:\/\/i0.wp.com\/www.polizeichor-dresden.de\/wp-content\/uploads\/2022\/12\/PCDD-WK2022_-2230.jpg?fit=1198%2C800&amp;ssl=1\" data-orig-size=\"1198,800\" data-comments-opened=\"1\" data-image-meta=\"{&quot;aperture&quot;:&quot;0&quot;,&quot;credit&quot;:&quot;Jan Wiedemann&quot;,&quot;camera&quot;:&quot;&quot;,&quot;caption&quot;:&quot;&quot;,&quot;created_timestamp&quot;:&quot;0&quot;,&quot;copyright&quot;:&quot;Jan Wiedemann&quot;,&quot;focal_length&quot;:&quot;0&quot;,&quot;iso&quot;:&quot;0&quot;,&quot;shutter_speed&quot;:&quot;0&quot;,&quot;title&quot;:&quot;&quot;,&quot;orientation&quot;:&quot;1&quot;}\" data-image-title=\"PCDD-WK2022_-2230\" data-image-description=\"\" data-image-caption=\"\" data-medium-file=\"https:\/\/i0.wp.com\/www.polizeichor-dresden.de\/wp-content\/uploads\/2022\/12\/PCDD-WK2022_-2230.jpg?fit=300%2C200&amp;ssl=1\" data-large-file=\"https:\/\/i0.wp.com\/www.polizeichor-dresden.de\/wp-content\/uploads\/2022\/12\/PCDD-WK2022_-2230.jpg?fit=1024%2C684&amp;ssl=1\" srcset=\"https:\/\/i2.wp.com\/www.polizeichor-dresden.de\/wp-content\/uploads\/2022\/12\/PCDD-WK2022_-2230.jpg?strip=info&#038;w=600&#038;ssl=1 600w,https:\/\/i2.wp.com\/www.polizeichor-dresden.de\/wp-content\/uploads\/2022\/12\/PCDD-WK2022_-2230.jpg?strip=info&#038;w=900&#038;ssl=1 900w,https:\/\/i2.wp.com\/www.polizeichor-dresden.de\/wp-content\/uploads\/2022\/12\/PCDD-WK2022_-2230.jpg?strip=info&#038;w=1198&#038;ssl=1 1198w\" alt=\"\" data-height=\"800\" data-id=\"2656\" data-link=\"https:\/\/www.polizeichor-dresden.de\/?attachment_id=2656\" data-url=\"https:\/\/www.polizeichor-dresden.de\/wp-content\/uploads\/2022\/12\/PCDD-WK2022_-2230.jpg\" data-width=\"1198\" src=\"https:\/\/i2.wp.com\/www.polizeichor-dresden.de\/wp-content\/uploads\/2022\/12\/PCDD-WK2022_-2230.jpg?ssl=1\" layout=\"responsive\"\/><\/figure><\/div><\/div><div class=\"tiled-gallery__row\"><div class=\"tiled-gallery__col\" style=\"flex-basis:33.33333333333333%\"><figure class=\"tiled-gallery__item\"><img data-attachment-id=\"2657\" data-permalink=\"https:\/\/www.polizeichor-dresden.de\/?attachment_id=2657\" data-orig-file=\"https:\/\/i0.wp.com\/www.polizeichor-dresden.de\/wp-content\/uploads\/2022\/12\/PCDD-WK2022_-2246.jpg?fit=1198%2C800&amp;ssl=1\" data-orig-size=\"1198,800\" data-comments-opened=\"1\" data-image-meta=\"{&quot;aperture&quot;:&quot;0&quot;,&quot;credit&quot;:&quot;Jan Wiedemann&quot;,&quot;camera&quot;:&quot;&quot;,&quot;caption&quot;:&quot;&quot;,&quot;created_timestamp&quot;:&quot;0&quot;,&quot;copyright&quot;:&quot;Jan Wiedemann&quot;,&quot;focal_length&quot;:&quot;0&quot;,&quot;iso&quot;:&quot;0&quot;,&quot;shutter_speed&quot;:&quot;0&quot;,&quot;title&quot;:&quot;&quot;,&quot;orientation&quot;:&quot;1&quot;}\" data-image-title=\"PCDD-WK2022_-2246\" data-image-description=\"\" data-image-caption=\"\" data-medium-file=\"https:\/\/i0.wp.com\/www.polizeichor-dresden.de\/wp-content\/uploads\/2022\/12\/PCDD-WK2022_-2246.jpg?fit=300%2C200&amp;ssl=1\" data-large-file=\"https:\/\/i0.wp.com\/www.polizeichor-dresden.de\/wp-content\/uploads\/2022\/12\/PCDD-WK2022_-2246.jpg?fit=1024%2C684&amp;ssl=1\" decoding=\"async\" data-attachment-id=\"2657\" data-permalink=\"https:\/\/www.polizeichor-dresden.de\/?attachment_id=2657\" data-orig-file=\"https:\/\/i0.wp.com\/www.polizeichor-dresden.de\/wp-content\/uploads\/2022\/12\/PCDD-WK2022_-2246.jpg?fit=1198%2C800&amp;ssl=1\" data-orig-size=\"1198,800\" data-comments-opened=\"1\" data-image-meta=\"{&quot;aperture&quot;:&quot;0&quot;,&quot;credit&quot;:&quot;Jan Wiedemann&quot;,&quot;camera&quot;:&quot;&quot;,&quot;caption&quot;:&quot;&quot;,&quot;created_timestamp&quot;:&quot;0&quot;,&quot;copyright&quot;:&quot;Jan Wiedemann&quot;,&quot;focal_length&quot;:&quot;0&quot;,&quot;iso&quot;:&quot;0&quot;,&quot;shutter_speed&quot;:&quot;0&quot;,&quot;title&quot;:&quot;&quot;,&quot;orientation&quot;:&quot;1&quot;}\" data-image-title=\"PCDD-WK2022_-2246\" data-image-description=\"\" data-image-caption=\"\" data-medium-file=\"https:\/\/i0.wp.com\/www.polizeichor-dresden.de\/wp-content\/uploads\/2022\/12\/PCDD-WK2022_-2246.jpg?fit=300%2C200&amp;ssl=1\" data-large-file=\"https:\/\/i0.wp.com\/www.polizeichor-dresden.de\/wp-content\/uploads\/2022\/12\/PCDD-WK2022_-2246.jpg?fit=1024%2C684&amp;ssl=1\" srcset=\"https:\/\/i0.wp.com\/www.polizeichor-dresden.de\/wp-content\/uploads\/2022\/12\/PCDD-WK2022_-2246.jpg?strip=info&#038;w=600&#038;ssl=1 600w,https:\/\/i0.wp.com\/www.polizeichor-dresden.de\/wp-content\/uploads\/2022\/12\/PCDD-WK2022_-2246.jpg?strip=info&#038;w=900&#038;ssl=1 900w,https:\/\/i0.wp.com\/www.polizeichor-dresden.de\/wp-content\/uploads\/2022\/12\/PCDD-WK2022_-2246.jpg?strip=info&#038;w=1198&#038;ssl=1 1198w\" alt=\"\" data-height=\"800\" data-id=\"2657\" data-link=\"https:\/\/www.polizeichor-dresden.de\/?attachment_id=2657\" data-url=\"https:\/\/www.polizeichor-dresden.de\/wp-content\/uploads\/2022\/12\/PCDD-WK2022_-2246.jpg\" data-width=\"1198\" src=\"https:\/\/i0.wp.com\/www.polizeichor-dresden.de\/wp-content\/uploads\/2022\/12\/PCDD-WK2022_-2246.jpg?ssl=1\" layout=\"responsive\"\/><\/figure><\/div><div class=\"tiled-gallery__col\" style=\"flex-basis:33.33333333333333%\"><figure class=\"tiled-gallery__item\"><img data-attachment-id=\"2658\" data-permalink=\"https:\/\/www.polizeichor-dresden.de\/?attachment_id=2658\" data-orig-file=\"https:\/\/i0.wp.com\/www.polizeichor-dresden.de\/wp-content\/uploads\/2022\/12\/PCDD-WK2022_-2250.jpg?fit=1198%2C800&amp;ssl=1\" data-orig-size=\"1198,800\" data-comments-opened=\"1\" data-image-meta=\"{&quot;aperture&quot;:&quot;0&quot;,&quot;credit&quot;:&quot;Jan Wiedemann&quot;,&quot;camera&quot;:&quot;&quot;,&quot;caption&quot;:&quot;&quot;,&quot;created_timestamp&quot;:&quot;0&quot;,&quot;copyright&quot;:&quot;Jan Wiedemann&quot;,&quot;focal_length&quot;:&quot;0&quot;,&quot;iso&quot;:&quot;0&quot;,&quot;shutter_speed&quot;:&quot;0&quot;,&quot;title&quot;:&quot;&quot;,&quot;orientation&quot;:&quot;1&quot;}\" data-image-title=\"PCDD-WK2022_-2250\" data-image-description=\"\" data-image-caption=\"\" data-medium-file=\"https:\/\/i0.wp.com\/www.polizeichor-dresden.de\/wp-content\/uploads\/2022\/12\/PCDD-WK2022_-2250.jpg?fit=300%2C200&amp;ssl=1\" data-large-file=\"https:\/\/i0.wp.com\/www.polizeichor-dresden.de\/wp-content\/uploads\/2022\/12\/PCDD-WK2022_-2250.jpg?fit=1024%2C684&amp;ssl=1\" decoding=\"async\" data-attachment-id=\"2658\" data-permalink=\"https:\/\/www.polizeichor-dresden.de\/?attachment_id=2658\" data-orig-file=\"https:\/\/i0.wp.com\/www.polizeichor-dresden.de\/wp-content\/uploads\/2022\/12\/PCDD-WK2022_-2250.jpg?fit=1198%2C800&amp;ssl=1\" data-orig-size=\"1198,800\" data-comments-opened=\"1\" data-image-meta=\"{&quot;aperture&quot;:&quot;0&quot;,&quot;credit&quot;:&quot;Jan Wiedemann&quot;,&quot;camera&quot;:&quot;&quot;,&quot;caption&quot;:&quot;&quot;,&quot;created_timestamp&quot;:&quot;0&quot;,&quot;copyright&quot;:&quot;Jan Wiedemann&quot;,&quot;focal_length&quot;:&quot;0&quot;,&quot;iso&quot;:&quot;0&quot;,&quot;shutter_speed&quot;:&quot;0&quot;,&quot;title&quot;:&quot;&quot;,&quot;orientation&quot;:&quot;1&quot;}\" data-image-title=\"PCDD-WK2022_-2250\" data-image-description=\"\" data-image-caption=\"\" data-medium-file=\"https:\/\/i0.wp.com\/www.polizeichor-dresden.de\/wp-content\/uploads\/2022\/12\/PCDD-WK2022_-2250.jpg?fit=300%2C200&amp;ssl=1\" data-large-file=\"https:\/\/i0.wp.com\/www.polizeichor-dresden.de\/wp-content\/uploads\/2022\/12\/PCDD-WK2022_-2250.jpg?fit=1024%2C684&amp;ssl=1\" srcset=\"https:\/\/i0.wp.com\/www.polizeichor-dresden.de\/wp-content\/uploads\/2022\/12\/PCDD-WK2022_-2250.jpg?strip=info&#038;w=600&#038;ssl=1 600w,https:\/\/i0.wp.com\/www.polizeichor-dresden.de\/wp-content\/uploads\/2022\/12\/PCDD-WK2022_-2250.jpg?strip=info&#038;w=900&#038;ssl=1 900w,https:\/\/i0.wp.com\/www.polizeichor-dresden.de\/wp-content\/uploads\/2022\/12\/PCDD-WK2022_-2250.jpg?strip=info&#038;w=1198&#038;ssl=1 1198w\" alt=\"\" data-height=\"800\" data-id=\"2658\" data-link=\"https:\/\/www.polizeichor-dresden.de\/?attachment_id=2658\" data-url=\"https:\/\/www.polizeichor-dresden.de\/wp-content\/uploads\/2022\/12\/PCDD-WK2022_-2250.jpg\" data-width=\"1198\" src=\"https:\/\/i0.wp.com\/www.polizeichor-dresden.de\/wp-content\/uploads\/2022\/12\/PCDD-WK2022_-2250.jpg?ssl=1\" layout=\"responsive\"\/><\/figure><\/div><div class=\"tiled-gallery__col\" style=\"flex-basis:33.33333333333333%\"><figure class=\"tiled-gallery__item\"><img data-attachment-id=\"2659\" data-permalink=\"https:\/\/www.polizeichor-dresden.de\/?attachment_id=2659\" data-orig-file=\"https:\/\/i0.wp.com\/www.polizeichor-dresden.de\/wp-content\/uploads\/2022\/12\/PCDD-WK2022_-2273.jpg?fit=1198%2C800&amp;ssl=1\" data-orig-size=\"1198,800\" data-comments-opened=\"1\" data-image-meta=\"{&quot;aperture&quot;:&quot;0&quot;,&quot;credit&quot;:&quot;Jan Wiedemann&quot;,&quot;camera&quot;:&quot;&quot;,&quot;caption&quot;:&quot;&quot;,&quot;created_timestamp&quot;:&quot;0&quot;,&quot;copyright&quot;:&quot;Jan Wiedemann&quot;,&quot;focal_length&quot;:&quot;0&quot;,&quot;iso&quot;:&quot;0&quot;,&quot;shutter_speed&quot;:&quot;0&quot;,&quot;title&quot;:&quot;&quot;,&quot;orientation&quot;:&quot;1&quot;}\" data-image-title=\"PCDD-WK2022_-2273\" data-image-description=\"\" data-image-caption=\"\" data-medium-file=\"https:\/\/i0.wp.com\/www.polizeichor-dresden.de\/wp-content\/uploads\/2022\/12\/PCDD-WK2022_-2273.jpg?fit=300%2C200&amp;ssl=1\" data-large-file=\"https:\/\/i0.wp.com\/www.polizeichor-dresden.de\/wp-content\/uploads\/2022\/12\/PCDD-WK2022_-2273.jpg?fit=1024%2C684&amp;ssl=1\" decoding=\"async\" data-attachment-id=\"2659\" data-permalink=\"https:\/\/www.polizeichor-dresden.de\/?attachment_id=2659\" data-orig-file=\"https:\/\/i0.wp.com\/www.polizeichor-dresden.de\/wp-content\/uploads\/2022\/12\/PCDD-WK2022_-2273.jpg?fit=1198%2C800&amp;ssl=1\" data-orig-size=\"1198,800\" data-comments-opened=\"1\" data-image-meta=\"{&quot;aperture&quot;:&quot;0&quot;,&quot;credit&quot;:&quot;Jan Wiedemann&quot;,&quot;camera&quot;:&quot;&quot;,&quot;caption&quot;:&quot;&quot;,&quot;created_timestamp&quot;:&quot;0&quot;,&quot;copyright&quot;:&quot;Jan Wiedemann&quot;,&quot;focal_length&quot;:&quot;0&quot;,&quot;iso&quot;:&quot;0&quot;,&quot;shutter_speed&quot;:&quot;0&quot;,&quot;title&quot;:&quot;&quot;,&quot;orientation&quot;:&quot;1&quot;}\" data-image-title=\"PCDD-WK2022_-2273\" data-image-description=\"\" data-image-caption=\"\" data-medium-file=\"https:\/\/i0.wp.com\/www.polizeichor-dresden.de\/wp-content\/uploads\/2022\/12\/PCDD-WK2022_-2273.jpg?fit=300%2C200&amp;ssl=1\" data-large-file=\"https:\/\/i0.wp.com\/www.polizeichor-dresden.de\/wp-content\/uploads\/2022\/12\/PCDD-WK2022_-2273.jpg?fit=1024%2C684&amp;ssl=1\" srcset=\"https:\/\/i2.wp.com\/www.polizeichor-dresden.de\/wp-content\/uploads\/2022\/12\/PCDD-WK2022_-2273.jpg?strip=info&#038;w=600&#038;ssl=1 600w,https:\/\/i2.wp.com\/www.polizeichor-dresden.de\/wp-content\/uploads\/2022\/12\/PCDD-WK2022_-2273.jpg?strip=info&#038;w=900&#038;ssl=1 900w,https:\/\/i2.wp.com\/www.polizeichor-dresden.de\/wp-content\/uploads\/2022\/12\/PCDD-WK2022_-2273.jpg?strip=info&#038;w=1198&#038;ssl=1 1198w\" alt=\"\" data-height=\"800\" data-id=\"2659\" data-link=\"https:\/\/www.polizeichor-dresden.de\/?attachment_id=2659\" data-url=\"https:\/\/www.polizeichor-dresden.de\/wp-content\/uploads\/2022\/12\/PCDD-WK2022_-2273.jpg\" data-width=\"1198\" src=\"https:\/\/i2.wp.com\/www.polizeichor-dresden.de\/wp-content\/uploads\/2022\/12\/PCDD-WK2022_-2273.jpg?ssl=1\" layout=\"responsive\"\/><\/figure><\/div><\/div><div class=\"tiled-gallery__row\"><div class=\"tiled-gallery__col\" style=\"flex-basis:33.157570422535215%\"><figure class=\"tiled-gallery__item\"><img data-attachment-id=\"2660\" data-permalink=\"https:\/\/www.polizeichor-dresden.de\/?attachment_id=2660\" data-orig-file=\"https:\/\/i0.wp.com\/www.polizeichor-dresden.de\/wp-content\/uploads\/2022\/12\/PCDD-WK2022_-2281.jpg?fit=1198%2C800&amp;ssl=1\" data-orig-size=\"1198,800\" data-comments-opened=\"1\" data-image-meta=\"{&quot;aperture&quot;:&quot;0&quot;,&quot;credit&quot;:&quot;Jan Wiedemann&quot;,&quot;camera&quot;:&quot;&quot;,&quot;caption&quot;:&quot;&quot;,&quot;created_timestamp&quot;:&quot;0&quot;,&quot;copyright&quot;:&quot;Jan Wiedemann&quot;,&quot;focal_length&quot;:&quot;0&quot;,&quot;iso&quot;:&quot;0&quot;,&quot;shutter_speed&quot;:&quot;0&quot;,&quot;title&quot;:&quot;&quot;,&quot;orientation&quot;:&quot;1&quot;}\" data-image-title=\"PCDD-WK2022_-2281\" data-image-description=\"\" data-image-caption=\"\" data-medium-file=\"https:\/\/i0.wp.com\/www.polizeichor-dresden.de\/wp-content\/uploads\/2022\/12\/PCDD-WK2022_-2281.jpg?fit=300%2C200&amp;ssl=1\" data-large-file=\"https:\/\/i0.wp.com\/www.polizeichor-dresden.de\/wp-content\/uploads\/2022\/12\/PCDD-WK2022_-2281.jpg?fit=1024%2C684&amp;ssl=1\" decoding=\"async\" data-attachment-id=\"2660\" data-permalink=\"https:\/\/www.polizeichor-dresden.de\/?attachment_id=2660\" data-orig-file=\"https:\/\/i0.wp.com\/www.polizeichor-dresden.de\/wp-content\/uploads\/2022\/12\/PCDD-WK2022_-2281.jpg?fit=1198%2C800&amp;ssl=1\" data-orig-size=\"1198,800\" data-comments-opened=\"1\" data-image-meta=\"{&quot;aperture&quot;:&quot;0&quot;,&quot;credit&quot;:&quot;Jan Wiedemann&quot;,&quot;camera&quot;:&quot;&quot;,&quot;caption&quot;:&quot;&quot;,&quot;created_timestamp&quot;:&quot;0&quot;,&quot;copyright&quot;:&quot;Jan Wiedemann&quot;,&quot;focal_length&quot;:&quot;0&quot;,&quot;iso&quot;:&quot;0&quot;,&quot;shutter_speed&quot;:&quot;0&quot;,&quot;title&quot;:&quot;&quot;,&quot;orientation&quot;:&quot;1&quot;}\" data-image-title=\"PCDD-WK2022_-2281\" data-image-description=\"\" data-image-caption=\"\" data-medium-file=\"https:\/\/i0.wp.com\/www.polizeichor-dresden.de\/wp-content\/uploads\/2022\/12\/PCDD-WK2022_-2281.jpg?fit=300%2C200&amp;ssl=1\" data-large-file=\"https:\/\/i0.wp.com\/www.polizeichor-dresden.de\/wp-content\/uploads\/2022\/12\/PCDD-WK2022_-2281.jpg?fit=1024%2C684&amp;ssl=1\" srcset=\"https:\/\/i2.wp.com\/www.polizeichor-dresden.de\/wp-content\/uploads\/2022\/12\/PCDD-WK2022_-2281.jpg?strip=info&#038;w=600&#038;ssl=1 600w,https:\/\/i2.wp.com\/www.polizeichor-dresden.de\/wp-content\/uploads\/2022\/12\/PCDD-WK2022_-2281.jpg?strip=info&#038;w=900&#038;ssl=1 900w,https:\/\/i2.wp.com\/www.polizeichor-dresden.de\/wp-content\/uploads\/2022\/12\/PCDD-WK2022_-2281.jpg?strip=info&#038;w=1198&#038;ssl=1 1198w\" alt=\"\" data-height=\"800\" data-id=\"2660\" data-link=\"https:\/\/www.polizeichor-dresden.de\/?attachment_id=2660\" data-url=\"https:\/\/www.polizeichor-dresden.de\/wp-content\/uploads\/2022\/12\/PCDD-WK2022_-2281.jpg\" data-width=\"1198\" src=\"https:\/\/i2.wp.com\/www.polizeichor-dresden.de\/wp-content\/uploads\/2022\/12\/PCDD-WK2022_-2281.jpg?ssl=1\" layout=\"responsive\"\/><\/figure><figure class=\"tiled-gallery__item\"><img data-attachment-id=\"2661\" data-permalink=\"https:\/\/www.polizeichor-dresden.de\/?attachment_id=2661\" data-orig-file=\"https:\/\/i0.wp.com\/www.polizeichor-dresden.de\/wp-content\/uploads\/2022\/12\/PCDD-WK2022_-2287.jpg?fit=1198%2C800&amp;ssl=1\" data-orig-size=\"1198,800\" data-comments-opened=\"1\" data-image-meta=\"{&quot;aperture&quot;:&quot;0&quot;,&quot;credit&quot;:&quot;Jan Wiedemann&quot;,&quot;camera&quot;:&quot;&quot;,&quot;caption&quot;:&quot;&quot;,&quot;created_timestamp&quot;:&quot;0&quot;,&quot;copyright&quot;:&quot;Jan Wiedemann&quot;,&quot;focal_length&quot;:&quot;0&quot;,&quot;iso&quot;:&quot;0&quot;,&quot;shutter_speed&quot;:&quot;0&quot;,&quot;title&quot;:&quot;&quot;,&quot;orientation&quot;:&quot;1&quot;}\" data-image-title=\"PCDD-WK2022_-2287\" data-image-description=\"\" data-image-caption=\"\" data-medium-file=\"https:\/\/i0.wp.com\/www.polizeichor-dresden.de\/wp-content\/uploads\/2022\/12\/PCDD-WK2022_-2287.jpg?fit=300%2C200&amp;ssl=1\" data-large-file=\"https:\/\/i0.wp.com\/www.polizeichor-dresden.de\/wp-content\/uploads\/2022\/12\/PCDD-WK2022_-2287.jpg?fit=1024%2C684&amp;ssl=1\" decoding=\"async\" data-attachment-id=\"2661\" data-permalink=\"https:\/\/www.polizeichor-dresden.de\/?attachment_id=2661\" data-orig-file=\"https:\/\/i0.wp.com\/www.polizeichor-dresden.de\/wp-content\/uploads\/2022\/12\/PCDD-WK2022_-2287.jpg?fit=1198%2C800&amp;ssl=1\" data-orig-size=\"1198,800\" data-comments-opened=\"1\" data-image-meta=\"{&quot;aperture&quot;:&quot;0&quot;,&quot;credit&quot;:&quot;Jan Wiedemann&quot;,&quot;camera&quot;:&quot;&quot;,&quot;caption&quot;:&quot;&quot;,&quot;created_timestamp&quot;:&quot;0&quot;,&quot;copyright&quot;:&quot;Jan Wiedemann&quot;,&quot;focal_length&quot;:&quot;0&quot;,&quot;iso&quot;:&quot;0&quot;,&quot;shutter_speed&quot;:&quot;0&quot;,&quot;title&quot;:&quot;&quot;,&quot;orientation&quot;:&quot;1&quot;}\" data-image-title=\"PCDD-WK2022_-2287\" data-image-description=\"\" data-image-caption=\"\" data-medium-file=\"https:\/\/i0.wp.com\/www.polizeichor-dresden.de\/wp-content\/uploads\/2022\/12\/PCDD-WK2022_-2287.jpg?fit=300%2C200&amp;ssl=1\" data-large-file=\"https:\/\/i0.wp.com\/www.polizeichor-dresden.de\/wp-content\/uploads\/2022\/12\/PCDD-WK2022_-2287.jpg?fit=1024%2C684&amp;ssl=1\" srcset=\"https:\/\/i1.wp.com\/www.polizeichor-dresden.de\/wp-content\/uploads\/2022\/12\/PCDD-WK2022_-2287.jpg?strip=info&#038;w=600&#038;ssl=1 600w,https:\/\/i1.wp.com\/www.polizeichor-dresden.de\/wp-content\/uploads\/2022\/12\/PCDD-WK2022_-2287.jpg?strip=info&#038;w=900&#038;ssl=1 900w,https:\/\/i1.wp.com\/www.polizeichor-dresden.de\/wp-content\/uploads\/2022\/12\/PCDD-WK2022_-2287.jpg?strip=info&#038;w=1198&#038;ssl=1 1198w\" alt=\"\" data-height=\"800\" data-id=\"2661\" data-link=\"https:\/\/www.polizeichor-dresden.de\/?attachment_id=2661\" data-url=\"https:\/\/www.polizeichor-dresden.de\/wp-content\/uploads\/2022\/12\/PCDD-WK2022_-2287.jpg\" data-width=\"1198\" src=\"https:\/\/i1.wp.com\/www.polizeichor-dresden.de\/wp-content\/uploads\/2022\/12\/PCDD-WK2022_-2287.jpg?ssl=1\" layout=\"responsive\"\/><\/figure><\/div><div class=\"tiled-gallery__col\" style=\"flex-basis:66.84242957746478%\"><figure class=\"tiled-gallery__item\"><img data-attachment-id=\"2662\" data-permalink=\"https:\/\/www.polizeichor-dresden.de\/?attachment_id=2662\" data-orig-file=\"https:\/\/i0.wp.com\/www.polizeichor-dresden.de\/wp-content\/uploads\/2022\/12\/PCDD-WK2022_-2289.jpg?fit=1198%2C800&amp;ssl=1\" data-orig-size=\"1198,800\" data-comments-opened=\"1\" data-image-meta=\"{&quot;aperture&quot;:&quot;0&quot;,&quot;credit&quot;:&quot;Jan Wiedemann&quot;,&quot;camera&quot;:&quot;&quot;,&quot;caption&quot;:&quot;&quot;,&quot;created_timestamp&quot;:&quot;0&quot;,&quot;copyright&quot;:&quot;Jan Wiedemann&quot;,&quot;focal_length&quot;:&quot;0&quot;,&quot;iso&quot;:&quot;0&quot;,&quot;shutter_speed&quot;:&quot;0&quot;,&quot;title&quot;:&quot;&quot;,&quot;orientation&quot;:&quot;1&quot;}\" data-image-title=\"PCDD-WK2022_-2289\" data-image-description=\"\" data-image-caption=\"\" data-medium-file=\"https:\/\/i0.wp.com\/www.polizeichor-dresden.de\/wp-content\/uploads\/2022\/12\/PCDD-WK2022_-2289.jpg?fit=300%2C200&amp;ssl=1\" data-large-file=\"https:\/\/i0.wp.com\/www.polizeichor-dresden.de\/wp-content\/uploads\/2022\/12\/PCDD-WK2022_-2289.jpg?fit=1024%2C684&amp;ssl=1\" decoding=\"async\" data-attachment-id=\"2662\" data-permalink=\"https:\/\/www.polizeichor-dresden.de\/?attachment_id=2662\" data-orig-file=\"https:\/\/i0.wp.com\/www.polizeichor-dresden.de\/wp-content\/uploads\/2022\/12\/PCDD-WK2022_-2289.jpg?fit=1198%2C800&amp;ssl=1\" data-orig-size=\"1198,800\" data-comments-opened=\"1\" data-image-meta=\"{&quot;aperture&quot;:&quot;0&quot;,&quot;credit&quot;:&quot;Jan Wiedemann&quot;,&quot;camera&quot;:&quot;&quot;,&quot;caption&quot;:&quot;&quot;,&quot;created_timestamp&quot;:&quot;0&quot;,&quot;copyright&quot;:&quot;Jan Wiedemann&quot;,&quot;focal_length&quot;:&quot;0&quot;,&quot;iso&quot;:&quot;0&quot;,&quot;shutter_speed&quot;:&quot;0&quot;,&quot;title&quot;:&quot;&quot;,&quot;orientation&quot;:&quot;1&quot;}\" data-image-title=\"PCDD-WK2022_-2289\" data-image-description=\"\" data-image-caption=\"\" data-medium-file=\"https:\/\/i0.wp.com\/www.polizeichor-dresden.de\/wp-content\/uploads\/2022\/12\/PCDD-WK2022_-2289.jpg?fit=300%2C200&amp;ssl=1\" data-large-file=\"https:\/\/i0.wp.com\/www.polizeichor-dresden.de\/wp-content\/uploads\/2022\/12\/PCDD-WK2022_-2289.jpg?fit=1024%2C684&amp;ssl=1\" srcset=\"https:\/\/i1.wp.com\/www.polizeichor-dresden.de\/wp-content\/uploads\/2022\/12\/PCDD-WK2022_-2289.jpg?strip=info&#038;w=600&#038;ssl=1 600w,https:\/\/i1.wp.com\/www.polizeichor-dresden.de\/wp-content\/uploads\/2022\/12\/PCDD-WK2022_-2289.jpg?strip=info&#038;w=900&#038;ssl=1 900w,https:\/\/i1.wp.com\/www.polizeichor-dresden.de\/wp-content\/uploads\/2022\/12\/PCDD-WK2022_-2289.jpg?strip=info&#038;w=1198&#038;ssl=1 1198w\" alt=\"\" data-height=\"800\" data-id=\"2662\" data-link=\"https:\/\/www.polizeichor-dresden.de\/?attachment_id=2662\" data-url=\"https:\/\/www.polizeichor-dresden.de\/wp-content\/uploads\/2022\/12\/PCDD-WK2022_-2289.jpg\" data-width=\"1198\" src=\"https:\/\/i1.wp.com\/www.polizeichor-dresden.de\/wp-content\/uploads\/2022\/12\/PCDD-WK2022_-2289.jpg?ssl=1\" layout=\"responsive\"\/><\/figure><\/div><\/div><div class=\"tiled-gallery__row\"><div class=\"tiled-gallery__col\" style=\"flex-basis:50%\"><figure class=\"tiled-gallery__item\"><img data-attachment-id=\"2663\" data-permalink=\"https:\/\/www.polizeichor-dresden.de\/?attachment_id=2663\" data-orig-file=\"https:\/\/i0.wp.com\/www.polizeichor-dresden.de\/wp-content\/uploads\/2022\/12\/PCDD-WK2022_-2308.jpg?fit=1198%2C800&amp;ssl=1\" data-orig-size=\"1198,800\" data-comments-opened=\"1\" data-image-meta=\"{&quot;aperture&quot;:&quot;0&quot;,&quot;credit&quot;:&quot;Jan Wiedemann&quot;,&quot;camera&quot;:&quot;&quot;,&quot;caption&quot;:&quot;&quot;,&quot;created_timestamp&quot;:&quot;0&quot;,&quot;copyright&quot;:&quot;Jan Wiedemann&quot;,&quot;focal_length&quot;:&quot;0&quot;,&quot;iso&quot;:&quot;0&quot;,&quot;shutter_speed&quot;:&quot;0&quot;,&quot;title&quot;:&quot;&quot;,&quot;orientation&quot;:&quot;1&quot;}\" data-image-title=\"PCDD-WK2022_-2308\" data-image-description=\"\" data-image-caption=\"\" data-medium-file=\"https:\/\/i0.wp.com\/www.polizeichor-dresden.de\/wp-content\/uploads\/2022\/12\/PCDD-WK2022_-2308.jpg?fit=300%2C200&amp;ssl=1\" data-large-file=\"https:\/\/i0.wp.com\/www.polizeichor-dresden.de\/wp-content\/uploads\/2022\/12\/PCDD-WK2022_-2308.jpg?fit=1024%2C684&amp;ssl=1\" decoding=\"async\" data-attachment-id=\"2663\" data-permalink=\"https:\/\/www.polizeichor-dresden.de\/?attachment_id=2663\" data-orig-file=\"https:\/\/i0.wp.com\/www.polizeichor-dresden.de\/wp-content\/uploads\/2022\/12\/PCDD-WK2022_-2308.jpg?fit=1198%2C800&amp;ssl=1\" data-orig-size=\"1198,800\" data-comments-opened=\"1\" data-image-meta=\"{&quot;aperture&quot;:&quot;0&quot;,&quot;credit&quot;:&quot;Jan Wiedemann&quot;,&quot;camera&quot;:&quot;&quot;,&quot;caption&quot;:&quot;&quot;,&quot;created_timestamp&quot;:&quot;0&quot;,&quot;copyright&quot;:&quot;Jan Wiedemann&quot;,&quot;focal_length&quot;:&quot;0&quot;,&quot;iso&quot;:&quot;0&quot;,&quot;shutter_speed&quot;:&quot;0&quot;,&quot;title&quot;:&quot;&quot;,&quot;orientation&quot;:&quot;1&quot;}\" data-image-title=\"PCDD-WK2022_-2308\" data-image-description=\"\" data-image-caption=\"\" data-medium-file=\"https:\/\/i0.wp.com\/www.polizeichor-dresden.de\/wp-content\/uploads\/2022\/12\/PCDD-WK2022_-2308.jpg?fit=300%2C200&amp;ssl=1\" data-large-file=\"https:\/\/i0.wp.com\/www.polizeichor-dresden.de\/wp-content\/uploads\/2022\/12\/PCDD-WK2022_-2308.jpg?fit=1024%2C684&amp;ssl=1\" srcset=\"https:\/\/i1.wp.com\/www.polizeichor-dresden.de\/wp-content\/uploads\/2022\/12\/PCDD-WK2022_-2308.jpg?strip=info&#038;w=600&#038;ssl=1 600w,https:\/\/i1.wp.com\/www.polizeichor-dresden.de\/wp-content\/uploads\/2022\/12\/PCDD-WK2022_-2308.jpg?strip=info&#038;w=900&#038;ssl=1 900w,https:\/\/i1.wp.com\/www.polizeichor-dresden.de\/wp-content\/uploads\/2022\/12\/PCDD-WK2022_-2308.jpg?strip=info&#038;w=1198&#038;ssl=1 1198w\" alt=\"\" data-height=\"800\" data-id=\"2663\" data-link=\"https:\/\/www.polizeichor-dresden.de\/?attachment_id=2663\" data-url=\"https:\/\/www.polizeichor-dresden.de\/wp-content\/uploads\/2022\/12\/PCDD-WK2022_-2308.jpg\" data-width=\"1198\" src=\"https:\/\/i1.wp.com\/www.polizeichor-dresden.de\/wp-content\/uploads\/2022\/12\/PCDD-WK2022_-2308.jpg?ssl=1\" layout=\"responsive\"\/><\/figure><\/div><div class=\"tiled-gallery__col\" style=\"flex-basis:50%\"><figure class=\"tiled-gallery__item\"><img data-attachment-id=\"2664\" data-permalink=\"https:\/\/www.polizeichor-dresden.de\/?attachment_id=2664\" data-orig-file=\"https:\/\/i0.wp.com\/www.polizeichor-dresden.de\/wp-content\/uploads\/2022\/12\/PCDD-WK2022_-2309.jpg?fit=1198%2C800&amp;ssl=1\" data-orig-size=\"1198,800\" data-comments-opened=\"1\" data-image-meta=\"{&quot;aperture&quot;:&quot;0&quot;,&quot;credit&quot;:&quot;Jan Wiedemann&quot;,&quot;camera&quot;:&quot;&quot;,&quot;caption&quot;:&quot;&quot;,&quot;created_timestamp&quot;:&quot;0&quot;,&quot;copyright&quot;:&quot;Jan Wiedemann&quot;,&quot;focal_length&quot;:&quot;0&quot;,&quot;iso&quot;:&quot;0&quot;,&quot;shutter_speed&quot;:&quot;0&quot;,&quot;title&quot;:&quot;&quot;,&quot;orientation&quot;:&quot;1&quot;}\" data-image-title=\"PCDD-WK2022_-2309\" data-image-description=\"\" data-image-caption=\"\" data-medium-file=\"https:\/\/i0.wp.com\/www.polizeichor-dresden.de\/wp-content\/uploads\/2022\/12\/PCDD-WK2022_-2309.jpg?fit=300%2C200&amp;ssl=1\" data-large-file=\"https:\/\/i0.wp.com\/www.polizeichor-dresden.de\/wp-content\/uploads\/2022\/12\/PCDD-WK2022_-2309.jpg?fit=1024%2C684&amp;ssl=1\" decoding=\"async\" data-attachment-id=\"2664\" data-permalink=\"https:\/\/www.polizeichor-dresden.de\/?attachment_id=2664\" data-orig-file=\"https:\/\/i0.wp.com\/www.polizeichor-dresden.de\/wp-content\/uploads\/2022\/12\/PCDD-WK2022_-2309.jpg?fit=1198%2C800&amp;ssl=1\" data-orig-size=\"1198,800\" data-comments-opened=\"1\" data-image-meta=\"{&quot;aperture&quot;:&quot;0&quot;,&quot;credit&quot;:&quot;Jan Wiedemann&quot;,&quot;camera&quot;:&quot;&quot;,&quot;caption&quot;:&quot;&quot;,&quot;created_timestamp&quot;:&quot;0&quot;,&quot;copyright&quot;:&quot;Jan Wiedemann&quot;,&quot;focal_length&quot;:&quot;0&quot;,&quot;iso&quot;:&quot;0&quot;,&quot;shutter_speed&quot;:&quot;0&quot;,&quot;title&quot;:&quot;&quot;,&quot;orientation&quot;:&quot;1&quot;}\" data-image-title=\"PCDD-WK2022_-2309\" data-image-description=\"\" data-image-caption=\"\" data-medium-file=\"https:\/\/i0.wp.com\/www.polizeichor-dresden.de\/wp-content\/uploads\/2022\/12\/PCDD-WK2022_-2309.jpg?fit=300%2C200&amp;ssl=1\" data-large-file=\"https:\/\/i0.wp.com\/www.polizeichor-dresden.de\/wp-content\/uploads\/2022\/12\/PCDD-WK2022_-2309.jpg?fit=1024%2C684&amp;ssl=1\" srcset=\"https:\/\/i1.wp.com\/www.polizeichor-dresden.de\/wp-content\/uploads\/2022\/12\/PCDD-WK2022_-2309.jpg?strip=info&#038;w=600&#038;ssl=1 600w,https:\/\/i1.wp.com\/www.polizeichor-dresden.de\/wp-content\/uploads\/2022\/12\/PCDD-WK2022_-2309.jpg?strip=info&#038;w=900&#038;ssl=1 900w,https:\/\/i1.wp.com\/www.polizeichor-dresden.de\/wp-content\/uploads\/2022\/12\/PCDD-WK2022_-2309.jpg?strip=info&#038;w=1198&#038;ssl=1 1198w\" alt=\"\" data-height=\"800\" data-id=\"2664\" data-link=\"https:\/\/www.polizeichor-dresden.de\/?attachment_id=2664\" data-url=\"https:\/\/www.polizeichor-dresden.de\/wp-content\/uploads\/2022\/12\/PCDD-WK2022_-2309.jpg\" data-width=\"1198\" src=\"https:\/\/i1.wp.com\/www.polizeichor-dresden.de\/wp-content\/uploads\/2022\/12\/PCDD-WK2022_-2309.jpg?ssl=1\" layout=\"responsive\"\/><\/figure><\/div><\/div><div class=\"tiled-gallery__row\"><div class=\"tiled-gallery__col\" style=\"flex-basis:66.84242957746478%\"><figure class=\"tiled-gallery__item\"><img data-attachment-id=\"2665\" data-permalink=\"https:\/\/www.polizeichor-dresden.de\/?attachment_id=2665\" data-orig-file=\"https:\/\/i0.wp.com\/www.polizeichor-dresden.de\/wp-content\/uploads\/2022\/12\/PCDD-WK2022_-2320.jpg?fit=1198%2C800&amp;ssl=1\" data-orig-size=\"1198,800\" data-comments-opened=\"1\" data-image-meta=\"{&quot;aperture&quot;:&quot;0&quot;,&quot;credit&quot;:&quot;Jan Wiedemann&quot;,&quot;camera&quot;:&quot;&quot;,&quot;caption&quot;:&quot;&quot;,&quot;created_timestamp&quot;:&quot;0&quot;,&quot;copyright&quot;:&quot;Jan Wiedemann&quot;,&quot;focal_length&quot;:&quot;0&quot;,&quot;iso&quot;:&quot;0&quot;,&quot;shutter_speed&quot;:&quot;0&quot;,&quot;title&quot;:&quot;&quot;,&quot;orientation&quot;:&quot;1&quot;}\" data-image-title=\"PCDD-WK2022_-2320\" data-image-description=\"\" data-image-caption=\"\" data-medium-file=\"https:\/\/i0.wp.com\/www.polizeichor-dresden.de\/wp-content\/uploads\/2022\/12\/PCDD-WK2022_-2320.jpg?fit=300%2C200&amp;ssl=1\" data-large-file=\"https:\/\/i0.wp.com\/www.polizeichor-dresden.de\/wp-content\/uploads\/2022\/12\/PCDD-WK2022_-2320.jpg?fit=1024%2C684&amp;ssl=1\" decoding=\"async\" data-attachment-id=\"2665\" data-permalink=\"https:\/\/www.polizeichor-dresden.de\/?attachment_id=2665\" data-orig-file=\"https:\/\/i0.wp.com\/www.polizeichor-dresden.de\/wp-content\/uploads\/2022\/12\/PCDD-WK2022_-2320.jpg?fit=1198%2C800&amp;ssl=1\" data-orig-size=\"1198,800\" data-comments-opened=\"1\" data-image-meta=\"{&quot;aperture&quot;:&quot;0&quot;,&quot;credit&quot;:&quot;Jan Wiedemann&quot;,&quot;camera&quot;:&quot;&quot;,&quot;caption&quot;:&quot;&quot;,&quot;created_timestamp&quot;:&quot;0&quot;,&quot;copyright&quot;:&quot;Jan Wiedemann&quot;,&quot;focal_length&quot;:&quot;0&quot;,&quot;iso&quot;:&quot;0&quot;,&quot;shutter_speed&quot;:&quot;0&quot;,&quot;title&quot;:&quot;&quot;,&quot;orientation&quot;:&quot;1&quot;}\" data-image-title=\"PCDD-WK2022_-2320\" data-image-description=\"\" data-image-caption=\"\" data-medium-file=\"https:\/\/i0.wp.com\/www.polizeichor-dresden.de\/wp-content\/uploads\/2022\/12\/PCDD-WK2022_-2320.jpg?fit=300%2C200&amp;ssl=1\" data-large-file=\"https:\/\/i0.wp.com\/www.polizeichor-dresden.de\/wp-content\/uploads\/2022\/12\/PCDD-WK2022_-2320.jpg?fit=1024%2C684&amp;ssl=1\" srcset=\"https:\/\/i0.wp.com\/www.polizeichor-dresden.de\/wp-content\/uploads\/2022\/12\/PCDD-WK2022_-2320.jpg?strip=info&#038;w=600&#038;ssl=1 600w,https:\/\/i0.wp.com\/www.polizeichor-dresden.de\/wp-content\/uploads\/2022\/12\/PCDD-WK2022_-2320.jpg?strip=info&#038;w=900&#038;ssl=1 900w,https:\/\/i0.wp.com\/www.polizeichor-dresden.de\/wp-content\/uploads\/2022\/12\/PCDD-WK2022_-2320.jpg?strip=info&#038;w=1198&#038;ssl=1 1198w\" alt=\"\" data-height=\"800\" data-id=\"2665\" data-link=\"https:\/\/www.polizeichor-dresden.de\/?attachment_id=2665\" data-url=\"https:\/\/www.polizeichor-dresden.de\/wp-content\/uploads\/2022\/12\/PCDD-WK2022_-2320.jpg\" data-width=\"1198\" src=\"https:\/\/i0.wp.com\/www.polizeichor-dresden.de\/wp-content\/uploads\/2022\/12\/PCDD-WK2022_-2320.jpg?ssl=1\" layout=\"responsive\"\/><\/figure><\/div><div class=\"tiled-gallery__col\" style=\"flex-basis:33.157570422535215%\"><figure class=\"tiled-gallery__item\"><img data-attachment-id=\"2666\" data-permalink=\"https:\/\/www.polizeichor-dresden.de\/?attachment_id=2666\" data-orig-file=\"https:\/\/i0.wp.com\/www.polizeichor-dresden.de\/wp-content\/uploads\/2022\/12\/PCDD-WK2022_-2351.jpg?fit=1198%2C800&amp;ssl=1\" data-orig-size=\"1198,800\" data-comments-opened=\"1\" data-image-meta=\"{&quot;aperture&quot;:&quot;0&quot;,&quot;credit&quot;:&quot;Jan Wiedemann&quot;,&quot;camera&quot;:&quot;&quot;,&quot;caption&quot;:&quot;&quot;,&quot;created_timestamp&quot;:&quot;0&quot;,&quot;copyright&quot;:&quot;Jan Wiedemann&quot;,&quot;focal_length&quot;:&quot;0&quot;,&quot;iso&quot;:&quot;0&quot;,&quot;shutter_speed&quot;:&quot;0&quot;,&quot;title&quot;:&quot;&quot;,&quot;orientation&quot;:&quot;1&quot;}\" data-image-title=\"PCDD-WK2022_-2351\" data-image-description=\"\" data-image-caption=\"\" data-medium-file=\"https:\/\/i0.wp.com\/www.polizeichor-dresden.de\/wp-content\/uploads\/2022\/12\/PCDD-WK2022_-2351.jpg?fit=300%2C200&amp;ssl=1\" data-large-file=\"https:\/\/i0.wp.com\/www.polizeichor-dresden.de\/wp-content\/uploads\/2022\/12\/PCDD-WK2022_-2351.jpg?fit=1024%2C684&amp;ssl=1\" decoding=\"async\" data-attachment-id=\"2666\" data-permalink=\"https:\/\/www.polizeichor-dresden.de\/?attachment_id=2666\" data-orig-file=\"https:\/\/i0.wp.com\/www.polizeichor-dresden.de\/wp-content\/uploads\/2022\/12\/PCDD-WK2022_-2351.jpg?fit=1198%2C800&amp;ssl=1\" data-orig-size=\"1198,800\" data-comments-opened=\"1\" data-image-meta=\"{&quot;aperture&quot;:&quot;0&quot;,&quot;credit&quot;:&quot;Jan Wiedemann&quot;,&quot;camera&quot;:&quot;&quot;,&quot;caption&quot;:&quot;&quot;,&quot;created_timestamp&quot;:&quot;0&quot;,&quot;copyright&quot;:&quot;Jan Wiedemann&quot;,&quot;focal_length&quot;:&quot;0&quot;,&quot;iso&quot;:&quot;0&quot;,&quot;shutter_speed&quot;:&quot;0&quot;,&quot;title&quot;:&quot;&quot;,&quot;orientation&quot;:&quot;1&quot;}\" data-image-title=\"PCDD-WK2022_-2351\" data-image-description=\"\" data-image-caption=\"\" data-medium-file=\"https:\/\/i0.wp.com\/www.polizeichor-dresden.de\/wp-content\/uploads\/2022\/12\/PCDD-WK2022_-2351.jpg?fit=300%2C200&amp;ssl=1\" data-large-file=\"https:\/\/i0.wp.com\/www.polizeichor-dresden.de\/wp-content\/uploads\/2022\/12\/PCDD-WK2022_-2351.jpg?fit=1024%2C684&amp;ssl=1\" srcset=\"https:\/\/i1.wp.com\/www.polizeichor-dresden.de\/wp-content\/uploads\/2022\/12\/PCDD-WK2022_-2351.jpg?strip=info&#038;w=600&#038;ssl=1 600w,https:\/\/i1.wp.com\/www.polizeichor-dresden.de\/wp-content\/uploads\/2022\/12\/PCDD-WK2022_-2351.jpg?strip=info&#038;w=900&#038;ssl=1 900w,https:\/\/i1.wp.com\/www.polizeichor-dresden.de\/wp-content\/uploads\/2022\/12\/PCDD-WK2022_-2351.jpg?strip=info&#038;w=1198&#038;ssl=1 1198w\" alt=\"\" data-height=\"800\" data-id=\"2666\" data-link=\"https:\/\/www.polizeichor-dresden.de\/?attachment_id=2666\" data-url=\"https:\/\/www.polizeichor-dresden.de\/wp-content\/uploads\/2022\/12\/PCDD-WK2022_-2351.jpg\" data-width=\"1198\" src=\"https:\/\/i1.wp.com\/www.polizeichor-dresden.de\/wp-content\/uploads\/2022\/12\/PCDD-WK2022_-2351.jpg?ssl=1\" layout=\"responsive\"\/><\/figure><figure class=\"tiled-gallery__item\"><img data-attachment-id=\"2667\" data-permalink=\"https:\/\/www.polizeichor-dresden.de\/?attachment_id=2667\" data-orig-file=\"https:\/\/i0.wp.com\/www.polizeichor-dresden.de\/wp-content\/uploads\/2022\/12\/PCDD-WK2022_-2366.jpg?fit=1198%2C800&amp;ssl=1\" data-orig-size=\"1198,800\" data-comments-opened=\"1\" data-image-meta=\"{&quot;aperture&quot;:&quot;0&quot;,&quot;credit&quot;:&quot;Jan Wiedemann&quot;,&quot;camera&quot;:&quot;&quot;,&quot;caption&quot;:&quot;&quot;,&quot;created_timestamp&quot;:&quot;0&quot;,&quot;copyright&quot;:&quot;Jan Wiedemann&quot;,&quot;focal_length&quot;:&quot;0&quot;,&quot;iso&quot;:&quot;0&quot;,&quot;shutter_speed&quot;:&quot;0&quot;,&quot;title&quot;:&quot;&quot;,&quot;orientation&quot;:&quot;1&quot;}\" data-image-title=\"PCDD-WK2022_-2366\" data-image-description=\"\" data-image-caption=\"\" data-medium-file=\"https:\/\/i0.wp.com\/www.polizeichor-dresden.de\/wp-content\/uploads\/2022\/12\/PCDD-WK2022_-2366.jpg?fit=300%2C200&amp;ssl=1\" data-large-file=\"https:\/\/i0.wp.com\/www.polizeichor-dresden.de\/wp-content\/uploads\/2022\/12\/PCDD-WK2022_-2366.jpg?fit=1024%2C684&amp;ssl=1\" decoding=\"async\" data-attachment-id=\"2667\" data-permalink=\"https:\/\/www.polizeichor-dresden.de\/?attachment_id=2667\" data-orig-file=\"https:\/\/i0.wp.com\/www.polizeichor-dresden.de\/wp-content\/uploads\/2022\/12\/PCDD-WK2022_-2366.jpg?fit=1198%2C800&amp;ssl=1\" data-orig-size=\"1198,800\" data-comments-opened=\"1\" data-image-meta=\"{&quot;aperture&quot;:&quot;0&quot;,&quot;credit&quot;:&quot;Jan Wiedemann&quot;,&quot;camera&quot;:&quot;&quot;,&quot;caption&quot;:&quot;&quot;,&quot;created_timestamp&quot;:&quot;0&quot;,&quot;copyright&quot;:&quot;Jan Wiedemann&quot;,&quot;focal_length&quot;:&quot;0&quot;,&quot;iso&quot;:&quot;0&quot;,&quot;shutter_speed&quot;:&quot;0&quot;,&quot;title&quot;:&quot;&quot;,&quot;orientation&quot;:&quot;1&quot;}\" data-image-title=\"PCDD-WK2022_-2366\" data-image-description=\"\" data-image-caption=\"\" data-medium-file=\"https:\/\/i0.wp.com\/www.polizeichor-dresden.de\/wp-content\/uploads\/2022\/12\/PCDD-WK2022_-2366.jpg?fit=300%2C200&amp;ssl=1\" data-large-file=\"https:\/\/i0.wp.com\/www.polizeichor-dresden.de\/wp-content\/uploads\/2022\/12\/PCDD-WK2022_-2366.jpg?fit=1024%2C684&amp;ssl=1\" srcset=\"https:\/\/i1.wp.com\/www.polizeichor-dresden.de\/wp-content\/uploads\/2022\/12\/PCDD-WK2022_-2366.jpg?strip=info&#038;w=600&#038;ssl=1 600w,https:\/\/i1.wp.com\/www.polizeichor-dresden.de\/wp-content\/uploads\/2022\/12\/PCDD-WK2022_-2366.jpg?strip=info&#038;w=900&#038;ssl=1 900w,https:\/\/i1.wp.com\/www.polizeichor-dresden.de\/wp-content\/uploads\/2022\/12\/PCDD-WK2022_-2366.jpg?strip=info&#038;w=1198&#038;ssl=1 1198w\" alt=\"\" data-height=\"800\" data-id=\"2667\" data-link=\"https:\/\/www.polizeichor-dresden.de\/?attachment_id=2667\" data-url=\"https:\/\/www.polizeichor-dresden.de\/wp-content\/uploads\/2022\/12\/PCDD-WK2022_-2366.jpg\" data-width=\"1198\" src=\"https:\/\/i1.wp.com\/www.polizeichor-dresden.de\/wp-content\/uploads\/2022\/12\/PCDD-WK2022_-2366.jpg?ssl=1\" layout=\"responsive\"\/><\/figure><\/div><\/div><div class=\"tiled-gallery__row\"><div class=\"tiled-gallery__col\" style=\"flex-basis:34.399162663996854%\"><figure class=\"tiled-gallery__item\"><img data-attachment-id=\"2668\" data-permalink=\"https:\/\/www.polizeichor-dresden.de\/?attachment_id=2668\" data-orig-file=\"https:\/\/i0.wp.com\/www.polizeichor-dresden.de\/wp-content\/uploads\/2022\/12\/PCDD-WK2022_-2371.jpg?fit=1198%2C800&amp;ssl=1\" data-orig-size=\"1198,800\" data-comments-opened=\"1\" data-image-meta=\"{&quot;aperture&quot;:&quot;0&quot;,&quot;credit&quot;:&quot;Jan Wiedemann&quot;,&quot;camera&quot;:&quot;&quot;,&quot;caption&quot;:&quot;&quot;,&quot;created_timestamp&quot;:&quot;0&quot;,&quot;copyright&quot;:&quot;Jan Wiedemann&quot;,&quot;focal_length&quot;:&quot;0&quot;,&quot;iso&quot;:&quot;0&quot;,&quot;shutter_speed&quot;:&quot;0&quot;,&quot;title&quot;:&quot;&quot;,&quot;orientation&quot;:&quot;1&quot;}\" data-image-title=\"PCDD-WK2022_-2371\" data-image-description=\"\" data-image-caption=\"\" data-medium-file=\"https:\/\/i0.wp.com\/www.polizeichor-dresden.de\/wp-content\/uploads\/2022\/12\/PCDD-WK2022_-2371.jpg?fit=300%2C200&amp;ssl=1\" data-large-file=\"https:\/\/i0.wp.com\/www.polizeichor-dresden.de\/wp-content\/uploads\/2022\/12\/PCDD-WK2022_-2371.jpg?fit=1024%2C684&amp;ssl=1\" decoding=\"async\" data-attachment-id=\"2668\" data-permalink=\"https:\/\/www.polizeichor-dresden.de\/?attachment_id=2668\" data-orig-file=\"https:\/\/i0.wp.com\/www.polizeichor-dresden.de\/wp-content\/uploads\/2022\/12\/PCDD-WK2022_-2371.jpg?fit=1198%2C800&amp;ssl=1\" data-orig-size=\"1198,800\" data-comments-opened=\"1\" data-image-meta=\"{&quot;aperture&quot;:&quot;0&quot;,&quot;credit&quot;:&quot;Jan Wiedemann&quot;,&quot;camera&quot;:&quot;&quot;,&quot;caption&quot;:&quot;&quot;,&quot;created_timestamp&quot;:&quot;0&quot;,&quot;copyright&quot;:&quot;Jan Wiedemann&quot;,&quot;focal_length&quot;:&quot;0&quot;,&quot;iso&quot;:&quot;0&quot;,&quot;shutter_speed&quot;:&quot;0&quot;,&quot;title&quot;:&quot;&quot;,&quot;orientation&quot;:&quot;1&quot;}\" data-image-title=\"PCDD-WK2022_-2371\" data-image-description=\"\" data-image-caption=\"\" data-medium-file=\"https:\/\/i0.wp.com\/www.polizeichor-dresden.de\/wp-content\/uploads\/2022\/12\/PCDD-WK2022_-2371.jpg?fit=300%2C200&amp;ssl=1\" data-large-file=\"https:\/\/i0.wp.com\/www.polizeichor-dresden.de\/wp-content\/uploads\/2022\/12\/PCDD-WK2022_-2371.jpg?fit=1024%2C684&amp;ssl=1\" srcset=\"https:\/\/i2.wp.com\/www.polizeichor-dresden.de\/wp-content\/uploads\/2022\/12\/PCDD-WK2022_-2371.jpg?strip=info&#038;w=600&#038;ssl=1 600w,https:\/\/i2.wp.com\/www.polizeichor-dresden.de\/wp-content\/uploads\/2022\/12\/PCDD-WK2022_-2371.jpg?strip=info&#038;w=900&#038;ssl=1 900w,https:\/\/i2.wp.com\/www.polizeichor-dresden.de\/wp-content\/uploads\/2022\/12\/PCDD-WK2022_-2371.jpg?strip=info&#038;w=1198&#038;ssl=1 1198w\" alt=\"\" data-height=\"800\" data-id=\"2668\" data-link=\"https:\/\/www.polizeichor-dresden.de\/?attachment_id=2668\" data-url=\"https:\/\/www.polizeichor-dresden.de\/wp-content\/uploads\/2022\/12\/PCDD-WK2022_-2371.jpg\" data-width=\"1198\" src=\"https:\/\/i2.wp.com\/www.polizeichor-dresden.de\/wp-content\/uploads\/2022\/12\/PCDD-WK2022_-2371.jpg?ssl=1\" layout=\"responsive\"\/><\/figure><figure class=\"tiled-gallery__item\"><img data-attachment-id=\"2669\" data-permalink=\"https:\/\/www.polizeichor-dresden.de\/?attachment_id=2669\" data-orig-file=\"https:\/\/i0.wp.com\/www.polizeichor-dresden.de\/wp-content\/uploads\/2022\/12\/PCDD-WK2022_-2379.jpg?fit=1198%2C800&amp;ssl=1\" data-orig-size=\"1198,800\" data-comments-opened=\"1\" data-image-meta=\"{&quot;aperture&quot;:&quot;0&quot;,&quot;credit&quot;:&quot;Jan Wiedemann&quot;,&quot;camera&quot;:&quot;&quot;,&quot;caption&quot;:&quot;&quot;,&quot;created_timestamp&quot;:&quot;0&quot;,&quot;copyright&quot;:&quot;Jan Wiedemann&quot;,&quot;focal_length&quot;:&quot;0&quot;,&quot;iso&quot;:&quot;0&quot;,&quot;shutter_speed&quot;:&quot;0&quot;,&quot;title&quot;:&quot;&quot;,&quot;orientation&quot;:&quot;1&quot;}\" data-image-title=\"PCDD-WK2022_-2379\" data-image-description=\"\" data-image-caption=\"\" data-medium-file=\"https:\/\/i0.wp.com\/www.polizeichor-dresden.de\/wp-content\/uploads\/2022\/12\/PCDD-WK2022_-2379.jpg?fit=300%2C200&amp;ssl=1\" data-large-file=\"https:\/\/i0.wp.com\/www.polizeichor-dresden.de\/wp-content\/uploads\/2022\/12\/PCDD-WK2022_-2379.jpg?fit=1024%2C684&amp;ssl=1\" decoding=\"async\" data-attachment-id=\"2669\" data-permalink=\"https:\/\/www.polizeichor-dresden.de\/?attachment_id=2669\" data-orig-file=\"https:\/\/i0.wp.com\/www.polizeichor-dresden.de\/wp-content\/uploads\/2022\/12\/PCDD-WK2022_-2379.jpg?fit=1198%2C800&amp;ssl=1\" data-orig-size=\"1198,800\" data-comments-opened=\"1\" data-image-meta=\"{&quot;aperture&quot;:&quot;0&quot;,&quot;credit&quot;:&quot;Jan Wiedemann&quot;,&quot;camera&quot;:&quot;&quot;,&quot;caption&quot;:&quot;&quot;,&quot;created_timestamp&quot;:&quot;0&quot;,&quot;copyright&quot;:&quot;Jan Wiedemann&quot;,&quot;focal_length&quot;:&quot;0&quot;,&quot;iso&quot;:&quot;0&quot;,&quot;shutter_speed&quot;:&quot;0&quot;,&quot;title&quot;:&quot;&quot;,&quot;orientation&quot;:&quot;1&quot;}\" data-image-title=\"PCDD-WK2022_-2379\" data-image-description=\"\" data-image-caption=\"\" data-medium-file=\"https:\/\/i0.wp.com\/www.polizeichor-dresden.de\/wp-content\/uploads\/2022\/12\/PCDD-WK2022_-2379.jpg?fit=300%2C200&amp;ssl=1\" data-large-file=\"https:\/\/i0.wp.com\/www.polizeichor-dresden.de\/wp-content\/uploads\/2022\/12\/PCDD-WK2022_-2379.jpg?fit=1024%2C684&amp;ssl=1\" srcset=\"https:\/\/i2.wp.com\/www.polizeichor-dresden.de\/wp-content\/uploads\/2022\/12\/PCDD-WK2022_-2379.jpg?strip=info&#038;w=600&#038;ssl=1 600w,https:\/\/i2.wp.com\/www.polizeichor-dresden.de\/wp-content\/uploads\/2022\/12\/PCDD-WK2022_-2379.jpg?strip=info&#038;w=900&#038;ssl=1 900w,https:\/\/i2.wp.com\/www.polizeichor-dresden.de\/wp-content\/uploads\/2022\/12\/PCDD-WK2022_-2379.jpg?strip=info&#038;w=1198&#038;ssl=1 1198w\" alt=\"\" data-height=\"800\" data-id=\"2669\" data-link=\"https:\/\/www.polizeichor-dresden.de\/?attachment_id=2669\" data-url=\"https:\/\/www.polizeichor-dresden.de\/wp-content\/uploads\/2022\/12\/PCDD-WK2022_-2379.jpg\" data-width=\"1198\" src=\"https:\/\/i2.wp.com\/www.polizeichor-dresden.de\/wp-content\/uploads\/2022\/12\/PCDD-WK2022_-2379.jpg?ssl=1\" layout=\"responsive\"\/><\/figure><\/div><div class=\"tiled-gallery__col\" style=\"flex-basis:31.201674672006284%\"><figure class=\"tiled-gallery__item\"><img data-attachment-id=\"2670\" data-permalink=\"https:\/\/www.polizeichor-dresden.de\/?attachment_id=2670\" data-orig-file=\"https:\/\/i0.wp.com\/www.polizeichor-dresden.de\/wp-content\/uploads\/2022\/12\/PCDD-WK2022_-2382.jpg?fit=534%2C800&amp;ssl=1\" data-orig-size=\"534,800\" data-comments-opened=\"1\" data-image-meta=\"{&quot;aperture&quot;:&quot;0&quot;,&quot;credit&quot;:&quot;Jan Wiedemann&quot;,&quot;camera&quot;:&quot;&quot;,&quot;caption&quot;:&quot;&quot;,&quot;created_timestamp&quot;:&quot;0&quot;,&quot;copyright&quot;:&quot;Jan Wiedemann&quot;,&quot;focal_length&quot;:&quot;0&quot;,&quot;iso&quot;:&quot;0&quot;,&quot;shutter_speed&quot;:&quot;0&quot;,&quot;title&quot;:&quot;&quot;,&quot;orientation&quot;:&quot;1&quot;}\" data-image-title=\"PCDD-WK2022_-2382\" data-image-description=\"\" data-image-caption=\"\" data-medium-file=\"https:\/\/i0.wp.com\/www.polizeichor-dresden.de\/wp-content\/uploads\/2022\/12\/PCDD-WK2022_-2382.jpg?fit=200%2C300&amp;ssl=1\" data-large-file=\"https:\/\/i0.wp.com\/www.polizeichor-dresden.de\/wp-content\/uploads\/2022\/12\/PCDD-WK2022_-2382.jpg?fit=534%2C800&amp;ssl=1\" decoding=\"async\" data-attachment-id=\"2670\" data-permalink=\"https:\/\/www.polizeichor-dresden.de\/?attachment_id=2670\" data-orig-file=\"https:\/\/i0.wp.com\/www.polizeichor-dresden.de\/wp-content\/uploads\/2022\/12\/PCDD-WK2022_-2382.jpg?fit=534%2C800&amp;ssl=1\" data-orig-size=\"534,800\" data-comments-opened=\"1\" data-image-meta=\"{&quot;aperture&quot;:&quot;0&quot;,&quot;credit&quot;:&quot;Jan Wiedemann&quot;,&quot;camera&quot;:&quot;&quot;,&quot;caption&quot;:&quot;&quot;,&quot;created_timestamp&quot;:&quot;0&quot;,&quot;copyright&quot;:&quot;Jan Wiedemann&quot;,&quot;focal_length&quot;:&quot;0&quot;,&quot;iso&quot;:&quot;0&quot;,&quot;shutter_speed&quot;:&quot;0&quot;,&quot;title&quot;:&quot;&quot;,&quot;orientation&quot;:&quot;1&quot;}\" data-image-title=\"PCDD-WK2022_-2382\" data-image-description=\"\" data-image-caption=\"\" data-medium-file=\"https:\/\/i0.wp.com\/www.polizeichor-dresden.de\/wp-content\/uploads\/2022\/12\/PCDD-WK2022_-2382.jpg?fit=200%2C300&amp;ssl=1\" data-large-file=\"https:\/\/i0.wp.com\/www.polizeichor-dresden.de\/wp-content\/uploads\/2022\/12\/PCDD-WK2022_-2382.jpg?fit=534%2C800&amp;ssl=1\" srcset=\"https:\/\/i2.wp.com\/www.polizeichor-dresden.de\/wp-content\/uploads\/2022\/12\/PCDD-WK2022_-2382.jpg?strip=info&#038;w=534&#038;ssl=1 534w\" alt=\"\" data-height=\"800\" data-id=\"2670\" data-link=\"https:\/\/www.polizeichor-dresden.de\/?attachment_id=2670\" data-url=\"https:\/\/www.polizeichor-dresden.de\/wp-content\/uploads\/2022\/12\/PCDD-WK2022_-2382.jpg\" data-width=\"534\" src=\"https:\/\/i2.wp.com\/www.polizeichor-dresden.de\/wp-content\/uploads\/2022\/12\/PCDD-WK2022_-2382.jpg?ssl=1\" layout=\"responsive\"\/><\/figure><\/div><div class=\"tiled-gallery__col\" style=\"flex-basis:34.399162663996854%\"><figure class=\"tiled-gallery__item\"><img data-attachment-id=\"2671\" data-permalink=\"https:\/\/www.polizeichor-dresden.de\/?attachment_id=2671\" data-orig-file=\"https:\/\/i0.wp.com\/www.polizeichor-dresden.de\/wp-content\/uploads\/2022\/12\/PCDD-WK2022_-2390.jpg?fit=1198%2C800&amp;ssl=1\" data-orig-size=\"1198,800\" data-comments-opened=\"1\" data-image-meta=\"{&quot;aperture&quot;:&quot;0&quot;,&quot;credit&quot;:&quot;Jan Wiedemann&quot;,&quot;camera&quot;:&quot;&quot;,&quot;caption&quot;:&quot;&quot;,&quot;created_timestamp&quot;:&quot;0&quot;,&quot;copyright&quot;:&quot;Jan Wiedemann&quot;,&quot;focal_length&quot;:&quot;0&quot;,&quot;iso&quot;:&quot;0&quot;,&quot;shutter_speed&quot;:&quot;0&quot;,&quot;title&quot;:&quot;&quot;,&quot;orientation&quot;:&quot;1&quot;}\" data-image-title=\"PCDD-WK2022_-2390\" data-image-description=\"\" data-image-caption=\"\" data-medium-file=\"https:\/\/i0.wp.com\/www.polizeichor-dresden.de\/wp-content\/uploads\/2022\/12\/PCDD-WK2022_-2390.jpg?fit=300%2C200&amp;ssl=1\" data-large-file=\"https:\/\/i0.wp.com\/www.polizeichor-dresden.de\/wp-content\/uploads\/2022\/12\/PCDD-WK2022_-2390.jpg?fit=1024%2C684&amp;ssl=1\" decoding=\"async\" data-attachment-id=\"2671\" data-permalink=\"https:\/\/www.polizeichor-dresden.de\/?attachment_id=2671\" data-orig-file=\"https:\/\/i0.wp.com\/www.polizeichor-dresden.de\/wp-content\/uploads\/2022\/12\/PCDD-WK2022_-2390.jpg?fit=1198%2C800&amp;ssl=1\" data-orig-size=\"1198,800\" data-comments-opened=\"1\" data-image-meta=\"{&quot;aperture&quot;:&quot;0&quot;,&quot;credit&quot;:&quot;Jan Wiedemann&quot;,&quot;camera&quot;:&quot;&quot;,&quot;caption&quot;:&quot;&quot;,&quot;created_timestamp&quot;:&quot;0&quot;,&quot;copyright&quot;:&quot;Jan Wiedemann&quot;,&quot;focal_length&quot;:&quot;0&quot;,&quot;iso&quot;:&quot;0&quot;,&quot;shutter_speed&quot;:&quot;0&quot;,&quot;title&quot;:&quot;&quot;,&quot;orientation&quot;:&quot;1&quot;}\" data-image-title=\"PCDD-WK2022_-2390\" data-image-description=\"\" data-image-caption=\"\" data-medium-file=\"https:\/\/i0.wp.com\/www.polizeichor-dresden.de\/wp-content\/uploads\/2022\/12\/PCDD-WK2022_-2390.jpg?fit=300%2C200&amp;ssl=1\" data-large-file=\"https:\/\/i0.wp.com\/www.polizeichor-dresden.de\/wp-content\/uploads\/2022\/12\/PCDD-WK2022_-2390.jpg?fit=1024%2C684&amp;ssl=1\" srcset=\"https:\/\/i1.wp.com\/www.polizeichor-dresden.de\/wp-content\/uploads\/2022\/12\/PCDD-WK2022_-2390.jpg?strip=info&#038;w=600&#038;ssl=1 600w,https:\/\/i1.wp.com\/www.polizeichor-dresden.de\/wp-content\/uploads\/2022\/12\/PCDD-WK2022_-2390.jpg?strip=info&#038;w=900&#038;ssl=1 900w,https:\/\/i1.wp.com\/www.polizeichor-dresden.de\/wp-content\/uploads\/2022\/12\/PCDD-WK2022_-2390.jpg?strip=info&#038;w=1198&#038;ssl=1 1198w\" alt=\"\" data-height=\"800\" data-id=\"2671\" data-link=\"https:\/\/www.polizeichor-dresden.de\/?attachment_id=2671\" data-url=\"https:\/\/www.polizeichor-dresden.de\/wp-content\/uploads\/2022\/12\/PCDD-WK2022_-2390.jpg\" data-width=\"1198\" src=\"https:\/\/i1.wp.com\/www.polizeichor-dresden.de\/wp-content\/uploads\/2022\/12\/PCDD-WK2022_-2390.jpg?ssl=1\" layout=\"responsive\"\/><\/figure><figure class=\"tiled-gallery__item\"><img data-attachment-id=\"2672\" data-permalink=\"https:\/\/www.polizeichor-dresden.de\/?attachment_id=2672\" data-orig-file=\"https:\/\/i0.wp.com\/www.polizeichor-dresden.de\/wp-content\/uploads\/2022\/12\/PCDD-WK2022_-2395.jpg?fit=1198%2C800&amp;ssl=1\" data-orig-size=\"1198,800\" data-comments-opened=\"1\" data-image-meta=\"{&quot;aperture&quot;:&quot;0&quot;,&quot;credit&quot;:&quot;Jan Wiedemann&quot;,&quot;camera&quot;:&quot;&quot;,&quot;caption&quot;:&quot;&quot;,&quot;created_timestamp&quot;:&quot;0&quot;,&quot;copyright&quot;:&quot;Jan Wiedemann&quot;,&quot;focal_length&quot;:&quot;0&quot;,&quot;iso&quot;:&quot;0&quot;,&quot;shutter_speed&quot;:&quot;0&quot;,&quot;title&quot;:&quot;&quot;,&quot;orientation&quot;:&quot;1&quot;}\" data-image-title=\"PCDD-WK2022_-2395\" data-image-description=\"\" data-image-caption=\"\" data-medium-file=\"https:\/\/i0.wp.com\/www.polizeichor-dresden.de\/wp-content\/uploads\/2022\/12\/PCDD-WK2022_-2395.jpg?fit=300%2C200&amp;ssl=1\" data-large-file=\"https:\/\/i0.wp.com\/www.polizeichor-dresden.de\/wp-content\/uploads\/2022\/12\/PCDD-WK2022_-2395.jpg?fit=1024%2C684&amp;ssl=1\" decoding=\"async\" data-attachment-id=\"2672\" data-permalink=\"https:\/\/www.polizeichor-dresden.de\/?attachment_id=2672\" data-orig-file=\"https:\/\/i0.wp.com\/www.polizeichor-dresden.de\/wp-content\/uploads\/2022\/12\/PCDD-WK2022_-2395.jpg?fit=1198%2C800&amp;ssl=1\" data-orig-size=\"1198,800\" data-comments-opened=\"1\" data-image-meta=\"{&quot;aperture&quot;:&quot;0&quot;,&quot;credit&quot;:&quot;Jan Wiedemann&quot;,&quot;camera&quot;:&quot;&quot;,&quot;caption&quot;:&quot;&quot;,&quot;created_timestamp&quot;:&quot;0&quot;,&quot;copyright&quot;:&quot;Jan Wiedemann&quot;,&quot;focal_length&quot;:&quot;0&quot;,&quot;iso&quot;:&quot;0&quot;,&quot;shutter_speed&quot;:&quot;0&quot;,&quot;title&quot;:&quot;&quot;,&quot;orientation&quot;:&quot;1&quot;}\" data-image-title=\"PCDD-WK2022_-2395\" data-image-description=\"\" data-image-caption=\"\" data-medium-file=\"https:\/\/i0.wp.com\/www.polizeichor-dresden.de\/wp-content\/uploads\/2022\/12\/PCDD-WK2022_-2395.jpg?fit=300%2C200&amp;ssl=1\" data-large-file=\"https:\/\/i0.wp.com\/www.polizeichor-dresden.de\/wp-content\/uploads\/2022\/12\/PCDD-WK2022_-2395.jpg?fit=1024%2C684&amp;ssl=1\" srcset=\"https:\/\/i1.wp.com\/www.polizeichor-dresden.de\/wp-content\/uploads\/2022\/12\/PCDD-WK2022_-2395.jpg?strip=info&#038;w=600&#038;ssl=1 600w,https:\/\/i1.wp.com\/www.polizeichor-dresden.de\/wp-content\/uploads\/2022\/12\/PCDD-WK2022_-2395.jpg?strip=info&#038;w=900&#038;ssl=1 900w,https:\/\/i1.wp.com\/www.polizeichor-dresden.de\/wp-content\/uploads\/2022\/12\/PCDD-WK2022_-2395.jpg?strip=info&#038;w=1198&#038;ssl=1 1198w\" alt=\"\" data-height=\"800\" data-id=\"2672\" data-link=\"https:\/\/www.polizeichor-dresden.de\/?attachment_id=2672\" data-url=\"https:\/\/www.polizeichor-dresden.de\/wp-content\/uploads\/2022\/12\/PCDD-WK2022_-2395.jpg\" data-width=\"1198\" src=\"https:\/\/i1.wp.com\/www.polizeichor-dresden.de\/wp-content\/uploads\/2022\/12\/PCDD-WK2022_-2395.jpg?ssl=1\" layout=\"responsive\"\/><\/figure><\/div><\/div><div class=\"tiled-gallery__row\"><div class=\"tiled-gallery__col\" style=\"flex-basis:33.33333333333333%\"><figure class=\"tiled-gallery__item\"><img data-attachment-id=\"2673\" data-permalink=\"https:\/\/www.polizeichor-dresden.de\/?attachment_id=2673\" data-orig-file=\"https:\/\/i0.wp.com\/www.polizeichor-dresden.de\/wp-content\/uploads\/2022\/12\/PCDD-WK2022_-2407.jpg?fit=1198%2C800&amp;ssl=1\" data-orig-size=\"1198,800\" data-comments-opened=\"1\" data-image-meta=\"{&quot;aperture&quot;:&quot;0&quot;,&quot;credit&quot;:&quot;Jan Wiedemann&quot;,&quot;camera&quot;:&quot;&quot;,&quot;caption&quot;:&quot;&quot;,&quot;created_timestamp&quot;:&quot;0&quot;,&quot;copyright&quot;:&quot;Jan Wiedemann&quot;,&quot;focal_length&quot;:&quot;0&quot;,&quot;iso&quot;:&quot;0&quot;,&quot;shutter_speed&quot;:&quot;0&quot;,&quot;title&quot;:&quot;&quot;,&quot;orientation&quot;:&quot;1&quot;}\" data-image-title=\"PCDD-WK2022_-2407\" data-image-description=\"\" data-image-caption=\"\" data-medium-file=\"https:\/\/i0.wp.com\/www.polizeichor-dresden.de\/wp-content\/uploads\/2022\/12\/PCDD-WK2022_-2407.jpg?fit=300%2C200&amp;ssl=1\" data-large-file=\"https:\/\/i0.wp.com\/www.polizeichor-dresden.de\/wp-content\/uploads\/2022\/12\/PCDD-WK2022_-2407.jpg?fit=1024%2C684&amp;ssl=1\" decoding=\"async\" data-attachment-id=\"2673\" data-permalink=\"https:\/\/www.polizeichor-dresden.de\/?attachment_id=2673\" data-orig-file=\"https:\/\/i0.wp.com\/www.polizeichor-dresden.de\/wp-content\/uploads\/2022\/12\/PCDD-WK2022_-2407.jpg?fit=1198%2C800&amp;ssl=1\" data-orig-size=\"1198,800\" data-comments-opened=\"1\" data-image-meta=\"{&quot;aperture&quot;:&quot;0&quot;,&quot;credit&quot;:&quot;Jan Wiedemann&quot;,&quot;camera&quot;:&quot;&quot;,&quot;caption&quot;:&quot;&quot;,&quot;created_timestamp&quot;:&quot;0&quot;,&quot;copyright&quot;:&quot;Jan Wiedemann&quot;,&quot;focal_length&quot;:&quot;0&quot;,&quot;iso&quot;:&quot;0&quot;,&quot;shutter_speed&quot;:&quot;0&quot;,&quot;title&quot;:&quot;&quot;,&quot;orientation&quot;:&quot;1&quot;}\" data-image-title=\"PCDD-WK2022_-2407\" data-image-description=\"\" data-image-caption=\"\" data-medium-file=\"https:\/\/i0.wp.com\/www.polizeichor-dresden.de\/wp-content\/uploads\/2022\/12\/PCDD-WK2022_-2407.jpg?fit=300%2C200&amp;ssl=1\" data-large-file=\"https:\/\/i0.wp.com\/www.polizeichor-dresden.de\/wp-content\/uploads\/2022\/12\/PCDD-WK2022_-2407.jpg?fit=1024%2C684&amp;ssl=1\" srcset=\"https:\/\/i1.wp.com\/www.polizeichor-dresden.de\/wp-content\/uploads\/2022\/12\/PCDD-WK2022_-2407.jpg?strip=info&#038;w=600&#038;ssl=1 600w,https:\/\/i1.wp.com\/www.polizeichor-dresden.de\/wp-content\/uploads\/2022\/12\/PCDD-WK2022_-2407.jpg?strip=info&#038;w=900&#038;ssl=1 900w,https:\/\/i1.wp.com\/www.polizeichor-dresden.de\/wp-content\/uploads\/2022\/12\/PCDD-WK2022_-2407.jpg?strip=info&#038;w=1198&#038;ssl=1 1198w\" alt=\"\" data-height=\"800\" data-id=\"2673\" data-link=\"https:\/\/www.polizeichor-dresden.de\/?attachment_id=2673\" data-url=\"https:\/\/www.polizeichor-dresden.de\/wp-content\/uploads\/2022\/12\/PCDD-WK2022_-2407.jpg\" data-width=\"1198\" src=\"https:\/\/i1.wp.com\/www.polizeichor-dresden.de\/wp-content\/uploads\/2022\/12\/PCDD-WK2022_-2407.jpg?ssl=1\" layout=\"responsive\"\/><\/figure><\/div><div class=\"tiled-gallery__col\" style=\"flex-basis:33.33333333333333%\"><figure class=\"tiled-gallery__item\"><img data-attachment-id=\"2674\" data-permalink=\"https:\/\/www.polizeichor-dresden.de\/?attachment_id=2674\" data-orig-file=\"https:\/\/i0.wp.com\/www.polizeichor-dresden.de\/wp-content\/uploads\/2022\/12\/PCDD-WK2022_-2409.jpg?fit=1198%2C800&amp;ssl=1\" data-orig-size=\"1198,800\" data-comments-opened=\"1\" data-image-meta=\"{&quot;aperture&quot;:&quot;0&quot;,&quot;credit&quot;:&quot;Jan Wiedemann&quot;,&quot;camera&quot;:&quot;&quot;,&quot;caption&quot;:&quot;&quot;,&quot;created_timestamp&quot;:&quot;0&quot;,&quot;copyright&quot;:&quot;Jan Wiedemann&quot;,&quot;focal_length&quot;:&quot;0&quot;,&quot;iso&quot;:&quot;0&quot;,&quot;shutter_speed&quot;:&quot;0&quot;,&quot;title&quot;:&quot;&quot;,&quot;orientation&quot;:&quot;1&quot;}\" data-image-title=\"PCDD-WK2022_-2409\" data-image-description=\"\" data-image-caption=\"\" data-medium-file=\"https:\/\/i0.wp.com\/www.polizeichor-dresden.de\/wp-content\/uploads\/2022\/12\/PCDD-WK2022_-2409.jpg?fit=300%2C200&amp;ssl=1\" data-large-file=\"https:\/\/i0.wp.com\/www.polizeichor-dresden.de\/wp-content\/uploads\/2022\/12\/PCDD-WK2022_-2409.jpg?fit=1024%2C684&amp;ssl=1\" decoding=\"async\" data-attachment-id=\"2674\" data-permalink=\"https:\/\/www.polizeichor-dresden.de\/?attachment_id=2674\" data-orig-file=\"https:\/\/i0.wp.com\/www.polizeichor-dresden.de\/wp-content\/uploads\/2022\/12\/PCDD-WK2022_-2409.jpg?fit=1198%2C800&amp;ssl=1\" data-orig-size=\"1198,800\" data-comments-opened=\"1\" data-image-meta=\"{&quot;aperture&quot;:&quot;0&quot;,&quot;credit&quot;:&quot;Jan Wiedemann&quot;,&quot;camera&quot;:&quot;&quot;,&quot;caption&quot;:&quot;&quot;,&quot;created_timestamp&quot;:&quot;0&quot;,&quot;copyright&quot;:&quot;Jan Wiedemann&quot;,&quot;focal_length&quot;:&quot;0&quot;,&quot;iso&quot;:&quot;0&quot;,&quot;shutter_speed&quot;:&quot;0&quot;,&quot;title&quot;:&quot;&quot;,&quot;orientation&quot;:&quot;1&quot;}\" data-image-title=\"PCDD-WK2022_-2409\" data-image-description=\"\" data-image-caption=\"\" data-medium-file=\"https:\/\/i0.wp.com\/www.polizeichor-dresden.de\/wp-content\/uploads\/2022\/12\/PCDD-WK2022_-2409.jpg?fit=300%2C200&amp;ssl=1\" data-large-file=\"https:\/\/i0.wp.com\/www.polizeichor-dresden.de\/wp-content\/uploads\/2022\/12\/PCDD-WK2022_-2409.jpg?fit=1024%2C684&amp;ssl=1\" srcset=\"https:\/\/i0.wp.com\/www.polizeichor-dresden.de\/wp-content\/uploads\/2022\/12\/PCDD-WK2022_-2409.jpg?strip=info&#038;w=600&#038;ssl=1 600w,https:\/\/i0.wp.com\/www.polizeichor-dresden.de\/wp-content\/uploads\/2022\/12\/PCDD-WK2022_-2409.jpg?strip=info&#038;w=900&#038;ssl=1 900w,https:\/\/i0.wp.com\/www.polizeichor-dresden.de\/wp-content\/uploads\/2022\/12\/PCDD-WK2022_-2409.jpg?strip=info&#038;w=1198&#038;ssl=1 1198w\" alt=\"\" data-height=\"800\" data-id=\"2674\" data-link=\"https:\/\/www.polizeichor-dresden.de\/?attachment_id=2674\" data-url=\"https:\/\/www.polizeichor-dresden.de\/wp-content\/uploads\/2022\/12\/PCDD-WK2022_-2409.jpg\" data-width=\"1198\" src=\"https:\/\/i0.wp.com\/www.polizeichor-dresden.de\/wp-content\/uploads\/2022\/12\/PCDD-WK2022_-2409.jpg?ssl=1\" layout=\"responsive\"\/><\/figure><\/div><div class=\"tiled-gallery__col\" style=\"flex-basis:33.33333333333333%\"><figure class=\"tiled-gallery__item\"><img data-attachment-id=\"2675\" data-permalink=\"https:\/\/www.polizeichor-dresden.de\/?attachment_id=2675\" data-orig-file=\"https:\/\/i0.wp.com\/www.polizeichor-dresden.de\/wp-content\/uploads\/2022\/12\/PCDD-WK2022_-2413.jpg?fit=1198%2C800&amp;ssl=1\" data-orig-size=\"1198,800\" data-comments-opened=\"1\" data-image-meta=\"{&quot;aperture&quot;:&quot;0&quot;,&quot;credit&quot;:&quot;Jan Wiedemann&quot;,&quot;camera&quot;:&quot;&quot;,&quot;caption&quot;:&quot;&quot;,&quot;created_timestamp&quot;:&quot;0&quot;,&quot;copyright&quot;:&quot;Jan Wiedemann&quot;,&quot;focal_length&quot;:&quot;0&quot;,&quot;iso&quot;:&quot;0&quot;,&quot;shutter_speed&quot;:&quot;0&quot;,&quot;title&quot;:&quot;&quot;,&quot;orientation&quot;:&quot;1&quot;}\" data-image-title=\"PCDD-WK2022_-2413\" data-image-description=\"\" data-image-caption=\"\" data-medium-file=\"https:\/\/i0.wp.com\/www.polizeichor-dresden.de\/wp-content\/uploads\/2022\/12\/PCDD-WK2022_-2413.jpg?fit=300%2C200&amp;ssl=1\" data-large-file=\"https:\/\/i0.wp.com\/www.polizeichor-dresden.de\/wp-content\/uploads\/2022\/12\/PCDD-WK2022_-2413.jpg?fit=1024%2C684&amp;ssl=1\" decoding=\"async\" data-attachment-id=\"2675\" data-permalink=\"https:\/\/www.polizeichor-dresden.de\/?attachment_id=2675\" data-orig-file=\"https:\/\/i0.wp.com\/www.polizeichor-dresden.de\/wp-content\/uploads\/2022\/12\/PCDD-WK2022_-2413.jpg?fit=1198%2C800&amp;ssl=1\" data-orig-size=\"1198,800\" data-comments-opened=\"1\" data-image-meta=\"{&quot;aperture&quot;:&quot;0&quot;,&quot;credit&quot;:&quot;Jan Wiedemann&quot;,&quot;camera&quot;:&quot;&quot;,&quot;caption&quot;:&quot;&quot;,&quot;created_timestamp&quot;:&quot;0&quot;,&quot;copyright&quot;:&quot;Jan Wiedemann&quot;,&quot;focal_length&quot;:&quot;0&quot;,&quot;iso&quot;:&quot;0&quot;,&quot;shutter_speed&quot;:&quot;0&quot;,&quot;title&quot;:&quot;&quot;,&quot;orientation&quot;:&quot;1&quot;}\" data-image-title=\"PCDD-WK2022_-2413\" data-image-description=\"\" data-image-caption=\"\" data-medium-file=\"https:\/\/i0.wp.com\/www.polizeichor-dresden.de\/wp-content\/uploads\/2022\/12\/PCDD-WK2022_-2413.jpg?fit=300%2C200&amp;ssl=1\" data-large-file=\"https:\/\/i0.wp.com\/www.polizeichor-dresden.de\/wp-content\/uploads\/2022\/12\/PCDD-WK2022_-2413.jpg?fit=1024%2C684&amp;ssl=1\" srcset=\"https:\/\/i2.wp.com\/www.polizeichor-dresden.de\/wp-content\/uploads\/2022\/12\/PCDD-WK2022_-2413.jpg?strip=info&#038;w=600&#038;ssl=1 600w,https:\/\/i2.wp.com\/www.polizeichor-dresden.de\/wp-content\/uploads\/2022\/12\/PCDD-WK2022_-2413.jpg?strip=info&#038;w=900&#038;ssl=1 900w,https:\/\/i2.wp.com\/www.polizeichor-dresden.de\/wp-content\/uploads\/2022\/12\/PCDD-WK2022_-2413.jpg?strip=info&#038;w=1198&#038;ssl=1 1198w\" alt=\"\" data-height=\"800\" data-id=\"2675\" data-link=\"https:\/\/www.polizeichor-dresden.de\/?attachment_id=2675\" data-url=\"https:\/\/www.polizeichor-dresden.de\/wp-content\/uploads\/2022\/12\/PCDD-WK2022_-2413.jpg\" data-width=\"1198\" src=\"https:\/\/i2.wp.com\/www.polizeichor-dresden.de\/wp-content\/uploads\/2022\/12\/PCDD-WK2022_-2413.jpg?ssl=1\" layout=\"responsive\"\/><\/figure><\/div><\/div><div class=\"tiled-gallery__row\"><div class=\"tiled-gallery__col\" style=\"flex-basis:33.157570422535215%\"><figure class=\"tiled-gallery__item\"><img data-attachment-id=\"2676\" data-permalink=\"https:\/\/www.polizeichor-dresden.de\/?attachment_id=2676\" data-orig-file=\"https:\/\/i0.wp.com\/www.polizeichor-dresden.de\/wp-content\/uploads\/2022\/12\/PCDD-WK2022_-2432.jpg?fit=1198%2C800&amp;ssl=1\" data-orig-size=\"1198,800\" data-comments-opened=\"1\" data-image-meta=\"{&quot;aperture&quot;:&quot;0&quot;,&quot;credit&quot;:&quot;Jan Wiedemann&quot;,&quot;camera&quot;:&quot;&quot;,&quot;caption&quot;:&quot;&quot;,&quot;created_timestamp&quot;:&quot;0&quot;,&quot;copyright&quot;:&quot;Jan Wiedemann&quot;,&quot;focal_length&quot;:&quot;0&quot;,&quot;iso&quot;:&quot;0&quot;,&quot;shutter_speed&quot;:&quot;0&quot;,&quot;title&quot;:&quot;&quot;,&quot;orientation&quot;:&quot;1&quot;}\" data-image-title=\"PCDD-WK2022_-2432\" data-image-description=\"\" data-image-caption=\"\" data-medium-file=\"https:\/\/i0.wp.com\/www.polizeichor-dresden.de\/wp-content\/uploads\/2022\/12\/PCDD-WK2022_-2432.jpg?fit=300%2C200&amp;ssl=1\" data-large-file=\"https:\/\/i0.wp.com\/www.polizeichor-dresden.de\/wp-content\/uploads\/2022\/12\/PCDD-WK2022_-2432.jpg?fit=1024%2C684&amp;ssl=1\" decoding=\"async\" data-attachment-id=\"2676\" data-permalink=\"https:\/\/www.polizeichor-dresden.de\/?attachment_id=2676\" data-orig-file=\"https:\/\/i0.wp.com\/www.polizeichor-dresden.de\/wp-content\/uploads\/2022\/12\/PCDD-WK2022_-2432.jpg?fit=1198%2C800&amp;ssl=1\" data-orig-size=\"1198,800\" data-comments-opened=\"1\" data-image-meta=\"{&quot;aperture&quot;:&quot;0&quot;,&quot;credit&quot;:&quot;Jan Wiedemann&quot;,&quot;camera&quot;:&quot;&quot;,&quot;caption&quot;:&quot;&quot;,&quot;created_timestamp&quot;:&quot;0&quot;,&quot;copyright&quot;:&quot;Jan Wiedemann&quot;,&quot;focal_length&quot;:&quot;0&quot;,&quot;iso&quot;:&quot;0&quot;,&quot;shutter_speed&quot;:&quot;0&quot;,&quot;title&quot;:&quot;&quot;,&quot;orientation&quot;:&quot;1&quot;}\" data-image-title=\"PCDD-WK2022_-2432\" data-image-description=\"\" data-image-caption=\"\" data-medium-file=\"https:\/\/i0.wp.com\/www.polizeichor-dresden.de\/wp-content\/uploads\/2022\/12\/PCDD-WK2022_-2432.jpg?fit=300%2C200&amp;ssl=1\" data-large-file=\"https:\/\/i0.wp.com\/www.polizeichor-dresden.de\/wp-content\/uploads\/2022\/12\/PCDD-WK2022_-2432.jpg?fit=1024%2C684&amp;ssl=1\" srcset=\"https:\/\/i2.wp.com\/www.polizeichor-dresden.de\/wp-content\/uploads\/2022\/12\/PCDD-WK2022_-2432.jpg?strip=info&#038;w=600&#038;ssl=1 600w,https:\/\/i2.wp.com\/www.polizeichor-dresden.de\/wp-content\/uploads\/2022\/12\/PCDD-WK2022_-2432.jpg?strip=info&#038;w=900&#038;ssl=1 900w,https:\/\/i2.wp.com\/www.polizeichor-dresden.de\/wp-content\/uploads\/2022\/12\/PCDD-WK2022_-2432.jpg?strip=info&#038;w=1198&#038;ssl=1 1198w\" alt=\"\" data-height=\"800\" data-id=\"2676\" data-link=\"https:\/\/www.polizeichor-dresden.de\/?attachment_id=2676\" data-url=\"https:\/\/www.polizeichor-dresden.de\/wp-content\/uploads\/2022\/12\/PCDD-WK2022_-2432.jpg\" data-width=\"1198\" src=\"https:\/\/i2.wp.com\/www.polizeichor-dresden.de\/wp-content\/uploads\/2022\/12\/PCDD-WK2022_-2432.jpg?ssl=1\" layout=\"responsive\"\/><\/figure><figure class=\"tiled-gallery__item\"><img data-attachment-id=\"2677\" data-permalink=\"https:\/\/www.polizeichor-dresden.de\/?attachment_id=2677\" data-orig-file=\"https:\/\/i0.wp.com\/www.polizeichor-dresden.de\/wp-content\/uploads\/2022\/12\/PCDD-WK2022_-2441.jpg?fit=1198%2C800&amp;ssl=1\" data-orig-size=\"1198,800\" data-comments-opened=\"1\" data-image-meta=\"{&quot;aperture&quot;:&quot;0&quot;,&quot;credit&quot;:&quot;Jan Wiedemann&quot;,&quot;camera&quot;:&quot;&quot;,&quot;caption&quot;:&quot;&quot;,&quot;created_timestamp&quot;:&quot;0&quot;,&quot;copyright&quot;:&quot;Jan Wiedemann&quot;,&quot;focal_length&quot;:&quot;0&quot;,&quot;iso&quot;:&quot;0&quot;,&quot;shutter_speed&quot;:&quot;0&quot;,&quot;title&quot;:&quot;&quot;,&quot;orientation&quot;:&quot;1&quot;}\" data-image-title=\"PCDD-WK2022_-2441\" data-image-description=\"\" data-image-caption=\"\" data-medium-file=\"https:\/\/i0.wp.com\/www.polizeichor-dresden.de\/wp-content\/uploads\/2022\/12\/PCDD-WK2022_-2441.jpg?fit=300%2C200&amp;ssl=1\" data-large-file=\"https:\/\/i0.wp.com\/www.polizeichor-dresden.de\/wp-content\/uploads\/2022\/12\/PCDD-WK2022_-2441.jpg?fit=1024%2C684&amp;ssl=1\" decoding=\"async\" data-attachment-id=\"2677\" data-permalink=\"https:\/\/www.polizeichor-dresden.de\/?attachment_id=2677\" data-orig-file=\"https:\/\/i0.wp.com\/www.polizeichor-dresden.de\/wp-content\/uploads\/2022\/12\/PCDD-WK2022_-2441.jpg?fit=1198%2C800&amp;ssl=1\" data-orig-size=\"1198,800\" data-comments-opened=\"1\" data-image-meta=\"{&quot;aperture&quot;:&quot;0&quot;,&quot;credit&quot;:&quot;Jan Wiedemann&quot;,&quot;camera&quot;:&quot;&quot;,&quot;caption&quot;:&quot;&quot;,&quot;created_timestamp&quot;:&quot;0&quot;,&quot;copyright&quot;:&quot;Jan Wiedemann&quot;,&quot;focal_length&quot;:&quot;0&quot;,&quot;iso&quot;:&quot;0&quot;,&quot;shutter_speed&quot;:&quot;0&quot;,&quot;title&quot;:&quot;&quot;,&quot;orientation&quot;:&quot;1&quot;}\" data-image-title=\"PCDD-WK2022_-2441\" data-image-description=\"\" data-image-caption=\"\" data-medium-file=\"https:\/\/i0.wp.com\/www.polizeichor-dresden.de\/wp-content\/uploads\/2022\/12\/PCDD-WK2022_-2441.jpg?fit=300%2C200&amp;ssl=1\" data-large-file=\"https:\/\/i0.wp.com\/www.polizeichor-dresden.de\/wp-content\/uploads\/2022\/12\/PCDD-WK2022_-2441.jpg?fit=1024%2C684&amp;ssl=1\" srcset=\"https:\/\/i1.wp.com\/www.polizeichor-dresden.de\/wp-content\/uploads\/2022\/12\/PCDD-WK2022_-2441.jpg?strip=info&#038;w=600&#038;ssl=1 600w,https:\/\/i1.wp.com\/www.polizeichor-dresden.de\/wp-content\/uploads\/2022\/12\/PCDD-WK2022_-2441.jpg?strip=info&#038;w=900&#038;ssl=1 900w,https:\/\/i1.wp.com\/www.polizeichor-dresden.de\/wp-content\/uploads\/2022\/12\/PCDD-WK2022_-2441.jpg?strip=info&#038;w=1198&#038;ssl=1 1198w\" alt=\"\" data-height=\"800\" data-id=\"2677\" data-link=\"https:\/\/www.polizeichor-dresden.de\/?attachment_id=2677\" data-url=\"https:\/\/www.polizeichor-dresden.de\/wp-content\/uploads\/2022\/12\/PCDD-WK2022_-2441.jpg\" data-width=\"1198\" src=\"https:\/\/i1.wp.com\/www.polizeichor-dresden.de\/wp-content\/uploads\/2022\/12\/PCDD-WK2022_-2441.jpg?ssl=1\" layout=\"responsive\"\/><\/figure><\/div><div class=\"tiled-gallery__col\" style=\"flex-basis:66.84242957746478%\"><figure class=\"tiled-gallery__item\"><img data-attachment-id=\"2678\" data-permalink=\"https:\/\/www.polizeichor-dresden.de\/?attachment_id=2678\" data-orig-file=\"https:\/\/i0.wp.com\/www.polizeichor-dresden.de\/wp-content\/uploads\/2022\/12\/PCDD-WK2022_-2446.jpg?fit=1198%2C800&amp;ssl=1\" data-orig-size=\"1198,800\" data-comments-opened=\"1\" data-image-meta=\"{&quot;aperture&quot;:&quot;0&quot;,&quot;credit&quot;:&quot;Jan Wiedemann&quot;,&quot;camera&quot;:&quot;&quot;,&quot;caption&quot;:&quot;&quot;,&quot;created_timestamp&quot;:&quot;0&quot;,&quot;copyright&quot;:&quot;Jan Wiedemann&quot;,&quot;focal_length&quot;:&quot;0&quot;,&quot;iso&quot;:&quot;0&quot;,&quot;shutter_speed&quot;:&quot;0&quot;,&quot;title&quot;:&quot;&quot;,&quot;orientation&quot;:&quot;1&quot;}\" data-image-title=\"PCDD-WK2022_-2446\" data-image-description=\"\" data-image-caption=\"\" data-medium-file=\"https:\/\/i0.wp.com\/www.polizeichor-dresden.de\/wp-content\/uploads\/2022\/12\/PCDD-WK2022_-2446.jpg?fit=300%2C200&amp;ssl=1\" data-large-file=\"https:\/\/i0.wp.com\/www.polizeichor-dresden.de\/wp-content\/uploads\/2022\/12\/PCDD-WK2022_-2446.jpg?fit=1024%2C684&amp;ssl=1\" decoding=\"async\" data-attachment-id=\"2678\" data-permalink=\"https:\/\/www.polizeichor-dresden.de\/?attachment_id=2678\" data-orig-file=\"https:\/\/i0.wp.com\/www.polizeichor-dresden.de\/wp-content\/uploads\/2022\/12\/PCDD-WK2022_-2446.jpg?fit=1198%2C800&amp;ssl=1\" data-orig-size=\"1198,800\" data-comments-opened=\"1\" data-image-meta=\"{&quot;aperture&quot;:&quot;0&quot;,&quot;credit&quot;:&quot;Jan Wiedemann&quot;,&quot;camera&quot;:&quot;&quot;,&quot;caption&quot;:&quot;&quot;,&quot;created_timestamp&quot;:&quot;0&quot;,&quot;copyright&quot;:&quot;Jan Wiedemann&quot;,&quot;focal_length&quot;:&quot;0&quot;,&quot;iso&quot;:&quot;0&quot;,&quot;shutter_speed&quot;:&quot;0&quot;,&quot;title&quot;:&quot;&quot;,&quot;orientation&quot;:&quot;1&quot;}\" data-image-title=\"PCDD-WK2022_-2446\" data-image-description=\"\" data-image-caption=\"\" data-medium-file=\"https:\/\/i0.wp.com\/www.polizeichor-dresden.de\/wp-content\/uploads\/2022\/12\/PCDD-WK2022_-2446.jpg?fit=300%2C200&amp;ssl=1\" data-large-file=\"https:\/\/i0.wp.com\/www.polizeichor-dresden.de\/wp-content\/uploads\/2022\/12\/PCDD-WK2022_-2446.jpg?fit=1024%2C684&amp;ssl=1\" srcset=\"https:\/\/i1.wp.com\/www.polizeichor-dresden.de\/wp-content\/uploads\/2022\/12\/PCDD-WK2022_-2446.jpg?strip=info&#038;w=600&#038;ssl=1 600w,https:\/\/i1.wp.com\/www.polizeichor-dresden.de\/wp-content\/uploads\/2022\/12\/PCDD-WK2022_-2446.jpg?strip=info&#038;w=900&#038;ssl=1 900w,https:\/\/i1.wp.com\/www.polizeichor-dresden.de\/wp-content\/uploads\/2022\/12\/PCDD-WK2022_-2446.jpg?strip=info&#038;w=1198&#038;ssl=1 1198w\" alt=\"\" data-height=\"800\" data-id=\"2678\" data-link=\"https:\/\/www.polizeichor-dresden.de\/?attachment_id=2678\" data-url=\"https:\/\/www.polizeichor-dresden.de\/wp-content\/uploads\/2022\/12\/PCDD-WK2022_-2446.jpg\" data-width=\"1198\" src=\"https:\/\/i1.wp.com\/www.polizeichor-dresden.de\/wp-content\/uploads\/2022\/12\/PCDD-WK2022_-2446.jpg?ssl=1\" layout=\"responsive\"\/><\/figure><\/div><\/div><div class=\"tiled-gallery__row\"><div class=\"tiled-gallery__col\" style=\"flex-basis:42.46168657780014%\"><figure class=\"tiled-gallery__item\"><img data-attachment-id=\"2679\" data-permalink=\"https:\/\/www.polizeichor-dresden.de\/?attachment_id=2679\" data-orig-file=\"https:\/\/i0.wp.com\/www.polizeichor-dresden.de\/wp-content\/uploads\/2022\/12\/PCDD-WK2022_-2450.jpg?fit=1198%2C800&amp;ssl=1\" data-orig-size=\"1198,800\" data-comments-opened=\"1\" data-image-meta=\"{&quot;aperture&quot;:&quot;0&quot;,&quot;credit&quot;:&quot;Jan Wiedemann&quot;,&quot;camera&quot;:&quot;&quot;,&quot;caption&quot;:&quot;&quot;,&quot;created_timestamp&quot;:&quot;0&quot;,&quot;copyright&quot;:&quot;Jan Wiedemann&quot;,&quot;focal_length&quot;:&quot;0&quot;,&quot;iso&quot;:&quot;0&quot;,&quot;shutter_speed&quot;:&quot;0&quot;,&quot;title&quot;:&quot;&quot;,&quot;orientation&quot;:&quot;1&quot;}\" data-image-title=\"PCDD-WK2022_-2450\" data-image-description=\"\" data-image-caption=\"\" data-medium-file=\"https:\/\/i0.wp.com\/www.polizeichor-dresden.de\/wp-content\/uploads\/2022\/12\/PCDD-WK2022_-2450.jpg?fit=300%2C200&amp;ssl=1\" data-large-file=\"https:\/\/i0.wp.com\/www.polizeichor-dresden.de\/wp-content\/uploads\/2022\/12\/PCDD-WK2022_-2450.jpg?fit=1024%2C684&amp;ssl=1\" decoding=\"async\" data-attachment-id=\"2679\" data-permalink=\"https:\/\/www.polizeichor-dresden.de\/?attachment_id=2679\" data-orig-file=\"https:\/\/i0.wp.com\/www.polizeichor-dresden.de\/wp-content\/uploads\/2022\/12\/PCDD-WK2022_-2450.jpg?fit=1198%2C800&amp;ssl=1\" data-orig-size=\"1198,800\" data-comments-opened=\"1\" data-image-meta=\"{&quot;aperture&quot;:&quot;0&quot;,&quot;credit&quot;:&quot;Jan Wiedemann&quot;,&quot;camera&quot;:&quot;&quot;,&quot;caption&quot;:&quot;&quot;,&quot;created_timestamp&quot;:&quot;0&quot;,&quot;copyright&quot;:&quot;Jan Wiedemann&quot;,&quot;focal_length&quot;:&quot;0&quot;,&quot;iso&quot;:&quot;0&quot;,&quot;shutter_speed&quot;:&quot;0&quot;,&quot;title&quot;:&quot;&quot;,&quot;orientation&quot;:&quot;1&quot;}\" data-image-title=\"PCDD-WK2022_-2450\" data-image-description=\"\" data-image-caption=\"\" data-medium-file=\"https:\/\/i0.wp.com\/www.polizeichor-dresden.de\/wp-content\/uploads\/2022\/12\/PCDD-WK2022_-2450.jpg?fit=300%2C200&amp;ssl=1\" data-large-file=\"https:\/\/i0.wp.com\/www.polizeichor-dresden.de\/wp-content\/uploads\/2022\/12\/PCDD-WK2022_-2450.jpg?fit=1024%2C684&amp;ssl=1\" srcset=\"https:\/\/i0.wp.com\/www.polizeichor-dresden.de\/wp-content\/uploads\/2022\/12\/PCDD-WK2022_-2450.jpg?strip=info&#038;w=600&#038;ssl=1 600w,https:\/\/i0.wp.com\/www.polizeichor-dresden.de\/wp-content\/uploads\/2022\/12\/PCDD-WK2022_-2450.jpg?strip=info&#038;w=900&#038;ssl=1 900w,https:\/\/i0.wp.com\/www.polizeichor-dresden.de\/wp-content\/uploads\/2022\/12\/PCDD-WK2022_-2450.jpg?strip=info&#038;w=1198&#038;ssl=1 1198w\" alt=\"\" data-height=\"800\" data-id=\"2679\" data-link=\"https:\/\/www.polizeichor-dresden.de\/?attachment_id=2679\" data-url=\"https:\/\/www.polizeichor-dresden.de\/wp-content\/uploads\/2022\/12\/PCDD-WK2022_-2450.jpg\" data-width=\"1198\" src=\"https:\/\/i0.wp.com\/www.polizeichor-dresden.de\/wp-content\/uploads\/2022\/12\/PCDD-WK2022_-2450.jpg?ssl=1\" layout=\"responsive\"\/><\/figure><figure class=\"tiled-gallery__item\"><img data-attachment-id=\"2680\" data-permalink=\"https:\/\/www.polizeichor-dresden.de\/?attachment_id=2680\" data-orig-file=\"https:\/\/i0.wp.com\/www.polizeichor-dresden.de\/wp-content\/uploads\/2022\/12\/PCDD-WK2022_-2451.jpg?fit=1198%2C800&amp;ssl=1\" data-orig-size=\"1198,800\" data-comments-opened=\"1\" data-image-meta=\"{&quot;aperture&quot;:&quot;0&quot;,&quot;credit&quot;:&quot;Jan Wiedemann&quot;,&quot;camera&quot;:&quot;&quot;,&quot;caption&quot;:&quot;&quot;,&quot;created_timestamp&quot;:&quot;0&quot;,&quot;copyright&quot;:&quot;Jan Wiedemann&quot;,&quot;focal_length&quot;:&quot;0&quot;,&quot;iso&quot;:&quot;0&quot;,&quot;shutter_speed&quot;:&quot;0&quot;,&quot;title&quot;:&quot;&quot;,&quot;orientation&quot;:&quot;1&quot;}\" data-image-title=\"PCDD-WK2022_-2451\" data-image-description=\"\" data-image-caption=\"\" data-medium-file=\"https:\/\/i0.wp.com\/www.polizeichor-dresden.de\/wp-content\/uploads\/2022\/12\/PCDD-WK2022_-2451.jpg?fit=300%2C200&amp;ssl=1\" data-large-file=\"https:\/\/i0.wp.com\/www.polizeichor-dresden.de\/wp-content\/uploads\/2022\/12\/PCDD-WK2022_-2451.jpg?fit=1024%2C684&amp;ssl=1\" decoding=\"async\" data-attachment-id=\"2680\" data-permalink=\"https:\/\/www.polizeichor-dresden.de\/?attachment_id=2680\" data-orig-file=\"https:\/\/i0.wp.com\/www.polizeichor-dresden.de\/wp-content\/uploads\/2022\/12\/PCDD-WK2022_-2451.jpg?fit=1198%2C800&amp;ssl=1\" data-orig-size=\"1198,800\" data-comments-opened=\"1\" data-image-meta=\"{&quot;aperture&quot;:&quot;0&quot;,&quot;credit&quot;:&quot;Jan Wiedemann&quot;,&quot;camera&quot;:&quot;&quot;,&quot;caption&quot;:&quot;&quot;,&quot;created_timestamp&quot;:&quot;0&quot;,&quot;copyright&quot;:&quot;Jan Wiedemann&quot;,&quot;focal_length&quot;:&quot;0&quot;,&quot;iso&quot;:&quot;0&quot;,&quot;shutter_speed&quot;:&quot;0&quot;,&quot;title&quot;:&quot;&quot;,&quot;orientation&quot;:&quot;1&quot;}\" data-image-title=\"PCDD-WK2022_-2451\" data-image-description=\"\" data-image-caption=\"\" data-medium-file=\"https:\/\/i0.wp.com\/www.polizeichor-dresden.de\/wp-content\/uploads\/2022\/12\/PCDD-WK2022_-2451.jpg?fit=300%2C200&amp;ssl=1\" data-large-file=\"https:\/\/i0.wp.com\/www.polizeichor-dresden.de\/wp-content\/uploads\/2022\/12\/PCDD-WK2022_-2451.jpg?fit=1024%2C684&amp;ssl=1\" srcset=\"https:\/\/i1.wp.com\/www.polizeichor-dresden.de\/wp-content\/uploads\/2022\/12\/PCDD-WK2022_-2451.jpg?strip=info&#038;w=600&#038;ssl=1 600w,https:\/\/i1.wp.com\/www.polizeichor-dresden.de\/wp-content\/uploads\/2022\/12\/PCDD-WK2022_-2451.jpg?strip=info&#038;w=900&#038;ssl=1 900w,https:\/\/i1.wp.com\/www.polizeichor-dresden.de\/wp-content\/uploads\/2022\/12\/PCDD-WK2022_-2451.jpg?strip=info&#038;w=1198&#038;ssl=1 1198w\" alt=\"\" data-height=\"800\" data-id=\"2680\" data-link=\"https:\/\/www.polizeichor-dresden.de\/?attachment_id=2680\" data-url=\"https:\/\/www.polizeichor-dresden.de\/wp-content\/uploads\/2022\/12\/PCDD-WK2022_-2451.jpg\" data-width=\"1198\" src=\"https:\/\/i1.wp.com\/www.polizeichor-dresden.de\/wp-content\/uploads\/2022\/12\/PCDD-WK2022_-2451.jpg?ssl=1\" layout=\"responsive\"\/><\/figure><figure class=\"tiled-gallery__item\"><img data-attachment-id=\"2681\" data-permalink=\"https:\/\/www.polizeichor-dresden.de\/?attachment_id=2681\" data-orig-file=\"https:\/\/i0.wp.com\/www.polizeichor-dresden.de\/wp-content\/uploads\/2022\/12\/PCDD-WK2022_-2453.jpg?fit=1198%2C800&amp;ssl=1\" data-orig-size=\"1198,800\" data-comments-opened=\"1\" data-image-meta=\"{&quot;aperture&quot;:&quot;0&quot;,&quot;credit&quot;:&quot;Jan Wiedemann&quot;,&quot;camera&quot;:&quot;&quot;,&quot;caption&quot;:&quot;&quot;,&quot;created_timestamp&quot;:&quot;0&quot;,&quot;copyright&quot;:&quot;Jan Wiedemann&quot;,&quot;focal_length&quot;:&quot;0&quot;,&quot;iso&quot;:&quot;0&quot;,&quot;shutter_speed&quot;:&quot;0&quot;,&quot;title&quot;:&quot;&quot;,&quot;orientation&quot;:&quot;1&quot;}\" data-image-title=\"PCDD-WK2022_-2453\" data-image-description=\"\" data-image-caption=\"\" data-medium-file=\"https:\/\/i0.wp.com\/www.polizeichor-dresden.de\/wp-content\/uploads\/2022\/12\/PCDD-WK2022_-2453.jpg?fit=300%2C200&amp;ssl=1\" data-large-file=\"https:\/\/i0.wp.com\/www.polizeichor-dresden.de\/wp-content\/uploads\/2022\/12\/PCDD-WK2022_-2453.jpg?fit=1024%2C684&amp;ssl=1\" decoding=\"async\" data-attachment-id=\"2681\" data-permalink=\"https:\/\/www.polizeichor-dresden.de\/?attachment_id=2681\" data-orig-file=\"https:\/\/i0.wp.com\/www.polizeichor-dresden.de\/wp-content\/uploads\/2022\/12\/PCDD-WK2022_-2453.jpg?fit=1198%2C800&amp;ssl=1\" data-orig-size=\"1198,800\" data-comments-opened=\"1\" data-image-meta=\"{&quot;aperture&quot;:&quot;0&quot;,&quot;credit&quot;:&quot;Jan Wiedemann&quot;,&quot;camera&quot;:&quot;&quot;,&quot;caption&quot;:&quot;&quot;,&quot;created_timestamp&quot;:&quot;0&quot;,&quot;copyright&quot;:&quot;Jan Wiedemann&quot;,&quot;focal_length&quot;:&quot;0&quot;,&quot;iso&quot;:&quot;0&quot;,&quot;shutter_speed&quot;:&quot;0&quot;,&quot;title&quot;:&quot;&quot;,&quot;orientation&quot;:&quot;1&quot;}\" data-image-title=\"PCDD-WK2022_-2453\" data-image-description=\"\" data-image-caption=\"\" data-medium-file=\"https:\/\/i0.wp.com\/www.polizeichor-dresden.de\/wp-content\/uploads\/2022\/12\/PCDD-WK2022_-2453.jpg?fit=300%2C200&amp;ssl=1\" data-large-file=\"https:\/\/i0.wp.com\/www.polizeichor-dresden.de\/wp-content\/uploads\/2022\/12\/PCDD-WK2022_-2453.jpg?fit=1024%2C684&amp;ssl=1\" srcset=\"https:\/\/i1.wp.com\/www.polizeichor-dresden.de\/wp-content\/uploads\/2022\/12\/PCDD-WK2022_-2453.jpg?strip=info&#038;w=600&#038;ssl=1 600w,https:\/\/i1.wp.com\/www.polizeichor-dresden.de\/wp-content\/uploads\/2022\/12\/PCDD-WK2022_-2453.jpg?strip=info&#038;w=900&#038;ssl=1 900w,https:\/\/i1.wp.com\/www.polizeichor-dresden.de\/wp-content\/uploads\/2022\/12\/PCDD-WK2022_-2453.jpg?strip=info&#038;w=1198&#038;ssl=1 1198w\" alt=\"\" data-height=\"800\" data-id=\"2681\" data-link=\"https:\/\/www.polizeichor-dresden.de\/?attachment_id=2681\" data-url=\"https:\/\/www.polizeichor-dresden.de\/wp-content\/uploads\/2022\/12\/PCDD-WK2022_-2453.jpg\" data-width=\"1198\" src=\"https:\/\/i1.wp.com\/www.polizeichor-dresden.de\/wp-content\/uploads\/2022\/12\/PCDD-WK2022_-2453.jpg?ssl=1\" layout=\"responsive\"\/><\/figure><\/div><div class=\"tiled-gallery__col\" style=\"flex-basis:57.53831342219986%\"><figure class=\"tiled-gallery__item\"><img data-attachment-id=\"2683\" data-permalink=\"https:\/\/www.polizeichor-dresden.de\/?attachment_id=2683\" data-orig-file=\"https:\/\/i0.wp.com\/www.polizeichor-dresden.de\/wp-content\/uploads\/2022\/12\/PCDD-WK2022_-2479.jpg?fit=534%2C800&amp;ssl=1\" data-orig-size=\"534,800\" data-comments-opened=\"1\" data-image-meta=\"{&quot;aperture&quot;:&quot;0&quot;,&quot;credit&quot;:&quot;Jan Wiedemann&quot;,&quot;camera&quot;:&quot;&quot;,&quot;caption&quot;:&quot;&quot;,&quot;created_timestamp&quot;:&quot;0&quot;,&quot;copyright&quot;:&quot;Jan Wiedemann&quot;,&quot;focal_length&quot;:&quot;0&quot;,&quot;iso&quot;:&quot;0&quot;,&quot;shutter_speed&quot;:&quot;0&quot;,&quot;title&quot;:&quot;&quot;,&quot;orientation&quot;:&quot;1&quot;}\" data-image-title=\"PCDD-WK2022_-2479\" data-image-description=\"\" data-image-caption=\"\" data-medium-file=\"https:\/\/i0.wp.com\/www.polizeichor-dresden.de\/wp-content\/uploads\/2022\/12\/PCDD-WK2022_-2479.jpg?fit=200%2C300&amp;ssl=1\" data-large-file=\"https:\/\/i0.wp.com\/www.polizeichor-dresden.de\/wp-content\/uploads\/2022\/12\/PCDD-WK2022_-2479.jpg?fit=534%2C800&amp;ssl=1\" decoding=\"async\" data-attachment-id=\"2683\" data-permalink=\"https:\/\/www.polizeichor-dresden.de\/?attachment_id=2683\" data-orig-file=\"https:\/\/i0.wp.com\/www.polizeichor-dresden.de\/wp-content\/uploads\/2022\/12\/PCDD-WK2022_-2479.jpg?fit=534%2C800&amp;ssl=1\" data-orig-size=\"534,800\" data-comments-opened=\"1\" data-image-meta=\"{&quot;aperture&quot;:&quot;0&quot;,&quot;credit&quot;:&quot;Jan Wiedemann&quot;,&quot;camera&quot;:&quot;&quot;,&quot;caption&quot;:&quot;&quot;,&quot;created_timestamp&quot;:&quot;0&quot;,&quot;copyright&quot;:&quot;Jan Wiedemann&quot;,&quot;focal_length&quot;:&quot;0&quot;,&quot;iso&quot;:&quot;0&quot;,&quot;shutter_speed&quot;:&quot;0&quot;,&quot;title&quot;:&quot;&quot;,&quot;orientation&quot;:&quot;1&quot;}\" data-image-title=\"PCDD-WK2022_-2479\" data-image-description=\"\" data-image-caption=\"\" data-medium-file=\"https:\/\/i0.wp.com\/www.polizeichor-dresden.de\/wp-content\/uploads\/2022\/12\/PCDD-WK2022_-2479.jpg?fit=200%2C300&amp;ssl=1\" data-large-file=\"https:\/\/i0.wp.com\/www.polizeichor-dresden.de\/wp-content\/uploads\/2022\/12\/PCDD-WK2022_-2479.jpg?fit=534%2C800&amp;ssl=1\" srcset=\"https:\/\/i1.wp.com\/www.polizeichor-dresden.de\/wp-content\/uploads\/2022\/12\/PCDD-WK2022_-2479.jpg?strip=info&#038;w=534&#038;ssl=1 534w\" alt=\"\" data-height=\"800\" data-id=\"2683\" data-link=\"https:\/\/www.polizeichor-dresden.de\/?attachment_id=2683\" data-url=\"https:\/\/www.polizeichor-dresden.de\/wp-content\/uploads\/2022\/12\/PCDD-WK2022_-2479.jpg\" data-width=\"534\" src=\"https:\/\/i1.wp.com\/www.polizeichor-dresden.de\/wp-content\/uploads\/2022\/12\/PCDD-WK2022_-2479.jpg?ssl=1\" layout=\"responsive\"\/><\/figure><\/div><\/div><div class=\"tiled-gallery__row\"><div class=\"tiled-gallery__col\" style=\"flex-basis:100%\"><figure class=\"tiled-gallery__item\"><img data-attachment-id=\"2682\" data-permalink=\"https:\/\/www.polizeichor-dresden.de\/?attachment_id=2682\" data-orig-file=\"https:\/\/i0.wp.com\/www.polizeichor-dresden.de\/wp-content\/uploads\/2022\/12\/PCDD-WK2022_-2455.jpg?fit=1198%2C800&amp;ssl=1\" data-orig-size=\"1198,800\" data-comments-opened=\"1\" data-image-meta=\"{&quot;aperture&quot;:&quot;0&quot;,&quot;credit&quot;:&quot;Jan Wiedemann&quot;,&quot;camera&quot;:&quot;&quot;,&quot;caption&quot;:&quot;&quot;,&quot;created_timestamp&quot;:&quot;0&quot;,&quot;copyright&quot;:&quot;Jan Wiedemann&quot;,&quot;focal_length&quot;:&quot;0&quot;,&quot;iso&quot;:&quot;0&quot;,&quot;shutter_speed&quot;:&quot;0&quot;,&quot;title&quot;:&quot;&quot;,&quot;orientation&quot;:&quot;1&quot;}\" data-image-title=\"PCDD-WK2022_-2455\" data-image-description=\"\" data-image-caption=\"\" data-medium-file=\"https:\/\/i0.wp.com\/www.polizeichor-dresden.de\/wp-content\/uploads\/2022\/12\/PCDD-WK2022_-2455.jpg?fit=300%2C200&amp;ssl=1\" data-large-file=\"https:\/\/i0.wp.com\/www.polizeichor-dresden.de\/wp-content\/uploads\/2022\/12\/PCDD-WK2022_-2455.jpg?fit=1024%2C684&amp;ssl=1\" decoding=\"async\" data-attachment-id=\"2682\" data-permalink=\"https:\/\/www.polizeichor-dresden.de\/?attachment_id=2682\" data-orig-file=\"https:\/\/i0.wp.com\/www.polizeichor-dresden.de\/wp-content\/uploads\/2022\/12\/PCDD-WK2022_-2455.jpg?fit=1198%2C800&amp;ssl=1\" data-orig-size=\"1198,800\" data-comments-opened=\"1\" data-image-meta=\"{&quot;aperture&quot;:&quot;0&quot;,&quot;credit&quot;:&quot;Jan Wiedemann&quot;,&quot;camera&quot;:&quot;&quot;,&quot;caption&quot;:&quot;&quot;,&quot;created_timestamp&quot;:&quot;0&quot;,&quot;copyright&quot;:&quot;Jan Wiedemann&quot;,&quot;focal_length&quot;:&quot;0&quot;,&quot;iso&quot;:&quot;0&quot;,&quot;shutter_speed&quot;:&quot;0&quot;,&quot;title&quot;:&quot;&quot;,&quot;orientation&quot;:&quot;1&quot;}\" data-image-title=\"PCDD-WK2022_-2455\" data-image-description=\"\" data-image-caption=\"\" data-medium-file=\"https:\/\/i0.wp.com\/www.polizeichor-dresden.de\/wp-content\/uploads\/2022\/12\/PCDD-WK2022_-2455.jpg?fit=300%2C200&amp;ssl=1\" data-large-file=\"https:\/\/i0.wp.com\/www.polizeichor-dresden.de\/wp-content\/uploads\/2022\/12\/PCDD-WK2022_-2455.jpg?fit=1024%2C684&amp;ssl=1\" srcset=\"https:\/\/i0.wp.com\/www.polizeichor-dresden.de\/wp-content\/uploads\/2022\/12\/PCDD-WK2022_-2455.jpg?strip=info&#038;w=600&#038;ssl=1 600w,https:\/\/i0.wp.com\/www.polizeichor-dresden.de\/wp-content\/uploads\/2022\/12\/PCDD-WK2022_-2455.jpg?strip=info&#038;w=900&#038;ssl=1 900w,https:\/\/i0.wp.com\/www.polizeichor-dresden.de\/wp-content\/uploads\/2022\/12\/PCDD-WK2022_-2455.jpg?strip=info&#038;w=1198&#038;ssl=1 1198w\" alt=\"\" data-height=\"800\" data-id=\"2682\" data-link=\"https:\/\/www.polizeichor-dresden.de\/?attachment_id=2682\" data-url=\"https:\/\/www.polizeichor-dresden.de\/wp-content\/uploads\/2022\/12\/PCDD-WK2022_-2455.jpg\" data-width=\"1198\" src=\"https:\/\/i0.wp.com\/www.polizeichor-dresden.de\/wp-content\/uploads\/2022\/12\/PCDD-WK2022_-2455.jpg?ssl=1\" layout=\"responsive\"\/><\/figure><\/div><\/div><\/div><\/div>\n","protected":false},"excerpt":{"rendered":"<p>Und mit dieser Magie wurde unser diesj\u00e4hriges Weihnachtskonzert von unserer ehemaligen 2. Chorleiterin, Emelie Walther, an der Orgel er\u00f6ffnet: Eine weihnachtliche Harry-Potter-Melodie erf\u00fcllte die Martin-Luther-Kirche. Nach zweij\u00e4hriger Zwangspause haben wir gest\u00e4rkt und voller Vorfreude wieder unsere Besucherinnen und Besucher musikalisch in die Weihnachtszeit begleitet. In diesem Jahr haben wir uns den Dresdner Chor Chortissimo eingeladen. [&hellip;]<\/p>\n","protected":false},"author":3,"featured_media":0,"comment_status":"open","ping_status":"open","sticky":false,"template":"","format":"standard","meta":{"ngg_post_thumbnail":0,"jetpack_post_was_ever_published":false,"jetpack_publicize_message":"","jetpack_is_tweetstorm":false,"jetpack_publicize_feature_enabled":true,"jetpack_social_post_already_shared":true,"jetpack_social_options":{"image_generator_settings":{"template":"highway","enabled":false}}},"categories":[3],"tags":[6,65,5,4],"jetpack_publicize_connections":[],"aioseo_notices":[],"jetpack_featured_media_url":"","jetpack_shortlink":"https:\/\/wp.me\/p32b0X-GM","jetpack_sharing_enabled":true,"_links":{"self":[{"href":"https:\/\/www.polizeichor-dresden.de\/index.php?rest_route=\/wp\/v2\/posts\/2652"}],"collection":[{"href":"https:\/\/www.polizeichor-dresden.de\/index.php?rest_route=\/wp\/v2\/posts"}],"about":[{"href":"https:\/\/www.polizeichor-dresden.de\/index.php?rest_route=\/wp\/v2\/types\/post"}],"author":[{"embeddable":true,"href":"https:\/\/www.polizeichor-dresden.de\/index.php?rest_route=\/wp\/v2\/users\/3"}],"replies":[{"embeddable":true,"href":"https:\/\/www.polizeichor-dresden.de\/index.php?rest_route=%2Fwp%2Fv2%2Fcomments&post=2652"}],"version-history":[{"count":6,"href":"https:\/\/www.polizeichor-dresden.de\/index.php?rest_route=\/wp\/v2\/posts\/2652\/revisions"}],"predecessor-version":[{"id":2689,"href":"https:\/\/www.polizeichor-dresden.de\/index.php?rest_route=\/wp\/v2\/posts\/2652\/revisions\/2689"}],"wp:attachment":[{"href":"https:\/\/www.polizeichor-dresden.de\/index.php?rest_route=%2Fwp%2Fv2%2Fmedia&parent=2652"}],"wp:term":[{"taxonomy":"category","embeddable":true,"href":"https:\/\/www.polizeichor-dresden.de\/index.php?rest_route=%2Fwp%2Fv2%2Fcategories&post=2652"},{"taxonomy":"post_tag","embeddable":true,"href":"https:\/\/www.polizeichor-dresden.de\/index.php?rest_route=%2Fwp%2Fv2%2Ftags&post=2652"}],"curies":[{"name":"wp","href":"https:\/\/api.w.org\/{rel}","templated":true}]}}