{"id":2456,"date":"2022-05-16T18:48:00","date_gmt":"2022-05-16T16:48:00","guid":{"rendered":"https:\/\/www.polizeichor-dresden.de\/?p=2456"},"modified":"2022-05-18T11:02:56","modified_gmt":"2022-05-18T09:02:56","slug":"pfingsten-2022-der-polizeichor-singt-am-albertinum","status":"publish","type":"post","link":"https:\/\/www.polizeichor-dresden.de\/?p=2456","title":{"rendered":"Pfingsten 2022: Der Polizeichor singt auf dem Theaterplatz"},"content":{"rendered":"\n<p><strong>Die Dresdner Musikfestspiele starten mit ihrem gro\u00dfen Mitmachprojekt \u00bbKlingende Stadt\u00ab.<\/strong><\/p>\n\n\n\n<div class=\"wp-block-image is-style-rounded\"><figure class=\"alignleft size-large is-resized\"><img data-attachment-id=\"2485\" data-permalink=\"https:\/\/www.polizeichor-dresden.de\/?attachment_id=2485\" data-orig-file=\"https:\/\/i0.wp.com\/www.polizeichor-dresden.de\/wp-content\/uploads\/2022\/05\/Klingende-Stadt-ZAUBER-rund-2.jpg?fit=1015%2C1016&amp;ssl=1\" data-orig-size=\"1015,1016\" data-comments-opened=\"1\" data-image-meta=\"{&quot;aperture&quot;:&quot;0&quot;,&quot;credit&quot;:&quot;&quot;,&quot;camera&quot;:&quot;&quot;,&quot;caption&quot;:&quot;&quot;,&quot;created_timestamp&quot;:&quot;0&quot;,&quot;copyright&quot;:&quot;&quot;,&quot;focal_length&quot;:&quot;0&quot;,&quot;iso&quot;:&quot;0&quot;,&quot;shutter_speed&quot;:&quot;0&quot;,&quot;title&quot;:&quot;&quot;,&quot;orientation&quot;:&quot;0&quot;}\" data-image-title=\"Klingende-Stadt-ZAUBER-rund-2\" data-image-description=\"\" data-image-caption=\"\" data-medium-file=\"https:\/\/i0.wp.com\/www.polizeichor-dresden.de\/wp-content\/uploads\/2022\/05\/Klingende-Stadt-ZAUBER-rund-2.jpg?fit=300%2C300&amp;ssl=1\" data-large-file=\"https:\/\/i0.wp.com\/www.polizeichor-dresden.de\/wp-content\/uploads\/2022\/05\/Klingende-Stadt-ZAUBER-rund-2.jpg?fit=1015%2C1016&amp;ssl=1\" decoding=\"async\" loading=\"lazy\" src=\"https:\/\/i0.wp.com\/www.polizeichor-dresden.de\/wp-content\/uploads\/2022\/05\/Klingende-Stadt-ZAUBER-rund-2.jpg?resize=187%2C186&#038;ssl=1\" alt=\"\" class=\"wp-image-2485\" width=\"187\" height=\"186\" srcset=\"https:\/\/i0.wp.com\/www.polizeichor-dresden.de\/wp-content\/uploads\/2022\/05\/Klingende-Stadt-ZAUBER-rund-2.jpg?w=1015&amp;ssl=1 1015w, https:\/\/i0.wp.com\/www.polizeichor-dresden.de\/wp-content\/uploads\/2022\/05\/Klingende-Stadt-ZAUBER-rund-2.jpg?resize=300%2C300&amp;ssl=1 300w, https:\/\/i0.wp.com\/www.polizeichor-dresden.de\/wp-content\/uploads\/2022\/05\/Klingende-Stadt-ZAUBER-rund-2.jpg?resize=150%2C150&amp;ssl=1 150w, https:\/\/i0.wp.com\/www.polizeichor-dresden.de\/wp-content\/uploads\/2022\/05\/Klingende-Stadt-ZAUBER-rund-2.jpg?resize=768%2C769&amp;ssl=1 768w\" sizes=\"(max-width: 187px) 100vw, 187px\" data-recalc-dims=\"1\" \/><\/figure><\/div>\n\n\n\n<p>Auch der Polizeichor Dresden e. V. wird im Rahmen der Dresdner Musikfestspiele seinen Beitrag f\u00fcr das Kulturleben in unserer sch\u00f6nen Stadt leisten und endlich nach zwei Jahren Abstinenz wieder \u00f6ffentlich vor Publikum auftreten.<\/p>\n\n\n\n<p>Wir laden hiermit alle interessierten Mitglieder, Freunde und Freunde von Freunden herzlich ein, uns bei diesem Auftritt zu besuchen.<\/p>\n\n\n\n<div class=\"wp-block-image is-style-rounded\"><figure class=\"alignright size-large is-resized\"><img data-attachment-id=\"2496\" data-permalink=\"https:\/\/www.polizeichor-dresden.de\/?attachment_id=2496\" data-orig-file=\"https:\/\/i0.wp.com\/www.polizeichor-dresden.de\/wp-content\/uploads\/2022\/05\/Theaterplatz-quadratisch-2-1.jpg?fit=1200%2C1200&amp;ssl=1\" data-orig-size=\"1200,1200\" data-comments-opened=\"1\" data-image-meta=\"{&quot;aperture&quot;:&quot;0&quot;,&quot;credit&quot;:&quot;&quot;,&quot;camera&quot;:&quot;&quot;,&quot;caption&quot;:&quot;&quot;,&quot;created_timestamp&quot;:&quot;0&quot;,&quot;copyright&quot;:&quot;&quot;,&quot;focal_length&quot;:&quot;0&quot;,&quot;iso&quot;:&quot;0&quot;,&quot;shutter_speed&quot;:&quot;0&quot;,&quot;title&quot;:&quot;&quot;,&quot;orientation&quot;:&quot;0&quot;}\" data-image-title=\"Theaterplatz-quadratisch-2-1\" data-image-description=\"\" data-image-caption=\"\" data-medium-file=\"https:\/\/i0.wp.com\/www.polizeichor-dresden.de\/wp-content\/uploads\/2022\/05\/Theaterplatz-quadratisch-2-1.jpg?fit=300%2C300&amp;ssl=1\" data-large-file=\"https:\/\/i0.wp.com\/www.polizeichor-dresden.de\/wp-content\/uploads\/2022\/05\/Theaterplatz-quadratisch-2-1.jpg?fit=1024%2C1024&amp;ssl=1\" decoding=\"async\" loading=\"lazy\" src=\"https:\/\/i0.wp.com\/www.polizeichor-dresden.de\/wp-content\/uploads\/2022\/05\/Theaterplatz-quadratisch-2-1.jpg?resize=209%2C209&#038;ssl=1\" alt=\"\" class=\"wp-image-2496\" width=\"209\" height=\"209\" srcset=\"https:\/\/i0.wp.com\/www.polizeichor-dresden.de\/wp-content\/uploads\/2022\/05\/Theaterplatz-quadratisch-2-1.jpg?resize=1024%2C1024&amp;ssl=1 1024w, https:\/\/i0.wp.com\/www.polizeichor-dresden.de\/wp-content\/uploads\/2022\/05\/Theaterplatz-quadratisch-2-1.jpg?resize=300%2C300&amp;ssl=1 300w, https:\/\/i0.wp.com\/www.polizeichor-dresden.de\/wp-content\/uploads\/2022\/05\/Theaterplatz-quadratisch-2-1.jpg?resize=150%2C150&amp;ssl=1 150w, https:\/\/i0.wp.com\/www.polizeichor-dresden.de\/wp-content\/uploads\/2022\/05\/Theaterplatz-quadratisch-2-1.jpg?resize=768%2C768&amp;ssl=1 768w, https:\/\/i0.wp.com\/www.polizeichor-dresden.de\/wp-content\/uploads\/2022\/05\/Theaterplatz-quadratisch-2-1.jpg?w=1200&amp;ssl=1 1200w\" sizes=\"(max-width: 209px) 100vw, 209px\" data-recalc-dims=\"1\" \/><\/figure><\/div>\n\n\n\n<p>Wir pr\u00e4sentieren unser kleines Konzert am <\/p>\n\n\n\n<p><strong>4. Juni 2022 (Pfingstsamstag),<\/strong> <strong>um 16:30 Uhr auf dem Theaterplatz<\/strong>. <\/p>\n\n\n\n<p>Das Projekt \u00bbKlingende Stadt\u00ab beginnt offiziell um 15 Uhr und findet \u00fcberall im Stadtgebiet statt, der Eintritt ist selbstverst\u00e4ndig frei. <\/p>\n\n\n\n<p>Wir freuen uns auf zahlreiche G\u00e4ste und haben uns bereits f\u00fcr diesen Nachmittag Sonnenschein zusichern lassen. &#x1f31e;<\/p>\n\n\n\n<p>Viele Gr\u00fc\u00dfe<br>Ralph Lippmann<\/p>\n\n\n\n<p><\/p>\n","protected":false},"excerpt":{"rendered":"<p>Die Dresdner Musikfestspiele starten mit ihrem gro\u00dfen Mitmachprojekt \u00bbKlingende Stadt\u00ab. Auch der Polizeichor Dresden e. V. wird im Rahmen der Dresdner Musikfestspiele seinen Beitrag f\u00fcr das Kulturleben in unserer sch\u00f6nen Stadt leisten und endlich nach zwei Jahren Abstinenz wieder \u00f6ffentlich vor Publikum auftreten. Wir laden hiermit alle interessierten Mitglieder, Freunde und Freunde von Freunden herzlich [&hellip;]<\/p>\n","protected":false},"author":6,"featured_media":0,"comment_status":"open","ping_status":"open","sticky":false,"template":"","format":"standard","meta":{"ngg_post_thumbnail":0,"jetpack_post_was_ever_published":false,"jetpack_publicize_message":"","jetpack_is_tweetstorm":false,"jetpack_publicize_feature_enabled":true,"jetpack_social_post_already_shared":true,"jetpack_social_options":{"image_generator_settings":{"template":"highway","enabled":false}}},"categories":[1],"tags":[],"jetpack_publicize_connections":[],"aioseo_notices":[],"jetpack_featured_media_url":"","jetpack_shortlink":"https:\/\/wp.me\/p32b0X-DC","jetpack_sharing_enabled":true,"_links":{"self":[{"href":"https:\/\/www.polizeichor-dresden.de\/index.php?rest_route=\/wp\/v2\/posts\/2456"}],"collection":[{"href":"https:\/\/www.polizeichor-dresden.de\/index.php?rest_route=\/wp\/v2\/posts"}],"about":[{"href":"https:\/\/www.polizeichor-dresden.de\/index.php?rest_route=\/wp\/v2\/types\/post"}],"author":[{"embeddable":true,"href":"https:\/\/www.polizeichor-dresden.de\/index.php?rest_route=\/wp\/v2\/users\/6"}],"replies":[{"embeddable":true,"href":"https:\/\/www.polizeichor-dresden.de\/index.php?rest_route=%2Fwp%2Fv2%2Fcomments&post=2456"}],"version-history":[{"count":23,"href":"https:\/\/www.polizeichor-dresden.de\/index.php?rest_route=\/wp\/v2\/posts\/2456\/revisions"}],"predecessor-version":[{"id":2497,"href":"https:\/\/www.polizeichor-dresden.de\/index.php?rest_route=\/wp\/v2\/posts\/2456\/revisions\/2497"}],"wp:attachment":[{"href":"https:\/\/www.polizeichor-dresden.de\/index.php?rest_route=%2Fwp%2Fv2%2Fmedia&parent=2456"}],"wp:term":[{"taxonomy":"category","embeddable":true,"href":"https:\/\/www.polizeichor-dresden.de\/index.php?rest_route=%2Fwp%2Fv2%2Fcategories&post=2456"},{"taxonomy":"post_tag","embeddable":true,"href":"https:\/\/www.polizeichor-dresden.de\/index.php?rest_route=%2Fwp%2Fv2%2Ftags&post=2456"}],"curies":[{"name":"wp","href":"https:\/\/api.w.org\/{rel}","templated":true}]}}