{"id":2340,"date":"2021-10-24T16:37:21","date_gmt":"2021-10-24T14:37:21","guid":{"rendered":"https:\/\/www.polizeichor-dresden.de\/?p=2340"},"modified":"2022-07-01T19:58:00","modified_gmt":"2022-07-01T17:58:00","slug":"nachruf-2","status":"publish","type":"post","link":"https:\/\/www.polizeichor-dresden.de\/?p=2340","title":{"rendered":"Nachruf"},"content":{"rendered":"\n<div class=\"wp-block-image is-style-default\"><figure class=\"alignleft size-medium\"><img data-attachment-id=\"2342\" data-permalink=\"https:\/\/www.polizeichor-dresden.de\/?attachment_id=2342\" data-orig-file=\"https:\/\/i0.wp.com\/www.polizeichor-dresden.de\/wp-content\/uploads\/2021\/10\/Johannes-Hoja_2.jpg?fit=1232%2C1632&amp;ssl=1\" data-orig-size=\"1232,1632\" data-comments-opened=\"1\" data-image-meta=\"{&quot;aperture&quot;:&quot;0&quot;,&quot;credit&quot;:&quot;&quot;,&quot;camera&quot;:&quot;&quot;,&quot;caption&quot;:&quot;&quot;,&quot;created_timestamp&quot;:&quot;0&quot;,&quot;copyright&quot;:&quot;&quot;,&quot;focal_length&quot;:&quot;0&quot;,&quot;iso&quot;:&quot;0&quot;,&quot;shutter_speed&quot;:&quot;0&quot;,&quot;title&quot;:&quot;&quot;,&quot;orientation&quot;:&quot;1&quot;}\" data-image-title=\"Johannes-Hoja_2\" data-image-description=\"\" data-image-caption=\"\" data-medium-file=\"https:\/\/i0.wp.com\/www.polizeichor-dresden.de\/wp-content\/uploads\/2021\/10\/Johannes-Hoja_2.jpg?fit=226%2C300&amp;ssl=1\" data-large-file=\"https:\/\/i0.wp.com\/www.polizeichor-dresden.de\/wp-content\/uploads\/2021\/10\/Johannes-Hoja_2.jpg?fit=773%2C1024&amp;ssl=1\" decoding=\"async\" loading=\"lazy\" width=\"226\" height=\"300\" src=\"https:\/\/i0.wp.com\/www.polizeichor-dresden.de\/wp-content\/uploads\/2021\/10\/Johannes-Hoja_2.jpg?resize=226%2C300&#038;ssl=1\" alt=\"\" class=\"wp-image-2342\" srcset=\"https:\/\/i0.wp.com\/www.polizeichor-dresden.de\/wp-content\/uploads\/2021\/10\/Johannes-Hoja_2.jpg?resize=226%2C300&amp;ssl=1 226w, https:\/\/i0.wp.com\/www.polizeichor-dresden.de\/wp-content\/uploads\/2021\/10\/Johannes-Hoja_2.jpg?resize=773%2C1024&amp;ssl=1 773w, https:\/\/i0.wp.com\/www.polizeichor-dresden.de\/wp-content\/uploads\/2021\/10\/Johannes-Hoja_2.jpg?resize=768%2C1017&amp;ssl=1 768w, https:\/\/i0.wp.com\/www.polizeichor-dresden.de\/wp-content\/uploads\/2021\/10\/Johannes-Hoja_2.jpg?resize=1160%2C1536&amp;ssl=1 1160w, https:\/\/i0.wp.com\/www.polizeichor-dresden.de\/wp-content\/uploads\/2021\/10\/Johannes-Hoja_2.jpg?w=1232&amp;ssl=1 1232w\" sizes=\"(max-width: 226px) 100vw, 226px\" data-recalc-dims=\"1\" \/><\/figure><\/div>\n\n\n\n<p>Mit Trauer und Best\u00fcrzung haben wir erfahren, dass unser Ehrenvorsitzender&nbsp;<strong>Johannes Hoja<\/strong>, am Freitag, den 22. Oktober 2021 nach schwerer Krankheit verstorben ist.<\/p>\n\n\n\n<p>55 Jahre war Hannes Mitglied im Polizeichor Dresden. Und nicht nur Mitglied sondern auch viele Jahre lang Vorsitzender des Chores und seit 2007 Ehrenvorsitzender, bis er 2012 nochmal f\u00fcr f\u00fcnf Jahre den Vorsitz \u00fcbernahm. Er hat nicht nur im Bass gesungen, sondern auch die musikalische Richtung des Chores, zusammen mit den Chorleitern, mitbestimmt.<\/p>\n\n\n\n<p>Auch dem Chorverband der Deutschen Polizei hat er seinen Stempel aufgedr\u00fcckt. 18 Jahre hat Hannes als Beisitzer f\u00fcr die Region Sachsen sp\u00e4ter als 2. Bundesvorsitzender und zuletzt als Bundesvorsitzender den Chorverband voran gebracht. Am 4. September 2021 ist er, nach langen Jahren der Ehrenmitgliedschaft, Ehrenvorsitzender des Chorverbandes geworden.<\/p>\n\n\n\n<p>Der Chor stand f\u00fcr ihn immer an erster Stelle, manchmal zum Leidwesen seiner Frau Regina, der drei Kinder und vielen Enkel. Nicht nur die musikalische Ausrichtung war Hannes wichtig. Er hat auch im Alleingang den Kartenvorverkauf f\u00fcr unsere Fr\u00fchjahrs- und Weihnachtskonzerte organisiert und das Vereinsleben in Schwung gehalten.<\/p>\n\n\n\n<p>Hannes hat sich auch gro\u00dfe Verdienste bei der Betreuung der f\u00f6rdernden Mitglieder erworben. Die Organisation von nationalen und internationalen Reisen, die j\u00e4hrliche Weinverkostung u. \u00e4. Wir werden uns wohl alle an seinen lauten Ruf \u201eEinsteigen\u201c bei den Reisen erinnern.<\/p>\n\n\n\n<p>Der Polizeichor Dresden e. V. ist untrennbar mit seinem Namen verbunden und seine Verdienste, um seinen Chor werden unvergesslich bleiben.<\/p>\n\n\n\n<p>Wir w\u00fcnschen seiner Familie, dass sie in den Stunden des Abschieds aus den guten Erinnerungen an Zeiten der Gemeinsamkeit, Kraft gewinnen k\u00f6nnen.<\/p>\n\n\n\n<p>Wir werden uns immer an Hannes erinnern, sei es bei Liedern, die er gern gesungen hat oder bei Treffen mit anderen Polizeich\u00f6ren.<\/p>\n","protected":false},"excerpt":{"rendered":"<p>Mit Trauer und Best\u00fcrzung haben wir erfahren, dass unser Ehrenvorsitzender&nbsp;Johannes Hoja, am Freitag, den 22. Oktober 2021 nach schwerer Krankheit verstorben ist. 55 Jahre war Hannes Mitglied im Polizeichor Dresden. Und nicht nur Mitglied sondern auch viele Jahre lang Vorsitzender des Chores und seit 2007 Ehrenvorsitzender, bis er 2012 nochmal f\u00fcr f\u00fcnf Jahre den Vorsitz [&hellip;]<\/p>\n","protected":false},"author":2,"featured_media":0,"comment_status":"open","ping_status":"open","sticky":false,"template":"","format":"standard","meta":{"ngg_post_thumbnail":0,"jetpack_post_was_ever_published":false,"jetpack_publicize_message":"","jetpack_is_tweetstorm":false,"jetpack_publicize_feature_enabled":true,"jetpack_social_post_already_shared":true,"jetpack_social_options":{"image_generator_settings":{"template":"highway","enabled":false}}},"categories":[1],"tags":[94],"jetpack_publicize_connections":[],"aioseo_notices":[],"jetpack_featured_media_url":"","jetpack_shortlink":"https:\/\/wp.me\/p32b0X-BK","jetpack_sharing_enabled":true,"_links":{"self":[{"href":"https:\/\/www.polizeichor-dresden.de\/index.php?rest_route=\/wp\/v2\/posts\/2340"}],"collection":[{"href":"https:\/\/www.polizeichor-dresden.de\/index.php?rest_route=\/wp\/v2\/posts"}],"about":[{"href":"https:\/\/www.polizeichor-dresden.de\/index.php?rest_route=\/wp\/v2\/types\/post"}],"author":[{"embeddable":true,"href":"https:\/\/www.polizeichor-dresden.de\/index.php?rest_route=\/wp\/v2\/users\/2"}],"replies":[{"embeddable":true,"href":"https:\/\/www.polizeichor-dresden.de\/index.php?rest_route=%2Fwp%2Fv2%2Fcomments&post=2340"}],"version-history":[{"count":2,"href":"https:\/\/www.polizeichor-dresden.de\/index.php?rest_route=\/wp\/v2\/posts\/2340\/revisions"}],"predecessor-version":[{"id":2344,"href":"https:\/\/www.polizeichor-dresden.de\/index.php?rest_route=\/wp\/v2\/posts\/2340\/revisions\/2344"}],"wp:attachment":[{"href":"https:\/\/www.polizeichor-dresden.de\/index.php?rest_route=%2Fwp%2Fv2%2Fmedia&parent=2340"}],"wp:term":[{"taxonomy":"category","embeddable":true,"href":"https:\/\/www.polizeichor-dresden.de\/index.php?rest_route=%2Fwp%2Fv2%2Fcategories&post=2340"},{"taxonomy":"post_tag","embeddable":true,"href":"https:\/\/www.polizeichor-dresden.de\/index.php?rest_route=%2Fwp%2Fv2%2Ftags&post=2340"}],"curies":[{"name":"wp","href":"https:\/\/api.w.org\/{rel}","templated":true}]}}