{"id":2322,"date":"2021-08-26T10:59:14","date_gmt":"2021-08-26T08:59:14","guid":{"rendered":"https:\/\/www.polizeichor-dresden.de\/?p=2322"},"modified":"2022-07-01T19:58:25","modified_gmt":"2022-07-01T17:58:25","slug":"nachruf","status":"publish","type":"post","link":"https:\/\/www.polizeichor-dresden.de\/?p=2322","title":{"rendered":"Nachruf"},"content":{"rendered":"\n<div class=\"wp-block-image\"><figure class=\"alignleft size-large is-resized\"><img data-attachment-id=\"2324\" data-permalink=\"https:\/\/www.polizeichor-dresden.de\/?attachment_id=2324\" data-orig-file=\"https:\/\/i0.wp.com\/www.polizeichor-dresden.de\/wp-content\/uploads\/2021\/08\/Ohne-Titel-8.png?fit=616%2C899&amp;ssl=1\" data-orig-size=\"616,899\" data-comments-opened=\"1\" data-image-meta=\"{&quot;aperture&quot;:&quot;0&quot;,&quot;credit&quot;:&quot;&quot;,&quot;camera&quot;:&quot;&quot;,&quot;caption&quot;:&quot;&quot;,&quot;created_timestamp&quot;:&quot;0&quot;,&quot;copyright&quot;:&quot;&quot;,&quot;focal_length&quot;:&quot;0&quot;,&quot;iso&quot;:&quot;0&quot;,&quot;shutter_speed&quot;:&quot;0&quot;,&quot;title&quot;:&quot;&quot;,&quot;orientation&quot;:&quot;0&quot;}\" data-image-title=\"Ohne Titel 8\" data-image-description=\"\" data-image-caption=\"\" data-medium-file=\"https:\/\/i0.wp.com\/www.polizeichor-dresden.de\/wp-content\/uploads\/2021\/08\/Ohne-Titel-8.png?fit=206%2C300&amp;ssl=1\" data-large-file=\"https:\/\/i0.wp.com\/www.polizeichor-dresden.de\/wp-content\/uploads\/2021\/08\/Ohne-Titel-8.png?fit=616%2C899&amp;ssl=1\" decoding=\"async\" loading=\"lazy\" src=\"https:\/\/i0.wp.com\/www.polizeichor-dresden.de\/wp-content\/uploads\/2021\/08\/Ohne-Titel-8.png?resize=154%2C225&#038;ssl=1\" alt=\"\" class=\"wp-image-2324\" width=\"154\" height=\"225\" srcset=\"https:\/\/i0.wp.com\/www.polizeichor-dresden.de\/wp-content\/uploads\/2021\/08\/Ohne-Titel-8.png?w=616&amp;ssl=1 616w, https:\/\/i0.wp.com\/www.polizeichor-dresden.de\/wp-content\/uploads\/2021\/08\/Ohne-Titel-8.png?resize=206%2C300&amp;ssl=1 206w\" sizes=\"(max-width: 154px) 100vw, 154px\" data-recalc-dims=\"1\" \/><\/figure><\/div>\n\n\n\n<p>Mit Best\u00fcrzung haben wir erfahren, dass unser langj\u00e4hriges Mitglied und Ehrenmitglied, <strong>Jochen Strobel<\/strong>, am Montag, dem 23.08.2021 verstorben ist.<\/p>\n\n\n\n<p>Seit fast 30 Jahren war Jochen Mitglied in unserem Verein. Nach seiner aktiven S\u00e4ngerschaft im Bass wurde er f\u00f6rderndes Mitglied.<\/p>\n\n\n\n<p>W\u00e4hrend all dieser Jahre schrieb er u.a. viele Artikel f\u00fcr\/\u00fcber unseren Chor, f\u00fchrte unsere Gastch\u00f6re durch Dresden, war Chronist, Stimmgruppenf\u00fchrer und immer auf das Wohl unseres Vereins bedacht. Aufgrund seiner verdienstvollen T\u00e4tigkeit wurde er auch zum Ehrenmitglied unseres Chores ernannt.<\/p>\n\n\n\n<p>Unsere Gedanken in dieser schweren Zeit sind bei seiner Frau Monika, seiner Tochter Annett und seinem Sohn Frank sowie der gesamten Familie.<\/p>\n\n\n\n<p>Wir werden Jochen ein ehrendes Andenken bewahren und er wird uns als treuer Unterst\u00fctzer unseres Chores in Erinnerung bleiben.<\/p>\n","protected":false},"excerpt":{"rendered":"<p>Mit Best\u00fcrzung haben wir erfahren, dass unser langj\u00e4hriges Mitglied und Ehrenmitglied, Jochen Strobel, am Montag, dem 23.08.2021 verstorben ist. Seit fast 30 Jahren war Jochen Mitglied in unserem Verein. Nach seiner aktiven S\u00e4ngerschaft im Bass wurde er f\u00f6rderndes Mitglied. W\u00e4hrend all dieser Jahre schrieb er u.a. viele Artikel f\u00fcr\/\u00fcber unseren Chor, f\u00fchrte unsere Gastch\u00f6re durch [&hellip;]<\/p>\n","protected":false},"author":3,"featured_media":0,"comment_status":"open","ping_status":"open","sticky":false,"template":"","format":"standard","meta":{"ngg_post_thumbnail":0,"jetpack_post_was_ever_published":false,"jetpack_publicize_message":"","jetpack_is_tweetstorm":false,"jetpack_publicize_feature_enabled":true,"jetpack_social_post_already_shared":true,"jetpack_social_options":{"image_generator_settings":{"template":"highway","enabled":false}}},"categories":[1],"tags":[],"jetpack_publicize_connections":[],"aioseo_notices":[],"jetpack_featured_media_url":"","jetpack_shortlink":"https:\/\/wp.me\/s32b0X-nachruf","jetpack_sharing_enabled":true,"_links":{"self":[{"href":"https:\/\/www.polizeichor-dresden.de\/index.php?rest_route=\/wp\/v2\/posts\/2322"}],"collection":[{"href":"https:\/\/www.polizeichor-dresden.de\/index.php?rest_route=\/wp\/v2\/posts"}],"about":[{"href":"https:\/\/www.polizeichor-dresden.de\/index.php?rest_route=\/wp\/v2\/types\/post"}],"author":[{"embeddable":true,"href":"https:\/\/www.polizeichor-dresden.de\/index.php?rest_route=\/wp\/v2\/users\/3"}],"replies":[{"embeddable":true,"href":"https:\/\/www.polizeichor-dresden.de\/index.php?rest_route=%2Fwp%2Fv2%2Fcomments&post=2322"}],"version-history":[{"count":5,"href":"https:\/\/www.polizeichor-dresden.de\/index.php?rest_route=\/wp\/v2\/posts\/2322\/revisions"}],"predecessor-version":[{"id":2328,"href":"https:\/\/www.polizeichor-dresden.de\/index.php?rest_route=\/wp\/v2\/posts\/2322\/revisions\/2328"}],"wp:attachment":[{"href":"https:\/\/www.polizeichor-dresden.de\/index.php?rest_route=%2Fwp%2Fv2%2Fmedia&parent=2322"}],"wp:term":[{"taxonomy":"category","embeddable":true,"href":"https:\/\/www.polizeichor-dresden.de\/index.php?rest_route=%2Fwp%2Fv2%2Fcategories&post=2322"},{"taxonomy":"post_tag","embeddable":true,"href":"https:\/\/www.polizeichor-dresden.de\/index.php?rest_route=%2Fwp%2Fv2%2Ftags&post=2322"}],"curies":[{"name":"wp","href":"https:\/\/api.w.org\/{rel}","templated":true}]}}