{"id":230,"date":"2013-04-08T22:46:06","date_gmt":"2013-04-08T20:46:06","guid":{"rendered":"http:\/\/www.polizeichor-dresden.de\/?p=230"},"modified":"2013-04-12T22:53:02","modified_gmt":"2013-04-12T20:53:02","slug":"unsere-jahreshauptversammlung-2013","status":"publish","type":"post","link":"https:\/\/www.polizeichor-dresden.de\/?p=230","title":{"rendered":"Unsere Jahreshauptversammlung 2013"},"content":{"rendered":"<p>Am 15.03.2013 war es wieder soweit: Die allj\u00e4hrliche Jahreshauptversammlung des Polizeichor Dresden stand wieder an.<br \/>\nIn alter Traditon fand diese wieder im Ammonhof statt. Vor der Versammlung gab es wieder die M\u00f6glichkeit, sich von Familie Wachtel und ihrem Team verk\u00f6stigen zu lassen. Unsere f\u00f6rdernden Mitglieder und unsere S\u00e4ngerInnen waren wieder zahlreich erschienen.<!--more--><\/p>\n<p>Die Versammlung startete Johannes Hoja mit dem Gesch\u00e4ftsbericht des Vorstandes. Darin lies er noch einmal das letzte Gesch\u00e4ftsjahr Revue passieren. Dem folgte der Kassenbericht unseres Schatzmeisers Michael Braun und der Bericht der Kassenpr\u00fcferin Gabriele Madaus. Hier gab es keinerlei Beanstandungen, sondern eher Anerkennung f\u00fcr Michas Leistungen.<\/p>\n<p>In diesem Jahr stand wieder die Wahl des Vortandes an. Der Entlastung des bisherigen Vorstandes wurde einstimmig zugestimmt.<br \/>\nBei der anschliesenden Wahl des neuen Kassenpr\u00fcfers wurde unser f\u00f6rderndes Mitglied Regina Hempel einstimmig gew\u00e4hlt.<\/p>\n<p>Danach gab es wieder eine Diskussionsrunde, wo jeder der Anwesenden mal seine Meinung sagen konnte, seine Probleme den Verein betreffend ansprechen konnte oder neue Ideen oder Vorschl\u00e4ge einbringen konnte. Da wurden einige Themen angesprochen, die (leider) fast jedes Jahr wieder Thema sind, wie z. Bsp. die Probendisziplin. Es gab auch aufschlussreiches Feedback von unseren treuen Fans zu unseren letzten Auftritten. Aber auch interessante neue Vorschl\u00e4ge kamen zum Gespr\u00e4ch, so zm Beispiel der Vorschlag, \u00f6fters auch wieder auf \u00e4ltere, schon bekannte Litertur zur\u00fcckzugreifen.<\/p>\n<p>Beim n\u00e4chsten Tageordnungspunkt &#8222;Behandlung vorliegender Antr\u00e4ge&#8220; wurde noch einmal die laufende Satzungs\u00e4nderung thematisiert. Unser ehemlige Vorsitzender Falk B\u00f6ttger, der sich intensiv damit besch\u00e4ftigte, erkl\u00e4rte nochmal f\u00fcr alle verst\u00e4ndlich was sich genau \u00e4ndert und warum manche Sachen so und nicht anders ge\u00e4ndert werden m\u00fcssen.<\/p>\n<p>Danach kam die Ehrung von langj\u00e4hrigen Mitgliedern des Chores. Diese wurden, je nach Dauer der Zugeh\u00f6rigkeit, mit Ehrenurkunden oder Ehrennadeln geehrt.<\/p>\n<p>Folgende Auszeichnungen wurden an diesem Abend f\u00fcr aktive S\u00e4nger vergeben:<\/p>\n<p>Alexandra Kratzenberg: 10 Jahre<br \/>\nThomas Ulrich: 10 Jahre<br \/>\nYvonne Bethage: 20 Jahre<br \/>\nChristine Hellwig: 20 Jahre<br \/>\nJan Wiedemann: 20 Jahre<br \/>\nKatrin Fetter: 40 Jahre<br \/>\nDoris Krebs: 40 Jahre<br \/>\nInge Merker: 35 Jahre<br \/>\nHeidrun Paschke: 45 Jahre<\/p>\n<p>Und bei den f\u00f6rdernden Mitgliedern waren es:<\/p>\n<p>Robert Vonau: 15 Jahre<br \/>\nIrene Lehmann: 5 Jahre<\/p>\n<p>Dann wurde der Wahlausschuss einberufen und die Wahl des Vorstandes erfolgte nach Abstimmung in einer offenen Wahl.<\/p>\n<p>Dabei wurden Johannes Hoja, Katrin Fetter, Michael Braun, B\u00e4rbel Schmidt, Alexandra Kratzenberg und Jan Wiedemann wiedergew\u00e4hlt und als zus\u00e4tzliches Mitglied des Vorstandes wurde Anke Sandvo\u00df in der Wahl best\u00e4tigt. Nach der ersten Konstituierung des neu gew\u00e4hlten Vorstandes erkl\u00e4rte sich Johannes Hoja wieder bereit, den Vorsitz zu \u00fcbernehmen.<\/p>\n<p>Wir m\u00f6chten uns noch einmal bei allen anwesenden Mitgliedern f\u00fcr die konstruktiven Diskussionen bedanken und werden nat\u00fcrlich versuchen, die W\u00fcnsche in der Zukunft zu ber\u00fccksichtigen.<\/p>\n<!-- index.php -->\n<div\n\tclass=\"ngg-galleryoverview ngg-ajax-pagination-none\"\n\tid=\"ngg-gallery-98c41e60a9b1ed7fe303429e8499ea81-1\">\n\n    \t\t<!-- Thumbnails -->\n\t\t\t\t<div id=\"ngg-image-0\" class=\"ngg-gallery-thumbnail-box\" >\n\t\t\t\t        <div class=\"ngg-gallery-thumbnail\">\n            <a href=\"https:\/\/www.polizeichor-dresden.de\/wp-content\/gallery\/jahreshauptversammlung-2013\/mg_3435.jpg\"\n               title=\"\"\n               data-src=\"https:\/\/www.polizeichor-dresden.de\/wp-content\/gallery\/jahreshauptversammlung-2013\/mg_3435.jpg\"\n               data-thumbnail=\"https:\/\/www.polizeichor-dresden.de\/wp-content\/gallery\/jahreshauptversammlung-2013\/thumbs\/thumbs_mg_3435.jpg\"\n               data-image-id=\"107\"\n               data-title=\"mg_3435\"\n               data-description=\"\"\n               data-image-slug=\"mg_3435\"\n               class='nggobasic-fancybox' rel='98c41e60a9b1ed7fe303429e8499ea81'>\n                <img\n                    title=\"mg_3435\"\n                    alt=\"mg_3435\"\n                    src=\"https:\/\/www.polizeichor-dresden.de\/wp-content\/gallery\/jahreshauptversammlung-2013\/thumbs\/thumbs_mg_3435.jpg\"\n                    width=\"150\"\n                    height=\"150\"\n                    style=\"max-width:100%;\"\n                \/>\n            <\/a>\n        <\/div>\n\t\t\t\t\t\t\t<\/div> \n\t\t\t\n        \n\t\t\t\t<div id=\"ngg-image-1\" class=\"ngg-gallery-thumbnail-box\" >\n\t\t\t\t        <div class=\"ngg-gallery-thumbnail\">\n            <a href=\"https:\/\/www.polizeichor-dresden.de\/wp-content\/gallery\/jahreshauptversammlung-2013\/mg_3446.jpg\"\n               title=\"\"\n               data-src=\"https:\/\/www.polizeichor-dresden.de\/wp-content\/gallery\/jahreshauptversammlung-2013\/mg_3446.jpg\"\n               data-thumbnail=\"https:\/\/www.polizeichor-dresden.de\/wp-content\/gallery\/jahreshauptversammlung-2013\/thumbs\/thumbs_mg_3446.jpg\"\n               data-image-id=\"108\"\n               data-title=\"mg_3446\"\n               data-description=\"\"\n               data-image-slug=\"mg_3446\"\n               class='nggobasic-fancybox' rel='98c41e60a9b1ed7fe303429e8499ea81'>\n                <img\n                    title=\"mg_3446\"\n                    alt=\"mg_3446\"\n                    src=\"https:\/\/www.polizeichor-dresden.de\/wp-content\/gallery\/jahreshauptversammlung-2013\/thumbs\/thumbs_mg_3446.jpg\"\n                    width=\"150\"\n                    height=\"150\"\n                    style=\"max-width:100%;\"\n                \/>\n            <\/a>\n        <\/div>\n\t\t\t\t\t\t\t<\/div> \n\t\t\t\n        \n\t\t\t\t<div id=\"ngg-image-2\" class=\"ngg-gallery-thumbnail-box\" >\n\t\t\t\t        <div class=\"ngg-gallery-thumbnail\">\n            <a href=\"https:\/\/www.polizeichor-dresden.de\/wp-content\/gallery\/jahreshauptversammlung-2013\/mg_3449.jpg\"\n               title=\"\"\n               data-src=\"https:\/\/www.polizeichor-dresden.de\/wp-content\/gallery\/jahreshauptversammlung-2013\/mg_3449.jpg\"\n               data-thumbnail=\"https:\/\/www.polizeichor-dresden.de\/wp-content\/gallery\/jahreshauptversammlung-2013\/thumbs\/thumbs_mg_3449.jpg\"\n               data-image-id=\"109\"\n               data-title=\"mg_3449\"\n               data-description=\"\"\n               data-image-slug=\"mg_3449\"\n               class='nggobasic-fancybox' rel='98c41e60a9b1ed7fe303429e8499ea81'>\n                <img\n                    title=\"mg_3449\"\n                    alt=\"mg_3449\"\n                    src=\"https:\/\/www.polizeichor-dresden.de\/wp-content\/gallery\/jahreshauptversammlung-2013\/thumbs\/thumbs_mg_3449.jpg\"\n                    width=\"150\"\n                    height=\"150\"\n                    style=\"max-width:100%;\"\n                \/>\n            <\/a>\n        <\/div>\n\t\t\t\t\t\t\t<\/div> \n\t\t\t\n        \n\t\t\n\t\t<!-- Pagination -->\n\t<div class='ngg-clear'><\/div>\t<\/div>\n\n<p>Vielen Dank an Christin Fetter f\u00fcr die Fotos!<\/p>\n","protected":false},"excerpt":{"rendered":"<p>Am 15.03.2013 war es wieder soweit: Die allj\u00e4hrliche Jahreshauptversammlung des Polizeichor Dresden stand wieder an. In alter Traditon fand diese wieder im Ammonhof statt. Vor der Versammlung gab es wieder die M\u00f6glichkeit, sich von Familie Wachtel und ihrem Team verk\u00f6stigen zu lassen. Unsere f\u00f6rdernden Mitglieder und unsere S\u00e4ngerInnen waren wieder zahlreich erschienen.<\/p>\n","protected":false},"author":2,"featured_media":0,"comment_status":"open","ping_status":"open","sticky":false,"template":"","format":"standard","meta":{"ngg_post_thumbnail":0,"jetpack_post_was_ever_published":false,"jetpack_publicize_message":"","jetpack_is_tweetstorm":false,"jetpack_publicize_feature_enabled":true,"jetpack_social_post_already_shared":true,"jetpack_social_options":{"image_generator_settings":{"template":"highway","enabled":false}}},"categories":[1],"tags":[28,29],"jetpack_publicize_connections":[],"aioseo_notices":[],"jetpack_featured_media_url":"","jetpack_shortlink":"https:\/\/wp.me\/p32b0X-3I","jetpack_sharing_enabled":true,"_links":{"self":[{"href":"https:\/\/www.polizeichor-dresden.de\/index.php?rest_route=\/wp\/v2\/posts\/230"}],"collection":[{"href":"https:\/\/www.polizeichor-dresden.de\/index.php?rest_route=\/wp\/v2\/posts"}],"about":[{"href":"https:\/\/www.polizeichor-dresden.de\/index.php?rest_route=\/wp\/v2\/types\/post"}],"author":[{"embeddable":true,"href":"https:\/\/www.polizeichor-dresden.de\/index.php?rest_route=\/wp\/v2\/users\/2"}],"replies":[{"embeddable":true,"href":"https:\/\/www.polizeichor-dresden.de\/index.php?rest_route=%2Fwp%2Fv2%2Fcomments&post=230"}],"version-history":[{"count":5,"href":"https:\/\/www.polizeichor-dresden.de\/index.php?rest_route=\/wp\/v2\/posts\/230\/revisions"}],"predecessor-version":[{"id":234,"href":"https:\/\/www.polizeichor-dresden.de\/index.php?rest_route=\/wp\/v2\/posts\/230\/revisions\/234"}],"wp:attachment":[{"href":"https:\/\/www.polizeichor-dresden.de\/index.php?rest_route=%2Fwp%2Fv2%2Fmedia&parent=230"}],"wp:term":[{"taxonomy":"category","embeddable":true,"href":"https:\/\/www.polizeichor-dresden.de\/index.php?rest_route=%2Fwp%2Fv2%2Fcategories&post=230"},{"taxonomy":"post_tag","embeddable":true,"href":"https:\/\/www.polizeichor-dresden.de\/index.php?rest_route=%2Fwp%2Fv2%2Ftags&post=230"}],"curies":[{"name":"wp","href":"https:\/\/api.w.org\/{rel}","templated":true}]}}