{"id":222,"date":"2013-03-06T22:52:42","date_gmt":"2013-03-06T20:52:42","guid":{"rendered":"http:\/\/www.polizeichor-dresden.de\/?p=222"},"modified":"2013-03-07T13:58:49","modified_gmt":"2013-03-07T11:58:49","slug":"60-jahre-polizeichor-dresden-teil-1-mallorca-reise","status":"publish","type":"post","link":"https:\/\/www.polizeichor-dresden.de\/?p=222","title":{"rendered":"60 Jahre Polizeichor Dresden &#8211; Teil 1: Mallorca-Reise"},"content":{"rendered":"<p>            \n\t\t<div class=\"ngg-gallery-singlepic-image ngg-right\" style=\"max-width: 320px\">\n\t\t\t    \t<a href=\"https:\/\/www.polizeichor-dresden.de\/wp-content\/gallery\/mallorca-2013\/pcdd_2013_mallorca_17.jpg\"\n\t\t     title=\"\"\n             data-src=\"https:\/\/www.polizeichor-dresden.de\/wp-content\/gallery\/mallorca-2013\/pcdd_2013_mallorca_17.jpg\"\n             data-thumbnail=\"https:\/\/www.polizeichor-dresden.de\/wp-content\/gallery\/mallorca-2013\/thumbs\/thumbs_pcdd_2013_mallorca_17.jpg\"\n             data-image-id=\"106\"\n             data-title=\"pcdd_2013_mallorca_17\"\n             data-description=\"\"\n             target='_self'\n             class='nggobasic-fancybox' rel='bea03ce8c7dc10a58b82aac379bdf6d5'>\n            <img class=\"ngg-singlepic\"\n             src=\"https:\/\/www.polizeichor-dresden.de\/index.php\/nextgen-image\/106\/320x240x100\/1f8844eb1df468b387b3c3868dde6202\"\n             alt=\"pcdd_2013_mallorca_17\"\n             title=\"pcdd_2013_mallorca_17\"\n              width=\"320\"               \/>\n    \t<\/a>\n\t\t      <\/div>\n        Das Jubil\u00e4umsjahr 2013 soll f\u00fcr uns ein Jahr werden, in dem wir unserem Publikum mit guten Konzerten und uns selbst mit interessanten Aktivit\u00e4ten viel Freude bereiten wollen. Die erste dieser Aktivit\u00e4ten war eine Konzert- und Erlebnisreise nach Mallorca. Ein gro\u00dfer Teil unserer S\u00e4nger(innen) hatte die Insel schon vor 12 Jahren mit dem Chor kennen gelernt und andere durch eigene Urlaube. Dadurch konnte unser Aufenthalt so gestaltet werden, dass jeder von uns an den ersten 4 Tagen seinen eigenen Interessen nachgehen konnte. Wir hatten uns alle Mietwagen bestellt und jeder fuhr damit t\u00e4glich nach dem Fr\u00fchst\u00fcck aus Palma in die Richtung davon, die er noch nicht erkundet hatte oder die er gern wieder sehen wollte. Da blieb es nicht aus, dass wir uns teils in Soller oder im Kloster von Valldemossa, am Kap Formentor oder auf dem Markt in Sineu, an der Drachenh\u00f6hle oder im Aquarium von Palma trafen. Nach dem Abendessen fanden wir uns dann in der Hotelbar wieder zusammen und tauschten unsere Erlebnisse bei einer Flasche Wein oder einer Sangria aus.<!--more--><\/p>\n<p>            \n\t\t<div class=\"ngg-gallery-singlepic-image ngg-left\" style=\"max-width: 320px\">\n\t\t\t    \t<a href=\"https:\/\/www.polizeichor-dresden.de\/wp-content\/gallery\/mallorca-2013\/pcdd_2013_mallorca_16.jpg\"\n\t\t     title=\"\"\n             data-src=\"https:\/\/www.polizeichor-dresden.de\/wp-content\/gallery\/mallorca-2013\/pcdd_2013_mallorca_16.jpg\"\n             data-thumbnail=\"https:\/\/www.polizeichor-dresden.de\/wp-content\/gallery\/mallorca-2013\/thumbs\/thumbs_pcdd_2013_mallorca_16.jpg\"\n             data-image-id=\"105\"\n             data-title=\"pcdd_2013_mallorca_16\"\n             data-description=\"\"\n             target='_self'\n             class='nggobasic-fancybox' rel='98d7e80f7a246f635b859715eee8c4cc'>\n            <img class=\"ngg-singlepic\"\n             src=\"https:\/\/www.polizeichor-dresden.de\/index.php\/nextgen-image\/105\/320x240x100\/c8612a4c305346107225c5b17a54a839\"\n             alt=\"pcdd_2013_mallorca_16\"\n             title=\"pcdd_2013_mallorca_16\"\n              width=\"320\"               \/>\n    \t<\/a>\n\t\t      <\/div>\n        Die H\u00f6hepunkte der Reise lagen am Wochenende bei den im Zusammenhang mit dem 84. Delegiertentag des S\u00e4ngerbundes der Deutschen Polizei stehenden Konzerten, die sowohl durch den deutschsprachigen Sender der Insel als auch vom \u201eMallorca-Magazin\u201c publiziert worden waren.<\/p>\n<p>Das Fr\u00fchjahrskonzert fand in der Kirche \u201eLa Porciuncula\u201c in Playa de Palma statt, wobei wir uns in je zwei Teilen mit dem Polizeichor Hamburg abwechselten. Nachdem wir im\u00a0 1. Teil Fr\u00fchlingslieder von F.M. Bartholdi, J. Brahms, G.F. H\u00e4ndel und J.Fr. Reinhardt dargeboten hatten, wurde es im 2. Teil locker mit einem Roland-Kaiser-Medley. Danach sangen die Frauen davon, was die M\u00e4nner ohne sie w\u00e4ren und die M\u00e4nner schw\u00e4rmten anschlie\u00dfend von dem Gef\u00fchl, \u201e\u00dcber den Wolken\u201c zu sein (Reinhardt Mey) und stellten sich mit der Selbsteinsch\u00e4tzung \u201eWir sind die alten S\u00e4cke\u201c ein besonderes Zeugnis aus.<\/p>\n<p>Am Tag darauf begleiteten wir die spanische Messe in der Kathedrale von Palma mit 3 Titeln von Mozart, Bruckner und Schubert und nutzten nach dem Gottesdienst die uns gegebene M\u00f6glichkeit, ein Foto des Chores vor dem Altar zu schie\u00dfen.<\/p>\n<p>Die Resonanz der Veranstaltungen war sehr gut, denn beide Gottesh\u00e4user waren fast vollst\u00e4ndig besetzt und mit Beifall zu dem weltlichen Konzert wurde auch nicht gespart. Das betraf auch die Liedbeitr\u00e4ge aller Ch\u00f6re bei der Abschlussveranstaltung in der Konzerth\u00f6hle von El Gandent, an der alle zum Delegiertentag anwesenden S\u00e4nger(innen) sowie ihre Begleiter, immerhin fast 1000 Personen, teilgenommen hatten.<\/p>\n<p>Die geschilderten Auftritte bildeten f\u00fcr uns den Abschluss unseres Aufenthaltes auf Mallorca.<br \/>\nEinig waren wir danach, dass der Auftakt unseres Jubil\u00e4umsjahres gelungen war.<\/p>\n<p>Jochen Strobel<\/p>\n","protected":false},"excerpt":{"rendered":"<p>Das Jubil\u00e4umsjahr 2013 soll f\u00fcr uns ein Jahr werden, in dem wir unserem Publikum mit guten Konzerten und uns selbst mit interessanten Aktivit\u00e4ten viel Freude bereiten wollen. Die erste dieser Aktivit\u00e4ten war eine Konzert- und Erlebnisreise nach Mallorca. Ein gro\u00dfer Teil unserer S\u00e4nger(innen) hatte die Insel schon vor 12 Jahren mit dem Chor kennen gelernt [&hellip;]<\/p>\n","protected":false},"author":2,"featured_media":0,"comment_status":"open","ping_status":"open","sticky":false,"template":"","format":"standard","meta":{"ngg_post_thumbnail":0,"jetpack_post_was_ever_published":false,"jetpack_publicize_message":"","jetpack_is_tweetstorm":false,"jetpack_publicize_feature_enabled":true,"jetpack_social_post_already_shared":true,"jetpack_social_options":{"image_generator_settings":{"template":"highway","enabled":false}}},"categories":[3,23],"tags":[59,27],"jetpack_publicize_connections":[],"aioseo_notices":[],"jetpack_featured_media_url":"","jetpack_shortlink":"https:\/\/wp.me\/p32b0X-3A","jetpack_sharing_enabled":true,"_links":{"self":[{"href":"https:\/\/www.polizeichor-dresden.de\/index.php?rest_route=\/wp\/v2\/posts\/222"}],"collection":[{"href":"https:\/\/www.polizeichor-dresden.de\/index.php?rest_route=\/wp\/v2\/posts"}],"about":[{"href":"https:\/\/www.polizeichor-dresden.de\/index.php?rest_route=\/wp\/v2\/types\/post"}],"author":[{"embeddable":true,"href":"https:\/\/www.polizeichor-dresden.de\/index.php?rest_route=\/wp\/v2\/users\/2"}],"replies":[{"embeddable":true,"href":"https:\/\/www.polizeichor-dresden.de\/index.php?rest_route=%2Fwp%2Fv2%2Fcomments&post=222"}],"version-history":[{"count":4,"href":"https:\/\/www.polizeichor-dresden.de\/index.php?rest_route=\/wp\/v2\/posts\/222\/revisions"}],"predecessor-version":[{"id":226,"href":"https:\/\/www.polizeichor-dresden.de\/index.php?rest_route=\/wp\/v2\/posts\/222\/revisions\/226"}],"wp:attachment":[{"href":"https:\/\/www.polizeichor-dresden.de\/index.php?rest_route=%2Fwp%2Fv2%2Fmedia&parent=222"}],"wp:term":[{"taxonomy":"category","embeddable":true,"href":"https:\/\/www.polizeichor-dresden.de\/index.php?rest_route=%2Fwp%2Fv2%2Fcategories&post=222"},{"taxonomy":"post_tag","embeddable":true,"href":"https:\/\/www.polizeichor-dresden.de\/index.php?rest_route=%2Fwp%2Fv2%2Ftags&post=222"}],"curies":[{"name":"wp","href":"https:\/\/api.w.org\/{rel}","templated":true}]}}