{"id":2212,"date":"2020-06-15T22:39:47","date_gmt":"2020-06-15T20:39:47","guid":{"rendered":"https:\/\/www.polizeichor-dresden.de\/?p=2212"},"modified":"2020-10-15T09:24:55","modified_gmt":"2020-10-15T07:24:55","slug":"sommerfest-2020","status":"publish","type":"post","link":"https:\/\/www.polizeichor-dresden.de\/?p=2212","title":{"rendered":"Sommerfest 2020"},"content":{"rendered":"\n<p><img data-attachment-id=\"2211\" data-permalink=\"https:\/\/www.polizeichor-dresden.de\/?attachment_id=2211\" data-orig-file=\"https:\/\/i0.wp.com\/www.polizeichor-dresden.de\/wp-content\/uploads\/2020\/06\/sommerfest-pc-chor.jpg?fit=1201%2C850&amp;ssl=1\" data-orig-size=\"1201,850\" data-comments-opened=\"1\" data-image-meta=\"{&quot;aperture&quot;:&quot;0&quot;,&quot;credit&quot;:&quot;&quot;,&quot;camera&quot;:&quot;&quot;,&quot;caption&quot;:&quot;&quot;,&quot;created_timestamp&quot;:&quot;0&quot;,&quot;copyright&quot;:&quot;&quot;,&quot;focal_length&quot;:&quot;0&quot;,&quot;iso&quot;:&quot;0&quot;,&quot;shutter_speed&quot;:&quot;0&quot;,&quot;title&quot;:&quot;&quot;,&quot;orientation&quot;:&quot;0&quot;}\" data-image-title=\"sommerfest-pc-chor\" data-image-description=\"\" data-image-caption=\"\" data-medium-file=\"https:\/\/i0.wp.com\/www.polizeichor-dresden.de\/wp-content\/uploads\/2020\/06\/sommerfest-pc-chor.jpg?fit=300%2C212&amp;ssl=1\" data-large-file=\"https:\/\/i0.wp.com\/www.polizeichor-dresden.de\/wp-content\/uploads\/2020\/06\/sommerfest-pc-chor.jpg?fit=1024%2C725&amp;ssl=1\" decoding=\"async\" loading=\"lazy\" width=\"1201\" height=\"850\" class=\"wp-image-2211\" src=\"https:\/\/i0.wp.com\/www.polizeichor-dresden.de\/wp-content\/uploads\/2020\/06\/sommerfest-pc-chor.jpg?resize=1201%2C850&#038;ssl=1\" alt=\"\" style=\"width: 600px; height: auto;\" srcset=\"https:\/\/i0.wp.com\/www.polizeichor-dresden.de\/wp-content\/uploads\/2020\/06\/sommerfest-pc-chor.jpg?w=1201&amp;ssl=1 1201w, https:\/\/i0.wp.com\/www.polizeichor-dresden.de\/wp-content\/uploads\/2020\/06\/sommerfest-pc-chor.jpg?resize=300%2C212&amp;ssl=1 300w, https:\/\/i0.wp.com\/www.polizeichor-dresden.de\/wp-content\/uploads\/2020\/06\/sommerfest-pc-chor.jpg?resize=1024%2C725&amp;ssl=1 1024w, https:\/\/i0.wp.com\/www.polizeichor-dresden.de\/wp-content\/uploads\/2020\/06\/sommerfest-pc-chor.jpg?resize=768%2C544&amp;ssl=1 768w\" sizes=\"(max-width: 1000px) 100vw, 1000px\" data-recalc-dims=\"1\" \/> <\/p>\n\n\n\n<p>Samstag, dem&nbsp;<strong>15.08.2020, ab 15.00 Uhr<\/strong>&nbsp;m\u00f6chten wir unser traditionelles Sommerfest auf der Sportanlage der DVB Wachwitz, 01326 Dresden, Pillnitzer Landstra\u00dfe 94 durchf\u00fchren.&nbsp;<br>Der Vorstand des Polizeichores informiert sich regelm\u00e4\u00dfig \u00fcber die aktuellen Entwicklungen zur Corona-Pandemie sowie die damit verbundenen amtlichen Vorgaben\/Einschr\u00e4nkungen und wird diese entsprechend umsetzen.<\/p>\n\n\n\n<!--more-->\n\n\n\n<p>Sollte die Durchf\u00fchrung des Sommerfestes zum geplanten Termin nicht m\u00f6glich sein, werden wir Anfang August dar\u00fcber informieren.<\/p>\n\n\n\n<p>Unser diesj\u00e4hriges Motto lautet: &#8222;Das gef\u00e4hrlichste Hobby der Welt \u2013 Wir singen trotzdem.&#8220;<\/p>\n\n\n\n<p>Wie immer sind alle Vereinsmitglieder (inkl. Angeh\u00f6rige, Kinder, Enkel\u2026) dazu recht herzlich eingeladen. Die Versorgung mit Getr\u00e4nken, Grill-Gut (Fleisch &amp; W\u00fcrste) sowie Brot erfolgt wie gewohnt zentral.&nbsp;<br>Jeder Besucher sollte bekannterma\u00dfen einen kulinarischen Beitrag unter dem Motto \u201e\u2026f\u00fcr sich und seinen Nachbarn\u2026\u201c f\u00fcr unser bew\u00e4hrtes Buffet beisteuern.<\/p>\n\n\n\n<p>Ideen (k\u00fcnstlerische, musikalische oder anderweitige) zur Gestaltung unseres Festes sind jederzeit willkommen.<\/p>\n\n\n\n<p>In der Hoffnung, dass unser Sommerfest auch in diesem Jahr stattfinden kann, freuen wir uns auf ein Wiedersehen mit allen Mitgliedern unseres Vereins.<\/p>\n","protected":false},"excerpt":{"rendered":"<p>Samstag, dem&nbsp;15.08.2020, ab 15.00 Uhr&nbsp;m\u00f6chten wir unser traditionelles Sommerfest auf der Sportanlage der DVB Wachwitz, 01326 Dresden, Pillnitzer Landstra\u00dfe 94 durchf\u00fchren.&nbsp;Der Vorstand des Polizeichores informiert sich regelm\u00e4\u00dfig \u00fcber die aktuellen Entwicklungen zur Corona-Pandemie sowie die damit verbundenen amtlichen Vorgaben\/Einschr\u00e4nkungen und wird diese entsprechend umsetzen.<\/p>\n","protected":false},"author":2,"featured_media":0,"comment_status":"open","ping_status":"open","sticky":false,"template":"","format":"standard","meta":{"ngg_post_thumbnail":0,"jetpack_post_was_ever_published":false,"jetpack_publicize_message":"","jetpack_is_tweetstorm":false,"jetpack_publicize_feature_enabled":true,"jetpack_social_post_already_shared":true,"jetpack_social_options":{"image_generator_settings":{"template":"highway","enabled":false}}},"categories":[1,16],"tags":[17],"jetpack_publicize_connections":[],"aioseo_notices":[],"jetpack_featured_media_url":"","jetpack_shortlink":"https:\/\/wp.me\/p32b0X-zG","jetpack_sharing_enabled":true,"_links":{"self":[{"href":"https:\/\/www.polizeichor-dresden.de\/index.php?rest_route=\/wp\/v2\/posts\/2212"}],"collection":[{"href":"https:\/\/www.polizeichor-dresden.de\/index.php?rest_route=\/wp\/v2\/posts"}],"about":[{"href":"https:\/\/www.polizeichor-dresden.de\/index.php?rest_route=\/wp\/v2\/types\/post"}],"author":[{"embeddable":true,"href":"https:\/\/www.polizeichor-dresden.de\/index.php?rest_route=\/wp\/v2\/users\/2"}],"replies":[{"embeddable":true,"href":"https:\/\/www.polizeichor-dresden.de\/index.php?rest_route=%2Fwp%2Fv2%2Fcomments&post=2212"}],"version-history":[{"count":5,"href":"https:\/\/www.polizeichor-dresden.de\/index.php?rest_route=\/wp\/v2\/posts\/2212\/revisions"}],"predecessor-version":[{"id":2226,"href":"https:\/\/www.polizeichor-dresden.de\/index.php?rest_route=\/wp\/v2\/posts\/2212\/revisions\/2226"}],"wp:attachment":[{"href":"https:\/\/www.polizeichor-dresden.de\/index.php?rest_route=%2Fwp%2Fv2%2Fmedia&parent=2212"}],"wp:term":[{"taxonomy":"category","embeddable":true,"href":"https:\/\/www.polizeichor-dresden.de\/index.php?rest_route=%2Fwp%2Fv2%2Fcategories&post=2212"},{"taxonomy":"post_tag","embeddable":true,"href":"https:\/\/www.polizeichor-dresden.de\/index.php?rest_route=%2Fwp%2Fv2%2Ftags&post=2212"}],"curies":[{"name":"wp","href":"https:\/\/api.w.org\/{rel}","templated":true}]}}