{"id":204,"date":"2013-02-05T23:16:10","date_gmt":"2013-02-05T21:16:10","guid":{"rendered":"http:\/\/www.polizeichor-dresden.de\/?p=204"},"modified":"2013-02-15T00:36:50","modified_gmt":"2013-02-14T22:36:50","slug":"neuer-schirmherr-des-polizeichor-dresden","status":"publish","type":"post","link":"https:\/\/www.polizeichor-dresden.de\/?p=204","title":{"rendered":"Neuer Schirmherr des Polizeichor Dresden"},"content":{"rendered":"<p>Bei einem heutigen Gespr\u00e4ch im Innenministerium hat sich der neue Landespolizeipr\u00e4sident, Herr Rainer Kann, bereit erkl\u00e4rt, die Schirmherrschaft \u00fcber den PC Dresden zu \u00fcbernehmen.<\/p>\n<p>In einem sehr vertrauensvoll gef\u00fchrten Aussprache hat der Vorsitzende des Polizeichor Dresden, Johannes Hoja,\u00a0 Herrn Kann die Geschichte des Polizeichor Dresden nahe gebracht und dargelegt, dass wir in den zur\u00fcckliegenden Jahren immer durch die jeweiligen Landespolizeipr\u00e4sidenten wohlwollende Unterst\u00fctzung erfahren haben.<\/p>\n<p>Der 1955 in Hannover geborene Landespolizeipr\u00e4sident hatte innerhalb der Polizei in den zur\u00fcckliegenden Jahren eine vielf\u00e4ltige Verwendung. Zuletzt war er Leiter des Referates internationale grenzpolizeiliche Zusammenarbeit und Leiter der Gesch\u00e4ftsstelle f\u00fcr internationale Polizeimissionen im Bundesinnenministerium.<\/p>\n<p>Herr Kann versicherte, dass er den Chor erstmals zum <a title=\"Fr\u00fchjahrskonzert 2013\" href=\"http:\/\/www.polizeichor-dresden.de\/?event=fruhjahrskonzerthttp:\/\/\">Fr\u00fchjahrskonzert am 14.April<\/a> kennen lernen m\u00f6chte.<\/p>\n","protected":false},"excerpt":{"rendered":"<p>Bei einem heutigen Gespr\u00e4ch im Innenministerium hat sich der neue Landespolizeipr\u00e4sident, Herr Rainer Kann, bereit erkl\u00e4rt, die Schirmherrschaft \u00fcber den PC Dresden zu \u00fcbernehmen. In einem sehr vertrauensvoll gef\u00fchrten Aussprache hat der Vorsitzende des Polizeichor Dresden, Johannes Hoja,\u00a0 Herrn Kann die Geschichte des Polizeichor Dresden nahe gebracht und dargelegt, dass wir in den zur\u00fcckliegenden Jahren [&hellip;]<\/p>\n","protected":false},"author":1,"featured_media":0,"comment_status":"open","ping_status":"open","sticky":false,"template":"","format":"standard","meta":{"ngg_post_thumbnail":0,"jetpack_post_was_ever_published":false,"jetpack_publicize_message":"","jetpack_is_tweetstorm":false,"jetpack_publicize_feature_enabled":true,"jetpack_social_post_already_shared":true,"jetpack_social_options":{"image_generator_settings":{"template":"highway","enabled":false}}},"categories":[1],"tags":[26],"jetpack_publicize_connections":[],"aioseo_notices":[],"jetpack_featured_media_url":"","jetpack_shortlink":"https:\/\/wp.me\/p32b0X-3i","jetpack_sharing_enabled":true,"_links":{"self":[{"href":"https:\/\/www.polizeichor-dresden.de\/index.php?rest_route=\/wp\/v2\/posts\/204"}],"collection":[{"href":"https:\/\/www.polizeichor-dresden.de\/index.php?rest_route=\/wp\/v2\/posts"}],"about":[{"href":"https:\/\/www.polizeichor-dresden.de\/index.php?rest_route=\/wp\/v2\/types\/post"}],"author":[{"embeddable":true,"href":"https:\/\/www.polizeichor-dresden.de\/index.php?rest_route=\/wp\/v2\/users\/1"}],"replies":[{"embeddable":true,"href":"https:\/\/www.polizeichor-dresden.de\/index.php?rest_route=%2Fwp%2Fv2%2Fcomments&post=204"}],"version-history":[{"count":3,"href":"https:\/\/www.polizeichor-dresden.de\/index.php?rest_route=\/wp\/v2\/posts\/204\/revisions"}],"predecessor-version":[{"id":207,"href":"https:\/\/www.polizeichor-dresden.de\/index.php?rest_route=\/wp\/v2\/posts\/204\/revisions\/207"}],"wp:attachment":[{"href":"https:\/\/www.polizeichor-dresden.de\/index.php?rest_route=%2Fwp%2Fv2%2Fmedia&parent=204"}],"wp:term":[{"taxonomy":"category","embeddable":true,"href":"https:\/\/www.polizeichor-dresden.de\/index.php?rest_route=%2Fwp%2Fv2%2Fcategories&post=204"},{"taxonomy":"post_tag","embeddable":true,"href":"https:\/\/www.polizeichor-dresden.de\/index.php?rest_route=%2Fwp%2Fv2%2Ftags&post=204"}],"curies":[{"name":"wp","href":"https:\/\/api.w.org\/{rel}","templated":true}]}}