{"id":196,"date":"2013-02-15T00:31:22","date_gmt":"2013-02-14T22:31:22","guid":{"rendered":"http:\/\/www.polizeichor-dresden.de\/?p=196"},"modified":"2013-02-15T00:31:22","modified_gmt":"2013-02-14T22:31:22","slug":"trara-die-post-ist-da","status":"publish","type":"post","link":"https:\/\/www.polizeichor-dresden.de\/?p=196","title":{"rendered":"Trara, die Post ist da!"},"content":{"rendered":"<p>Jetzt neu beim Polizeichor Dresden:<\/p>\n<p>&nbsp;<\/p>\n<p><a href=\"http:\/\/www.polizeichor-dresden.de\/?attachment_id=197\" rel=\"attachment wp-att-197\"><img data-attachment-id=\"197\" data-permalink=\"https:\/\/www.polizeichor-dresden.de\/?attachment_id=197\" data-orig-file=\"https:\/\/i0.wp.com\/www.polizeichor-dresden.de\/wp-content\/uploads\/2013\/02\/PCDD-Briefmarke.jpg?fit=600%2C407&amp;ssl=1\" data-orig-size=\"600,407\" data-comments-opened=\"1\" data-image-meta=\"{&quot;aperture&quot;:&quot;0&quot;,&quot;credit&quot;:&quot;&quot;,&quot;camera&quot;:&quot;MG5300 series&quot;,&quot;caption&quot;:&quot;&quot;,&quot;created_timestamp&quot;:&quot;1360883146&quot;,&quot;copyright&quot;:&quot;&quot;,&quot;focal_length&quot;:&quot;0&quot;,&quot;iso&quot;:&quot;0&quot;,&quot;shutter_speed&quot;:&quot;0&quot;,&quot;title&quot;:&quot;&quot;}\" data-image-title=\"PCDD-Briefmarke\" data-image-description=\"\" data-image-caption=\"&lt;p&gt;Die neuen Briefmarken des Polizeichor Dresden&lt;\/p&gt;\n\" data-medium-file=\"https:\/\/i0.wp.com\/www.polizeichor-dresden.de\/wp-content\/uploads\/2013\/02\/PCDD-Briefmarke.jpg?fit=300%2C203&amp;ssl=1\" data-large-file=\"https:\/\/i0.wp.com\/www.polizeichor-dresden.de\/wp-content\/uploads\/2013\/02\/PCDD-Briefmarke.jpg?fit=600%2C407&amp;ssl=1\" decoding=\"async\" loading=\"lazy\" class=\"size-medium wp-image-197   alignleft\" alt=\"Die neuen Briefmarken des Polizeichor Dresden\" src=\"https:\/\/i0.wp.com\/www.polizeichor-dresden.de\/wp-content\/uploads\/2013\/02\/PCDD-Briefmarke-300x203.jpg?resize=205%2C138\" width=\"205\" height=\"138\" srcset=\"https:\/\/i0.wp.com\/www.polizeichor-dresden.de\/wp-content\/uploads\/2013\/02\/PCDD-Briefmarke.jpg?resize=300%2C203&amp;ssl=1 300w, https:\/\/i0.wp.com\/www.polizeichor-dresden.de\/wp-content\/uploads\/2013\/02\/PCDD-Briefmarke.jpg?w=600&amp;ssl=1 600w\" sizes=\"(max-width: 205px) 100vw, 205px\" data-recalc-dims=\"1\" \/><\/a><\/p>\n<p>Seit kurzem ist der Polizeichor Dresden auch mit einer eigenen Briefmarke pr\u00e4sent. Im Wert von 0,50 \u20ac (f\u00fcr normale Briefe) und 1,30 \u20ac (f\u00fcr DIN A 4 Sendungen) ist unser Vereinslogo abgebildet.<br \/>\nWer Briefe mit diesem Wertzeichen versendet, spart gegen\u00fcber den Tarifen bei der \u201egelben\u201c Post 0,08 \u20ac bzw. 0,15 \u20ac und vergr\u00f6\u00dfert auch noch den Bekanntheitsgrad unseres Chores. Wir meinen, dass das eine gute Imagewerbung f\u00fcr den Polizeichor Dresden darstellt.<br \/>\nDie Briefmarken von \u201epostMODERN\u201c sind im 10 er Block bei unserem <a title=\"Kontakt zu Michael Braun\" href=\"http:\/\/www.polizeichor-dresden.de\/?page_id=124\">Schatzmeister Michael Braun<\/a> zu bestellen und werden von ihm auch prompt nach Hause geliefert.<\/p>\n","protected":false},"excerpt":{"rendered":"<p>Jetzt neu beim Polizeichor Dresden: &nbsp; Seit kurzem ist der Polizeichor Dresden auch mit einer eigenen Briefmarke pr\u00e4sent. Im Wert von 0,50 \u20ac (f\u00fcr normale Briefe) und 1,30 \u20ac (f\u00fcr DIN A 4 Sendungen) ist unser Vereinslogo abgebildet. Wer Briefe mit diesem Wertzeichen versendet, spart gegen\u00fcber den Tarifen bei der \u201egelben\u201c Post 0,08 \u20ac bzw. [&hellip;]<\/p>\n","protected":false},"author":1,"featured_media":0,"comment_status":"open","ping_status":"open","sticky":false,"template":"","format":"standard","meta":{"ngg_post_thumbnail":0,"jetpack_post_was_ever_published":false,"jetpack_publicize_message":"","jetpack_is_tweetstorm":false,"jetpack_publicize_feature_enabled":true,"jetpack_social_post_already_shared":true,"jetpack_social_options":{"image_generator_settings":{"template":"highway","enabled":false}}},"categories":[1],"tags":[25],"jetpack_publicize_connections":[],"aioseo_notices":[],"jetpack_featured_media_url":"","jetpack_shortlink":"https:\/\/wp.me\/p32b0X-3a","jetpack_sharing_enabled":true,"_links":{"self":[{"href":"https:\/\/www.polizeichor-dresden.de\/index.php?rest_route=\/wp\/v2\/posts\/196"}],"collection":[{"href":"https:\/\/www.polizeichor-dresden.de\/index.php?rest_route=\/wp\/v2\/posts"}],"about":[{"href":"https:\/\/www.polizeichor-dresden.de\/index.php?rest_route=\/wp\/v2\/types\/post"}],"author":[{"embeddable":true,"href":"https:\/\/www.polizeichor-dresden.de\/index.php?rest_route=\/wp\/v2\/users\/1"}],"replies":[{"embeddable":true,"href":"https:\/\/www.polizeichor-dresden.de\/index.php?rest_route=%2Fwp%2Fv2%2Fcomments&post=196"}],"version-history":[{"count":6,"href":"https:\/\/www.polizeichor-dresden.de\/index.php?rest_route=\/wp\/v2\/posts\/196\/revisions"}],"predecessor-version":[{"id":203,"href":"https:\/\/www.polizeichor-dresden.de\/index.php?rest_route=\/wp\/v2\/posts\/196\/revisions\/203"}],"wp:attachment":[{"href":"https:\/\/www.polizeichor-dresden.de\/index.php?rest_route=%2Fwp%2Fv2%2Fmedia&parent=196"}],"wp:term":[{"taxonomy":"category","embeddable":true,"href":"https:\/\/www.polizeichor-dresden.de\/index.php?rest_route=%2Fwp%2Fv2%2Fcategories&post=196"},{"taxonomy":"post_tag","embeddable":true,"href":"https:\/\/www.polizeichor-dresden.de\/index.php?rest_route=%2Fwp%2Fv2%2Ftags&post=196"}],"curies":[{"name":"wp","href":"https:\/\/api.w.org\/{rel}","templated":true}]}}