{"id":1947,"date":"2019-07-04T09:09:56","date_gmt":"2019-07-04T07:09:56","guid":{"rendered":"https:\/\/www.polizeichor-dresden.de\/?p=1947"},"modified":"2019-07-05T08:11:33","modified_gmt":"2019-07-05T06:11:33","slug":"sommerlicher-gruss-aus-dem-barockgarten-grosssedlitz","status":"publish","type":"post","link":"https:\/\/www.polizeichor-dresden.de\/?p=1947","title":{"rendered":"Sommerlicher Gru\u00df aus dem Barockgarten Gro\u00dfsedlitz"},"content":{"rendered":"<p>Der Barockgarten wurde 1719 durch den Grafen von Wackerbarth angelegt und die Obere Orangerie erbaut. Nur vier Jahre sp\u00e4ter wurde der Park von August dem Starken gekauft und zu einem der sch\u00f6nsten G\u00e4rten vor den Toren Dresdens umgestaltet. Auch die Unterer Orangerie wurde von August dem Starken in Auftrag gegeben, um dort fr\u00f6hliche Feste feiern zu k\u00f6nnen. So ergab es sich, dass der Polizeichor es unserem ehemaligen Kurf\u00fcrsten am 16. Juni gleichtat und zum fr\u00f6hlichen Singen und Musizieren anl\u00e4sslich des 300j\u00e4hrigen Gr\u00fcndungsjubil\u00e4um des Barockgarten Gro\u00dfsedlitz ein kleines Konzert gab.<!--more--><\/p>\n<p>Den sommerlichen Temperaturen konnten wir in der k\u00fchlen Unteren Orangerie entfliehen und entf\u00fchrten unsere Zuschauer (etwa 200) in verschiedenste musikalische Gegenden der Welt: So pr\u00e4sentierten wir nicht nur \u00f6sterreichische (\u201eFein sein, beinander sein\u201c) und slawische Lieder, sondern auch die schwedischen Sommerhymne schlecht hin (\u201eSommarpsalm\u201c), wir sangen einen irischen Segenswunsch und wir feierten die franz\u00f6sische Liebe (\u201eVive l\u2019amour\u201c). Es gab auch bekanntes Liedgut wie \u201eSing mit mir\u201c und \u201eAuf einem Baum ein Kuckuck\u201c, aber auch ganz aktuelle und poppige Lieder wie den \u201eMambo\u201c von Herbert Gr\u00f6nemeyer, das bekannte Lied aus dem Film \u201eDrei Haseln\u00fcsse f\u00fcr Aschenbr\u00f6del\u201c und ein Medley von Udo J\u00fcrgens. Als Zugabe sangen wir mit ordentlich H\u00fcftschwung das afrikanische Lied \u201eBombo Yeti\u201c.<\/p>\n<p>Das Dirigat \u00fcbernahm diesmal unsere 2. Chorleiterin Clara Beyer und zus\u00e4tzlich \u00fcberzeugte sie uns und unser Publikum au\u00dferdem mit zwei Solo-Liedern der Pops\u00e4ngerin Katie Melua (\u201eSpider\u2019s Web\u201c &amp; \u201ePiece by Piece\u201c). Unser Chorleiter Torsten Petzold begleitet den Chor am Klavier und unterst\u00fctze gesanglich den Bass. Durch das Programm f\u00fchrte unsere S\u00e4ngerin Katrin Fetter.<\/p>\n<p>&nbsp;<\/p>\n<p>Ein paar Impressionen vom Auftritt (Fotos von Christin Fetter)<\/p>\n\n\t\t<style type=\"text\/css\">\n\t\t\t#gallery-1 {\n\t\t\t\tmargin: auto;\n\t\t\t}\n\t\t\t#gallery-1 .gallery-item {\n\t\t\t\tfloat: left;\n\t\t\t\tmargin-top: 10px;\n\t\t\t\ttext-align: center;\n\t\t\t\twidth: 33%;\n\t\t\t}\n\t\t\t#gallery-1 img {\n\t\t\t\tborder: 2px solid #cfcfcf;\n\t\t\t}\n\t\t\t#gallery-1 .gallery-caption {\n\t\t\t\tmargin-left: 0;\n\t\t\t}\n\t\t\t\/* see gallery_shortcode() in wp-includes\/media.php *\/\n\t\t<\/style>\n\t\t<div data-carousel-extra='{\"blog_id\":1,\"permalink\":\"https:\\\/\\\/www.polizeichor-dresden.de\\\/?p=1947\"}' id='gallery-1' class='gallery galleryid-1947 gallery-columns-3 gallery-size-thumbnail'><dl class='gallery-item'>\n\t\t\t<dt class='gallery-icon landscape'>\n\t\t\t\t<a href='https:\/\/www.polizeichor-dresden.de\/?attachment_id=1926'><img width=\"150\" height=\"150\" src=\"https:\/\/i0.wp.com\/www.polizeichor-dresden.de\/wp-content\/uploads\/2019\/06\/ENSgWGvoS8OwzGi57069mQ-e1560757870650.jpg?resize=150%2C150&amp;ssl=1\" class=\"attachment-thumbnail size-thumbnail\" alt=\"\" decoding=\"async\" loading=\"lazy\" data-attachment-id=\"1926\" data-permalink=\"https:\/\/www.polizeichor-dresden.de\/?attachment_id=1926\" data-orig-file=\"https:\/\/i0.wp.com\/www.polizeichor-dresden.de\/wp-content\/uploads\/2019\/06\/ENSgWGvoS8OwzGi57069mQ-e1560757870650.jpg?fit=800%2C600&amp;ssl=1\" data-orig-size=\"800,600\" data-comments-opened=\"1\" data-image-meta=\"{&quot;aperture&quot;:&quot;1.8&quot;,&quot;credit&quot;:&quot;&quot;,&quot;camera&quot;:&quot;iPhone X&quot;,&quot;caption&quot;:&quot;&quot;,&quot;created_timestamp&quot;:&quot;1560694536&quot;,&quot;copyright&quot;:&quot;&quot;,&quot;focal_length&quot;:&quot;4&quot;,&quot;iso&quot;:&quot;20&quot;,&quot;shutter_speed&quot;:&quot;0.00060386473429952&quot;,&quot;title&quot;:&quot;&quot;,&quot;orientation&quot;:&quot;1&quot;}\" data-image-title=\"ENSgWGvoS8OwzGi57069mQ\" data-image-description=\"\" data-image-caption=\"\" data-medium-file=\"https:\/\/i0.wp.com\/www.polizeichor-dresden.de\/wp-content\/uploads\/2019\/06\/ENSgWGvoS8OwzGi57069mQ-e1560757870650.jpg?fit=300%2C225&amp;ssl=1\" data-large-file=\"https:\/\/i0.wp.com\/www.polizeichor-dresden.de\/wp-content\/uploads\/2019\/06\/ENSgWGvoS8OwzGi57069mQ-e1560757870650.jpg?fit=1024%2C768&amp;ssl=1\" \/><\/a>\n\t\t\t<\/dt><\/dl><dl class='gallery-item'>\n\t\t\t<dt class='gallery-icon landscape'>\n\t\t\t\t<a href='https:\/\/www.polizeichor-dresden.de\/?attachment_id=1929'><img width=\"150\" height=\"150\" src=\"https:\/\/i0.wp.com\/www.polizeichor-dresden.de\/wp-content\/uploads\/2019\/06\/hc7SzflaS4qCLpxLnTusg-e1560757987983.jpg?resize=150%2C150&amp;ssl=1\" class=\"attachment-thumbnail size-thumbnail\" alt=\"\" decoding=\"async\" loading=\"lazy\" data-attachment-id=\"1929\" data-permalink=\"https:\/\/www.polizeichor-dresden.de\/?attachment_id=1929\" data-orig-file=\"https:\/\/i0.wp.com\/www.polizeichor-dresden.de\/wp-content\/uploads\/2019\/06\/hc7SzflaS4qCLpxLnTusg-e1560757987983.jpg?fit=800%2C600&amp;ssl=1\" data-orig-size=\"800,600\" data-comments-opened=\"1\" data-image-meta=\"{&quot;aperture&quot;:&quot;1.8&quot;,&quot;credit&quot;:&quot;&quot;,&quot;camera&quot;:&quot;iPhone X&quot;,&quot;caption&quot;:&quot;&quot;,&quot;created_timestamp&quot;:&quot;1560699621&quot;,&quot;copyright&quot;:&quot;&quot;,&quot;focal_length&quot;:&quot;4&quot;,&quot;iso&quot;:&quot;25&quot;,&quot;shutter_speed&quot;:&quot;0.033333333333333&quot;,&quot;title&quot;:&quot;&quot;,&quot;orientation&quot;:&quot;1&quot;}\" data-image-title=\"hc7SzflaS4qCLpxLnTus+g\" data-image-description=\"\" data-image-caption=\"\" data-medium-file=\"https:\/\/i0.wp.com\/www.polizeichor-dresden.de\/wp-content\/uploads\/2019\/06\/hc7SzflaS4qCLpxLnTusg-e1560757987983.jpg?fit=300%2C225&amp;ssl=1\" data-large-file=\"https:\/\/i0.wp.com\/www.polizeichor-dresden.de\/wp-content\/uploads\/2019\/06\/hc7SzflaS4qCLpxLnTusg-e1560757987983.jpg?fit=1024%2C768&amp;ssl=1\" \/><\/a>\n\t\t\t<\/dt><\/dl><dl class='gallery-item'>\n\t\t\t<dt class='gallery-icon portrait'>\n\t\t\t\t<a href='https:\/\/www.polizeichor-dresden.de\/?attachment_id=1927'><img width=\"150\" height=\"150\" src=\"https:\/\/i0.wp.com\/www.polizeichor-dresden.de\/wp-content\/uploads\/2019\/06\/EJ46PPz6SNeBt1kF1D7uqg-e1560757918797.jpg?resize=150%2C150&amp;ssl=1\" class=\"attachment-thumbnail size-thumbnail\" alt=\"\" decoding=\"async\" loading=\"lazy\" srcset=\"https:\/\/i0.wp.com\/www.polizeichor-dresden.de\/wp-content\/uploads\/2019\/06\/EJ46PPz6SNeBt1kF1D7uqg-e1560757918797.jpg?resize=150%2C150&amp;ssl=1 150w, https:\/\/i0.wp.com\/www.polizeichor-dresden.de\/wp-content\/uploads\/2019\/06\/EJ46PPz6SNeBt1kF1D7uqg-e1560757918797.jpg?zoom=2&amp;resize=150%2C150&amp;ssl=1 300w, https:\/\/i0.wp.com\/www.polizeichor-dresden.de\/wp-content\/uploads\/2019\/06\/EJ46PPz6SNeBt1kF1D7uqg-e1560757918797.jpg?zoom=3&amp;resize=150%2C150&amp;ssl=1 450w\" sizes=\"(max-width: 150px) 100vw, 150px\" data-attachment-id=\"1927\" data-permalink=\"https:\/\/www.polizeichor-dresden.de\/?attachment_id=1927\" data-orig-file=\"https:\/\/i0.wp.com\/www.polizeichor-dresden.de\/wp-content\/uploads\/2019\/06\/EJ46PPz6SNeBt1kF1D7uqg-e1560757918797.jpg?fit=600%2C800&amp;ssl=1\" data-orig-size=\"600,800\" data-comments-opened=\"1\" data-image-meta=\"{&quot;aperture&quot;:&quot;1.8&quot;,&quot;credit&quot;:&quot;&quot;,&quot;camera&quot;:&quot;iPhone X&quot;,&quot;caption&quot;:&quot;&quot;,&quot;created_timestamp&quot;:&quot;1560699140&quot;,&quot;copyright&quot;:&quot;&quot;,&quot;focal_length&quot;:&quot;4&quot;,&quot;iso&quot;:&quot;64&quot;,&quot;shutter_speed&quot;:&quot;0.0083333333333333&quot;,&quot;title&quot;:&quot;&quot;,&quot;orientation&quot;:&quot;6&quot;}\" data-image-title=\"EJ46PPz6SNeBt1kF1D7uqg\" data-image-description=\"\" data-image-caption=\"\" data-medium-file=\"https:\/\/i0.wp.com\/www.polizeichor-dresden.de\/wp-content\/uploads\/2019\/06\/EJ46PPz6SNeBt1kF1D7uqg-e1560757918797.jpg?fit=225%2C300&amp;ssl=1\" data-large-file=\"https:\/\/i0.wp.com\/www.polizeichor-dresden.de\/wp-content\/uploads\/2019\/06\/EJ46PPz6SNeBt1kF1D7uqg-e1560757918797.jpg?fit=1024%2C768&amp;ssl=1\" \/><\/a>\n\t\t\t<\/dt><\/dl><br style=\"clear: both\" \/><dl class='gallery-item'>\n\t\t\t<dt class='gallery-icon portrait'>\n\t\t\t\t<a href='https:\/\/www.polizeichor-dresden.de\/?attachment_id=1930'><img width=\"150\" height=\"150\" src=\"https:\/\/i0.wp.com\/www.polizeichor-dresden.de\/wp-content\/uploads\/2019\/06\/IVLRnVhSOy8j6taQkFrbQ-e1560758016984.jpg?resize=150%2C150&amp;ssl=1\" class=\"attachment-thumbnail size-thumbnail\" alt=\"\" decoding=\"async\" loading=\"lazy\" data-attachment-id=\"1930\" data-permalink=\"https:\/\/www.polizeichor-dresden.de\/?attachment_id=1930\" data-orig-file=\"https:\/\/i0.wp.com\/www.polizeichor-dresden.de\/wp-content\/uploads\/2019\/06\/IVLRnVhSOy8j6taQkFrbQ-e1560758016984.jpg?fit=600%2C800&amp;ssl=1\" data-orig-size=\"600,800\" data-comments-opened=\"1\" data-image-meta=\"{&quot;aperture&quot;:&quot;2.4&quot;,&quot;credit&quot;:&quot;&quot;,&quot;camera&quot;:&quot;iPhone X&quot;,&quot;caption&quot;:&quot;&quot;,&quot;created_timestamp&quot;:&quot;1560700099&quot;,&quot;copyright&quot;:&quot;&quot;,&quot;focal_length&quot;:&quot;6&quot;,&quot;iso&quot;:&quot;125&quot;,&quot;shutter_speed&quot;:&quot;0.0083333333333333&quot;,&quot;title&quot;:&quot;&quot;,&quot;orientation&quot;:&quot;6&quot;}\" data-image-title=\"IVL+RnVhSOy8j6taQkFrbQ\" data-image-description=\"\" data-image-caption=\"\" data-medium-file=\"https:\/\/i0.wp.com\/www.polizeichor-dresden.de\/wp-content\/uploads\/2019\/06\/IVLRnVhSOy8j6taQkFrbQ-e1560758016984.jpg?fit=225%2C300&amp;ssl=1\" data-large-file=\"https:\/\/i0.wp.com\/www.polizeichor-dresden.de\/wp-content\/uploads\/2019\/06\/IVLRnVhSOy8j6taQkFrbQ-e1560758016984.jpg?fit=768%2C1024&amp;ssl=1\" \/><\/a>\n\t\t\t<\/dt><\/dl><dl class='gallery-item'>\n\t\t\t<dt class='gallery-icon portrait'>\n\t\t\t\t<a href='https:\/\/www.polizeichor-dresden.de\/?attachment_id=1928'><img width=\"150\" height=\"150\" src=\"https:\/\/i0.wp.com\/www.polizeichor-dresden.de\/wp-content\/uploads\/2019\/06\/20XNX7AYSHeR9yPL1bSnnw-e1560757975364.jpg?resize=150%2C150&amp;ssl=1\" class=\"attachment-thumbnail size-thumbnail\" alt=\"\" decoding=\"async\" loading=\"lazy\" data-attachment-id=\"1928\" data-permalink=\"https:\/\/www.polizeichor-dresden.de\/?attachment_id=1928\" data-orig-file=\"https:\/\/i0.wp.com\/www.polizeichor-dresden.de\/wp-content\/uploads\/2019\/06\/20XNX7AYSHeR9yPL1bSnnw-e1560757975364.jpg?fit=600%2C800&amp;ssl=1\" data-orig-size=\"600,800\" data-comments-opened=\"1\" data-image-meta=\"{&quot;aperture&quot;:&quot;1.8&quot;,&quot;credit&quot;:&quot;&quot;,&quot;camera&quot;:&quot;iPhone X&quot;,&quot;caption&quot;:&quot;&quot;,&quot;created_timestamp&quot;:&quot;1560699303&quot;,&quot;copyright&quot;:&quot;&quot;,&quot;focal_length&quot;:&quot;4&quot;,&quot;iso&quot;:&quot;50&quot;,&quot;shutter_speed&quot;:&quot;0.0083333333333333&quot;,&quot;title&quot;:&quot;&quot;,&quot;orientation&quot;:&quot;6&quot;}\" data-image-title=\"20XNX7AYSHeR9yPL1bSnnw\" data-image-description=\"\" data-image-caption=\"\" data-medium-file=\"https:\/\/i0.wp.com\/www.polizeichor-dresden.de\/wp-content\/uploads\/2019\/06\/20XNX7AYSHeR9yPL1bSnnw-e1560757975364.jpg?fit=225%2C300&amp;ssl=1\" data-large-file=\"https:\/\/i0.wp.com\/www.polizeichor-dresden.de\/wp-content\/uploads\/2019\/06\/20XNX7AYSHeR9yPL1bSnnw-e1560757975364.jpg?fit=768%2C1024&amp;ssl=1\" \/><\/a>\n\t\t\t<\/dt><\/dl>\n\t\t\t<br style='clear: both' \/>\n\t\t<\/div>\n\n","protected":false},"excerpt":{"rendered":"<p>Der Barockgarten wurde 1719 durch den Grafen von Wackerbarth angelegt und die Obere Orangerie erbaut. Nur vier Jahre sp\u00e4ter wurde der Park von August dem Starken gekauft und zu einem der sch\u00f6nsten G\u00e4rten vor den Toren Dresdens umgestaltet. Auch die Unterer Orangerie wurde von August dem Starken in Auftrag gegeben, um dort fr\u00f6hliche Feste feiern [&hellip;]<\/p>\n","protected":false},"author":3,"featured_media":0,"comment_status":"open","ping_status":"open","sticky":false,"template":"","format":"standard","meta":{"ngg_post_thumbnail":0,"jetpack_post_was_ever_published":false,"jetpack_publicize_message":"","jetpack_is_tweetstorm":false,"jetpack_publicize_feature_enabled":true,"jetpack_social_post_already_shared":true,"jetpack_social_options":{"image_generator_settings":{"template":"highway","enabled":false}}},"categories":[3],"tags":[43,6],"jetpack_publicize_connections":[],"aioseo_notices":[],"jetpack_featured_media_url":"","jetpack_shortlink":"https:\/\/wp.me\/p32b0X-vp","jetpack_sharing_enabled":true,"_links":{"self":[{"href":"https:\/\/www.polizeichor-dresden.de\/index.php?rest_route=\/wp\/v2\/posts\/1947"}],"collection":[{"href":"https:\/\/www.polizeichor-dresden.de\/index.php?rest_route=\/wp\/v2\/posts"}],"about":[{"href":"https:\/\/www.polizeichor-dresden.de\/index.php?rest_route=\/wp\/v2\/types\/post"}],"author":[{"embeddable":true,"href":"https:\/\/www.polizeichor-dresden.de\/index.php?rest_route=\/wp\/v2\/users\/3"}],"replies":[{"embeddable":true,"href":"https:\/\/www.polizeichor-dresden.de\/index.php?rest_route=%2Fwp%2Fv2%2Fcomments&post=1947"}],"version-history":[{"count":7,"href":"https:\/\/www.polizeichor-dresden.de\/index.php?rest_route=\/wp\/v2\/posts\/1947\/revisions"}],"predecessor-version":[{"id":1985,"href":"https:\/\/www.polizeichor-dresden.de\/index.php?rest_route=\/wp\/v2\/posts\/1947\/revisions\/1985"}],"wp:attachment":[{"href":"https:\/\/www.polizeichor-dresden.de\/index.php?rest_route=%2Fwp%2Fv2%2Fmedia&parent=1947"}],"wp:term":[{"taxonomy":"category","embeddable":true,"href":"https:\/\/www.polizeichor-dresden.de\/index.php?rest_route=%2Fwp%2Fv2%2Fcategories&post=1947"},{"taxonomy":"post_tag","embeddable":true,"href":"https:\/\/www.polizeichor-dresden.de\/index.php?rest_route=%2Fwp%2Fv2%2Ftags&post=1947"}],"curies":[{"name":"wp","href":"https:\/\/api.w.org\/{rel}","templated":true}]}}