{"id":1885,"date":"2019-01-02T22:34:01","date_gmt":"2019-01-02T20:34:01","guid":{"rendered":"https:\/\/www.polizeichor-dresden.de\/?p=1885"},"modified":"2019-01-02T22:34:01","modified_gmt":"2019-01-02T20:34:01","slug":"der-singende-swingende-und-teilweise-lachende-polizeichor","status":"publish","type":"post","link":"https:\/\/www.polizeichor-dresden.de\/?p=1885","title":{"rendered":"Der singende, swingende und (teilweise) lachende Polizeichor"},"content":{"rendered":"<p><a href=\"https:\/\/i0.wp.com\/www.polizeichor-dresden.de\/wp-content\/uploads\/2019\/01\/WK2018-7864.jpg?ssl=1\" rel=\"lightbox[1885]\"><img data-attachment-id=\"1877\" data-permalink=\"https:\/\/www.polizeichor-dresden.de\/?attachment_id=1877\" data-orig-file=\"https:\/\/i0.wp.com\/www.polizeichor-dresden.de\/wp-content\/uploads\/2019\/01\/WK2018-7864.jpg?fit=1000%2C668&amp;ssl=1\" data-orig-size=\"1000,668\" data-comments-opened=\"1\" data-image-meta=\"{&quot;aperture&quot;:&quot;0&quot;,&quot;credit&quot;:&quot;Jan Wiedemann&quot;,&quot;camera&quot;:&quot;&quot;,&quot;caption&quot;:&quot;&quot;,&quot;created_timestamp&quot;:&quot;0&quot;,&quot;copyright&quot;:&quot;Jan Wiedemann&quot;,&quot;focal_length&quot;:&quot;0&quot;,&quot;iso&quot;:&quot;0&quot;,&quot;shutter_speed&quot;:&quot;0&quot;,&quot;title&quot;:&quot;&quot;,&quot;orientation&quot;:&quot;0&quot;}\" data-image-title=\"WK2018-7864\" data-image-description=\"\" data-image-caption=\"\" data-medium-file=\"https:\/\/i0.wp.com\/www.polizeichor-dresden.de\/wp-content\/uploads\/2019\/01\/WK2018-7864.jpg?fit=300%2C200&amp;ssl=1\" data-large-file=\"https:\/\/i0.wp.com\/www.polizeichor-dresden.de\/wp-content\/uploads\/2019\/01\/WK2018-7864.jpg?fit=1000%2C668&amp;ssl=1\" decoding=\"async\" loading=\"lazy\" class=\"alignleft  wp-image-1877\" src=\"https:\/\/i0.wp.com\/www.polizeichor-dresden.de\/wp-content\/uploads\/2019\/01\/WK2018-7864.jpg?resize=348%2C232&#038;ssl=1\" alt=\"\" width=\"348\" height=\"232\" srcset=\"https:\/\/i0.wp.com\/www.polizeichor-dresden.de\/wp-content\/uploads\/2019\/01\/WK2018-7864.jpg?resize=300%2C200&amp;ssl=1 300w, https:\/\/i0.wp.com\/www.polizeichor-dresden.de\/wp-content\/uploads\/2019\/01\/WK2018-7864.jpg?resize=768%2C513&amp;ssl=1 768w, https:\/\/i0.wp.com\/www.polizeichor-dresden.de\/wp-content\/uploads\/2019\/01\/WK2018-7864.jpg?w=1000&amp;ssl=1 1000w\" sizes=\"(max-width: 348px) 100vw, 348px\" data-recalc-dims=\"1\" \/><\/a>\u2026 kann nur der Dresdener gewesen sein<\/p>\n<p>Wir haben viele Monate geprobt, jeden Montag, ein Wochenende im November in Colditz im M\u00e4rchenschloss \u2013 also der darin verborgenen Musikakademie \u2013 und in der Woche vor unserem Konzert auch am Donnerstag nochmal. Das hei\u00dft, wir waren so sicher, wie man nur sein kann, dass uns alles ganz gut gelingen wird. So war es dann auch, das Meiste lief ganz gut und die Man\u00f6verkritik bei der Weihnachtsfeier ist mild ausfallen.<\/p>\n<p>Lydia Schlenkrich moderierte mit Herz durch unsere beiden Konzerte, gratulierte uns zu unserem 65-j\u00e4hrigen Jubil\u00e4um in diesem Jahr und erz\u00e4hlte spannende kleine Weihnachtsgeschichten. Auch \u00fcber die Sitten und Br\u00e4uche in der Heimat unseres Gastchores Slavica wusste sie einiges zu berichten; zum einen, dass dort Weihnachten erst am 6. Januar gefeiert wird, an dem Tag, der bei uns mit dem Feiertag \u201eHeilige drei K\u00f6nige\u201c verbunden wird und den Sternens\u00e4ngern. Zum anderen sagte sie, dass es dort mal einen singenden Narr gegeben hat, der f\u00fcr Gott gehalten wurde. Ich war mir mit den in meiner Nachbarschaft sitzenden S\u00e4ngern sofort einig, dass das wie bei uns mit unserem Chorleiter ist. Scherz beiseite, aber wir m\u00f6gen ihn wirklich und Torsten Petzold als Dirigent an unserer Seite zu haben, gibt uns ein gewisses Ma\u00df an Zuversicht und Sicherheit.<!--more--><\/p>\n<p>Der sch\u00f6nste Satz unserer Moderatorin Lydia Schlenkrich war m. E. der, dass Musik die Sprache ist, die international ist und nicht \u00fcbersetzt werden muss.<\/p>\n<p>Die brillanten Stimmen der S\u00e4ngerinnen und S\u00e4nger von Slavica haben uns spontan verzaubert und so war nicht nur unser Publikum begeistert. Ganz sicher werden einige von uns auch das Konzert von Slavica am<br \/>\n13. Januar 2019 in der Dreik\u00f6nigskirche besuchen, bei dem Slavica gemeinsam mit einem Gastensemble aus der Ukraine auftreten wird.<\/p>\n<p>Beim 2. Konzert passierte (mir) noch etwas voll Peinliches; kennt ihr das, wenn ihr einen Lachflash bekommt im falschen Moment? So erging es mir. W\u00e4hrend der Darbietung von Slavica sa\u00dfen wir am Rand der Kirche in Front auf die Kirchenb\u00e4nke. Genau vor mir schlief eine Frau tief und fest und lie\u00df sich auch von unserem fantastischen Blechbl\u00e4serquintett des Polizeiorchesters Sachsen \u2013 die wie jedes Jahr alles gegeben haben \u2013 nur ganz kurz wecken. Nat\u00fcrlich kann der Mensch auch mal m\u00fcde sein. Vielleicht war sie Krankenschwester oder Busfahrerin und hatte vor dem Weihnachtskonzert eine anstrengende Schicht hinter sich. Aber links und rechts neben mir kicherte es, und ich wusste echt nicht, wo ich noch hin schauen soll. Hab den Kronleuchter hypnotisiert und mich hinter meiner Chormappe versteckt, aber alles half nichts. Das war schrecklich. Zum Gl\u00fcck passiert sowas nicht auf den Altarstufen.<\/p>\n<p>Im letzten Drittel der Konzerte starteten unsere M\u00e4nner mit \u201eW\u00fcnsche zur Weihnachtszeit\u201c von Udo J\u00fcrgens, ein Titel, bei dem auch das Publikum gut mitging. F\u00fcr selbiges gab es nat\u00fcrlich auch wieder die Gelegenheit zum Mitsingen zu dem bekannten Weihnachtslied \u201eFr\u00f6hliche Weihnacht \u00fcberall\u201c. Anschlie\u00dfend sangen wir swingend und klatschend \u201eAfrican Alleluja\u201c. Unser Dank bei der Gelegenheit an unsere Co-Dirigentin Emelie Walther, die uns wunderbar verschw\u00f6rerisch durch diesen Titel gef\u00fchrt hat.<\/p>\n<p>Ein weiteres Highlight des Konzertes war \u201eMary, go tell it\u201c, ein Gospelsong, welchen wir mit dem Tenor Marc Holze auff\u00fchrten. Wir hatten bereits bei den Proben mit Marc ein gutes Gef\u00fchl und waren uns nach dem Konzert einig, dass wir gern wieder mit ihm \u201earbeiten\u201c w\u00fcrden.<\/p>\n<p>Danke auch unserem Vorstand f\u00fcr die wertsch\u00e4tzende Idee, an alle S\u00e4nger nach dem letzten Konzert Rosen zu verteilen. Ich habe mich \u00fcber meine sehr gefreut.<\/p>\n<p>Wie hat euch bzw. Ihnen unser Konzert denn gefallen? Gern kann unser Kommentarfeld hier auf der Website f\u00fcr Feedback genutzt werden. Wir w\u00fcrden uns dar\u00fcber freuen.<\/p>\n<p>Eure Ina<\/p>\n<p>&nbsp;<\/p>\n<p>Und hier ein paar Impressionen vom Konzert (Fotos von Tom Wiedemann):<\/p>\n\n\t\t<style type=\"text\/css\">\n\t\t\t#gallery-1 {\n\t\t\t\tmargin: auto;\n\t\t\t}\n\t\t\t#gallery-1 .gallery-item {\n\t\t\t\tfloat: left;\n\t\t\t\tmargin-top: 10px;\n\t\t\t\ttext-align: center;\n\t\t\t\twidth: 25%;\n\t\t\t}\n\t\t\t#gallery-1 img {\n\t\t\t\tborder: 2px solid #cfcfcf;\n\t\t\t}\n\t\t\t#gallery-1 .gallery-caption {\n\t\t\t\tmargin-left: 0;\n\t\t\t}\n\t\t\t\/* see gallery_shortcode() in wp-includes\/media.php *\/\n\t\t<\/style>\n\t\t<div data-carousel-extra='{\"blog_id\":1,\"permalink\":\"https:\\\/\\\/www.polizeichor-dresden.de\\\/?p=1885\"}' id='gallery-1' class='gallery galleryid-1885 gallery-columns-4 gallery-size-thumbnail'><dl class='gallery-item'>\n\t\t\t<dt class='gallery-icon landscape'>\n\t\t\t\t<a href='https:\/\/www.polizeichor-dresden.de\/?attachment_id=1786'><img width=\"150\" height=\"150\" src=\"https:\/\/i0.wp.com\/www.polizeichor-dresden.de\/wp-content\/uploads\/2019\/01\/WK2018-7501.jpg?resize=150%2C150&amp;ssl=1\" class=\"attachment-thumbnail size-thumbnail\" alt=\"\" decoding=\"async\" loading=\"lazy\" srcset=\"https:\/\/i0.wp.com\/www.polizeichor-dresden.de\/wp-content\/uploads\/2019\/01\/WK2018-7501.jpg?resize=150%2C150&amp;ssl=1 150w, https:\/\/i0.wp.com\/www.polizeichor-dresden.de\/wp-content\/uploads\/2019\/01\/WK2018-7501.jpg?zoom=2&amp;resize=150%2C150&amp;ssl=1 300w, https:\/\/i0.wp.com\/www.polizeichor-dresden.de\/wp-content\/uploads\/2019\/01\/WK2018-7501.jpg?zoom=3&amp;resize=150%2C150&amp;ssl=1 450w\" sizes=\"(max-width: 150px) 100vw, 150px\" data-attachment-id=\"1786\" data-permalink=\"https:\/\/www.polizeichor-dresden.de\/?attachment_id=1786\" data-orig-file=\"https:\/\/i0.wp.com\/www.polizeichor-dresden.de\/wp-content\/uploads\/2019\/01\/WK2018-7501.jpg?fit=1000%2C668&amp;ssl=1\" data-orig-size=\"1000,668\" data-comments-opened=\"1\" data-image-meta=\"{&quot;aperture&quot;:&quot;0&quot;,&quot;credit&quot;:&quot;Jan Wiedemann&quot;,&quot;camera&quot;:&quot;&quot;,&quot;caption&quot;:&quot;&quot;,&quot;created_timestamp&quot;:&quot;0&quot;,&quot;copyright&quot;:&quot;Jan Wiedemann&quot;,&quot;focal_length&quot;:&quot;0&quot;,&quot;iso&quot;:&quot;0&quot;,&quot;shutter_speed&quot;:&quot;0&quot;,&quot;title&quot;:&quot;&quot;,&quot;orientation&quot;:&quot;0&quot;}\" data-image-title=\"WK2018-7501\" data-image-description=\"\" data-image-caption=\"\" data-medium-file=\"https:\/\/i0.wp.com\/www.polizeichor-dresden.de\/wp-content\/uploads\/2019\/01\/WK2018-7501.jpg?fit=300%2C200&amp;ssl=1\" data-large-file=\"https:\/\/i0.wp.com\/www.polizeichor-dresden.de\/wp-content\/uploads\/2019\/01\/WK2018-7501.jpg?fit=1000%2C668&amp;ssl=1\" \/><\/a>\n\t\t\t<\/dt><\/dl><dl class='gallery-item'>\n\t\t\t<dt class='gallery-icon portrait'>\n\t\t\t\t<a href='https:\/\/www.polizeichor-dresden.de\/?attachment_id=1787'><img width=\"150\" height=\"150\" src=\"https:\/\/i0.wp.com\/www.polizeichor-dresden.de\/wp-content\/uploads\/2019\/01\/WK2018-7504.jpg?resize=150%2C150&amp;ssl=1\" class=\"attachment-thumbnail size-thumbnail\" alt=\"\" decoding=\"async\" loading=\"lazy\" srcset=\"https:\/\/i0.wp.com\/www.polizeichor-dresden.de\/wp-content\/uploads\/2019\/01\/WK2018-7504.jpg?resize=150%2C150&amp;ssl=1 150w, https:\/\/i0.wp.com\/www.polizeichor-dresden.de\/wp-content\/uploads\/2019\/01\/WK2018-7504.jpg?zoom=2&amp;resize=150%2C150&amp;ssl=1 300w, https:\/\/i0.wp.com\/www.polizeichor-dresden.de\/wp-content\/uploads\/2019\/01\/WK2018-7504.jpg?zoom=3&amp;resize=150%2C150&amp;ssl=1 450w\" sizes=\"(max-width: 150px) 100vw, 150px\" data-attachment-id=\"1787\" data-permalink=\"https:\/\/www.polizeichor-dresden.de\/?attachment_id=1787\" data-orig-file=\"https:\/\/i0.wp.com\/www.polizeichor-dresden.de\/wp-content\/uploads\/2019\/01\/WK2018-7504.jpg?fit=668%2C1000&amp;ssl=1\" data-orig-size=\"668,1000\" data-comments-opened=\"1\" data-image-meta=\"{&quot;aperture&quot;:&quot;0&quot;,&quot;credit&quot;:&quot;Jan Wiedemann&quot;,&quot;camera&quot;:&quot;&quot;,&quot;caption&quot;:&quot;&quot;,&quot;created_timestamp&quot;:&quot;0&quot;,&quot;copyright&quot;:&quot;Jan Wiedemann&quot;,&quot;focal_length&quot;:&quot;0&quot;,&quot;iso&quot;:&quot;0&quot;,&quot;shutter_speed&quot;:&quot;0&quot;,&quot;title&quot;:&quot;&quot;,&quot;orientation&quot;:&quot;0&quot;}\" data-image-title=\"WK2018-7504\" data-image-description=\"\" data-image-caption=\"\" data-medium-file=\"https:\/\/i0.wp.com\/www.polizeichor-dresden.de\/wp-content\/uploads\/2019\/01\/WK2018-7504.jpg?fit=200%2C300&amp;ssl=1\" data-large-file=\"https:\/\/i0.wp.com\/www.polizeichor-dresden.de\/wp-content\/uploads\/2019\/01\/WK2018-7504.jpg?fit=668%2C1000&amp;ssl=1\" \/><\/a>\n\t\t\t<\/dt><\/dl><dl class='gallery-item'>\n\t\t\t<dt class='gallery-icon landscape'>\n\t\t\t\t<a href='https:\/\/www.polizeichor-dresden.de\/?attachment_id=1788'><img width=\"150\" height=\"150\" src=\"https:\/\/i0.wp.com\/www.polizeichor-dresden.de\/wp-content\/uploads\/2019\/01\/WK2018-7505.jpg?resize=150%2C150&amp;ssl=1\" class=\"attachment-thumbnail size-thumbnail\" alt=\"\" decoding=\"async\" loading=\"lazy\" srcset=\"https:\/\/i0.wp.com\/www.polizeichor-dresden.de\/wp-content\/uploads\/2019\/01\/WK2018-7505.jpg?resize=150%2C150&amp;ssl=1 150w, https:\/\/i0.wp.com\/www.polizeichor-dresden.de\/wp-content\/uploads\/2019\/01\/WK2018-7505.jpg?zoom=2&amp;resize=150%2C150&amp;ssl=1 300w, https:\/\/i0.wp.com\/www.polizeichor-dresden.de\/wp-content\/uploads\/2019\/01\/WK2018-7505.jpg?zoom=3&amp;resize=150%2C150&amp;ssl=1 450w\" sizes=\"(max-width: 150px) 100vw, 150px\" data-attachment-id=\"1788\" data-permalink=\"https:\/\/www.polizeichor-dresden.de\/?attachment_id=1788\" data-orig-file=\"https:\/\/i0.wp.com\/www.polizeichor-dresden.de\/wp-content\/uploads\/2019\/01\/WK2018-7505.jpg?fit=1000%2C668&amp;ssl=1\" data-orig-size=\"1000,668\" data-comments-opened=\"1\" data-image-meta=\"{&quot;aperture&quot;:&quot;0&quot;,&quot;credit&quot;:&quot;Jan Wiedemann&quot;,&quot;camera&quot;:&quot;&quot;,&quot;caption&quot;:&quot;&quot;,&quot;created_timestamp&quot;:&quot;0&quot;,&quot;copyright&quot;:&quot;Jan Wiedemann&quot;,&quot;focal_length&quot;:&quot;0&quot;,&quot;iso&quot;:&quot;0&quot;,&quot;shutter_speed&quot;:&quot;0&quot;,&quot;title&quot;:&quot;&quot;,&quot;orientation&quot;:&quot;0&quot;}\" data-image-title=\"WK2018-7505\" data-image-description=\"\" data-image-caption=\"\" data-medium-file=\"https:\/\/i0.wp.com\/www.polizeichor-dresden.de\/wp-content\/uploads\/2019\/01\/WK2018-7505.jpg?fit=300%2C200&amp;ssl=1\" data-large-file=\"https:\/\/i0.wp.com\/www.polizeichor-dresden.de\/wp-content\/uploads\/2019\/01\/WK2018-7505.jpg?fit=1000%2C668&amp;ssl=1\" \/><\/a>\n\t\t\t<\/dt><\/dl><dl class='gallery-item'>\n\t\t\t<dt class='gallery-icon landscape'>\n\t\t\t\t<a href='https:\/\/www.polizeichor-dresden.de\/?attachment_id=1800'><img width=\"150\" height=\"150\" src=\"https:\/\/i0.wp.com\/www.polizeichor-dresden.de\/wp-content\/uploads\/2019\/01\/WK2018-7563.jpg?resize=150%2C150&amp;ssl=1\" class=\"attachment-thumbnail size-thumbnail\" alt=\"\" decoding=\"async\" loading=\"lazy\" srcset=\"https:\/\/i0.wp.com\/www.polizeichor-dresden.de\/wp-content\/uploads\/2019\/01\/WK2018-7563.jpg?resize=150%2C150&amp;ssl=1 150w, https:\/\/i0.wp.com\/www.polizeichor-dresden.de\/wp-content\/uploads\/2019\/01\/WK2018-7563.jpg?zoom=2&amp;resize=150%2C150&amp;ssl=1 300w, https:\/\/i0.wp.com\/www.polizeichor-dresden.de\/wp-content\/uploads\/2019\/01\/WK2018-7563.jpg?zoom=3&amp;resize=150%2C150&amp;ssl=1 450w\" sizes=\"(max-width: 150px) 100vw, 150px\" data-attachment-id=\"1800\" data-permalink=\"https:\/\/www.polizeichor-dresden.de\/?attachment_id=1800\" data-orig-file=\"https:\/\/i0.wp.com\/www.polizeichor-dresden.de\/wp-content\/uploads\/2019\/01\/WK2018-7563.jpg?fit=1000%2C668&amp;ssl=1\" data-orig-size=\"1000,668\" data-comments-opened=\"1\" data-image-meta=\"{&quot;aperture&quot;:&quot;0&quot;,&quot;credit&quot;:&quot;Jan Wiedemann&quot;,&quot;camera&quot;:&quot;&quot;,&quot;caption&quot;:&quot;&quot;,&quot;created_timestamp&quot;:&quot;0&quot;,&quot;copyright&quot;:&quot;Jan Wiedemann&quot;,&quot;focal_length&quot;:&quot;0&quot;,&quot;iso&quot;:&quot;0&quot;,&quot;shutter_speed&quot;:&quot;0&quot;,&quot;title&quot;:&quot;&quot;,&quot;orientation&quot;:&quot;0&quot;}\" data-image-title=\"WK2018-7563\" data-image-description=\"\" data-image-caption=\"\" data-medium-file=\"https:\/\/i0.wp.com\/www.polizeichor-dresden.de\/wp-content\/uploads\/2019\/01\/WK2018-7563.jpg?fit=300%2C200&amp;ssl=1\" data-large-file=\"https:\/\/i0.wp.com\/www.polizeichor-dresden.de\/wp-content\/uploads\/2019\/01\/WK2018-7563.jpg?fit=1000%2C668&amp;ssl=1\" \/><\/a>\n\t\t\t<\/dt><\/dl><br style=\"clear: both\" \/><dl class='gallery-item'>\n\t\t\t<dt class='gallery-icon landscape'>\n\t\t\t\t<a href='https:\/\/www.polizeichor-dresden.de\/?attachment_id=1799'><img width=\"150\" height=\"150\" src=\"https:\/\/i0.wp.com\/www.polizeichor-dresden.de\/wp-content\/uploads\/2019\/01\/WK2018-7557.jpg?resize=150%2C150&amp;ssl=1\" class=\"attachment-thumbnail size-thumbnail\" alt=\"\" decoding=\"async\" loading=\"lazy\" srcset=\"https:\/\/i0.wp.com\/www.polizeichor-dresden.de\/wp-content\/uploads\/2019\/01\/WK2018-7557.jpg?resize=150%2C150&amp;ssl=1 150w, https:\/\/i0.wp.com\/www.polizeichor-dresden.de\/wp-content\/uploads\/2019\/01\/WK2018-7557.jpg?zoom=2&amp;resize=150%2C150&amp;ssl=1 300w, https:\/\/i0.wp.com\/www.polizeichor-dresden.de\/wp-content\/uploads\/2019\/01\/WK2018-7557.jpg?zoom=3&amp;resize=150%2C150&amp;ssl=1 450w\" sizes=\"(max-width: 150px) 100vw, 150px\" data-attachment-id=\"1799\" data-permalink=\"https:\/\/www.polizeichor-dresden.de\/?attachment_id=1799\" data-orig-file=\"https:\/\/i0.wp.com\/www.polizeichor-dresden.de\/wp-content\/uploads\/2019\/01\/WK2018-7557.jpg?fit=1000%2C668&amp;ssl=1\" data-orig-size=\"1000,668\" data-comments-opened=\"1\" data-image-meta=\"{&quot;aperture&quot;:&quot;0&quot;,&quot;credit&quot;:&quot;Jan Wiedemann&quot;,&quot;camera&quot;:&quot;&quot;,&quot;caption&quot;:&quot;&quot;,&quot;created_timestamp&quot;:&quot;0&quot;,&quot;copyright&quot;:&quot;Jan Wiedemann&quot;,&quot;focal_length&quot;:&quot;0&quot;,&quot;iso&quot;:&quot;0&quot;,&quot;shutter_speed&quot;:&quot;0&quot;,&quot;title&quot;:&quot;&quot;,&quot;orientation&quot;:&quot;0&quot;}\" data-image-title=\"WK2018-7557\" data-image-description=\"\" data-image-caption=\"\" data-medium-file=\"https:\/\/i0.wp.com\/www.polizeichor-dresden.de\/wp-content\/uploads\/2019\/01\/WK2018-7557.jpg?fit=300%2C200&amp;ssl=1\" data-large-file=\"https:\/\/i0.wp.com\/www.polizeichor-dresden.de\/wp-content\/uploads\/2019\/01\/WK2018-7557.jpg?fit=1000%2C668&amp;ssl=1\" \/><\/a>\n\t\t\t<\/dt><\/dl><dl class='gallery-item'>\n\t\t\t<dt class='gallery-icon landscape'>\n\t\t\t\t<a href='https:\/\/www.polizeichor-dresden.de\/?attachment_id=1798'><img width=\"150\" height=\"150\" src=\"https:\/\/i0.wp.com\/www.polizeichor-dresden.de\/wp-content\/uploads\/2019\/01\/WK2018-7554.jpg?resize=150%2C150&amp;ssl=1\" class=\"attachment-thumbnail size-thumbnail\" alt=\"\" decoding=\"async\" loading=\"lazy\" srcset=\"https:\/\/i0.wp.com\/www.polizeichor-dresden.de\/wp-content\/uploads\/2019\/01\/WK2018-7554.jpg?resize=150%2C150&amp;ssl=1 150w, https:\/\/i0.wp.com\/www.polizeichor-dresden.de\/wp-content\/uploads\/2019\/01\/WK2018-7554.jpg?zoom=2&amp;resize=150%2C150&amp;ssl=1 300w, https:\/\/i0.wp.com\/www.polizeichor-dresden.de\/wp-content\/uploads\/2019\/01\/WK2018-7554.jpg?zoom=3&amp;resize=150%2C150&amp;ssl=1 450w\" sizes=\"(max-width: 150px) 100vw, 150px\" data-attachment-id=\"1798\" data-permalink=\"https:\/\/www.polizeichor-dresden.de\/?attachment_id=1798\" data-orig-file=\"https:\/\/i0.wp.com\/www.polizeichor-dresden.de\/wp-content\/uploads\/2019\/01\/WK2018-7554.jpg?fit=1000%2C668&amp;ssl=1\" data-orig-size=\"1000,668\" data-comments-opened=\"1\" data-image-meta=\"{&quot;aperture&quot;:&quot;0&quot;,&quot;credit&quot;:&quot;Jan Wiedemann&quot;,&quot;camera&quot;:&quot;&quot;,&quot;caption&quot;:&quot;&quot;,&quot;created_timestamp&quot;:&quot;0&quot;,&quot;copyright&quot;:&quot;Jan Wiedemann&quot;,&quot;focal_length&quot;:&quot;0&quot;,&quot;iso&quot;:&quot;0&quot;,&quot;shutter_speed&quot;:&quot;0&quot;,&quot;title&quot;:&quot;&quot;,&quot;orientation&quot;:&quot;0&quot;}\" data-image-title=\"WK2018-7554\" data-image-description=\"\" data-image-caption=\"\" data-medium-file=\"https:\/\/i0.wp.com\/www.polizeichor-dresden.de\/wp-content\/uploads\/2019\/01\/WK2018-7554.jpg?fit=300%2C200&amp;ssl=1\" data-large-file=\"https:\/\/i0.wp.com\/www.polizeichor-dresden.de\/wp-content\/uploads\/2019\/01\/WK2018-7554.jpg?fit=1000%2C668&amp;ssl=1\" \/><\/a>\n\t\t\t<\/dt><\/dl><dl class='gallery-item'>\n\t\t\t<dt class='gallery-icon landscape'>\n\t\t\t\t<a href='https:\/\/www.polizeichor-dresden.de\/?attachment_id=1797'><img width=\"150\" height=\"150\" src=\"https:\/\/i0.wp.com\/www.polizeichor-dresden.de\/wp-content\/uploads\/2019\/01\/WK2018-7553.jpg?resize=150%2C150&amp;ssl=1\" class=\"attachment-thumbnail size-thumbnail\" alt=\"\" decoding=\"async\" loading=\"lazy\" srcset=\"https:\/\/i0.wp.com\/www.polizeichor-dresden.de\/wp-content\/uploads\/2019\/01\/WK2018-7553.jpg?resize=150%2C150&amp;ssl=1 150w, https:\/\/i0.wp.com\/www.polizeichor-dresden.de\/wp-content\/uploads\/2019\/01\/WK2018-7553.jpg?zoom=2&amp;resize=150%2C150&amp;ssl=1 300w, https:\/\/i0.wp.com\/www.polizeichor-dresden.de\/wp-content\/uploads\/2019\/01\/WK2018-7553.jpg?zoom=3&amp;resize=150%2C150&amp;ssl=1 450w\" sizes=\"(max-width: 150px) 100vw, 150px\" data-attachment-id=\"1797\" data-permalink=\"https:\/\/www.polizeichor-dresden.de\/?attachment_id=1797\" data-orig-file=\"https:\/\/i0.wp.com\/www.polizeichor-dresden.de\/wp-content\/uploads\/2019\/01\/WK2018-7553.jpg?fit=1000%2C668&amp;ssl=1\" data-orig-size=\"1000,668\" data-comments-opened=\"1\" data-image-meta=\"{&quot;aperture&quot;:&quot;0&quot;,&quot;credit&quot;:&quot;Jan Wiedemann&quot;,&quot;camera&quot;:&quot;&quot;,&quot;caption&quot;:&quot;&quot;,&quot;created_timestamp&quot;:&quot;0&quot;,&quot;copyright&quot;:&quot;Jan Wiedemann&quot;,&quot;focal_length&quot;:&quot;0&quot;,&quot;iso&quot;:&quot;0&quot;,&quot;shutter_speed&quot;:&quot;0&quot;,&quot;title&quot;:&quot;&quot;,&quot;orientation&quot;:&quot;0&quot;}\" data-image-title=\"WK2018-7553\" data-image-description=\"\" data-image-caption=\"\" data-medium-file=\"https:\/\/i0.wp.com\/www.polizeichor-dresden.de\/wp-content\/uploads\/2019\/01\/WK2018-7553.jpg?fit=300%2C200&amp;ssl=1\" data-large-file=\"https:\/\/i0.wp.com\/www.polizeichor-dresden.de\/wp-content\/uploads\/2019\/01\/WK2018-7553.jpg?fit=1000%2C668&amp;ssl=1\" \/><\/a>\n\t\t\t<\/dt><\/dl><dl class='gallery-item'>\n\t\t\t<dt class='gallery-icon landscape'>\n\t\t\t\t<a href='https:\/\/www.polizeichor-dresden.de\/?attachment_id=1796'><img width=\"150\" height=\"150\" src=\"https:\/\/i0.wp.com\/www.polizeichor-dresden.de\/wp-content\/uploads\/2019\/01\/WK2018-7550.jpg?resize=150%2C150&amp;ssl=1\" class=\"attachment-thumbnail size-thumbnail\" alt=\"\" decoding=\"async\" loading=\"lazy\" srcset=\"https:\/\/i0.wp.com\/www.polizeichor-dresden.de\/wp-content\/uploads\/2019\/01\/WK2018-7550.jpg?resize=150%2C150&amp;ssl=1 150w, https:\/\/i0.wp.com\/www.polizeichor-dresden.de\/wp-content\/uploads\/2019\/01\/WK2018-7550.jpg?zoom=2&amp;resize=150%2C150&amp;ssl=1 300w, https:\/\/i0.wp.com\/www.polizeichor-dresden.de\/wp-content\/uploads\/2019\/01\/WK2018-7550.jpg?zoom=3&amp;resize=150%2C150&amp;ssl=1 450w\" sizes=\"(max-width: 150px) 100vw, 150px\" data-attachment-id=\"1796\" data-permalink=\"https:\/\/www.polizeichor-dresden.de\/?attachment_id=1796\" data-orig-file=\"https:\/\/i0.wp.com\/www.polizeichor-dresden.de\/wp-content\/uploads\/2019\/01\/WK2018-7550.jpg?fit=1000%2C668&amp;ssl=1\" data-orig-size=\"1000,668\" data-comments-opened=\"1\" data-image-meta=\"{&quot;aperture&quot;:&quot;0&quot;,&quot;credit&quot;:&quot;Jan Wiedemann&quot;,&quot;camera&quot;:&quot;&quot;,&quot;caption&quot;:&quot;&quot;,&quot;created_timestamp&quot;:&quot;0&quot;,&quot;copyright&quot;:&quot;Jan Wiedemann&quot;,&quot;focal_length&quot;:&quot;0&quot;,&quot;iso&quot;:&quot;0&quot;,&quot;shutter_speed&quot;:&quot;0&quot;,&quot;title&quot;:&quot;&quot;,&quot;orientation&quot;:&quot;0&quot;}\" data-image-title=\"WK2018-7550\" data-image-description=\"\" data-image-caption=\"\" data-medium-file=\"https:\/\/i0.wp.com\/www.polizeichor-dresden.de\/wp-content\/uploads\/2019\/01\/WK2018-7550.jpg?fit=300%2C200&amp;ssl=1\" data-large-file=\"https:\/\/i0.wp.com\/www.polizeichor-dresden.de\/wp-content\/uploads\/2019\/01\/WK2018-7550.jpg?fit=1000%2C668&amp;ssl=1\" \/><\/a>\n\t\t\t<\/dt><\/dl><br style=\"clear: both\" \/><dl class='gallery-item'>\n\t\t\t<dt class='gallery-icon landscape'>\n\t\t\t\t<a href='https:\/\/www.polizeichor-dresden.de\/?attachment_id=1795'><img width=\"150\" height=\"150\" src=\"https:\/\/i0.wp.com\/www.polizeichor-dresden.de\/wp-content\/uploads\/2019\/01\/WK2018-7545.jpg?resize=150%2C150&amp;ssl=1\" class=\"attachment-thumbnail size-thumbnail\" alt=\"\" decoding=\"async\" loading=\"lazy\" srcset=\"https:\/\/i0.wp.com\/www.polizeichor-dresden.de\/wp-content\/uploads\/2019\/01\/WK2018-7545.jpg?resize=150%2C150&amp;ssl=1 150w, https:\/\/i0.wp.com\/www.polizeichor-dresden.de\/wp-content\/uploads\/2019\/01\/WK2018-7545.jpg?zoom=2&amp;resize=150%2C150&amp;ssl=1 300w, https:\/\/i0.wp.com\/www.polizeichor-dresden.de\/wp-content\/uploads\/2019\/01\/WK2018-7545.jpg?zoom=3&amp;resize=150%2C150&amp;ssl=1 450w\" sizes=\"(max-width: 150px) 100vw, 150px\" data-attachment-id=\"1795\" data-permalink=\"https:\/\/www.polizeichor-dresden.de\/?attachment_id=1795\" data-orig-file=\"https:\/\/i0.wp.com\/www.polizeichor-dresden.de\/wp-content\/uploads\/2019\/01\/WK2018-7545.jpg?fit=1000%2C668&amp;ssl=1\" data-orig-size=\"1000,668\" data-comments-opened=\"1\" data-image-meta=\"{&quot;aperture&quot;:&quot;0&quot;,&quot;credit&quot;:&quot;Jan Wiedemann&quot;,&quot;camera&quot;:&quot;&quot;,&quot;caption&quot;:&quot;&quot;,&quot;created_timestamp&quot;:&quot;0&quot;,&quot;copyright&quot;:&quot;Jan Wiedemann&quot;,&quot;focal_length&quot;:&quot;0&quot;,&quot;iso&quot;:&quot;0&quot;,&quot;shutter_speed&quot;:&quot;0&quot;,&quot;title&quot;:&quot;&quot;,&quot;orientation&quot;:&quot;0&quot;}\" data-image-title=\"WK2018-7545\" data-image-description=\"\" data-image-caption=\"\" data-medium-file=\"https:\/\/i0.wp.com\/www.polizeichor-dresden.de\/wp-content\/uploads\/2019\/01\/WK2018-7545.jpg?fit=300%2C200&amp;ssl=1\" data-large-file=\"https:\/\/i0.wp.com\/www.polizeichor-dresden.de\/wp-content\/uploads\/2019\/01\/WK2018-7545.jpg?fit=1000%2C668&amp;ssl=1\" \/><\/a>\n\t\t\t<\/dt><\/dl><dl class='gallery-item'>\n\t\t\t<dt class='gallery-icon landscape'>\n\t\t\t\t<a href='https:\/\/www.polizeichor-dresden.de\/?attachment_id=1794'><img width=\"150\" height=\"150\" src=\"https:\/\/i0.wp.com\/www.polizeichor-dresden.de\/wp-content\/uploads\/2019\/01\/WK2018-7536.jpg?resize=150%2C150&amp;ssl=1\" class=\"attachment-thumbnail size-thumbnail\" alt=\"\" decoding=\"async\" loading=\"lazy\" srcset=\"https:\/\/i0.wp.com\/www.polizeichor-dresden.de\/wp-content\/uploads\/2019\/01\/WK2018-7536.jpg?resize=150%2C150&amp;ssl=1 150w, https:\/\/i0.wp.com\/www.polizeichor-dresden.de\/wp-content\/uploads\/2019\/01\/WK2018-7536.jpg?zoom=2&amp;resize=150%2C150&amp;ssl=1 300w, https:\/\/i0.wp.com\/www.polizeichor-dresden.de\/wp-content\/uploads\/2019\/01\/WK2018-7536.jpg?zoom=3&amp;resize=150%2C150&amp;ssl=1 450w\" sizes=\"(max-width: 150px) 100vw, 150px\" data-attachment-id=\"1794\" data-permalink=\"https:\/\/www.polizeichor-dresden.de\/?attachment_id=1794\" data-orig-file=\"https:\/\/i0.wp.com\/www.polizeichor-dresden.de\/wp-content\/uploads\/2019\/01\/WK2018-7536.jpg?fit=1000%2C668&amp;ssl=1\" data-orig-size=\"1000,668\" data-comments-opened=\"1\" data-image-meta=\"{&quot;aperture&quot;:&quot;0&quot;,&quot;credit&quot;:&quot;Jan Wiedemann&quot;,&quot;camera&quot;:&quot;&quot;,&quot;caption&quot;:&quot;&quot;,&quot;created_timestamp&quot;:&quot;0&quot;,&quot;copyright&quot;:&quot;Jan Wiedemann&quot;,&quot;focal_length&quot;:&quot;0&quot;,&quot;iso&quot;:&quot;0&quot;,&quot;shutter_speed&quot;:&quot;0&quot;,&quot;title&quot;:&quot;&quot;,&quot;orientation&quot;:&quot;0&quot;}\" data-image-title=\"WK2018-7536\" data-image-description=\"\" data-image-caption=\"\" data-medium-file=\"https:\/\/i0.wp.com\/www.polizeichor-dresden.de\/wp-content\/uploads\/2019\/01\/WK2018-7536.jpg?fit=300%2C200&amp;ssl=1\" data-large-file=\"https:\/\/i0.wp.com\/www.polizeichor-dresden.de\/wp-content\/uploads\/2019\/01\/WK2018-7536.jpg?fit=1000%2C668&amp;ssl=1\" \/><\/a>\n\t\t\t<\/dt><\/dl><dl class='gallery-item'>\n\t\t\t<dt class='gallery-icon landscape'>\n\t\t\t\t<a href='https:\/\/www.polizeichor-dresden.de\/?attachment_id=1793'><img width=\"150\" height=\"150\" src=\"https:\/\/i0.wp.com\/www.polizeichor-dresden.de\/wp-content\/uploads\/2019\/01\/WK2018-7535.jpg?resize=150%2C150&amp;ssl=1\" class=\"attachment-thumbnail size-thumbnail\" alt=\"\" decoding=\"async\" loading=\"lazy\" srcset=\"https:\/\/i0.wp.com\/www.polizeichor-dresden.de\/wp-content\/uploads\/2019\/01\/WK2018-7535.jpg?resize=150%2C150&amp;ssl=1 150w, https:\/\/i0.wp.com\/www.polizeichor-dresden.de\/wp-content\/uploads\/2019\/01\/WK2018-7535.jpg?zoom=2&amp;resize=150%2C150&amp;ssl=1 300w, https:\/\/i0.wp.com\/www.polizeichor-dresden.de\/wp-content\/uploads\/2019\/01\/WK2018-7535.jpg?zoom=3&amp;resize=150%2C150&amp;ssl=1 450w\" sizes=\"(max-width: 150px) 100vw, 150px\" data-attachment-id=\"1793\" data-permalink=\"https:\/\/www.polizeichor-dresden.de\/?attachment_id=1793\" data-orig-file=\"https:\/\/i0.wp.com\/www.polizeichor-dresden.de\/wp-content\/uploads\/2019\/01\/WK2018-7535.jpg?fit=1000%2C668&amp;ssl=1\" data-orig-size=\"1000,668\" data-comments-opened=\"1\" data-image-meta=\"{&quot;aperture&quot;:&quot;0&quot;,&quot;credit&quot;:&quot;Jan Wiedemann&quot;,&quot;camera&quot;:&quot;&quot;,&quot;caption&quot;:&quot;&quot;,&quot;created_timestamp&quot;:&quot;0&quot;,&quot;copyright&quot;:&quot;Jan Wiedemann&quot;,&quot;focal_length&quot;:&quot;0&quot;,&quot;iso&quot;:&quot;0&quot;,&quot;shutter_speed&quot;:&quot;0&quot;,&quot;title&quot;:&quot;&quot;,&quot;orientation&quot;:&quot;0&quot;}\" data-image-title=\"WK2018-7535\" data-image-description=\"\" data-image-caption=\"\" data-medium-file=\"https:\/\/i0.wp.com\/www.polizeichor-dresden.de\/wp-content\/uploads\/2019\/01\/WK2018-7535.jpg?fit=300%2C200&amp;ssl=1\" data-large-file=\"https:\/\/i0.wp.com\/www.polizeichor-dresden.de\/wp-content\/uploads\/2019\/01\/WK2018-7535.jpg?fit=1000%2C668&amp;ssl=1\" \/><\/a>\n\t\t\t<\/dt><\/dl><dl class='gallery-item'>\n\t\t\t<dt class='gallery-icon landscape'>\n\t\t\t\t<a href='https:\/\/www.polizeichor-dresden.de\/?attachment_id=1792'><img width=\"150\" height=\"150\" src=\"https:\/\/i0.wp.com\/www.polizeichor-dresden.de\/wp-content\/uploads\/2019\/01\/WK2018-7522.jpg?resize=150%2C150&amp;ssl=1\" class=\"attachment-thumbnail size-thumbnail\" alt=\"\" decoding=\"async\" loading=\"lazy\" srcset=\"https:\/\/i0.wp.com\/www.polizeichor-dresden.de\/wp-content\/uploads\/2019\/01\/WK2018-7522.jpg?resize=150%2C150&amp;ssl=1 150w, https:\/\/i0.wp.com\/www.polizeichor-dresden.de\/wp-content\/uploads\/2019\/01\/WK2018-7522.jpg?zoom=2&amp;resize=150%2C150&amp;ssl=1 300w, https:\/\/i0.wp.com\/www.polizeichor-dresden.de\/wp-content\/uploads\/2019\/01\/WK2018-7522.jpg?zoom=3&amp;resize=150%2C150&amp;ssl=1 450w\" sizes=\"(max-width: 150px) 100vw, 150px\" data-attachment-id=\"1792\" data-permalink=\"https:\/\/www.polizeichor-dresden.de\/?attachment_id=1792\" data-orig-file=\"https:\/\/i0.wp.com\/www.polizeichor-dresden.de\/wp-content\/uploads\/2019\/01\/WK2018-7522.jpg?fit=1000%2C668&amp;ssl=1\" data-orig-size=\"1000,668\" data-comments-opened=\"1\" data-image-meta=\"{&quot;aperture&quot;:&quot;0&quot;,&quot;credit&quot;:&quot;Jan Wiedemann&quot;,&quot;camera&quot;:&quot;&quot;,&quot;caption&quot;:&quot;&quot;,&quot;created_timestamp&quot;:&quot;0&quot;,&quot;copyright&quot;:&quot;Jan Wiedemann&quot;,&quot;focal_length&quot;:&quot;0&quot;,&quot;iso&quot;:&quot;0&quot;,&quot;shutter_speed&quot;:&quot;0&quot;,&quot;title&quot;:&quot;&quot;,&quot;orientation&quot;:&quot;0&quot;}\" data-image-title=\"WK2018-7522\" data-image-description=\"\" data-image-caption=\"\" data-medium-file=\"https:\/\/i0.wp.com\/www.polizeichor-dresden.de\/wp-content\/uploads\/2019\/01\/WK2018-7522.jpg?fit=300%2C200&amp;ssl=1\" data-large-file=\"https:\/\/i0.wp.com\/www.polizeichor-dresden.de\/wp-content\/uploads\/2019\/01\/WK2018-7522.jpg?fit=1000%2C668&amp;ssl=1\" \/><\/a>\n\t\t\t<\/dt><\/dl><br style=\"clear: both\" \/><dl class='gallery-item'>\n\t\t\t<dt class='gallery-icon landscape'>\n\t\t\t\t<a href='https:\/\/www.polizeichor-dresden.de\/?attachment_id=1791'><img width=\"150\" height=\"150\" src=\"https:\/\/i0.wp.com\/www.polizeichor-dresden.de\/wp-content\/uploads\/2019\/01\/WK2018-7519.jpg?resize=150%2C150&amp;ssl=1\" class=\"attachment-thumbnail size-thumbnail\" alt=\"\" decoding=\"async\" loading=\"lazy\" srcset=\"https:\/\/i0.wp.com\/www.polizeichor-dresden.de\/wp-content\/uploads\/2019\/01\/WK2018-7519.jpg?resize=150%2C150&amp;ssl=1 150w, https:\/\/i0.wp.com\/www.polizeichor-dresden.de\/wp-content\/uploads\/2019\/01\/WK2018-7519.jpg?zoom=2&amp;resize=150%2C150&amp;ssl=1 300w, https:\/\/i0.wp.com\/www.polizeichor-dresden.de\/wp-content\/uploads\/2019\/01\/WK2018-7519.jpg?zoom=3&amp;resize=150%2C150&amp;ssl=1 450w\" sizes=\"(max-width: 150px) 100vw, 150px\" data-attachment-id=\"1791\" data-permalink=\"https:\/\/www.polizeichor-dresden.de\/?attachment_id=1791\" data-orig-file=\"https:\/\/i0.wp.com\/www.polizeichor-dresden.de\/wp-content\/uploads\/2019\/01\/WK2018-7519.jpg?fit=1000%2C668&amp;ssl=1\" data-orig-size=\"1000,668\" data-comments-opened=\"1\" data-image-meta=\"{&quot;aperture&quot;:&quot;0&quot;,&quot;credit&quot;:&quot;Jan Wiedemann&quot;,&quot;camera&quot;:&quot;&quot;,&quot;caption&quot;:&quot;&quot;,&quot;created_timestamp&quot;:&quot;0&quot;,&quot;copyright&quot;:&quot;Jan Wiedemann&quot;,&quot;focal_length&quot;:&quot;0&quot;,&quot;iso&quot;:&quot;0&quot;,&quot;shutter_speed&quot;:&quot;0&quot;,&quot;title&quot;:&quot;&quot;,&quot;orientation&quot;:&quot;0&quot;}\" data-image-title=\"WK2018-7519\" data-image-description=\"\" data-image-caption=\"\" data-medium-file=\"https:\/\/i0.wp.com\/www.polizeichor-dresden.de\/wp-content\/uploads\/2019\/01\/WK2018-7519.jpg?fit=300%2C200&amp;ssl=1\" data-large-file=\"https:\/\/i0.wp.com\/www.polizeichor-dresden.de\/wp-content\/uploads\/2019\/01\/WK2018-7519.jpg?fit=1000%2C668&amp;ssl=1\" \/><\/a>\n\t\t\t<\/dt><\/dl><dl class='gallery-item'>\n\t\t\t<dt class='gallery-icon landscape'>\n\t\t\t\t<a href='https:\/\/www.polizeichor-dresden.de\/?attachment_id=1790'><img width=\"150\" height=\"150\" src=\"https:\/\/i0.wp.com\/www.polizeichor-dresden.de\/wp-content\/uploads\/2019\/01\/WK2018-7517.jpg?resize=150%2C150&amp;ssl=1\" class=\"attachment-thumbnail size-thumbnail\" alt=\"\" decoding=\"async\" loading=\"lazy\" srcset=\"https:\/\/i0.wp.com\/www.polizeichor-dresden.de\/wp-content\/uploads\/2019\/01\/WK2018-7517.jpg?resize=150%2C150&amp;ssl=1 150w, https:\/\/i0.wp.com\/www.polizeichor-dresden.de\/wp-content\/uploads\/2019\/01\/WK2018-7517.jpg?zoom=2&amp;resize=150%2C150&amp;ssl=1 300w, https:\/\/i0.wp.com\/www.polizeichor-dresden.de\/wp-content\/uploads\/2019\/01\/WK2018-7517.jpg?zoom=3&amp;resize=150%2C150&amp;ssl=1 450w\" sizes=\"(max-width: 150px) 100vw, 150px\" data-attachment-id=\"1790\" data-permalink=\"https:\/\/www.polizeichor-dresden.de\/?attachment_id=1790\" data-orig-file=\"https:\/\/i0.wp.com\/www.polizeichor-dresden.de\/wp-content\/uploads\/2019\/01\/WK2018-7517.jpg?fit=1000%2C668&amp;ssl=1\" data-orig-size=\"1000,668\" data-comments-opened=\"1\" data-image-meta=\"{&quot;aperture&quot;:&quot;0&quot;,&quot;credit&quot;:&quot;Jan Wiedemann&quot;,&quot;camera&quot;:&quot;&quot;,&quot;caption&quot;:&quot;&quot;,&quot;created_timestamp&quot;:&quot;0&quot;,&quot;copyright&quot;:&quot;Jan Wiedemann&quot;,&quot;focal_length&quot;:&quot;0&quot;,&quot;iso&quot;:&quot;0&quot;,&quot;shutter_speed&quot;:&quot;0&quot;,&quot;title&quot;:&quot;&quot;,&quot;orientation&quot;:&quot;0&quot;}\" data-image-title=\"WK2018-7517\" data-image-description=\"\" data-image-caption=\"\" data-medium-file=\"https:\/\/i0.wp.com\/www.polizeichor-dresden.de\/wp-content\/uploads\/2019\/01\/WK2018-7517.jpg?fit=300%2C200&amp;ssl=1\" data-large-file=\"https:\/\/i0.wp.com\/www.polizeichor-dresden.de\/wp-content\/uploads\/2019\/01\/WK2018-7517.jpg?fit=1000%2C668&amp;ssl=1\" \/><\/a>\n\t\t\t<\/dt><\/dl><dl class='gallery-item'>\n\t\t\t<dt class='gallery-icon landscape'>\n\t\t\t\t<a href='https:\/\/www.polizeichor-dresden.de\/?attachment_id=1789'><img width=\"150\" height=\"150\" src=\"https:\/\/i0.wp.com\/www.polizeichor-dresden.de\/wp-content\/uploads\/2019\/01\/WK2018-7513.jpg?resize=150%2C150&amp;ssl=1\" class=\"attachment-thumbnail size-thumbnail\" alt=\"\" decoding=\"async\" loading=\"lazy\" srcset=\"https:\/\/i0.wp.com\/www.polizeichor-dresden.de\/wp-content\/uploads\/2019\/01\/WK2018-7513.jpg?resize=150%2C150&amp;ssl=1 150w, https:\/\/i0.wp.com\/www.polizeichor-dresden.de\/wp-content\/uploads\/2019\/01\/WK2018-7513.jpg?zoom=2&amp;resize=150%2C150&amp;ssl=1 300w, https:\/\/i0.wp.com\/www.polizeichor-dresden.de\/wp-content\/uploads\/2019\/01\/WK2018-7513.jpg?zoom=3&amp;resize=150%2C150&amp;ssl=1 450w\" sizes=\"(max-width: 150px) 100vw, 150px\" data-attachment-id=\"1789\" data-permalink=\"https:\/\/www.polizeichor-dresden.de\/?attachment_id=1789\" data-orig-file=\"https:\/\/i0.wp.com\/www.polizeichor-dresden.de\/wp-content\/uploads\/2019\/01\/WK2018-7513.jpg?fit=1000%2C668&amp;ssl=1\" data-orig-size=\"1000,668\" data-comments-opened=\"1\" data-image-meta=\"{&quot;aperture&quot;:&quot;0&quot;,&quot;credit&quot;:&quot;Jan Wiedemann&quot;,&quot;camera&quot;:&quot;&quot;,&quot;caption&quot;:&quot;&quot;,&quot;created_timestamp&quot;:&quot;0&quot;,&quot;copyright&quot;:&quot;Jan Wiedemann&quot;,&quot;focal_length&quot;:&quot;0&quot;,&quot;iso&quot;:&quot;0&quot;,&quot;shutter_speed&quot;:&quot;0&quot;,&quot;title&quot;:&quot;&quot;,&quot;orientation&quot;:&quot;0&quot;}\" data-image-title=\"WK2018-7513\" data-image-description=\"\" data-image-caption=\"\" data-medium-file=\"https:\/\/i0.wp.com\/www.polizeichor-dresden.de\/wp-content\/uploads\/2019\/01\/WK2018-7513.jpg?fit=300%2C200&amp;ssl=1\" data-large-file=\"https:\/\/i0.wp.com\/www.polizeichor-dresden.de\/wp-content\/uploads\/2019\/01\/WK2018-7513.jpg?fit=1000%2C668&amp;ssl=1\" \/><\/a>\n\t\t\t<\/dt><\/dl><dl class='gallery-item'>\n\t\t\t<dt class='gallery-icon landscape'>\n\t\t\t\t<a href='https:\/\/www.polizeichor-dresden.de\/?attachment_id=1884'><img width=\"150\" height=\"150\" src=\"https:\/\/i0.wp.com\/www.polizeichor-dresden.de\/wp-content\/uploads\/2019\/01\/WK2018-7890.jpg?resize=150%2C150&amp;ssl=1\" class=\"attachment-thumbnail size-thumbnail\" alt=\"\" decoding=\"async\" loading=\"lazy\" srcset=\"https:\/\/i0.wp.com\/www.polizeichor-dresden.de\/wp-content\/uploads\/2019\/01\/WK2018-7890.jpg?resize=150%2C150&amp;ssl=1 150w, https:\/\/i0.wp.com\/www.polizeichor-dresden.de\/wp-content\/uploads\/2019\/01\/WK2018-7890.jpg?zoom=2&amp;resize=150%2C150&amp;ssl=1 300w, https:\/\/i0.wp.com\/www.polizeichor-dresden.de\/wp-content\/uploads\/2019\/01\/WK2018-7890.jpg?zoom=3&amp;resize=150%2C150&amp;ssl=1 450w\" sizes=\"(max-width: 150px) 100vw, 150px\" data-attachment-id=\"1884\" data-permalink=\"https:\/\/www.polizeichor-dresden.de\/?attachment_id=1884\" data-orig-file=\"https:\/\/i0.wp.com\/www.polizeichor-dresden.de\/wp-content\/uploads\/2019\/01\/WK2018-7890.jpg?fit=1000%2C668&amp;ssl=1\" data-orig-size=\"1000,668\" data-comments-opened=\"1\" data-image-meta=\"{&quot;aperture&quot;:&quot;0&quot;,&quot;credit&quot;:&quot;Jan Wiedemann&quot;,&quot;camera&quot;:&quot;&quot;,&quot;caption&quot;:&quot;&quot;,&quot;created_timestamp&quot;:&quot;0&quot;,&quot;copyright&quot;:&quot;Jan Wiedemann&quot;,&quot;focal_length&quot;:&quot;0&quot;,&quot;iso&quot;:&quot;0&quot;,&quot;shutter_speed&quot;:&quot;0&quot;,&quot;title&quot;:&quot;&quot;,&quot;orientation&quot;:&quot;0&quot;}\" data-image-title=\"WK2018-7890\" data-image-description=\"\" data-image-caption=\"\" data-medium-file=\"https:\/\/i0.wp.com\/www.polizeichor-dresden.de\/wp-content\/uploads\/2019\/01\/WK2018-7890.jpg?fit=300%2C200&amp;ssl=1\" data-large-file=\"https:\/\/i0.wp.com\/www.polizeichor-dresden.de\/wp-content\/uploads\/2019\/01\/WK2018-7890.jpg?fit=1000%2C668&amp;ssl=1\" \/><\/a>\n\t\t\t<\/dt><\/dl><br style=\"clear: both\" \/><dl class='gallery-item'>\n\t\t\t<dt class='gallery-icon landscape'>\n\t\t\t\t<a href='https:\/\/www.polizeichor-dresden.de\/?attachment_id=1883'><img width=\"150\" height=\"150\" src=\"https:\/\/i0.wp.com\/www.polizeichor-dresden.de\/wp-content\/uploads\/2019\/01\/WK2018-7888.jpg?resize=150%2C150&amp;ssl=1\" class=\"attachment-thumbnail size-thumbnail\" alt=\"\" decoding=\"async\" loading=\"lazy\" srcset=\"https:\/\/i0.wp.com\/www.polizeichor-dresden.de\/wp-content\/uploads\/2019\/01\/WK2018-7888.jpg?resize=150%2C150&amp;ssl=1 150w, https:\/\/i0.wp.com\/www.polizeichor-dresden.de\/wp-content\/uploads\/2019\/01\/WK2018-7888.jpg?zoom=2&amp;resize=150%2C150&amp;ssl=1 300w, https:\/\/i0.wp.com\/www.polizeichor-dresden.de\/wp-content\/uploads\/2019\/01\/WK2018-7888.jpg?zoom=3&amp;resize=150%2C150&amp;ssl=1 450w\" sizes=\"(max-width: 150px) 100vw, 150px\" data-attachment-id=\"1883\" data-permalink=\"https:\/\/www.polizeichor-dresden.de\/?attachment_id=1883\" data-orig-file=\"https:\/\/i0.wp.com\/www.polizeichor-dresden.de\/wp-content\/uploads\/2019\/01\/WK2018-7888.jpg?fit=1000%2C668&amp;ssl=1\" data-orig-size=\"1000,668\" data-comments-opened=\"1\" data-image-meta=\"{&quot;aperture&quot;:&quot;0&quot;,&quot;credit&quot;:&quot;Jan Wiedemann&quot;,&quot;camera&quot;:&quot;&quot;,&quot;caption&quot;:&quot;&quot;,&quot;created_timestamp&quot;:&quot;0&quot;,&quot;copyright&quot;:&quot;Jan Wiedemann&quot;,&quot;focal_length&quot;:&quot;0&quot;,&quot;iso&quot;:&quot;0&quot;,&quot;shutter_speed&quot;:&quot;0&quot;,&quot;title&quot;:&quot;&quot;,&quot;orientation&quot;:&quot;0&quot;}\" data-image-title=\"WK2018-7888\" data-image-description=\"\" data-image-caption=\"\" data-medium-file=\"https:\/\/i0.wp.com\/www.polizeichor-dresden.de\/wp-content\/uploads\/2019\/01\/WK2018-7888.jpg?fit=300%2C200&amp;ssl=1\" data-large-file=\"https:\/\/i0.wp.com\/www.polizeichor-dresden.de\/wp-content\/uploads\/2019\/01\/WK2018-7888.jpg?fit=1000%2C668&amp;ssl=1\" \/><\/a>\n\t\t\t<\/dt><\/dl><dl class='gallery-item'>\n\t\t\t<dt class='gallery-icon landscape'>\n\t\t\t\t<a href='https:\/\/www.polizeichor-dresden.de\/?attachment_id=1882'><img width=\"150\" height=\"150\" src=\"https:\/\/i0.wp.com\/www.polizeichor-dresden.de\/wp-content\/uploads\/2019\/01\/WK2018-7882.jpg?resize=150%2C150&amp;ssl=1\" class=\"attachment-thumbnail size-thumbnail\" alt=\"\" decoding=\"async\" loading=\"lazy\" srcset=\"https:\/\/i0.wp.com\/www.polizeichor-dresden.de\/wp-content\/uploads\/2019\/01\/WK2018-7882.jpg?resize=150%2C150&amp;ssl=1 150w, https:\/\/i0.wp.com\/www.polizeichor-dresden.de\/wp-content\/uploads\/2019\/01\/WK2018-7882.jpg?zoom=2&amp;resize=150%2C150&amp;ssl=1 300w, https:\/\/i0.wp.com\/www.polizeichor-dresden.de\/wp-content\/uploads\/2019\/01\/WK2018-7882.jpg?zoom=3&amp;resize=150%2C150&amp;ssl=1 450w\" sizes=\"(max-width: 150px) 100vw, 150px\" data-attachment-id=\"1882\" data-permalink=\"https:\/\/www.polizeichor-dresden.de\/?attachment_id=1882\" data-orig-file=\"https:\/\/i0.wp.com\/www.polizeichor-dresden.de\/wp-content\/uploads\/2019\/01\/WK2018-7882.jpg?fit=1000%2C668&amp;ssl=1\" data-orig-size=\"1000,668\" data-comments-opened=\"1\" data-image-meta=\"{&quot;aperture&quot;:&quot;0&quot;,&quot;credit&quot;:&quot;Jan Wiedemann&quot;,&quot;camera&quot;:&quot;&quot;,&quot;caption&quot;:&quot;&quot;,&quot;created_timestamp&quot;:&quot;0&quot;,&quot;copyright&quot;:&quot;Jan Wiedemann&quot;,&quot;focal_length&quot;:&quot;0&quot;,&quot;iso&quot;:&quot;0&quot;,&quot;shutter_speed&quot;:&quot;0&quot;,&quot;title&quot;:&quot;&quot;,&quot;orientation&quot;:&quot;0&quot;}\" data-image-title=\"WK2018-7882\" data-image-description=\"\" data-image-caption=\"\" data-medium-file=\"https:\/\/i0.wp.com\/www.polizeichor-dresden.de\/wp-content\/uploads\/2019\/01\/WK2018-7882.jpg?fit=300%2C200&amp;ssl=1\" data-large-file=\"https:\/\/i0.wp.com\/www.polizeichor-dresden.de\/wp-content\/uploads\/2019\/01\/WK2018-7882.jpg?fit=1000%2C668&amp;ssl=1\" \/><\/a>\n\t\t\t<\/dt><\/dl><dl class='gallery-item'>\n\t\t\t<dt class='gallery-icon landscape'>\n\t\t\t\t<a href='https:\/\/www.polizeichor-dresden.de\/?attachment_id=1881'><img width=\"150\" height=\"150\" src=\"https:\/\/i0.wp.com\/www.polizeichor-dresden.de\/wp-content\/uploads\/2019\/01\/WK2018-7881.jpg?resize=150%2C150&amp;ssl=1\" class=\"attachment-thumbnail size-thumbnail\" alt=\"\" decoding=\"async\" loading=\"lazy\" srcset=\"https:\/\/i0.wp.com\/www.polizeichor-dresden.de\/wp-content\/uploads\/2019\/01\/WK2018-7881.jpg?resize=150%2C150&amp;ssl=1 150w, https:\/\/i0.wp.com\/www.polizeichor-dresden.de\/wp-content\/uploads\/2019\/01\/WK2018-7881.jpg?zoom=2&amp;resize=150%2C150&amp;ssl=1 300w, https:\/\/i0.wp.com\/www.polizeichor-dresden.de\/wp-content\/uploads\/2019\/01\/WK2018-7881.jpg?zoom=3&amp;resize=150%2C150&amp;ssl=1 450w\" sizes=\"(max-width: 150px) 100vw, 150px\" data-attachment-id=\"1881\" data-permalink=\"https:\/\/www.polizeichor-dresden.de\/?attachment_id=1881\" data-orig-file=\"https:\/\/i0.wp.com\/www.polizeichor-dresden.de\/wp-content\/uploads\/2019\/01\/WK2018-7881.jpg?fit=1000%2C668&amp;ssl=1\" data-orig-size=\"1000,668\" data-comments-opened=\"1\" data-image-meta=\"{&quot;aperture&quot;:&quot;0&quot;,&quot;credit&quot;:&quot;Jan Wiedemann&quot;,&quot;camera&quot;:&quot;&quot;,&quot;caption&quot;:&quot;&quot;,&quot;created_timestamp&quot;:&quot;0&quot;,&quot;copyright&quot;:&quot;Jan Wiedemann&quot;,&quot;focal_length&quot;:&quot;0&quot;,&quot;iso&quot;:&quot;0&quot;,&quot;shutter_speed&quot;:&quot;0&quot;,&quot;title&quot;:&quot;&quot;,&quot;orientation&quot;:&quot;0&quot;}\" data-image-title=\"WK2018-7881\" data-image-description=\"\" data-image-caption=\"\" data-medium-file=\"https:\/\/i0.wp.com\/www.polizeichor-dresden.de\/wp-content\/uploads\/2019\/01\/WK2018-7881.jpg?fit=300%2C200&amp;ssl=1\" data-large-file=\"https:\/\/i0.wp.com\/www.polizeichor-dresden.de\/wp-content\/uploads\/2019\/01\/WK2018-7881.jpg?fit=1000%2C668&amp;ssl=1\" \/><\/a>\n\t\t\t<\/dt><\/dl><dl class='gallery-item'>\n\t\t\t<dt class='gallery-icon landscape'>\n\t\t\t\t<a href='https:\/\/www.polizeichor-dresden.de\/?attachment_id=1880'><img width=\"150\" height=\"150\" src=\"https:\/\/i0.wp.com\/www.polizeichor-dresden.de\/wp-content\/uploads\/2019\/01\/WK2018-7874.jpg?resize=150%2C150&amp;ssl=1\" class=\"attachment-thumbnail size-thumbnail\" alt=\"\" decoding=\"async\" loading=\"lazy\" srcset=\"https:\/\/i0.wp.com\/www.polizeichor-dresden.de\/wp-content\/uploads\/2019\/01\/WK2018-7874.jpg?resize=150%2C150&amp;ssl=1 150w, https:\/\/i0.wp.com\/www.polizeichor-dresden.de\/wp-content\/uploads\/2019\/01\/WK2018-7874.jpg?zoom=2&amp;resize=150%2C150&amp;ssl=1 300w, https:\/\/i0.wp.com\/www.polizeichor-dresden.de\/wp-content\/uploads\/2019\/01\/WK2018-7874.jpg?zoom=3&amp;resize=150%2C150&amp;ssl=1 450w\" sizes=\"(max-width: 150px) 100vw, 150px\" data-attachment-id=\"1880\" data-permalink=\"https:\/\/www.polizeichor-dresden.de\/?attachment_id=1880\" data-orig-file=\"https:\/\/i0.wp.com\/www.polizeichor-dresden.de\/wp-content\/uploads\/2019\/01\/WK2018-7874.jpg?fit=1000%2C668&amp;ssl=1\" data-orig-size=\"1000,668\" data-comments-opened=\"1\" data-image-meta=\"{&quot;aperture&quot;:&quot;0&quot;,&quot;credit&quot;:&quot;Jan Wiedemann&quot;,&quot;camera&quot;:&quot;&quot;,&quot;caption&quot;:&quot;&quot;,&quot;created_timestamp&quot;:&quot;0&quot;,&quot;copyright&quot;:&quot;Jan Wiedemann&quot;,&quot;focal_length&quot;:&quot;0&quot;,&quot;iso&quot;:&quot;0&quot;,&quot;shutter_speed&quot;:&quot;0&quot;,&quot;title&quot;:&quot;&quot;,&quot;orientation&quot;:&quot;0&quot;}\" data-image-title=\"WK2018-7874\" data-image-description=\"\" data-image-caption=\"\" data-medium-file=\"https:\/\/i0.wp.com\/www.polizeichor-dresden.de\/wp-content\/uploads\/2019\/01\/WK2018-7874.jpg?fit=300%2C200&amp;ssl=1\" data-large-file=\"https:\/\/i0.wp.com\/www.polizeichor-dresden.de\/wp-content\/uploads\/2019\/01\/WK2018-7874.jpg?fit=1000%2C668&amp;ssl=1\" \/><\/a>\n\t\t\t<\/dt><\/dl><br style=\"clear: both\" \/><dl class='gallery-item'>\n\t\t\t<dt class='gallery-icon portrait'>\n\t\t\t\t<a href='https:\/\/www.polizeichor-dresden.de\/?attachment_id=1879'><img width=\"150\" height=\"150\" src=\"https:\/\/i0.wp.com\/www.polizeichor-dresden.de\/wp-content\/uploads\/2019\/01\/WK2018-7871.jpg?resize=150%2C150&amp;ssl=1\" class=\"attachment-thumbnail size-thumbnail\" alt=\"\" decoding=\"async\" loading=\"lazy\" srcset=\"https:\/\/i0.wp.com\/www.polizeichor-dresden.de\/wp-content\/uploads\/2019\/01\/WK2018-7871.jpg?resize=150%2C150&amp;ssl=1 150w, https:\/\/i0.wp.com\/www.polizeichor-dresden.de\/wp-content\/uploads\/2019\/01\/WK2018-7871.jpg?zoom=2&amp;resize=150%2C150&amp;ssl=1 300w, https:\/\/i0.wp.com\/www.polizeichor-dresden.de\/wp-content\/uploads\/2019\/01\/WK2018-7871.jpg?zoom=3&amp;resize=150%2C150&amp;ssl=1 450w\" sizes=\"(max-width: 150px) 100vw, 150px\" data-attachment-id=\"1879\" data-permalink=\"https:\/\/www.polizeichor-dresden.de\/?attachment_id=1879\" data-orig-file=\"https:\/\/i0.wp.com\/www.polizeichor-dresden.de\/wp-content\/uploads\/2019\/01\/WK2018-7871.jpg?fit=668%2C1000&amp;ssl=1\" data-orig-size=\"668,1000\" data-comments-opened=\"1\" data-image-meta=\"{&quot;aperture&quot;:&quot;0&quot;,&quot;credit&quot;:&quot;Jan Wiedemann&quot;,&quot;camera&quot;:&quot;&quot;,&quot;caption&quot;:&quot;&quot;,&quot;created_timestamp&quot;:&quot;0&quot;,&quot;copyright&quot;:&quot;Jan Wiedemann&quot;,&quot;focal_length&quot;:&quot;0&quot;,&quot;iso&quot;:&quot;0&quot;,&quot;shutter_speed&quot;:&quot;0&quot;,&quot;title&quot;:&quot;&quot;,&quot;orientation&quot;:&quot;0&quot;}\" data-image-title=\"WK2018-7871\" data-image-description=\"\" data-image-caption=\"\" data-medium-file=\"https:\/\/i0.wp.com\/www.polizeichor-dresden.de\/wp-content\/uploads\/2019\/01\/WK2018-7871.jpg?fit=200%2C300&amp;ssl=1\" data-large-file=\"https:\/\/i0.wp.com\/www.polizeichor-dresden.de\/wp-content\/uploads\/2019\/01\/WK2018-7871.jpg?fit=668%2C1000&amp;ssl=1\" \/><\/a>\n\t\t\t<\/dt><\/dl><dl class='gallery-item'>\n\t\t\t<dt class='gallery-icon portrait'>\n\t\t\t\t<a href='https:\/\/www.polizeichor-dresden.de\/?attachment_id=1878'><img width=\"150\" height=\"150\" src=\"https:\/\/i0.wp.com\/www.polizeichor-dresden.de\/wp-content\/uploads\/2019\/01\/WK2018-7868.jpg?resize=150%2C150&amp;ssl=1\" class=\"attachment-thumbnail size-thumbnail\" alt=\"\" decoding=\"async\" loading=\"lazy\" srcset=\"https:\/\/i0.wp.com\/www.polizeichor-dresden.de\/wp-content\/uploads\/2019\/01\/WK2018-7868.jpg?resize=150%2C150&amp;ssl=1 150w, https:\/\/i0.wp.com\/www.polizeichor-dresden.de\/wp-content\/uploads\/2019\/01\/WK2018-7868.jpg?zoom=2&amp;resize=150%2C150&amp;ssl=1 300w, https:\/\/i0.wp.com\/www.polizeichor-dresden.de\/wp-content\/uploads\/2019\/01\/WK2018-7868.jpg?zoom=3&amp;resize=150%2C150&amp;ssl=1 450w\" sizes=\"(max-width: 150px) 100vw, 150px\" data-attachment-id=\"1878\" data-permalink=\"https:\/\/www.polizeichor-dresden.de\/?attachment_id=1878\" data-orig-file=\"https:\/\/i0.wp.com\/www.polizeichor-dresden.de\/wp-content\/uploads\/2019\/01\/WK2018-7868.jpg?fit=668%2C1000&amp;ssl=1\" data-orig-size=\"668,1000\" data-comments-opened=\"1\" data-image-meta=\"{&quot;aperture&quot;:&quot;0&quot;,&quot;credit&quot;:&quot;Jan Wiedemann&quot;,&quot;camera&quot;:&quot;&quot;,&quot;caption&quot;:&quot;&quot;,&quot;created_timestamp&quot;:&quot;0&quot;,&quot;copyright&quot;:&quot;Jan Wiedemann&quot;,&quot;focal_length&quot;:&quot;0&quot;,&quot;iso&quot;:&quot;0&quot;,&quot;shutter_speed&quot;:&quot;0&quot;,&quot;title&quot;:&quot;&quot;,&quot;orientation&quot;:&quot;0&quot;}\" data-image-title=\"WK2018-7868\" data-image-description=\"\" data-image-caption=\"\" data-medium-file=\"https:\/\/i0.wp.com\/www.polizeichor-dresden.de\/wp-content\/uploads\/2019\/01\/WK2018-7868.jpg?fit=200%2C300&amp;ssl=1\" data-large-file=\"https:\/\/i0.wp.com\/www.polizeichor-dresden.de\/wp-content\/uploads\/2019\/01\/WK2018-7868.jpg?fit=668%2C1000&amp;ssl=1\" \/><\/a>\n\t\t\t<\/dt><\/dl><dl class='gallery-item'>\n\t\t\t<dt class='gallery-icon landscape'>\n\t\t\t\t<a href='https:\/\/www.polizeichor-dresden.de\/?attachment_id=1877'><img width=\"150\" height=\"150\" src=\"https:\/\/i0.wp.com\/www.polizeichor-dresden.de\/wp-content\/uploads\/2019\/01\/WK2018-7864.jpg?resize=150%2C150&amp;ssl=1\" class=\"attachment-thumbnail size-thumbnail\" alt=\"\" decoding=\"async\" loading=\"lazy\" srcset=\"https:\/\/i0.wp.com\/www.polizeichor-dresden.de\/wp-content\/uploads\/2019\/01\/WK2018-7864.jpg?resize=150%2C150&amp;ssl=1 150w, https:\/\/i0.wp.com\/www.polizeichor-dresden.de\/wp-content\/uploads\/2019\/01\/WK2018-7864.jpg?zoom=2&amp;resize=150%2C150&amp;ssl=1 300w, https:\/\/i0.wp.com\/www.polizeichor-dresden.de\/wp-content\/uploads\/2019\/01\/WK2018-7864.jpg?zoom=3&amp;resize=150%2C150&amp;ssl=1 450w\" sizes=\"(max-width: 150px) 100vw, 150px\" data-attachment-id=\"1877\" data-permalink=\"https:\/\/www.polizeichor-dresden.de\/?attachment_id=1877\" data-orig-file=\"https:\/\/i0.wp.com\/www.polizeichor-dresden.de\/wp-content\/uploads\/2019\/01\/WK2018-7864.jpg?fit=1000%2C668&amp;ssl=1\" data-orig-size=\"1000,668\" data-comments-opened=\"1\" data-image-meta=\"{&quot;aperture&quot;:&quot;0&quot;,&quot;credit&quot;:&quot;Jan Wiedemann&quot;,&quot;camera&quot;:&quot;&quot;,&quot;caption&quot;:&quot;&quot;,&quot;created_timestamp&quot;:&quot;0&quot;,&quot;copyright&quot;:&quot;Jan Wiedemann&quot;,&quot;focal_length&quot;:&quot;0&quot;,&quot;iso&quot;:&quot;0&quot;,&quot;shutter_speed&quot;:&quot;0&quot;,&quot;title&quot;:&quot;&quot;,&quot;orientation&quot;:&quot;0&quot;}\" data-image-title=\"WK2018-7864\" data-image-description=\"\" data-image-caption=\"\" data-medium-file=\"https:\/\/i0.wp.com\/www.polizeichor-dresden.de\/wp-content\/uploads\/2019\/01\/WK2018-7864.jpg?fit=300%2C200&amp;ssl=1\" data-large-file=\"https:\/\/i0.wp.com\/www.polizeichor-dresden.de\/wp-content\/uploads\/2019\/01\/WK2018-7864.jpg?fit=1000%2C668&amp;ssl=1\" \/><\/a>\n\t\t\t<\/dt><\/dl><dl class='gallery-item'>\n\t\t\t<dt class='gallery-icon landscape'>\n\t\t\t\t<a href='https:\/\/www.polizeichor-dresden.de\/?attachment_id=1876'><img width=\"150\" height=\"150\" src=\"https:\/\/i0.wp.com\/www.polizeichor-dresden.de\/wp-content\/uploads\/2019\/01\/WK2018-7860.jpg?resize=150%2C150&amp;ssl=1\" class=\"attachment-thumbnail size-thumbnail\" alt=\"\" decoding=\"async\" loading=\"lazy\" srcset=\"https:\/\/i0.wp.com\/www.polizeichor-dresden.de\/wp-content\/uploads\/2019\/01\/WK2018-7860.jpg?resize=150%2C150&amp;ssl=1 150w, https:\/\/i0.wp.com\/www.polizeichor-dresden.de\/wp-content\/uploads\/2019\/01\/WK2018-7860.jpg?zoom=2&amp;resize=150%2C150&amp;ssl=1 300w, https:\/\/i0.wp.com\/www.polizeichor-dresden.de\/wp-content\/uploads\/2019\/01\/WK2018-7860.jpg?zoom=3&amp;resize=150%2C150&amp;ssl=1 450w\" sizes=\"(max-width: 150px) 100vw, 150px\" data-attachment-id=\"1876\" data-permalink=\"https:\/\/www.polizeichor-dresden.de\/?attachment_id=1876\" data-orig-file=\"https:\/\/i0.wp.com\/www.polizeichor-dresden.de\/wp-content\/uploads\/2019\/01\/WK2018-7860.jpg?fit=1000%2C699&amp;ssl=1\" data-orig-size=\"1000,699\" data-comments-opened=\"1\" data-image-meta=\"{&quot;aperture&quot;:&quot;0&quot;,&quot;credit&quot;:&quot;Jan Wiedemann&quot;,&quot;camera&quot;:&quot;&quot;,&quot;caption&quot;:&quot;&quot;,&quot;created_timestamp&quot;:&quot;0&quot;,&quot;copyright&quot;:&quot;Jan Wiedemann&quot;,&quot;focal_length&quot;:&quot;0&quot;,&quot;iso&quot;:&quot;0&quot;,&quot;shutter_speed&quot;:&quot;0&quot;,&quot;title&quot;:&quot;&quot;,&quot;orientation&quot;:&quot;0&quot;}\" data-image-title=\"WK2018-7860\" data-image-description=\"\" data-image-caption=\"\" data-medium-file=\"https:\/\/i0.wp.com\/www.polizeichor-dresden.de\/wp-content\/uploads\/2019\/01\/WK2018-7860.jpg?fit=300%2C210&amp;ssl=1\" data-large-file=\"https:\/\/i0.wp.com\/www.polizeichor-dresden.de\/wp-content\/uploads\/2019\/01\/WK2018-7860.jpg?fit=1000%2C699&amp;ssl=1\" \/><\/a>\n\t\t\t<\/dt><\/dl><br style=\"clear: both\" \/><dl class='gallery-item'>\n\t\t\t<dt class='gallery-icon landscape'>\n\t\t\t\t<a href='https:\/\/www.polizeichor-dresden.de\/?attachment_id=1875'><img width=\"150\" height=\"150\" src=\"https:\/\/i0.wp.com\/www.polizeichor-dresden.de\/wp-content\/uploads\/2019\/01\/WK2018-7859.jpg?resize=150%2C150&amp;ssl=1\" class=\"attachment-thumbnail size-thumbnail\" alt=\"\" decoding=\"async\" loading=\"lazy\" srcset=\"https:\/\/i0.wp.com\/www.polizeichor-dresden.de\/wp-content\/uploads\/2019\/01\/WK2018-7859.jpg?resize=150%2C150&amp;ssl=1 150w, https:\/\/i0.wp.com\/www.polizeichor-dresden.de\/wp-content\/uploads\/2019\/01\/WK2018-7859.jpg?zoom=2&amp;resize=150%2C150&amp;ssl=1 300w, https:\/\/i0.wp.com\/www.polizeichor-dresden.de\/wp-content\/uploads\/2019\/01\/WK2018-7859.jpg?zoom=3&amp;resize=150%2C150&amp;ssl=1 450w\" sizes=\"(max-width: 150px) 100vw, 150px\" data-attachment-id=\"1875\" data-permalink=\"https:\/\/www.polizeichor-dresden.de\/?attachment_id=1875\" data-orig-file=\"https:\/\/i0.wp.com\/www.polizeichor-dresden.de\/wp-content\/uploads\/2019\/01\/WK2018-7859.jpg?fit=1000%2C668&amp;ssl=1\" data-orig-size=\"1000,668\" data-comments-opened=\"1\" data-image-meta=\"{&quot;aperture&quot;:&quot;0&quot;,&quot;credit&quot;:&quot;Jan Wiedemann&quot;,&quot;camera&quot;:&quot;&quot;,&quot;caption&quot;:&quot;&quot;,&quot;created_timestamp&quot;:&quot;0&quot;,&quot;copyright&quot;:&quot;Jan Wiedemann&quot;,&quot;focal_length&quot;:&quot;0&quot;,&quot;iso&quot;:&quot;0&quot;,&quot;shutter_speed&quot;:&quot;0&quot;,&quot;title&quot;:&quot;&quot;,&quot;orientation&quot;:&quot;0&quot;}\" data-image-title=\"WK2018-7859\" data-image-description=\"\" data-image-caption=\"\" data-medium-file=\"https:\/\/i0.wp.com\/www.polizeichor-dresden.de\/wp-content\/uploads\/2019\/01\/WK2018-7859.jpg?fit=300%2C200&amp;ssl=1\" data-large-file=\"https:\/\/i0.wp.com\/www.polizeichor-dresden.de\/wp-content\/uploads\/2019\/01\/WK2018-7859.jpg?fit=1000%2C668&amp;ssl=1\" \/><\/a>\n\t\t\t<\/dt><\/dl><dl class='gallery-item'>\n\t\t\t<dt class='gallery-icon portrait'>\n\t\t\t\t<a href='https:\/\/www.polizeichor-dresden.de\/?attachment_id=1874'><img width=\"150\" height=\"150\" src=\"https:\/\/i0.wp.com\/www.polizeichor-dresden.de\/wp-content\/uploads\/2019\/01\/WK2018-7856.jpg?resize=150%2C150&amp;ssl=1\" class=\"attachment-thumbnail size-thumbnail\" alt=\"\" decoding=\"async\" loading=\"lazy\" srcset=\"https:\/\/i0.wp.com\/www.polizeichor-dresden.de\/wp-content\/uploads\/2019\/01\/WK2018-7856.jpg?resize=150%2C150&amp;ssl=1 150w, https:\/\/i0.wp.com\/www.polizeichor-dresden.de\/wp-content\/uploads\/2019\/01\/WK2018-7856.jpg?zoom=2&amp;resize=150%2C150&amp;ssl=1 300w, https:\/\/i0.wp.com\/www.polizeichor-dresden.de\/wp-content\/uploads\/2019\/01\/WK2018-7856.jpg?zoom=3&amp;resize=150%2C150&amp;ssl=1 450w\" sizes=\"(max-width: 150px) 100vw, 150px\" data-attachment-id=\"1874\" data-permalink=\"https:\/\/www.polizeichor-dresden.de\/?attachment_id=1874\" data-orig-file=\"https:\/\/i0.wp.com\/www.polizeichor-dresden.de\/wp-content\/uploads\/2019\/01\/WK2018-7856.jpg?fit=668%2C1000&amp;ssl=1\" data-orig-size=\"668,1000\" data-comments-opened=\"1\" data-image-meta=\"{&quot;aperture&quot;:&quot;0&quot;,&quot;credit&quot;:&quot;Jan Wiedemann&quot;,&quot;camera&quot;:&quot;&quot;,&quot;caption&quot;:&quot;&quot;,&quot;created_timestamp&quot;:&quot;0&quot;,&quot;copyright&quot;:&quot;Jan Wiedemann&quot;,&quot;focal_length&quot;:&quot;0&quot;,&quot;iso&quot;:&quot;0&quot;,&quot;shutter_speed&quot;:&quot;0&quot;,&quot;title&quot;:&quot;&quot;,&quot;orientation&quot;:&quot;0&quot;}\" data-image-title=\"WK2018-7856\" data-image-description=\"\" data-image-caption=\"\" data-medium-file=\"https:\/\/i0.wp.com\/www.polizeichor-dresden.de\/wp-content\/uploads\/2019\/01\/WK2018-7856.jpg?fit=200%2C300&amp;ssl=1\" data-large-file=\"https:\/\/i0.wp.com\/www.polizeichor-dresden.de\/wp-content\/uploads\/2019\/01\/WK2018-7856.jpg?fit=668%2C1000&amp;ssl=1\" \/><\/a>\n\t\t\t<\/dt><\/dl><dl class='gallery-item'>\n\t\t\t<dt class='gallery-icon landscape'>\n\t\t\t\t<a href='https:\/\/www.polizeichor-dresden.de\/?attachment_id=1873'><img width=\"150\" height=\"150\" src=\"https:\/\/i0.wp.com\/www.polizeichor-dresden.de\/wp-content\/uploads\/2019\/01\/WK2018-7854.jpg?resize=150%2C150&amp;ssl=1\" class=\"attachment-thumbnail size-thumbnail\" alt=\"\" decoding=\"async\" loading=\"lazy\" srcset=\"https:\/\/i0.wp.com\/www.polizeichor-dresden.de\/wp-content\/uploads\/2019\/01\/WK2018-7854.jpg?resize=150%2C150&amp;ssl=1 150w, https:\/\/i0.wp.com\/www.polizeichor-dresden.de\/wp-content\/uploads\/2019\/01\/WK2018-7854.jpg?zoom=2&amp;resize=150%2C150&amp;ssl=1 300w, https:\/\/i0.wp.com\/www.polizeichor-dresden.de\/wp-content\/uploads\/2019\/01\/WK2018-7854.jpg?zoom=3&amp;resize=150%2C150&amp;ssl=1 450w\" sizes=\"(max-width: 150px) 100vw, 150px\" data-attachment-id=\"1873\" data-permalink=\"https:\/\/www.polizeichor-dresden.de\/?attachment_id=1873\" data-orig-file=\"https:\/\/i0.wp.com\/www.polizeichor-dresden.de\/wp-content\/uploads\/2019\/01\/WK2018-7854.jpg?fit=1000%2C668&amp;ssl=1\" data-orig-size=\"1000,668\" data-comments-opened=\"1\" data-image-meta=\"{&quot;aperture&quot;:&quot;0&quot;,&quot;credit&quot;:&quot;Jan Wiedemann&quot;,&quot;camera&quot;:&quot;&quot;,&quot;caption&quot;:&quot;&quot;,&quot;created_timestamp&quot;:&quot;0&quot;,&quot;copyright&quot;:&quot;Jan Wiedemann&quot;,&quot;focal_length&quot;:&quot;0&quot;,&quot;iso&quot;:&quot;0&quot;,&quot;shutter_speed&quot;:&quot;0&quot;,&quot;title&quot;:&quot;&quot;,&quot;orientation&quot;:&quot;0&quot;}\" data-image-title=\"WK2018-7854\" data-image-description=\"\" data-image-caption=\"\" data-medium-file=\"https:\/\/i0.wp.com\/www.polizeichor-dresden.de\/wp-content\/uploads\/2019\/01\/WK2018-7854.jpg?fit=300%2C200&amp;ssl=1\" data-large-file=\"https:\/\/i0.wp.com\/www.polizeichor-dresden.de\/wp-content\/uploads\/2019\/01\/WK2018-7854.jpg?fit=1000%2C668&amp;ssl=1\" \/><\/a>\n\t\t\t<\/dt><\/dl><dl class='gallery-item'>\n\t\t\t<dt class='gallery-icon landscape'>\n\t\t\t\t<a href='https:\/\/www.polizeichor-dresden.de\/?attachment_id=1872'><img width=\"150\" height=\"150\" src=\"https:\/\/i0.wp.com\/www.polizeichor-dresden.de\/wp-content\/uploads\/2019\/01\/WK2018-7852.jpg?resize=150%2C150&amp;ssl=1\" class=\"attachment-thumbnail size-thumbnail\" alt=\"\" decoding=\"async\" loading=\"lazy\" srcset=\"https:\/\/i0.wp.com\/www.polizeichor-dresden.de\/wp-content\/uploads\/2019\/01\/WK2018-7852.jpg?resize=150%2C150&amp;ssl=1 150w, https:\/\/i0.wp.com\/www.polizeichor-dresden.de\/wp-content\/uploads\/2019\/01\/WK2018-7852.jpg?zoom=2&amp;resize=150%2C150&amp;ssl=1 300w, https:\/\/i0.wp.com\/www.polizeichor-dresden.de\/wp-content\/uploads\/2019\/01\/WK2018-7852.jpg?zoom=3&amp;resize=150%2C150&amp;ssl=1 450w\" sizes=\"(max-width: 150px) 100vw, 150px\" data-attachment-id=\"1872\" data-permalink=\"https:\/\/www.polizeichor-dresden.de\/?attachment_id=1872\" data-orig-file=\"https:\/\/i0.wp.com\/www.polizeichor-dresden.de\/wp-content\/uploads\/2019\/01\/WK2018-7852.jpg?fit=1000%2C668&amp;ssl=1\" data-orig-size=\"1000,668\" data-comments-opened=\"1\" data-image-meta=\"{&quot;aperture&quot;:&quot;0&quot;,&quot;credit&quot;:&quot;Jan Wiedemann&quot;,&quot;camera&quot;:&quot;&quot;,&quot;caption&quot;:&quot;&quot;,&quot;created_timestamp&quot;:&quot;0&quot;,&quot;copyright&quot;:&quot;Jan Wiedemann&quot;,&quot;focal_length&quot;:&quot;0&quot;,&quot;iso&quot;:&quot;0&quot;,&quot;shutter_speed&quot;:&quot;0&quot;,&quot;title&quot;:&quot;&quot;,&quot;orientation&quot;:&quot;0&quot;}\" data-image-title=\"WK2018-7852\" data-image-description=\"\" data-image-caption=\"\" data-medium-file=\"https:\/\/i0.wp.com\/www.polizeichor-dresden.de\/wp-content\/uploads\/2019\/01\/WK2018-7852.jpg?fit=300%2C200&amp;ssl=1\" data-large-file=\"https:\/\/i0.wp.com\/www.polizeichor-dresden.de\/wp-content\/uploads\/2019\/01\/WK2018-7852.jpg?fit=1000%2C668&amp;ssl=1\" \/><\/a>\n\t\t\t<\/dt><\/dl><br style=\"clear: both\" \/><dl class='gallery-item'>\n\t\t\t<dt class='gallery-icon landscape'>\n\t\t\t\t<a href='https:\/\/www.polizeichor-dresden.de\/?attachment_id=1871'><img width=\"150\" height=\"150\" src=\"https:\/\/i0.wp.com\/www.polizeichor-dresden.de\/wp-content\/uploads\/2019\/01\/WK2018-7849.jpg?resize=150%2C150&amp;ssl=1\" class=\"attachment-thumbnail size-thumbnail\" alt=\"\" decoding=\"async\" loading=\"lazy\" srcset=\"https:\/\/i0.wp.com\/www.polizeichor-dresden.de\/wp-content\/uploads\/2019\/01\/WK2018-7849.jpg?resize=150%2C150&amp;ssl=1 150w, https:\/\/i0.wp.com\/www.polizeichor-dresden.de\/wp-content\/uploads\/2019\/01\/WK2018-7849.jpg?zoom=2&amp;resize=150%2C150&amp;ssl=1 300w, https:\/\/i0.wp.com\/www.polizeichor-dresden.de\/wp-content\/uploads\/2019\/01\/WK2018-7849.jpg?zoom=3&amp;resize=150%2C150&amp;ssl=1 450w\" sizes=\"(max-width: 150px) 100vw, 150px\" data-attachment-id=\"1871\" data-permalink=\"https:\/\/www.polizeichor-dresden.de\/?attachment_id=1871\" data-orig-file=\"https:\/\/i0.wp.com\/www.polizeichor-dresden.de\/wp-content\/uploads\/2019\/01\/WK2018-7849.jpg?fit=1000%2C668&amp;ssl=1\" data-orig-size=\"1000,668\" data-comments-opened=\"1\" data-image-meta=\"{&quot;aperture&quot;:&quot;0&quot;,&quot;credit&quot;:&quot;Jan Wiedemann&quot;,&quot;camera&quot;:&quot;&quot;,&quot;caption&quot;:&quot;&quot;,&quot;created_timestamp&quot;:&quot;0&quot;,&quot;copyright&quot;:&quot;Jan Wiedemann&quot;,&quot;focal_length&quot;:&quot;0&quot;,&quot;iso&quot;:&quot;0&quot;,&quot;shutter_speed&quot;:&quot;0&quot;,&quot;title&quot;:&quot;&quot;,&quot;orientation&quot;:&quot;0&quot;}\" data-image-title=\"WK2018-7849\" data-image-description=\"\" data-image-caption=\"\" data-medium-file=\"https:\/\/i0.wp.com\/www.polizeichor-dresden.de\/wp-content\/uploads\/2019\/01\/WK2018-7849.jpg?fit=300%2C200&amp;ssl=1\" data-large-file=\"https:\/\/i0.wp.com\/www.polizeichor-dresden.de\/wp-content\/uploads\/2019\/01\/WK2018-7849.jpg?fit=1000%2C668&amp;ssl=1\" \/><\/a>\n\t\t\t<\/dt><\/dl><dl class='gallery-item'>\n\t\t\t<dt class='gallery-icon landscape'>\n\t\t\t\t<a href='https:\/\/www.polizeichor-dresden.de\/?attachment_id=1870'><img width=\"150\" height=\"150\" src=\"https:\/\/i0.wp.com\/www.polizeichor-dresden.de\/wp-content\/uploads\/2019\/01\/WK2018-7848.jpg?resize=150%2C150&amp;ssl=1\" class=\"attachment-thumbnail size-thumbnail\" alt=\"\" decoding=\"async\" loading=\"lazy\" srcset=\"https:\/\/i0.wp.com\/www.polizeichor-dresden.de\/wp-content\/uploads\/2019\/01\/WK2018-7848.jpg?resize=150%2C150&amp;ssl=1 150w, https:\/\/i0.wp.com\/www.polizeichor-dresden.de\/wp-content\/uploads\/2019\/01\/WK2018-7848.jpg?zoom=2&amp;resize=150%2C150&amp;ssl=1 300w, https:\/\/i0.wp.com\/www.polizeichor-dresden.de\/wp-content\/uploads\/2019\/01\/WK2018-7848.jpg?zoom=3&amp;resize=150%2C150&amp;ssl=1 450w\" sizes=\"(max-width: 150px) 100vw, 150px\" data-attachment-id=\"1870\" data-permalink=\"https:\/\/www.polizeichor-dresden.de\/?attachment_id=1870\" data-orig-file=\"https:\/\/i0.wp.com\/www.polizeichor-dresden.de\/wp-content\/uploads\/2019\/01\/WK2018-7848.jpg?fit=1000%2C668&amp;ssl=1\" data-orig-size=\"1000,668\" data-comments-opened=\"1\" data-image-meta=\"{&quot;aperture&quot;:&quot;0&quot;,&quot;credit&quot;:&quot;Jan Wiedemann&quot;,&quot;camera&quot;:&quot;&quot;,&quot;caption&quot;:&quot;&quot;,&quot;created_timestamp&quot;:&quot;0&quot;,&quot;copyright&quot;:&quot;Jan Wiedemann&quot;,&quot;focal_length&quot;:&quot;0&quot;,&quot;iso&quot;:&quot;0&quot;,&quot;shutter_speed&quot;:&quot;0&quot;,&quot;title&quot;:&quot;&quot;,&quot;orientation&quot;:&quot;0&quot;}\" data-image-title=\"WK2018-7848\" data-image-description=\"\" data-image-caption=\"\" data-medium-file=\"https:\/\/i0.wp.com\/www.polizeichor-dresden.de\/wp-content\/uploads\/2019\/01\/WK2018-7848.jpg?fit=300%2C200&amp;ssl=1\" data-large-file=\"https:\/\/i0.wp.com\/www.polizeichor-dresden.de\/wp-content\/uploads\/2019\/01\/WK2018-7848.jpg?fit=1000%2C668&amp;ssl=1\" \/><\/a>\n\t\t\t<\/dt><\/dl><dl class='gallery-item'>\n\t\t\t<dt class='gallery-icon landscape'>\n\t\t\t\t<a href='https:\/\/www.polizeichor-dresden.de\/?attachment_id=1869'><img width=\"150\" height=\"150\" src=\"https:\/\/i0.wp.com\/www.polizeichor-dresden.de\/wp-content\/uploads\/2019\/01\/WK2018-7847.jpg?resize=150%2C150&amp;ssl=1\" class=\"attachment-thumbnail size-thumbnail\" alt=\"\" decoding=\"async\" loading=\"lazy\" srcset=\"https:\/\/i0.wp.com\/www.polizeichor-dresden.de\/wp-content\/uploads\/2019\/01\/WK2018-7847.jpg?resize=150%2C150&amp;ssl=1 150w, https:\/\/i0.wp.com\/www.polizeichor-dresden.de\/wp-content\/uploads\/2019\/01\/WK2018-7847.jpg?zoom=2&amp;resize=150%2C150&amp;ssl=1 300w, https:\/\/i0.wp.com\/www.polizeichor-dresden.de\/wp-content\/uploads\/2019\/01\/WK2018-7847.jpg?zoom=3&amp;resize=150%2C150&amp;ssl=1 450w\" sizes=\"(max-width: 150px) 100vw, 150px\" data-attachment-id=\"1869\" data-permalink=\"https:\/\/www.polizeichor-dresden.de\/?attachment_id=1869\" data-orig-file=\"https:\/\/i0.wp.com\/www.polizeichor-dresden.de\/wp-content\/uploads\/2019\/01\/WK2018-7847.jpg?fit=1000%2C668&amp;ssl=1\" data-orig-size=\"1000,668\" data-comments-opened=\"1\" data-image-meta=\"{&quot;aperture&quot;:&quot;0&quot;,&quot;credit&quot;:&quot;Jan Wiedemann&quot;,&quot;camera&quot;:&quot;&quot;,&quot;caption&quot;:&quot;&quot;,&quot;created_timestamp&quot;:&quot;0&quot;,&quot;copyright&quot;:&quot;Jan Wiedemann&quot;,&quot;focal_length&quot;:&quot;0&quot;,&quot;iso&quot;:&quot;0&quot;,&quot;shutter_speed&quot;:&quot;0&quot;,&quot;title&quot;:&quot;&quot;,&quot;orientation&quot;:&quot;0&quot;}\" data-image-title=\"WK2018-7847\" data-image-description=\"\" data-image-caption=\"\" data-medium-file=\"https:\/\/i0.wp.com\/www.polizeichor-dresden.de\/wp-content\/uploads\/2019\/01\/WK2018-7847.jpg?fit=300%2C200&amp;ssl=1\" data-large-file=\"https:\/\/i0.wp.com\/www.polizeichor-dresden.de\/wp-content\/uploads\/2019\/01\/WK2018-7847.jpg?fit=1000%2C668&amp;ssl=1\" \/><\/a>\n\t\t\t<\/dt><\/dl><dl class='gallery-item'>\n\t\t\t<dt class='gallery-icon landscape'>\n\t\t\t\t<a href='https:\/\/www.polizeichor-dresden.de\/?attachment_id=1868'><img width=\"150\" height=\"150\" src=\"https:\/\/i0.wp.com\/www.polizeichor-dresden.de\/wp-content\/uploads\/2019\/01\/WK2018-7843.jpg?resize=150%2C150&amp;ssl=1\" class=\"attachment-thumbnail size-thumbnail\" alt=\"\" decoding=\"async\" loading=\"lazy\" srcset=\"https:\/\/i0.wp.com\/www.polizeichor-dresden.de\/wp-content\/uploads\/2019\/01\/WK2018-7843.jpg?resize=150%2C150&amp;ssl=1 150w, https:\/\/i0.wp.com\/www.polizeichor-dresden.de\/wp-content\/uploads\/2019\/01\/WK2018-7843.jpg?zoom=2&amp;resize=150%2C150&amp;ssl=1 300w, https:\/\/i0.wp.com\/www.polizeichor-dresden.de\/wp-content\/uploads\/2019\/01\/WK2018-7843.jpg?zoom=3&amp;resize=150%2C150&amp;ssl=1 450w\" sizes=\"(max-width: 150px) 100vw, 150px\" data-attachment-id=\"1868\" data-permalink=\"https:\/\/www.polizeichor-dresden.de\/?attachment_id=1868\" data-orig-file=\"https:\/\/i0.wp.com\/www.polizeichor-dresden.de\/wp-content\/uploads\/2019\/01\/WK2018-7843.jpg?fit=1000%2C668&amp;ssl=1\" data-orig-size=\"1000,668\" data-comments-opened=\"1\" data-image-meta=\"{&quot;aperture&quot;:&quot;0&quot;,&quot;credit&quot;:&quot;Jan Wiedemann&quot;,&quot;camera&quot;:&quot;&quot;,&quot;caption&quot;:&quot;&quot;,&quot;created_timestamp&quot;:&quot;0&quot;,&quot;copyright&quot;:&quot;Jan Wiedemann&quot;,&quot;focal_length&quot;:&quot;0&quot;,&quot;iso&quot;:&quot;0&quot;,&quot;shutter_speed&quot;:&quot;0&quot;,&quot;title&quot;:&quot;&quot;,&quot;orientation&quot;:&quot;0&quot;}\" data-image-title=\"WK2018-7843\" data-image-description=\"\" data-image-caption=\"\" data-medium-file=\"https:\/\/i0.wp.com\/www.polizeichor-dresden.de\/wp-content\/uploads\/2019\/01\/WK2018-7843.jpg?fit=300%2C200&amp;ssl=1\" data-large-file=\"https:\/\/i0.wp.com\/www.polizeichor-dresden.de\/wp-content\/uploads\/2019\/01\/WK2018-7843.jpg?fit=1000%2C668&amp;ssl=1\" \/><\/a>\n\t\t\t<\/dt><\/dl><br style=\"clear: both\" \/><dl class='gallery-item'>\n\t\t\t<dt class='gallery-icon landscape'>\n\t\t\t\t<a href='https:\/\/www.polizeichor-dresden.de\/?attachment_id=1867'><img width=\"150\" height=\"150\" src=\"https:\/\/i0.wp.com\/www.polizeichor-dresden.de\/wp-content\/uploads\/2019\/01\/WK2018-7841.jpg?resize=150%2C150&amp;ssl=1\" class=\"attachment-thumbnail size-thumbnail\" alt=\"\" decoding=\"async\" loading=\"lazy\" srcset=\"https:\/\/i0.wp.com\/www.polizeichor-dresden.de\/wp-content\/uploads\/2019\/01\/WK2018-7841.jpg?resize=150%2C150&amp;ssl=1 150w, https:\/\/i0.wp.com\/www.polizeichor-dresden.de\/wp-content\/uploads\/2019\/01\/WK2018-7841.jpg?zoom=2&amp;resize=150%2C150&amp;ssl=1 300w, https:\/\/i0.wp.com\/www.polizeichor-dresden.de\/wp-content\/uploads\/2019\/01\/WK2018-7841.jpg?zoom=3&amp;resize=150%2C150&amp;ssl=1 450w\" sizes=\"(max-width: 150px) 100vw, 150px\" data-attachment-id=\"1867\" data-permalink=\"https:\/\/www.polizeichor-dresden.de\/?attachment_id=1867\" data-orig-file=\"https:\/\/i0.wp.com\/www.polizeichor-dresden.de\/wp-content\/uploads\/2019\/01\/WK2018-7841.jpg?fit=1000%2C668&amp;ssl=1\" data-orig-size=\"1000,668\" data-comments-opened=\"1\" data-image-meta=\"{&quot;aperture&quot;:&quot;0&quot;,&quot;credit&quot;:&quot;Jan Wiedemann&quot;,&quot;camera&quot;:&quot;&quot;,&quot;caption&quot;:&quot;&quot;,&quot;created_timestamp&quot;:&quot;0&quot;,&quot;copyright&quot;:&quot;Jan Wiedemann&quot;,&quot;focal_length&quot;:&quot;0&quot;,&quot;iso&quot;:&quot;0&quot;,&quot;shutter_speed&quot;:&quot;0&quot;,&quot;title&quot;:&quot;&quot;,&quot;orientation&quot;:&quot;0&quot;}\" data-image-title=\"WK2018-7841\" data-image-description=\"\" data-image-caption=\"\" data-medium-file=\"https:\/\/i0.wp.com\/www.polizeichor-dresden.de\/wp-content\/uploads\/2019\/01\/WK2018-7841.jpg?fit=300%2C200&amp;ssl=1\" data-large-file=\"https:\/\/i0.wp.com\/www.polizeichor-dresden.de\/wp-content\/uploads\/2019\/01\/WK2018-7841.jpg?fit=1000%2C668&amp;ssl=1\" \/><\/a>\n\t\t\t<\/dt><\/dl><dl class='gallery-item'>\n\t\t\t<dt class='gallery-icon landscape'>\n\t\t\t\t<a href='https:\/\/www.polizeichor-dresden.de\/?attachment_id=1866'><img width=\"150\" height=\"150\" src=\"https:\/\/i0.wp.com\/www.polizeichor-dresden.de\/wp-content\/uploads\/2019\/01\/WK2018-7836.jpg?resize=150%2C150&amp;ssl=1\" class=\"attachment-thumbnail size-thumbnail\" alt=\"\" decoding=\"async\" loading=\"lazy\" srcset=\"https:\/\/i0.wp.com\/www.polizeichor-dresden.de\/wp-content\/uploads\/2019\/01\/WK2018-7836.jpg?resize=150%2C150&amp;ssl=1 150w, https:\/\/i0.wp.com\/www.polizeichor-dresden.de\/wp-content\/uploads\/2019\/01\/WK2018-7836.jpg?zoom=2&amp;resize=150%2C150&amp;ssl=1 300w, https:\/\/i0.wp.com\/www.polizeichor-dresden.de\/wp-content\/uploads\/2019\/01\/WK2018-7836.jpg?zoom=3&amp;resize=150%2C150&amp;ssl=1 450w\" sizes=\"(max-width: 150px) 100vw, 150px\" data-attachment-id=\"1866\" data-permalink=\"https:\/\/www.polizeichor-dresden.de\/?attachment_id=1866\" data-orig-file=\"https:\/\/i0.wp.com\/www.polizeichor-dresden.de\/wp-content\/uploads\/2019\/01\/WK2018-7836.jpg?fit=1000%2C668&amp;ssl=1\" data-orig-size=\"1000,668\" data-comments-opened=\"1\" data-image-meta=\"{&quot;aperture&quot;:&quot;0&quot;,&quot;credit&quot;:&quot;Jan Wiedemann&quot;,&quot;camera&quot;:&quot;&quot;,&quot;caption&quot;:&quot;&quot;,&quot;created_timestamp&quot;:&quot;0&quot;,&quot;copyright&quot;:&quot;Jan Wiedemann&quot;,&quot;focal_length&quot;:&quot;0&quot;,&quot;iso&quot;:&quot;0&quot;,&quot;shutter_speed&quot;:&quot;0&quot;,&quot;title&quot;:&quot;&quot;,&quot;orientation&quot;:&quot;0&quot;}\" data-image-title=\"WK2018-7836\" data-image-description=\"\" data-image-caption=\"\" data-medium-file=\"https:\/\/i0.wp.com\/www.polizeichor-dresden.de\/wp-content\/uploads\/2019\/01\/WK2018-7836.jpg?fit=300%2C200&amp;ssl=1\" data-large-file=\"https:\/\/i0.wp.com\/www.polizeichor-dresden.de\/wp-content\/uploads\/2019\/01\/WK2018-7836.jpg?fit=1000%2C668&amp;ssl=1\" \/><\/a>\n\t\t\t<\/dt><\/dl><dl class='gallery-item'>\n\t\t\t<dt class='gallery-icon landscape'>\n\t\t\t\t<a href='https:\/\/www.polizeichor-dresden.de\/?attachment_id=1865'><img width=\"150\" height=\"150\" src=\"https:\/\/i0.wp.com\/www.polizeichor-dresden.de\/wp-content\/uploads\/2019\/01\/WK2018-7820.jpg?resize=150%2C150&amp;ssl=1\" class=\"attachment-thumbnail size-thumbnail\" alt=\"\" decoding=\"async\" loading=\"lazy\" srcset=\"https:\/\/i0.wp.com\/www.polizeichor-dresden.de\/wp-content\/uploads\/2019\/01\/WK2018-7820.jpg?resize=150%2C150&amp;ssl=1 150w, https:\/\/i0.wp.com\/www.polizeichor-dresden.de\/wp-content\/uploads\/2019\/01\/WK2018-7820.jpg?zoom=2&amp;resize=150%2C150&amp;ssl=1 300w, https:\/\/i0.wp.com\/www.polizeichor-dresden.de\/wp-content\/uploads\/2019\/01\/WK2018-7820.jpg?zoom=3&amp;resize=150%2C150&amp;ssl=1 450w\" sizes=\"(max-width: 150px) 100vw, 150px\" data-attachment-id=\"1865\" data-permalink=\"https:\/\/www.polizeichor-dresden.de\/?attachment_id=1865\" data-orig-file=\"https:\/\/i0.wp.com\/www.polizeichor-dresden.de\/wp-content\/uploads\/2019\/01\/WK2018-7820.jpg?fit=1000%2C668&amp;ssl=1\" data-orig-size=\"1000,668\" data-comments-opened=\"1\" data-image-meta=\"{&quot;aperture&quot;:&quot;0&quot;,&quot;credit&quot;:&quot;Jan Wiedemann&quot;,&quot;camera&quot;:&quot;&quot;,&quot;caption&quot;:&quot;&quot;,&quot;created_timestamp&quot;:&quot;0&quot;,&quot;copyright&quot;:&quot;Jan Wiedemann&quot;,&quot;focal_length&quot;:&quot;0&quot;,&quot;iso&quot;:&quot;0&quot;,&quot;shutter_speed&quot;:&quot;0&quot;,&quot;title&quot;:&quot;&quot;,&quot;orientation&quot;:&quot;0&quot;}\" data-image-title=\"WK2018-7820\" data-image-description=\"\" data-image-caption=\"\" data-medium-file=\"https:\/\/i0.wp.com\/www.polizeichor-dresden.de\/wp-content\/uploads\/2019\/01\/WK2018-7820.jpg?fit=300%2C200&amp;ssl=1\" data-large-file=\"https:\/\/i0.wp.com\/www.polizeichor-dresden.de\/wp-content\/uploads\/2019\/01\/WK2018-7820.jpg?fit=1000%2C668&amp;ssl=1\" \/><\/a>\n\t\t\t<\/dt><\/dl><dl class='gallery-item'>\n\t\t\t<dt class='gallery-icon landscape'>\n\t\t\t\t<a href='https:\/\/www.polizeichor-dresden.de\/?attachment_id=1864'><img width=\"150\" height=\"150\" src=\"https:\/\/i0.wp.com\/www.polizeichor-dresden.de\/wp-content\/uploads\/2019\/01\/WK2018-7819.jpg?resize=150%2C150&amp;ssl=1\" class=\"attachment-thumbnail size-thumbnail\" alt=\"\" decoding=\"async\" loading=\"lazy\" srcset=\"https:\/\/i0.wp.com\/www.polizeichor-dresden.de\/wp-content\/uploads\/2019\/01\/WK2018-7819.jpg?resize=150%2C150&amp;ssl=1 150w, https:\/\/i0.wp.com\/www.polizeichor-dresden.de\/wp-content\/uploads\/2019\/01\/WK2018-7819.jpg?zoom=2&amp;resize=150%2C150&amp;ssl=1 300w, https:\/\/i0.wp.com\/www.polizeichor-dresden.de\/wp-content\/uploads\/2019\/01\/WK2018-7819.jpg?zoom=3&amp;resize=150%2C150&amp;ssl=1 450w\" sizes=\"(max-width: 150px) 100vw, 150px\" data-attachment-id=\"1864\" data-permalink=\"https:\/\/www.polizeichor-dresden.de\/?attachment_id=1864\" data-orig-file=\"https:\/\/i0.wp.com\/www.polizeichor-dresden.de\/wp-content\/uploads\/2019\/01\/WK2018-7819.jpg?fit=1000%2C668&amp;ssl=1\" data-orig-size=\"1000,668\" data-comments-opened=\"1\" data-image-meta=\"{&quot;aperture&quot;:&quot;0&quot;,&quot;credit&quot;:&quot;Jan Wiedemann&quot;,&quot;camera&quot;:&quot;&quot;,&quot;caption&quot;:&quot;&quot;,&quot;created_timestamp&quot;:&quot;0&quot;,&quot;copyright&quot;:&quot;Jan Wiedemann&quot;,&quot;focal_length&quot;:&quot;0&quot;,&quot;iso&quot;:&quot;0&quot;,&quot;shutter_speed&quot;:&quot;0&quot;,&quot;title&quot;:&quot;&quot;,&quot;orientation&quot;:&quot;0&quot;}\" data-image-title=\"WK2018-7819\" data-image-description=\"\" data-image-caption=\"\" data-medium-file=\"https:\/\/i0.wp.com\/www.polizeichor-dresden.de\/wp-content\/uploads\/2019\/01\/WK2018-7819.jpg?fit=300%2C200&amp;ssl=1\" data-large-file=\"https:\/\/i0.wp.com\/www.polizeichor-dresden.de\/wp-content\/uploads\/2019\/01\/WK2018-7819.jpg?fit=1000%2C668&amp;ssl=1\" \/><\/a>\n\t\t\t<\/dt><\/dl><br style=\"clear: both\" \/><dl class='gallery-item'>\n\t\t\t<dt class='gallery-icon landscape'>\n\t\t\t\t<a href='https:\/\/www.polizeichor-dresden.de\/?attachment_id=1863'><img width=\"150\" height=\"150\" src=\"https:\/\/i0.wp.com\/www.polizeichor-dresden.de\/wp-content\/uploads\/2019\/01\/WK2018-7815.jpg?resize=150%2C150&amp;ssl=1\" class=\"attachment-thumbnail size-thumbnail\" alt=\"\" decoding=\"async\" loading=\"lazy\" srcset=\"https:\/\/i0.wp.com\/www.polizeichor-dresden.de\/wp-content\/uploads\/2019\/01\/WK2018-7815.jpg?resize=150%2C150&amp;ssl=1 150w, https:\/\/i0.wp.com\/www.polizeichor-dresden.de\/wp-content\/uploads\/2019\/01\/WK2018-7815.jpg?zoom=2&amp;resize=150%2C150&amp;ssl=1 300w, https:\/\/i0.wp.com\/www.polizeichor-dresden.de\/wp-content\/uploads\/2019\/01\/WK2018-7815.jpg?zoom=3&amp;resize=150%2C150&amp;ssl=1 450w\" sizes=\"(max-width: 150px) 100vw, 150px\" data-attachment-id=\"1863\" data-permalink=\"https:\/\/www.polizeichor-dresden.de\/?attachment_id=1863\" data-orig-file=\"https:\/\/i0.wp.com\/www.polizeichor-dresden.de\/wp-content\/uploads\/2019\/01\/WK2018-7815.jpg?fit=1000%2C668&amp;ssl=1\" data-orig-size=\"1000,668\" data-comments-opened=\"1\" data-image-meta=\"{&quot;aperture&quot;:&quot;0&quot;,&quot;credit&quot;:&quot;Jan Wiedemann&quot;,&quot;camera&quot;:&quot;&quot;,&quot;caption&quot;:&quot;&quot;,&quot;created_timestamp&quot;:&quot;0&quot;,&quot;copyright&quot;:&quot;Jan Wiedemann&quot;,&quot;focal_length&quot;:&quot;0&quot;,&quot;iso&quot;:&quot;0&quot;,&quot;shutter_speed&quot;:&quot;0&quot;,&quot;title&quot;:&quot;&quot;,&quot;orientation&quot;:&quot;0&quot;}\" data-image-title=\"WK2018-7815\" data-image-description=\"\" data-image-caption=\"\" data-medium-file=\"https:\/\/i0.wp.com\/www.polizeichor-dresden.de\/wp-content\/uploads\/2019\/01\/WK2018-7815.jpg?fit=300%2C200&amp;ssl=1\" data-large-file=\"https:\/\/i0.wp.com\/www.polizeichor-dresden.de\/wp-content\/uploads\/2019\/01\/WK2018-7815.jpg?fit=1000%2C668&amp;ssl=1\" \/><\/a>\n\t\t\t<\/dt><\/dl><dl class='gallery-item'>\n\t\t\t<dt class='gallery-icon landscape'>\n\t\t\t\t<a href='https:\/\/www.polizeichor-dresden.de\/?attachment_id=1862'><img width=\"150\" height=\"150\" src=\"https:\/\/i0.wp.com\/www.polizeichor-dresden.de\/wp-content\/uploads\/2019\/01\/WK2018-7807.jpg?resize=150%2C150&amp;ssl=1\" class=\"attachment-thumbnail size-thumbnail\" alt=\"\" decoding=\"async\" loading=\"lazy\" srcset=\"https:\/\/i0.wp.com\/www.polizeichor-dresden.de\/wp-content\/uploads\/2019\/01\/WK2018-7807.jpg?resize=150%2C150&amp;ssl=1 150w, https:\/\/i0.wp.com\/www.polizeichor-dresden.de\/wp-content\/uploads\/2019\/01\/WK2018-7807.jpg?zoom=2&amp;resize=150%2C150&amp;ssl=1 300w, https:\/\/i0.wp.com\/www.polizeichor-dresden.de\/wp-content\/uploads\/2019\/01\/WK2018-7807.jpg?zoom=3&amp;resize=150%2C150&amp;ssl=1 450w\" sizes=\"(max-width: 150px) 100vw, 150px\" data-attachment-id=\"1862\" data-permalink=\"https:\/\/www.polizeichor-dresden.de\/?attachment_id=1862\" data-orig-file=\"https:\/\/i0.wp.com\/www.polizeichor-dresden.de\/wp-content\/uploads\/2019\/01\/WK2018-7807.jpg?fit=1000%2C668&amp;ssl=1\" data-orig-size=\"1000,668\" data-comments-opened=\"1\" data-image-meta=\"{&quot;aperture&quot;:&quot;0&quot;,&quot;credit&quot;:&quot;Jan Wiedemann&quot;,&quot;camera&quot;:&quot;&quot;,&quot;caption&quot;:&quot;&quot;,&quot;created_timestamp&quot;:&quot;0&quot;,&quot;copyright&quot;:&quot;Jan Wiedemann&quot;,&quot;focal_length&quot;:&quot;0&quot;,&quot;iso&quot;:&quot;0&quot;,&quot;shutter_speed&quot;:&quot;0&quot;,&quot;title&quot;:&quot;&quot;,&quot;orientation&quot;:&quot;0&quot;}\" data-image-title=\"WK2018-7807\" data-image-description=\"\" data-image-caption=\"\" data-medium-file=\"https:\/\/i0.wp.com\/www.polizeichor-dresden.de\/wp-content\/uploads\/2019\/01\/WK2018-7807.jpg?fit=300%2C200&amp;ssl=1\" data-large-file=\"https:\/\/i0.wp.com\/www.polizeichor-dresden.de\/wp-content\/uploads\/2019\/01\/WK2018-7807.jpg?fit=1000%2C668&amp;ssl=1\" \/><\/a>\n\t\t\t<\/dt><\/dl><dl class='gallery-item'>\n\t\t\t<dt class='gallery-icon landscape'>\n\t\t\t\t<a href='https:\/\/www.polizeichor-dresden.de\/?attachment_id=1861'><img width=\"150\" height=\"150\" src=\"https:\/\/i0.wp.com\/www.polizeichor-dresden.de\/wp-content\/uploads\/2019\/01\/WK2018-7802.jpg?resize=150%2C150&amp;ssl=1\" class=\"attachment-thumbnail size-thumbnail\" alt=\"\" decoding=\"async\" loading=\"lazy\" srcset=\"https:\/\/i0.wp.com\/www.polizeichor-dresden.de\/wp-content\/uploads\/2019\/01\/WK2018-7802.jpg?resize=150%2C150&amp;ssl=1 150w, https:\/\/i0.wp.com\/www.polizeichor-dresden.de\/wp-content\/uploads\/2019\/01\/WK2018-7802.jpg?zoom=2&amp;resize=150%2C150&amp;ssl=1 300w, https:\/\/i0.wp.com\/www.polizeichor-dresden.de\/wp-content\/uploads\/2019\/01\/WK2018-7802.jpg?zoom=3&amp;resize=150%2C150&amp;ssl=1 450w\" sizes=\"(max-width: 150px) 100vw, 150px\" data-attachment-id=\"1861\" data-permalink=\"https:\/\/www.polizeichor-dresden.de\/?attachment_id=1861\" data-orig-file=\"https:\/\/i0.wp.com\/www.polizeichor-dresden.de\/wp-content\/uploads\/2019\/01\/WK2018-7802.jpg?fit=1000%2C668&amp;ssl=1\" data-orig-size=\"1000,668\" data-comments-opened=\"1\" data-image-meta=\"{&quot;aperture&quot;:&quot;0&quot;,&quot;credit&quot;:&quot;Jan Wiedemann&quot;,&quot;camera&quot;:&quot;&quot;,&quot;caption&quot;:&quot;&quot;,&quot;created_timestamp&quot;:&quot;0&quot;,&quot;copyright&quot;:&quot;Jan Wiedemann&quot;,&quot;focal_length&quot;:&quot;0&quot;,&quot;iso&quot;:&quot;0&quot;,&quot;shutter_speed&quot;:&quot;0&quot;,&quot;title&quot;:&quot;&quot;,&quot;orientation&quot;:&quot;0&quot;}\" data-image-title=\"WK2018-7802\" data-image-description=\"\" data-image-caption=\"\" data-medium-file=\"https:\/\/i0.wp.com\/www.polizeichor-dresden.de\/wp-content\/uploads\/2019\/01\/WK2018-7802.jpg?fit=300%2C200&amp;ssl=1\" data-large-file=\"https:\/\/i0.wp.com\/www.polizeichor-dresden.de\/wp-content\/uploads\/2019\/01\/WK2018-7802.jpg?fit=1000%2C668&amp;ssl=1\" \/><\/a>\n\t\t\t<\/dt><\/dl><dl class='gallery-item'>\n\t\t\t<dt class='gallery-icon landscape'>\n\t\t\t\t<a href='https:\/\/www.polizeichor-dresden.de\/?attachment_id=1860'><img width=\"150\" height=\"150\" src=\"https:\/\/i0.wp.com\/www.polizeichor-dresden.de\/wp-content\/uploads\/2019\/01\/WK2018-7800.jpg?resize=150%2C150&amp;ssl=1\" class=\"attachment-thumbnail size-thumbnail\" alt=\"\" decoding=\"async\" loading=\"lazy\" srcset=\"https:\/\/i0.wp.com\/www.polizeichor-dresden.de\/wp-content\/uploads\/2019\/01\/WK2018-7800.jpg?resize=150%2C150&amp;ssl=1 150w, https:\/\/i0.wp.com\/www.polizeichor-dresden.de\/wp-content\/uploads\/2019\/01\/WK2018-7800.jpg?zoom=2&amp;resize=150%2C150&amp;ssl=1 300w, https:\/\/i0.wp.com\/www.polizeichor-dresden.de\/wp-content\/uploads\/2019\/01\/WK2018-7800.jpg?zoom=3&amp;resize=150%2C150&amp;ssl=1 450w\" sizes=\"(max-width: 150px) 100vw, 150px\" data-attachment-id=\"1860\" data-permalink=\"https:\/\/www.polizeichor-dresden.de\/?attachment_id=1860\" data-orig-file=\"https:\/\/i0.wp.com\/www.polizeichor-dresden.de\/wp-content\/uploads\/2019\/01\/WK2018-7800.jpg?fit=1000%2C668&amp;ssl=1\" data-orig-size=\"1000,668\" data-comments-opened=\"1\" data-image-meta=\"{&quot;aperture&quot;:&quot;0&quot;,&quot;credit&quot;:&quot;Jan Wiedemann&quot;,&quot;camera&quot;:&quot;&quot;,&quot;caption&quot;:&quot;&quot;,&quot;created_timestamp&quot;:&quot;0&quot;,&quot;copyright&quot;:&quot;Jan Wiedemann&quot;,&quot;focal_length&quot;:&quot;0&quot;,&quot;iso&quot;:&quot;0&quot;,&quot;shutter_speed&quot;:&quot;0&quot;,&quot;title&quot;:&quot;&quot;,&quot;orientation&quot;:&quot;0&quot;}\" data-image-title=\"WK2018-7800\" data-image-description=\"\" data-image-caption=\"\" data-medium-file=\"https:\/\/i0.wp.com\/www.polizeichor-dresden.de\/wp-content\/uploads\/2019\/01\/WK2018-7800.jpg?fit=300%2C200&amp;ssl=1\" data-large-file=\"https:\/\/i0.wp.com\/www.polizeichor-dresden.de\/wp-content\/uploads\/2019\/01\/WK2018-7800.jpg?fit=1000%2C668&amp;ssl=1\" \/><\/a>\n\t\t\t<\/dt><\/dl><br style=\"clear: both\" \/><dl class='gallery-item'>\n\t\t\t<dt class='gallery-icon portrait'>\n\t\t\t\t<a href='https:\/\/www.polizeichor-dresden.de\/?attachment_id=1859'><img width=\"150\" height=\"150\" src=\"https:\/\/i0.wp.com\/www.polizeichor-dresden.de\/wp-content\/uploads\/2019\/01\/WK2018-7794.jpg?resize=150%2C150&amp;ssl=1\" class=\"attachment-thumbnail size-thumbnail\" alt=\"\" decoding=\"async\" loading=\"lazy\" srcset=\"https:\/\/i0.wp.com\/www.polizeichor-dresden.de\/wp-content\/uploads\/2019\/01\/WK2018-7794.jpg?resize=150%2C150&amp;ssl=1 150w, https:\/\/i0.wp.com\/www.polizeichor-dresden.de\/wp-content\/uploads\/2019\/01\/WK2018-7794.jpg?zoom=2&amp;resize=150%2C150&amp;ssl=1 300w, https:\/\/i0.wp.com\/www.polizeichor-dresden.de\/wp-content\/uploads\/2019\/01\/WK2018-7794.jpg?zoom=3&amp;resize=150%2C150&amp;ssl=1 450w\" sizes=\"(max-width: 150px) 100vw, 150px\" data-attachment-id=\"1859\" data-permalink=\"https:\/\/www.polizeichor-dresden.de\/?attachment_id=1859\" data-orig-file=\"https:\/\/i0.wp.com\/www.polizeichor-dresden.de\/wp-content\/uploads\/2019\/01\/WK2018-7794.jpg?fit=668%2C1000&amp;ssl=1\" data-orig-size=\"668,1000\" data-comments-opened=\"1\" data-image-meta=\"{&quot;aperture&quot;:&quot;0&quot;,&quot;credit&quot;:&quot;Jan Wiedemann&quot;,&quot;camera&quot;:&quot;&quot;,&quot;caption&quot;:&quot;&quot;,&quot;created_timestamp&quot;:&quot;0&quot;,&quot;copyright&quot;:&quot;Jan Wiedemann&quot;,&quot;focal_length&quot;:&quot;0&quot;,&quot;iso&quot;:&quot;0&quot;,&quot;shutter_speed&quot;:&quot;0&quot;,&quot;title&quot;:&quot;&quot;,&quot;orientation&quot;:&quot;0&quot;}\" data-image-title=\"WK2018-7794\" data-image-description=\"\" data-image-caption=\"\" data-medium-file=\"https:\/\/i0.wp.com\/www.polizeichor-dresden.de\/wp-content\/uploads\/2019\/01\/WK2018-7794.jpg?fit=200%2C300&amp;ssl=1\" data-large-file=\"https:\/\/i0.wp.com\/www.polizeichor-dresden.de\/wp-content\/uploads\/2019\/01\/WK2018-7794.jpg?fit=668%2C1000&amp;ssl=1\" \/><\/a>\n\t\t\t<\/dt><\/dl><dl class='gallery-item'>\n\t\t\t<dt class='gallery-icon landscape'>\n\t\t\t\t<a href='https:\/\/www.polizeichor-dresden.de\/?attachment_id=1858'><img width=\"150\" height=\"150\" src=\"https:\/\/i0.wp.com\/www.polizeichor-dresden.de\/wp-content\/uploads\/2019\/01\/WK2018-7793.jpg?resize=150%2C150&amp;ssl=1\" class=\"attachment-thumbnail size-thumbnail\" alt=\"\" decoding=\"async\" loading=\"lazy\" srcset=\"https:\/\/i0.wp.com\/www.polizeichor-dresden.de\/wp-content\/uploads\/2019\/01\/WK2018-7793.jpg?resize=150%2C150&amp;ssl=1 150w, https:\/\/i0.wp.com\/www.polizeichor-dresden.de\/wp-content\/uploads\/2019\/01\/WK2018-7793.jpg?zoom=2&amp;resize=150%2C150&amp;ssl=1 300w, https:\/\/i0.wp.com\/www.polizeichor-dresden.de\/wp-content\/uploads\/2019\/01\/WK2018-7793.jpg?zoom=3&amp;resize=150%2C150&amp;ssl=1 450w\" sizes=\"(max-width: 150px) 100vw, 150px\" data-attachment-id=\"1858\" data-permalink=\"https:\/\/www.polizeichor-dresden.de\/?attachment_id=1858\" data-orig-file=\"https:\/\/i0.wp.com\/www.polizeichor-dresden.de\/wp-content\/uploads\/2019\/01\/WK2018-7793.jpg?fit=1000%2C668&amp;ssl=1\" data-orig-size=\"1000,668\" data-comments-opened=\"1\" data-image-meta=\"{&quot;aperture&quot;:&quot;0&quot;,&quot;credit&quot;:&quot;Jan Wiedemann&quot;,&quot;camera&quot;:&quot;&quot;,&quot;caption&quot;:&quot;&quot;,&quot;created_timestamp&quot;:&quot;0&quot;,&quot;copyright&quot;:&quot;Jan Wiedemann&quot;,&quot;focal_length&quot;:&quot;0&quot;,&quot;iso&quot;:&quot;0&quot;,&quot;shutter_speed&quot;:&quot;0&quot;,&quot;title&quot;:&quot;&quot;,&quot;orientation&quot;:&quot;0&quot;}\" data-image-title=\"WK2018-7793\" data-image-description=\"\" data-image-caption=\"\" data-medium-file=\"https:\/\/i0.wp.com\/www.polizeichor-dresden.de\/wp-content\/uploads\/2019\/01\/WK2018-7793.jpg?fit=300%2C200&amp;ssl=1\" data-large-file=\"https:\/\/i0.wp.com\/www.polizeichor-dresden.de\/wp-content\/uploads\/2019\/01\/WK2018-7793.jpg?fit=1000%2C668&amp;ssl=1\" \/><\/a>\n\t\t\t<\/dt><\/dl><dl class='gallery-item'>\n\t\t\t<dt class='gallery-icon landscape'>\n\t\t\t\t<a href='https:\/\/www.polizeichor-dresden.de\/?attachment_id=1857'><img width=\"150\" height=\"150\" src=\"https:\/\/i0.wp.com\/www.polizeichor-dresden.de\/wp-content\/uploads\/2019\/01\/WK2018-7776.jpg?resize=150%2C150&amp;ssl=1\" class=\"attachment-thumbnail size-thumbnail\" alt=\"\" decoding=\"async\" loading=\"lazy\" srcset=\"https:\/\/i0.wp.com\/www.polizeichor-dresden.de\/wp-content\/uploads\/2019\/01\/WK2018-7776.jpg?resize=150%2C150&amp;ssl=1 150w, https:\/\/i0.wp.com\/www.polizeichor-dresden.de\/wp-content\/uploads\/2019\/01\/WK2018-7776.jpg?zoom=2&amp;resize=150%2C150&amp;ssl=1 300w, https:\/\/i0.wp.com\/www.polizeichor-dresden.de\/wp-content\/uploads\/2019\/01\/WK2018-7776.jpg?zoom=3&amp;resize=150%2C150&amp;ssl=1 450w\" sizes=\"(max-width: 150px) 100vw, 150px\" data-attachment-id=\"1857\" data-permalink=\"https:\/\/www.polizeichor-dresden.de\/?attachment_id=1857\" data-orig-file=\"https:\/\/i0.wp.com\/www.polizeichor-dresden.de\/wp-content\/uploads\/2019\/01\/WK2018-7776.jpg?fit=1000%2C668&amp;ssl=1\" data-orig-size=\"1000,668\" data-comments-opened=\"1\" data-image-meta=\"{&quot;aperture&quot;:&quot;0&quot;,&quot;credit&quot;:&quot;Jan Wiedemann&quot;,&quot;camera&quot;:&quot;&quot;,&quot;caption&quot;:&quot;&quot;,&quot;created_timestamp&quot;:&quot;0&quot;,&quot;copyright&quot;:&quot;Jan Wiedemann&quot;,&quot;focal_length&quot;:&quot;0&quot;,&quot;iso&quot;:&quot;0&quot;,&quot;shutter_speed&quot;:&quot;0&quot;,&quot;title&quot;:&quot;&quot;,&quot;orientation&quot;:&quot;0&quot;}\" data-image-title=\"WK2018-7776\" data-image-description=\"\" data-image-caption=\"\" data-medium-file=\"https:\/\/i0.wp.com\/www.polizeichor-dresden.de\/wp-content\/uploads\/2019\/01\/WK2018-7776.jpg?fit=300%2C200&amp;ssl=1\" data-large-file=\"https:\/\/i0.wp.com\/www.polizeichor-dresden.de\/wp-content\/uploads\/2019\/01\/WK2018-7776.jpg?fit=1000%2C668&amp;ssl=1\" \/><\/a>\n\t\t\t<\/dt><\/dl><dl class='gallery-item'>\n\t\t\t<dt class='gallery-icon landscape'>\n\t\t\t\t<a href='https:\/\/www.polizeichor-dresden.de\/?attachment_id=1856'><img width=\"150\" height=\"150\" src=\"https:\/\/i0.wp.com\/www.polizeichor-dresden.de\/wp-content\/uploads\/2019\/01\/WK2018-7774.jpg?resize=150%2C150&amp;ssl=1\" class=\"attachment-thumbnail size-thumbnail\" alt=\"\" decoding=\"async\" loading=\"lazy\" srcset=\"https:\/\/i0.wp.com\/www.polizeichor-dresden.de\/wp-content\/uploads\/2019\/01\/WK2018-7774.jpg?resize=150%2C150&amp;ssl=1 150w, https:\/\/i0.wp.com\/www.polizeichor-dresden.de\/wp-content\/uploads\/2019\/01\/WK2018-7774.jpg?zoom=2&amp;resize=150%2C150&amp;ssl=1 300w, https:\/\/i0.wp.com\/www.polizeichor-dresden.de\/wp-content\/uploads\/2019\/01\/WK2018-7774.jpg?zoom=3&amp;resize=150%2C150&amp;ssl=1 450w\" sizes=\"(max-width: 150px) 100vw, 150px\" data-attachment-id=\"1856\" data-permalink=\"https:\/\/www.polizeichor-dresden.de\/?attachment_id=1856\" data-orig-file=\"https:\/\/i0.wp.com\/www.polizeichor-dresden.de\/wp-content\/uploads\/2019\/01\/WK2018-7774.jpg?fit=1000%2C668&amp;ssl=1\" data-orig-size=\"1000,668\" data-comments-opened=\"1\" data-image-meta=\"{&quot;aperture&quot;:&quot;0&quot;,&quot;credit&quot;:&quot;Jan Wiedemann&quot;,&quot;camera&quot;:&quot;&quot;,&quot;caption&quot;:&quot;&quot;,&quot;created_timestamp&quot;:&quot;0&quot;,&quot;copyright&quot;:&quot;Jan Wiedemann&quot;,&quot;focal_length&quot;:&quot;0&quot;,&quot;iso&quot;:&quot;0&quot;,&quot;shutter_speed&quot;:&quot;0&quot;,&quot;title&quot;:&quot;&quot;,&quot;orientation&quot;:&quot;0&quot;}\" data-image-title=\"WK2018-7774\" data-image-description=\"\" data-image-caption=\"\" data-medium-file=\"https:\/\/i0.wp.com\/www.polizeichor-dresden.de\/wp-content\/uploads\/2019\/01\/WK2018-7774.jpg?fit=300%2C200&amp;ssl=1\" data-large-file=\"https:\/\/i0.wp.com\/www.polizeichor-dresden.de\/wp-content\/uploads\/2019\/01\/WK2018-7774.jpg?fit=1000%2C668&amp;ssl=1\" \/><\/a>\n\t\t\t<\/dt><\/dl><br style=\"clear: both\" \/><dl class='gallery-item'>\n\t\t\t<dt class='gallery-icon landscape'>\n\t\t\t\t<a href='https:\/\/www.polizeichor-dresden.de\/?attachment_id=1855'><img width=\"150\" height=\"150\" src=\"https:\/\/i0.wp.com\/www.polizeichor-dresden.de\/wp-content\/uploads\/2019\/01\/WK2018-7771.jpg?resize=150%2C150&amp;ssl=1\" class=\"attachment-thumbnail size-thumbnail\" alt=\"\" decoding=\"async\" loading=\"lazy\" srcset=\"https:\/\/i0.wp.com\/www.polizeichor-dresden.de\/wp-content\/uploads\/2019\/01\/WK2018-7771.jpg?resize=150%2C150&amp;ssl=1 150w, https:\/\/i0.wp.com\/www.polizeichor-dresden.de\/wp-content\/uploads\/2019\/01\/WK2018-7771.jpg?zoom=2&amp;resize=150%2C150&amp;ssl=1 300w, https:\/\/i0.wp.com\/www.polizeichor-dresden.de\/wp-content\/uploads\/2019\/01\/WK2018-7771.jpg?zoom=3&amp;resize=150%2C150&amp;ssl=1 450w\" sizes=\"(max-width: 150px) 100vw, 150px\" data-attachment-id=\"1855\" data-permalink=\"https:\/\/www.polizeichor-dresden.de\/?attachment_id=1855\" data-orig-file=\"https:\/\/i0.wp.com\/www.polizeichor-dresden.de\/wp-content\/uploads\/2019\/01\/WK2018-7771.jpg?fit=1000%2C668&amp;ssl=1\" data-orig-size=\"1000,668\" data-comments-opened=\"1\" data-image-meta=\"{&quot;aperture&quot;:&quot;0&quot;,&quot;credit&quot;:&quot;Jan Wiedemann&quot;,&quot;camera&quot;:&quot;&quot;,&quot;caption&quot;:&quot;&quot;,&quot;created_timestamp&quot;:&quot;0&quot;,&quot;copyright&quot;:&quot;Jan Wiedemann&quot;,&quot;focal_length&quot;:&quot;0&quot;,&quot;iso&quot;:&quot;0&quot;,&quot;shutter_speed&quot;:&quot;0&quot;,&quot;title&quot;:&quot;&quot;,&quot;orientation&quot;:&quot;0&quot;}\" data-image-title=\"WK2018-7771\" data-image-description=\"\" data-image-caption=\"\" data-medium-file=\"https:\/\/i0.wp.com\/www.polizeichor-dresden.de\/wp-content\/uploads\/2019\/01\/WK2018-7771.jpg?fit=300%2C200&amp;ssl=1\" data-large-file=\"https:\/\/i0.wp.com\/www.polizeichor-dresden.de\/wp-content\/uploads\/2019\/01\/WK2018-7771.jpg?fit=1000%2C668&amp;ssl=1\" \/><\/a>\n\t\t\t<\/dt><\/dl><dl class='gallery-item'>\n\t\t\t<dt class='gallery-icon landscape'>\n\t\t\t\t<a href='https:\/\/www.polizeichor-dresden.de\/?attachment_id=1854'><img width=\"150\" height=\"150\" src=\"https:\/\/i0.wp.com\/www.polizeichor-dresden.de\/wp-content\/uploads\/2019\/01\/WK2018-7769.jpg?resize=150%2C150&amp;ssl=1\" class=\"attachment-thumbnail size-thumbnail\" alt=\"\" decoding=\"async\" loading=\"lazy\" srcset=\"https:\/\/i0.wp.com\/www.polizeichor-dresden.de\/wp-content\/uploads\/2019\/01\/WK2018-7769.jpg?resize=150%2C150&amp;ssl=1 150w, https:\/\/i0.wp.com\/www.polizeichor-dresden.de\/wp-content\/uploads\/2019\/01\/WK2018-7769.jpg?zoom=2&amp;resize=150%2C150&amp;ssl=1 300w, https:\/\/i0.wp.com\/www.polizeichor-dresden.de\/wp-content\/uploads\/2019\/01\/WK2018-7769.jpg?zoom=3&amp;resize=150%2C150&amp;ssl=1 450w\" sizes=\"(max-width: 150px) 100vw, 150px\" data-attachment-id=\"1854\" data-permalink=\"https:\/\/www.polizeichor-dresden.de\/?attachment_id=1854\" data-orig-file=\"https:\/\/i0.wp.com\/www.polizeichor-dresden.de\/wp-content\/uploads\/2019\/01\/WK2018-7769.jpg?fit=1000%2C668&amp;ssl=1\" data-orig-size=\"1000,668\" data-comments-opened=\"1\" data-image-meta=\"{&quot;aperture&quot;:&quot;0&quot;,&quot;credit&quot;:&quot;Jan Wiedemann&quot;,&quot;camera&quot;:&quot;&quot;,&quot;caption&quot;:&quot;&quot;,&quot;created_timestamp&quot;:&quot;0&quot;,&quot;copyright&quot;:&quot;Jan Wiedemann&quot;,&quot;focal_length&quot;:&quot;0&quot;,&quot;iso&quot;:&quot;0&quot;,&quot;shutter_speed&quot;:&quot;0&quot;,&quot;title&quot;:&quot;&quot;,&quot;orientation&quot;:&quot;0&quot;}\" data-image-title=\"WK2018-7769\" data-image-description=\"\" data-image-caption=\"\" data-medium-file=\"https:\/\/i0.wp.com\/www.polizeichor-dresden.de\/wp-content\/uploads\/2019\/01\/WK2018-7769.jpg?fit=300%2C200&amp;ssl=1\" data-large-file=\"https:\/\/i0.wp.com\/www.polizeichor-dresden.de\/wp-content\/uploads\/2019\/01\/WK2018-7769.jpg?fit=1000%2C668&amp;ssl=1\" \/><\/a>\n\t\t\t<\/dt><\/dl><dl class='gallery-item'>\n\t\t\t<dt class='gallery-icon landscape'>\n\t\t\t\t<a href='https:\/\/www.polizeichor-dresden.de\/?attachment_id=1853'><img width=\"150\" height=\"150\" src=\"https:\/\/i0.wp.com\/www.polizeichor-dresden.de\/wp-content\/uploads\/2019\/01\/WK2018-7767.jpg?resize=150%2C150&amp;ssl=1\" class=\"attachment-thumbnail size-thumbnail\" alt=\"\" decoding=\"async\" loading=\"lazy\" srcset=\"https:\/\/i0.wp.com\/www.polizeichor-dresden.de\/wp-content\/uploads\/2019\/01\/WK2018-7767.jpg?resize=150%2C150&amp;ssl=1 150w, https:\/\/i0.wp.com\/www.polizeichor-dresden.de\/wp-content\/uploads\/2019\/01\/WK2018-7767.jpg?zoom=2&amp;resize=150%2C150&amp;ssl=1 300w, https:\/\/i0.wp.com\/www.polizeichor-dresden.de\/wp-content\/uploads\/2019\/01\/WK2018-7767.jpg?zoom=3&amp;resize=150%2C150&amp;ssl=1 450w\" sizes=\"(max-width: 150px) 100vw, 150px\" data-attachment-id=\"1853\" data-permalink=\"https:\/\/www.polizeichor-dresden.de\/?attachment_id=1853\" data-orig-file=\"https:\/\/i0.wp.com\/www.polizeichor-dresden.de\/wp-content\/uploads\/2019\/01\/WK2018-7767.jpg?fit=1000%2C668&amp;ssl=1\" data-orig-size=\"1000,668\" data-comments-opened=\"1\" data-image-meta=\"{&quot;aperture&quot;:&quot;0&quot;,&quot;credit&quot;:&quot;Jan Wiedemann&quot;,&quot;camera&quot;:&quot;&quot;,&quot;caption&quot;:&quot;&quot;,&quot;created_timestamp&quot;:&quot;0&quot;,&quot;copyright&quot;:&quot;Jan Wiedemann&quot;,&quot;focal_length&quot;:&quot;0&quot;,&quot;iso&quot;:&quot;0&quot;,&quot;shutter_speed&quot;:&quot;0&quot;,&quot;title&quot;:&quot;&quot;,&quot;orientation&quot;:&quot;0&quot;}\" data-image-title=\"WK2018-7767\" data-image-description=\"\" data-image-caption=\"\" data-medium-file=\"https:\/\/i0.wp.com\/www.polizeichor-dresden.de\/wp-content\/uploads\/2019\/01\/WK2018-7767.jpg?fit=300%2C200&amp;ssl=1\" data-large-file=\"https:\/\/i0.wp.com\/www.polizeichor-dresden.de\/wp-content\/uploads\/2019\/01\/WK2018-7767.jpg?fit=1000%2C668&amp;ssl=1\" \/><\/a>\n\t\t\t<\/dt><\/dl><dl class='gallery-item'>\n\t\t\t<dt class='gallery-icon landscape'>\n\t\t\t\t<a href='https:\/\/www.polizeichor-dresden.de\/?attachment_id=1852'><img width=\"150\" height=\"150\" src=\"https:\/\/i0.wp.com\/www.polizeichor-dresden.de\/wp-content\/uploads\/2019\/01\/WK2018-7765.jpg?resize=150%2C150&amp;ssl=1\" class=\"attachment-thumbnail size-thumbnail\" alt=\"\" decoding=\"async\" loading=\"lazy\" srcset=\"https:\/\/i0.wp.com\/www.polizeichor-dresden.de\/wp-content\/uploads\/2019\/01\/WK2018-7765.jpg?resize=150%2C150&amp;ssl=1 150w, https:\/\/i0.wp.com\/www.polizeichor-dresden.de\/wp-content\/uploads\/2019\/01\/WK2018-7765.jpg?zoom=2&amp;resize=150%2C150&amp;ssl=1 300w, https:\/\/i0.wp.com\/www.polizeichor-dresden.de\/wp-content\/uploads\/2019\/01\/WK2018-7765.jpg?zoom=3&amp;resize=150%2C150&amp;ssl=1 450w\" sizes=\"(max-width: 150px) 100vw, 150px\" data-attachment-id=\"1852\" data-permalink=\"https:\/\/www.polizeichor-dresden.de\/?attachment_id=1852\" data-orig-file=\"https:\/\/i0.wp.com\/www.polizeichor-dresden.de\/wp-content\/uploads\/2019\/01\/WK2018-7765.jpg?fit=1000%2C668&amp;ssl=1\" data-orig-size=\"1000,668\" data-comments-opened=\"1\" data-image-meta=\"{&quot;aperture&quot;:&quot;0&quot;,&quot;credit&quot;:&quot;Jan Wiedemann&quot;,&quot;camera&quot;:&quot;&quot;,&quot;caption&quot;:&quot;&quot;,&quot;created_timestamp&quot;:&quot;0&quot;,&quot;copyright&quot;:&quot;Jan Wiedemann&quot;,&quot;focal_length&quot;:&quot;0&quot;,&quot;iso&quot;:&quot;0&quot;,&quot;shutter_speed&quot;:&quot;0&quot;,&quot;title&quot;:&quot;&quot;,&quot;orientation&quot;:&quot;0&quot;}\" data-image-title=\"WK2018-7765\" data-image-description=\"\" data-image-caption=\"\" data-medium-file=\"https:\/\/i0.wp.com\/www.polizeichor-dresden.de\/wp-content\/uploads\/2019\/01\/WK2018-7765.jpg?fit=300%2C200&amp;ssl=1\" data-large-file=\"https:\/\/i0.wp.com\/www.polizeichor-dresden.de\/wp-content\/uploads\/2019\/01\/WK2018-7765.jpg?fit=1000%2C668&amp;ssl=1\" \/><\/a>\n\t\t\t<\/dt><\/dl><br style=\"clear: both\" \/><dl class='gallery-item'>\n\t\t\t<dt class='gallery-icon landscape'>\n\t\t\t\t<a href='https:\/\/www.polizeichor-dresden.de\/?attachment_id=1851'><img width=\"150\" height=\"150\" src=\"https:\/\/i0.wp.com\/www.polizeichor-dresden.de\/wp-content\/uploads\/2019\/01\/WK2018-7761.jpg?resize=150%2C150&amp;ssl=1\" class=\"attachment-thumbnail size-thumbnail\" alt=\"\" decoding=\"async\" loading=\"lazy\" srcset=\"https:\/\/i0.wp.com\/www.polizeichor-dresden.de\/wp-content\/uploads\/2019\/01\/WK2018-7761.jpg?resize=150%2C150&amp;ssl=1 150w, https:\/\/i0.wp.com\/www.polizeichor-dresden.de\/wp-content\/uploads\/2019\/01\/WK2018-7761.jpg?zoom=2&amp;resize=150%2C150&amp;ssl=1 300w, https:\/\/i0.wp.com\/www.polizeichor-dresden.de\/wp-content\/uploads\/2019\/01\/WK2018-7761.jpg?zoom=3&amp;resize=150%2C150&amp;ssl=1 450w\" sizes=\"(max-width: 150px) 100vw, 150px\" data-attachment-id=\"1851\" data-permalink=\"https:\/\/www.polizeichor-dresden.de\/?attachment_id=1851\" data-orig-file=\"https:\/\/i0.wp.com\/www.polizeichor-dresden.de\/wp-content\/uploads\/2019\/01\/WK2018-7761.jpg?fit=1000%2C668&amp;ssl=1\" data-orig-size=\"1000,668\" data-comments-opened=\"1\" data-image-meta=\"{&quot;aperture&quot;:&quot;0&quot;,&quot;credit&quot;:&quot;Jan Wiedemann&quot;,&quot;camera&quot;:&quot;&quot;,&quot;caption&quot;:&quot;&quot;,&quot;created_timestamp&quot;:&quot;0&quot;,&quot;copyright&quot;:&quot;Jan Wiedemann&quot;,&quot;focal_length&quot;:&quot;0&quot;,&quot;iso&quot;:&quot;0&quot;,&quot;shutter_speed&quot;:&quot;0&quot;,&quot;title&quot;:&quot;&quot;,&quot;orientation&quot;:&quot;0&quot;}\" data-image-title=\"WK2018-7761\" data-image-description=\"\" data-image-caption=\"\" data-medium-file=\"https:\/\/i0.wp.com\/www.polizeichor-dresden.de\/wp-content\/uploads\/2019\/01\/WK2018-7761.jpg?fit=300%2C200&amp;ssl=1\" data-large-file=\"https:\/\/i0.wp.com\/www.polizeichor-dresden.de\/wp-content\/uploads\/2019\/01\/WK2018-7761.jpg?fit=1000%2C668&amp;ssl=1\" \/><\/a>\n\t\t\t<\/dt><\/dl><dl class='gallery-item'>\n\t\t\t<dt class='gallery-icon landscape'>\n\t\t\t\t<a href='https:\/\/www.polizeichor-dresden.de\/?attachment_id=1850'><img width=\"150\" height=\"150\" src=\"https:\/\/i0.wp.com\/www.polizeichor-dresden.de\/wp-content\/uploads\/2019\/01\/WK2018-7755.jpg?resize=150%2C150&amp;ssl=1\" class=\"attachment-thumbnail size-thumbnail\" alt=\"\" decoding=\"async\" loading=\"lazy\" srcset=\"https:\/\/i0.wp.com\/www.polizeichor-dresden.de\/wp-content\/uploads\/2019\/01\/WK2018-7755.jpg?resize=150%2C150&amp;ssl=1 150w, https:\/\/i0.wp.com\/www.polizeichor-dresden.de\/wp-content\/uploads\/2019\/01\/WK2018-7755.jpg?zoom=2&amp;resize=150%2C150&amp;ssl=1 300w, https:\/\/i0.wp.com\/www.polizeichor-dresden.de\/wp-content\/uploads\/2019\/01\/WK2018-7755.jpg?zoom=3&amp;resize=150%2C150&amp;ssl=1 450w\" sizes=\"(max-width: 150px) 100vw, 150px\" data-attachment-id=\"1850\" data-permalink=\"https:\/\/www.polizeichor-dresden.de\/?attachment_id=1850\" data-orig-file=\"https:\/\/i0.wp.com\/www.polizeichor-dresden.de\/wp-content\/uploads\/2019\/01\/WK2018-7755.jpg?fit=1000%2C668&amp;ssl=1\" data-orig-size=\"1000,668\" data-comments-opened=\"1\" data-image-meta=\"{&quot;aperture&quot;:&quot;0&quot;,&quot;credit&quot;:&quot;Jan Wiedemann&quot;,&quot;camera&quot;:&quot;&quot;,&quot;caption&quot;:&quot;&quot;,&quot;created_timestamp&quot;:&quot;0&quot;,&quot;copyright&quot;:&quot;Jan Wiedemann&quot;,&quot;focal_length&quot;:&quot;0&quot;,&quot;iso&quot;:&quot;0&quot;,&quot;shutter_speed&quot;:&quot;0&quot;,&quot;title&quot;:&quot;&quot;,&quot;orientation&quot;:&quot;0&quot;}\" data-image-title=\"WK2018-7755\" data-image-description=\"\" data-image-caption=\"\" data-medium-file=\"https:\/\/i0.wp.com\/www.polizeichor-dresden.de\/wp-content\/uploads\/2019\/01\/WK2018-7755.jpg?fit=300%2C200&amp;ssl=1\" data-large-file=\"https:\/\/i0.wp.com\/www.polizeichor-dresden.de\/wp-content\/uploads\/2019\/01\/WK2018-7755.jpg?fit=1000%2C668&amp;ssl=1\" \/><\/a>\n\t\t\t<\/dt><\/dl><dl class='gallery-item'>\n\t\t\t<dt class='gallery-icon landscape'>\n\t\t\t\t<a href='https:\/\/www.polizeichor-dresden.de\/?attachment_id=1849'><img width=\"150\" height=\"150\" src=\"https:\/\/i0.wp.com\/www.polizeichor-dresden.de\/wp-content\/uploads\/2019\/01\/WK2018-7747.jpg?resize=150%2C150&amp;ssl=1\" class=\"attachment-thumbnail size-thumbnail\" alt=\"\" decoding=\"async\" loading=\"lazy\" srcset=\"https:\/\/i0.wp.com\/www.polizeichor-dresden.de\/wp-content\/uploads\/2019\/01\/WK2018-7747.jpg?resize=150%2C150&amp;ssl=1 150w, https:\/\/i0.wp.com\/www.polizeichor-dresden.de\/wp-content\/uploads\/2019\/01\/WK2018-7747.jpg?zoom=2&amp;resize=150%2C150&amp;ssl=1 300w, https:\/\/i0.wp.com\/www.polizeichor-dresden.de\/wp-content\/uploads\/2019\/01\/WK2018-7747.jpg?zoom=3&amp;resize=150%2C150&amp;ssl=1 450w\" sizes=\"(max-width: 150px) 100vw, 150px\" data-attachment-id=\"1849\" data-permalink=\"https:\/\/www.polizeichor-dresden.de\/?attachment_id=1849\" data-orig-file=\"https:\/\/i0.wp.com\/www.polizeichor-dresden.de\/wp-content\/uploads\/2019\/01\/WK2018-7747.jpg?fit=1000%2C668&amp;ssl=1\" data-orig-size=\"1000,668\" data-comments-opened=\"1\" data-image-meta=\"{&quot;aperture&quot;:&quot;0&quot;,&quot;credit&quot;:&quot;Jan Wiedemann&quot;,&quot;camera&quot;:&quot;&quot;,&quot;caption&quot;:&quot;&quot;,&quot;created_timestamp&quot;:&quot;0&quot;,&quot;copyright&quot;:&quot;Jan Wiedemann&quot;,&quot;focal_length&quot;:&quot;0&quot;,&quot;iso&quot;:&quot;0&quot;,&quot;shutter_speed&quot;:&quot;0&quot;,&quot;title&quot;:&quot;&quot;,&quot;orientation&quot;:&quot;0&quot;}\" data-image-title=\"WK2018-7747\" data-image-description=\"\" data-image-caption=\"\" data-medium-file=\"https:\/\/i0.wp.com\/www.polizeichor-dresden.de\/wp-content\/uploads\/2019\/01\/WK2018-7747.jpg?fit=300%2C200&amp;ssl=1\" data-large-file=\"https:\/\/i0.wp.com\/www.polizeichor-dresden.de\/wp-content\/uploads\/2019\/01\/WK2018-7747.jpg?fit=1000%2C668&amp;ssl=1\" \/><\/a>\n\t\t\t<\/dt><\/dl><dl class='gallery-item'>\n\t\t\t<dt class='gallery-icon portrait'>\n\t\t\t\t<a href='https:\/\/www.polizeichor-dresden.de\/?attachment_id=1848'><img width=\"150\" height=\"150\" src=\"https:\/\/i0.wp.com\/www.polizeichor-dresden.de\/wp-content\/uploads\/2019\/01\/WK2018-7745.jpg?resize=150%2C150&amp;ssl=1\" class=\"attachment-thumbnail size-thumbnail\" alt=\"\" decoding=\"async\" loading=\"lazy\" srcset=\"https:\/\/i0.wp.com\/www.polizeichor-dresden.de\/wp-content\/uploads\/2019\/01\/WK2018-7745.jpg?resize=150%2C150&amp;ssl=1 150w, https:\/\/i0.wp.com\/www.polizeichor-dresden.de\/wp-content\/uploads\/2019\/01\/WK2018-7745.jpg?zoom=2&amp;resize=150%2C150&amp;ssl=1 300w, https:\/\/i0.wp.com\/www.polizeichor-dresden.de\/wp-content\/uploads\/2019\/01\/WK2018-7745.jpg?zoom=3&amp;resize=150%2C150&amp;ssl=1 450w\" sizes=\"(max-width: 150px) 100vw, 150px\" data-attachment-id=\"1848\" data-permalink=\"https:\/\/www.polizeichor-dresden.de\/?attachment_id=1848\" data-orig-file=\"https:\/\/i0.wp.com\/www.polizeichor-dresden.de\/wp-content\/uploads\/2019\/01\/WK2018-7745.jpg?fit=668%2C1000&amp;ssl=1\" data-orig-size=\"668,1000\" data-comments-opened=\"1\" data-image-meta=\"{&quot;aperture&quot;:&quot;0&quot;,&quot;credit&quot;:&quot;Jan Wiedemann&quot;,&quot;camera&quot;:&quot;&quot;,&quot;caption&quot;:&quot;&quot;,&quot;created_timestamp&quot;:&quot;0&quot;,&quot;copyright&quot;:&quot;Jan Wiedemann&quot;,&quot;focal_length&quot;:&quot;0&quot;,&quot;iso&quot;:&quot;0&quot;,&quot;shutter_speed&quot;:&quot;0&quot;,&quot;title&quot;:&quot;&quot;,&quot;orientation&quot;:&quot;0&quot;}\" data-image-title=\"WK2018-7745\" data-image-description=\"\" data-image-caption=\"\" data-medium-file=\"https:\/\/i0.wp.com\/www.polizeichor-dresden.de\/wp-content\/uploads\/2019\/01\/WK2018-7745.jpg?fit=200%2C300&amp;ssl=1\" data-large-file=\"https:\/\/i0.wp.com\/www.polizeichor-dresden.de\/wp-content\/uploads\/2019\/01\/WK2018-7745.jpg?fit=668%2C1000&amp;ssl=1\" \/><\/a>\n\t\t\t<\/dt><\/dl><br style=\"clear: both\" \/><dl class='gallery-item'>\n\t\t\t<dt class='gallery-icon landscape'>\n\t\t\t\t<a href='https:\/\/www.polizeichor-dresden.de\/?attachment_id=1847'><img width=\"150\" height=\"150\" src=\"https:\/\/i0.wp.com\/www.polizeichor-dresden.de\/wp-content\/uploads\/2019\/01\/WK2018-7741.jpg?resize=150%2C150&amp;ssl=1\" class=\"attachment-thumbnail size-thumbnail\" alt=\"\" decoding=\"async\" loading=\"lazy\" srcset=\"https:\/\/i0.wp.com\/www.polizeichor-dresden.de\/wp-content\/uploads\/2019\/01\/WK2018-7741.jpg?resize=150%2C150&amp;ssl=1 150w, https:\/\/i0.wp.com\/www.polizeichor-dresden.de\/wp-content\/uploads\/2019\/01\/WK2018-7741.jpg?zoom=2&amp;resize=150%2C150&amp;ssl=1 300w, https:\/\/i0.wp.com\/www.polizeichor-dresden.de\/wp-content\/uploads\/2019\/01\/WK2018-7741.jpg?zoom=3&amp;resize=150%2C150&amp;ssl=1 450w\" sizes=\"(max-width: 150px) 100vw, 150px\" data-attachment-id=\"1847\" data-permalink=\"https:\/\/www.polizeichor-dresden.de\/?attachment_id=1847\" data-orig-file=\"https:\/\/i0.wp.com\/www.polizeichor-dresden.de\/wp-content\/uploads\/2019\/01\/WK2018-7741.jpg?fit=1000%2C668&amp;ssl=1\" data-orig-size=\"1000,668\" data-comments-opened=\"1\" data-image-meta=\"{&quot;aperture&quot;:&quot;0&quot;,&quot;credit&quot;:&quot;Jan Wiedemann&quot;,&quot;camera&quot;:&quot;&quot;,&quot;caption&quot;:&quot;&quot;,&quot;created_timestamp&quot;:&quot;0&quot;,&quot;copyright&quot;:&quot;Jan Wiedemann&quot;,&quot;focal_length&quot;:&quot;0&quot;,&quot;iso&quot;:&quot;0&quot;,&quot;shutter_speed&quot;:&quot;0&quot;,&quot;title&quot;:&quot;&quot;,&quot;orientation&quot;:&quot;0&quot;}\" data-image-title=\"WK2018-7741\" data-image-description=\"\" data-image-caption=\"\" data-medium-file=\"https:\/\/i0.wp.com\/www.polizeichor-dresden.de\/wp-content\/uploads\/2019\/01\/WK2018-7741.jpg?fit=300%2C200&amp;ssl=1\" data-large-file=\"https:\/\/i0.wp.com\/www.polizeichor-dresden.de\/wp-content\/uploads\/2019\/01\/WK2018-7741.jpg?fit=1000%2C668&amp;ssl=1\" \/><\/a>\n\t\t\t<\/dt><\/dl><dl class='gallery-item'>\n\t\t\t<dt class='gallery-icon landscape'>\n\t\t\t\t<a href='https:\/\/www.polizeichor-dresden.de\/?attachment_id=1846'><img width=\"150\" height=\"150\" src=\"https:\/\/i0.wp.com\/www.polizeichor-dresden.de\/wp-content\/uploads\/2019\/01\/WK2018-7739.jpg?resize=150%2C150&amp;ssl=1\" class=\"attachment-thumbnail size-thumbnail\" alt=\"\" decoding=\"async\" loading=\"lazy\" srcset=\"https:\/\/i0.wp.com\/www.polizeichor-dresden.de\/wp-content\/uploads\/2019\/01\/WK2018-7739.jpg?resize=150%2C150&amp;ssl=1 150w, https:\/\/i0.wp.com\/www.polizeichor-dresden.de\/wp-content\/uploads\/2019\/01\/WK2018-7739.jpg?zoom=2&amp;resize=150%2C150&amp;ssl=1 300w, https:\/\/i0.wp.com\/www.polizeichor-dresden.de\/wp-content\/uploads\/2019\/01\/WK2018-7739.jpg?zoom=3&amp;resize=150%2C150&amp;ssl=1 450w\" sizes=\"(max-width: 150px) 100vw, 150px\" data-attachment-id=\"1846\" data-permalink=\"https:\/\/www.polizeichor-dresden.de\/?attachment_id=1846\" data-orig-file=\"https:\/\/i0.wp.com\/www.polizeichor-dresden.de\/wp-content\/uploads\/2019\/01\/WK2018-7739.jpg?fit=1000%2C668&amp;ssl=1\" data-orig-size=\"1000,668\" data-comments-opened=\"1\" data-image-meta=\"{&quot;aperture&quot;:&quot;0&quot;,&quot;credit&quot;:&quot;Jan Wiedemann&quot;,&quot;camera&quot;:&quot;&quot;,&quot;caption&quot;:&quot;&quot;,&quot;created_timestamp&quot;:&quot;0&quot;,&quot;copyright&quot;:&quot;Jan Wiedemann&quot;,&quot;focal_length&quot;:&quot;0&quot;,&quot;iso&quot;:&quot;0&quot;,&quot;shutter_speed&quot;:&quot;0&quot;,&quot;title&quot;:&quot;&quot;,&quot;orientation&quot;:&quot;0&quot;}\" data-image-title=\"WK2018-7739\" data-image-description=\"\" data-image-caption=\"\" data-medium-file=\"https:\/\/i0.wp.com\/www.polizeichor-dresden.de\/wp-content\/uploads\/2019\/01\/WK2018-7739.jpg?fit=300%2C200&amp;ssl=1\" data-large-file=\"https:\/\/i0.wp.com\/www.polizeichor-dresden.de\/wp-content\/uploads\/2019\/01\/WK2018-7739.jpg?fit=1000%2C668&amp;ssl=1\" \/><\/a>\n\t\t\t<\/dt><\/dl><dl class='gallery-item'>\n\t\t\t<dt class='gallery-icon landscape'>\n\t\t\t\t<a href='https:\/\/www.polizeichor-dresden.de\/?attachment_id=1845'><img width=\"150\" height=\"150\" src=\"https:\/\/i0.wp.com\/www.polizeichor-dresden.de\/wp-content\/uploads\/2019\/01\/WK2018-7737.jpg?resize=150%2C150&amp;ssl=1\" class=\"attachment-thumbnail size-thumbnail\" alt=\"\" decoding=\"async\" loading=\"lazy\" srcset=\"https:\/\/i0.wp.com\/www.polizeichor-dresden.de\/wp-content\/uploads\/2019\/01\/WK2018-7737.jpg?resize=150%2C150&amp;ssl=1 150w, https:\/\/i0.wp.com\/www.polizeichor-dresden.de\/wp-content\/uploads\/2019\/01\/WK2018-7737.jpg?zoom=2&amp;resize=150%2C150&amp;ssl=1 300w, https:\/\/i0.wp.com\/www.polizeichor-dresden.de\/wp-content\/uploads\/2019\/01\/WK2018-7737.jpg?zoom=3&amp;resize=150%2C150&amp;ssl=1 450w\" sizes=\"(max-width: 150px) 100vw, 150px\" data-attachment-id=\"1845\" data-permalink=\"https:\/\/www.polizeichor-dresden.de\/?attachment_id=1845\" data-orig-file=\"https:\/\/i0.wp.com\/www.polizeichor-dresden.de\/wp-content\/uploads\/2019\/01\/WK2018-7737.jpg?fit=1000%2C668&amp;ssl=1\" data-orig-size=\"1000,668\" data-comments-opened=\"1\" data-image-meta=\"{&quot;aperture&quot;:&quot;0&quot;,&quot;credit&quot;:&quot;Jan Wiedemann&quot;,&quot;camera&quot;:&quot;&quot;,&quot;caption&quot;:&quot;&quot;,&quot;created_timestamp&quot;:&quot;0&quot;,&quot;copyright&quot;:&quot;Jan Wiedemann&quot;,&quot;focal_length&quot;:&quot;0&quot;,&quot;iso&quot;:&quot;0&quot;,&quot;shutter_speed&quot;:&quot;0&quot;,&quot;title&quot;:&quot;&quot;,&quot;orientation&quot;:&quot;0&quot;}\" data-image-title=\"WK2018-7737\" data-image-description=\"\" data-image-caption=\"\" data-medium-file=\"https:\/\/i0.wp.com\/www.polizeichor-dresden.de\/wp-content\/uploads\/2019\/01\/WK2018-7737.jpg?fit=300%2C200&amp;ssl=1\" data-large-file=\"https:\/\/i0.wp.com\/www.polizeichor-dresden.de\/wp-content\/uploads\/2019\/01\/WK2018-7737.jpg?fit=1000%2C668&amp;ssl=1\" \/><\/a>\n\t\t\t<\/dt><\/dl><dl class='gallery-item'>\n\t\t\t<dt class='gallery-icon landscape'>\n\t\t\t\t<a href='https:\/\/www.polizeichor-dresden.de\/?attachment_id=1844'><img width=\"150\" height=\"150\" src=\"https:\/\/i0.wp.com\/www.polizeichor-dresden.de\/wp-content\/uploads\/2019\/01\/WK2018-7731.jpg?resize=150%2C150&amp;ssl=1\" class=\"attachment-thumbnail size-thumbnail\" alt=\"\" decoding=\"async\" loading=\"lazy\" srcset=\"https:\/\/i0.wp.com\/www.polizeichor-dresden.de\/wp-content\/uploads\/2019\/01\/WK2018-7731.jpg?resize=150%2C150&amp;ssl=1 150w, https:\/\/i0.wp.com\/www.polizeichor-dresden.de\/wp-content\/uploads\/2019\/01\/WK2018-7731.jpg?zoom=2&amp;resize=150%2C150&amp;ssl=1 300w, https:\/\/i0.wp.com\/www.polizeichor-dresden.de\/wp-content\/uploads\/2019\/01\/WK2018-7731.jpg?zoom=3&amp;resize=150%2C150&amp;ssl=1 450w\" sizes=\"(max-width: 150px) 100vw, 150px\" data-attachment-id=\"1844\" data-permalink=\"https:\/\/www.polizeichor-dresden.de\/?attachment_id=1844\" data-orig-file=\"https:\/\/i0.wp.com\/www.polizeichor-dresden.de\/wp-content\/uploads\/2019\/01\/WK2018-7731.jpg?fit=1000%2C668&amp;ssl=1\" data-orig-size=\"1000,668\" data-comments-opened=\"1\" data-image-meta=\"{&quot;aperture&quot;:&quot;0&quot;,&quot;credit&quot;:&quot;Jan Wiedemann&quot;,&quot;camera&quot;:&quot;&quot;,&quot;caption&quot;:&quot;&quot;,&quot;created_timestamp&quot;:&quot;0&quot;,&quot;copyright&quot;:&quot;Jan Wiedemann&quot;,&quot;focal_length&quot;:&quot;0&quot;,&quot;iso&quot;:&quot;0&quot;,&quot;shutter_speed&quot;:&quot;0&quot;,&quot;title&quot;:&quot;&quot;,&quot;orientation&quot;:&quot;0&quot;}\" data-image-title=\"WK2018-7731\" data-image-description=\"\" data-image-caption=\"\" data-medium-file=\"https:\/\/i0.wp.com\/www.polizeichor-dresden.de\/wp-content\/uploads\/2019\/01\/WK2018-7731.jpg?fit=300%2C200&amp;ssl=1\" data-large-file=\"https:\/\/i0.wp.com\/www.polizeichor-dresden.de\/wp-content\/uploads\/2019\/01\/WK2018-7731.jpg?fit=1000%2C668&amp;ssl=1\" \/><\/a>\n\t\t\t<\/dt><\/dl><br style=\"clear: both\" \/><dl class='gallery-item'>\n\t\t\t<dt class='gallery-icon landscape'>\n\t\t\t\t<a href='https:\/\/www.polizeichor-dresden.de\/?attachment_id=1843'><img width=\"150\" height=\"150\" src=\"https:\/\/i0.wp.com\/www.polizeichor-dresden.de\/wp-content\/uploads\/2019\/01\/WK2018-7730.jpg?resize=150%2C150&amp;ssl=1\" class=\"attachment-thumbnail size-thumbnail\" alt=\"\" decoding=\"async\" loading=\"lazy\" srcset=\"https:\/\/i0.wp.com\/www.polizeichor-dresden.de\/wp-content\/uploads\/2019\/01\/WK2018-7730.jpg?resize=150%2C150&amp;ssl=1 150w, https:\/\/i0.wp.com\/www.polizeichor-dresden.de\/wp-content\/uploads\/2019\/01\/WK2018-7730.jpg?zoom=2&amp;resize=150%2C150&amp;ssl=1 300w, https:\/\/i0.wp.com\/www.polizeichor-dresden.de\/wp-content\/uploads\/2019\/01\/WK2018-7730.jpg?zoom=3&amp;resize=150%2C150&amp;ssl=1 450w\" sizes=\"(max-width: 150px) 100vw, 150px\" data-attachment-id=\"1843\" data-permalink=\"https:\/\/www.polizeichor-dresden.de\/?attachment_id=1843\" data-orig-file=\"https:\/\/i0.wp.com\/www.polizeichor-dresden.de\/wp-content\/uploads\/2019\/01\/WK2018-7730.jpg?fit=1000%2C668&amp;ssl=1\" data-orig-size=\"1000,668\" data-comments-opened=\"1\" data-image-meta=\"{&quot;aperture&quot;:&quot;0&quot;,&quot;credit&quot;:&quot;Jan Wiedemann&quot;,&quot;camera&quot;:&quot;&quot;,&quot;caption&quot;:&quot;&quot;,&quot;created_timestamp&quot;:&quot;0&quot;,&quot;copyright&quot;:&quot;Jan Wiedemann&quot;,&quot;focal_length&quot;:&quot;0&quot;,&quot;iso&quot;:&quot;0&quot;,&quot;shutter_speed&quot;:&quot;0&quot;,&quot;title&quot;:&quot;&quot;,&quot;orientation&quot;:&quot;0&quot;}\" data-image-title=\"WK2018-7730\" data-image-description=\"\" data-image-caption=\"\" data-medium-file=\"https:\/\/i0.wp.com\/www.polizeichor-dresden.de\/wp-content\/uploads\/2019\/01\/WK2018-7730.jpg?fit=300%2C200&amp;ssl=1\" data-large-file=\"https:\/\/i0.wp.com\/www.polizeichor-dresden.de\/wp-content\/uploads\/2019\/01\/WK2018-7730.jpg?fit=1000%2C668&amp;ssl=1\" \/><\/a>\n\t\t\t<\/dt><\/dl><dl class='gallery-item'>\n\t\t\t<dt class='gallery-icon landscape'>\n\t\t\t\t<a href='https:\/\/www.polizeichor-dresden.de\/?attachment_id=1842'><img width=\"150\" height=\"150\" src=\"https:\/\/i0.wp.com\/www.polizeichor-dresden.de\/wp-content\/uploads\/2019\/01\/WK2018-7719.jpg?resize=150%2C150&amp;ssl=1\" class=\"attachment-thumbnail size-thumbnail\" alt=\"\" decoding=\"async\" loading=\"lazy\" srcset=\"https:\/\/i0.wp.com\/www.polizeichor-dresden.de\/wp-content\/uploads\/2019\/01\/WK2018-7719.jpg?resize=150%2C150&amp;ssl=1 150w, https:\/\/i0.wp.com\/www.polizeichor-dresden.de\/wp-content\/uploads\/2019\/01\/WK2018-7719.jpg?zoom=2&amp;resize=150%2C150&amp;ssl=1 300w, https:\/\/i0.wp.com\/www.polizeichor-dresden.de\/wp-content\/uploads\/2019\/01\/WK2018-7719.jpg?zoom=3&amp;resize=150%2C150&amp;ssl=1 450w\" sizes=\"(max-width: 150px) 100vw, 150px\" data-attachment-id=\"1842\" data-permalink=\"https:\/\/www.polizeichor-dresden.de\/?attachment_id=1842\" data-orig-file=\"https:\/\/i0.wp.com\/www.polizeichor-dresden.de\/wp-content\/uploads\/2019\/01\/WK2018-7719.jpg?fit=1000%2C668&amp;ssl=1\" data-orig-size=\"1000,668\" data-comments-opened=\"1\" data-image-meta=\"{&quot;aperture&quot;:&quot;0&quot;,&quot;credit&quot;:&quot;Jan Wiedemann&quot;,&quot;camera&quot;:&quot;&quot;,&quot;caption&quot;:&quot;&quot;,&quot;created_timestamp&quot;:&quot;0&quot;,&quot;copyright&quot;:&quot;Jan Wiedemann&quot;,&quot;focal_length&quot;:&quot;0&quot;,&quot;iso&quot;:&quot;0&quot;,&quot;shutter_speed&quot;:&quot;0&quot;,&quot;title&quot;:&quot;&quot;,&quot;orientation&quot;:&quot;0&quot;}\" data-image-title=\"WK2018-7719\" data-image-description=\"\" data-image-caption=\"\" data-medium-file=\"https:\/\/i0.wp.com\/www.polizeichor-dresden.de\/wp-content\/uploads\/2019\/01\/WK2018-7719.jpg?fit=300%2C200&amp;ssl=1\" data-large-file=\"https:\/\/i0.wp.com\/www.polizeichor-dresden.de\/wp-content\/uploads\/2019\/01\/WK2018-7719.jpg?fit=1000%2C668&amp;ssl=1\" \/><\/a>\n\t\t\t<\/dt><\/dl><dl class='gallery-item'>\n\t\t\t<dt class='gallery-icon landscape'>\n\t\t\t\t<a href='https:\/\/www.polizeichor-dresden.de\/?attachment_id=1841'><img width=\"150\" height=\"150\" src=\"https:\/\/i0.wp.com\/www.polizeichor-dresden.de\/wp-content\/uploads\/2019\/01\/WK2018-7718.jpg?resize=150%2C150&amp;ssl=1\" class=\"attachment-thumbnail size-thumbnail\" alt=\"\" decoding=\"async\" loading=\"lazy\" srcset=\"https:\/\/i0.wp.com\/www.polizeichor-dresden.de\/wp-content\/uploads\/2019\/01\/WK2018-7718.jpg?resize=150%2C150&amp;ssl=1 150w, https:\/\/i0.wp.com\/www.polizeichor-dresden.de\/wp-content\/uploads\/2019\/01\/WK2018-7718.jpg?zoom=2&amp;resize=150%2C150&amp;ssl=1 300w, https:\/\/i0.wp.com\/www.polizeichor-dresden.de\/wp-content\/uploads\/2019\/01\/WK2018-7718.jpg?zoom=3&amp;resize=150%2C150&amp;ssl=1 450w\" sizes=\"(max-width: 150px) 100vw, 150px\" data-attachment-id=\"1841\" data-permalink=\"https:\/\/www.polizeichor-dresden.de\/?attachment_id=1841\" data-orig-file=\"https:\/\/i0.wp.com\/www.polizeichor-dresden.de\/wp-content\/uploads\/2019\/01\/WK2018-7718.jpg?fit=1000%2C668&amp;ssl=1\" data-orig-size=\"1000,668\" data-comments-opened=\"1\" data-image-meta=\"{&quot;aperture&quot;:&quot;0&quot;,&quot;credit&quot;:&quot;Jan Wiedemann&quot;,&quot;camera&quot;:&quot;&quot;,&quot;caption&quot;:&quot;&quot;,&quot;created_timestamp&quot;:&quot;0&quot;,&quot;copyright&quot;:&quot;Jan Wiedemann&quot;,&quot;focal_length&quot;:&quot;0&quot;,&quot;iso&quot;:&quot;0&quot;,&quot;shutter_speed&quot;:&quot;0&quot;,&quot;title&quot;:&quot;&quot;,&quot;orientation&quot;:&quot;0&quot;}\" data-image-title=\"WK2018-7718\" data-image-description=\"\" data-image-caption=\"\" data-medium-file=\"https:\/\/i0.wp.com\/www.polizeichor-dresden.de\/wp-content\/uploads\/2019\/01\/WK2018-7718.jpg?fit=300%2C200&amp;ssl=1\" data-large-file=\"https:\/\/i0.wp.com\/www.polizeichor-dresden.de\/wp-content\/uploads\/2019\/01\/WK2018-7718.jpg?fit=1000%2C668&amp;ssl=1\" \/><\/a>\n\t\t\t<\/dt><\/dl><dl class='gallery-item'>\n\t\t\t<dt class='gallery-icon landscape'>\n\t\t\t\t<a href='https:\/\/www.polizeichor-dresden.de\/?attachment_id=1840'><img width=\"150\" height=\"150\" src=\"https:\/\/i0.wp.com\/www.polizeichor-dresden.de\/wp-content\/uploads\/2019\/01\/WK2018-7716.jpg?resize=150%2C150&amp;ssl=1\" class=\"attachment-thumbnail size-thumbnail\" alt=\"\" decoding=\"async\" loading=\"lazy\" srcset=\"https:\/\/i0.wp.com\/www.polizeichor-dresden.de\/wp-content\/uploads\/2019\/01\/WK2018-7716.jpg?resize=150%2C150&amp;ssl=1 150w, https:\/\/i0.wp.com\/www.polizeichor-dresden.de\/wp-content\/uploads\/2019\/01\/WK2018-7716.jpg?zoom=2&amp;resize=150%2C150&amp;ssl=1 300w, https:\/\/i0.wp.com\/www.polizeichor-dresden.de\/wp-content\/uploads\/2019\/01\/WK2018-7716.jpg?zoom=3&amp;resize=150%2C150&amp;ssl=1 450w\" sizes=\"(max-width: 150px) 100vw, 150px\" data-attachment-id=\"1840\" data-permalink=\"https:\/\/www.polizeichor-dresden.de\/?attachment_id=1840\" data-orig-file=\"https:\/\/i0.wp.com\/www.polizeichor-dresden.de\/wp-content\/uploads\/2019\/01\/WK2018-7716.jpg?fit=1000%2C668&amp;ssl=1\" data-orig-size=\"1000,668\" data-comments-opened=\"1\" data-image-meta=\"{&quot;aperture&quot;:&quot;0&quot;,&quot;credit&quot;:&quot;Jan Wiedemann&quot;,&quot;camera&quot;:&quot;&quot;,&quot;caption&quot;:&quot;&quot;,&quot;created_timestamp&quot;:&quot;0&quot;,&quot;copyright&quot;:&quot;Jan Wiedemann&quot;,&quot;focal_length&quot;:&quot;0&quot;,&quot;iso&quot;:&quot;0&quot;,&quot;shutter_speed&quot;:&quot;0&quot;,&quot;title&quot;:&quot;&quot;,&quot;orientation&quot;:&quot;0&quot;}\" data-image-title=\"WK2018-7716\" data-image-description=\"\" data-image-caption=\"\" data-medium-file=\"https:\/\/i0.wp.com\/www.polizeichor-dresden.de\/wp-content\/uploads\/2019\/01\/WK2018-7716.jpg?fit=300%2C200&amp;ssl=1\" data-large-file=\"https:\/\/i0.wp.com\/www.polizeichor-dresden.de\/wp-content\/uploads\/2019\/01\/WK2018-7716.jpg?fit=1000%2C668&amp;ssl=1\" \/><\/a>\n\t\t\t<\/dt><\/dl><br style=\"clear: both\" \/><dl class='gallery-item'>\n\t\t\t<dt class='gallery-icon landscape'>\n\t\t\t\t<a href='https:\/\/www.polizeichor-dresden.de\/?attachment_id=1839'><img width=\"150\" height=\"150\" src=\"https:\/\/i0.wp.com\/www.polizeichor-dresden.de\/wp-content\/uploads\/2019\/01\/WK2018-7714.jpg?resize=150%2C150&amp;ssl=1\" class=\"attachment-thumbnail size-thumbnail\" alt=\"\" decoding=\"async\" loading=\"lazy\" srcset=\"https:\/\/i0.wp.com\/www.polizeichor-dresden.de\/wp-content\/uploads\/2019\/01\/WK2018-7714.jpg?resize=150%2C150&amp;ssl=1 150w, https:\/\/i0.wp.com\/www.polizeichor-dresden.de\/wp-content\/uploads\/2019\/01\/WK2018-7714.jpg?zoom=2&amp;resize=150%2C150&amp;ssl=1 300w, https:\/\/i0.wp.com\/www.polizeichor-dresden.de\/wp-content\/uploads\/2019\/01\/WK2018-7714.jpg?zoom=3&amp;resize=150%2C150&amp;ssl=1 450w\" sizes=\"(max-width: 150px) 100vw, 150px\" data-attachment-id=\"1839\" data-permalink=\"https:\/\/www.polizeichor-dresden.de\/?attachment_id=1839\" data-orig-file=\"https:\/\/i0.wp.com\/www.polizeichor-dresden.de\/wp-content\/uploads\/2019\/01\/WK2018-7714.jpg?fit=1000%2C668&amp;ssl=1\" data-orig-size=\"1000,668\" data-comments-opened=\"1\" data-image-meta=\"{&quot;aperture&quot;:&quot;0&quot;,&quot;credit&quot;:&quot;Jan Wiedemann&quot;,&quot;camera&quot;:&quot;&quot;,&quot;caption&quot;:&quot;&quot;,&quot;created_timestamp&quot;:&quot;0&quot;,&quot;copyright&quot;:&quot;Jan Wiedemann&quot;,&quot;focal_length&quot;:&quot;0&quot;,&quot;iso&quot;:&quot;0&quot;,&quot;shutter_speed&quot;:&quot;0&quot;,&quot;title&quot;:&quot;&quot;,&quot;orientation&quot;:&quot;0&quot;}\" data-image-title=\"WK2018-7714\" data-image-description=\"\" data-image-caption=\"\" data-medium-file=\"https:\/\/i0.wp.com\/www.polizeichor-dresden.de\/wp-content\/uploads\/2019\/01\/WK2018-7714.jpg?fit=300%2C200&amp;ssl=1\" data-large-file=\"https:\/\/i0.wp.com\/www.polizeichor-dresden.de\/wp-content\/uploads\/2019\/01\/WK2018-7714.jpg?fit=1000%2C668&amp;ssl=1\" \/><\/a>\n\t\t\t<\/dt><\/dl><dl class='gallery-item'>\n\t\t\t<dt class='gallery-icon landscape'>\n\t\t\t\t<a href='https:\/\/www.polizeichor-dresden.de\/?attachment_id=1838'><img width=\"150\" height=\"150\" src=\"https:\/\/i0.wp.com\/www.polizeichor-dresden.de\/wp-content\/uploads\/2019\/01\/WK2018-7712.jpg?resize=150%2C150&amp;ssl=1\" class=\"attachment-thumbnail size-thumbnail\" alt=\"\" decoding=\"async\" loading=\"lazy\" srcset=\"https:\/\/i0.wp.com\/www.polizeichor-dresden.de\/wp-content\/uploads\/2019\/01\/WK2018-7712.jpg?resize=150%2C150&amp;ssl=1 150w, https:\/\/i0.wp.com\/www.polizeichor-dresden.de\/wp-content\/uploads\/2019\/01\/WK2018-7712.jpg?zoom=2&amp;resize=150%2C150&amp;ssl=1 300w, https:\/\/i0.wp.com\/www.polizeichor-dresden.de\/wp-content\/uploads\/2019\/01\/WK2018-7712.jpg?zoom=3&amp;resize=150%2C150&amp;ssl=1 450w\" sizes=\"(max-width: 150px) 100vw, 150px\" data-attachment-id=\"1838\" data-permalink=\"https:\/\/www.polizeichor-dresden.de\/?attachment_id=1838\" data-orig-file=\"https:\/\/i0.wp.com\/www.polizeichor-dresden.de\/wp-content\/uploads\/2019\/01\/WK2018-7712.jpg?fit=1000%2C668&amp;ssl=1\" data-orig-size=\"1000,668\" data-comments-opened=\"1\" data-image-meta=\"{&quot;aperture&quot;:&quot;0&quot;,&quot;credit&quot;:&quot;Jan Wiedemann&quot;,&quot;camera&quot;:&quot;&quot;,&quot;caption&quot;:&quot;&quot;,&quot;created_timestamp&quot;:&quot;0&quot;,&quot;copyright&quot;:&quot;Jan Wiedemann&quot;,&quot;focal_length&quot;:&quot;0&quot;,&quot;iso&quot;:&quot;0&quot;,&quot;shutter_speed&quot;:&quot;0&quot;,&quot;title&quot;:&quot;&quot;,&quot;orientation&quot;:&quot;0&quot;}\" data-image-title=\"WK2018-7712\" data-image-description=\"\" data-image-caption=\"\" data-medium-file=\"https:\/\/i0.wp.com\/www.polizeichor-dresden.de\/wp-content\/uploads\/2019\/01\/WK2018-7712.jpg?fit=300%2C200&amp;ssl=1\" data-large-file=\"https:\/\/i0.wp.com\/www.polizeichor-dresden.de\/wp-content\/uploads\/2019\/01\/WK2018-7712.jpg?fit=1000%2C668&amp;ssl=1\" \/><\/a>\n\t\t\t<\/dt><\/dl><dl class='gallery-item'>\n\t\t\t<dt class='gallery-icon portrait'>\n\t\t\t\t<a href='https:\/\/www.polizeichor-dresden.de\/?attachment_id=1837'><img width=\"150\" height=\"150\" src=\"https:\/\/i0.wp.com\/www.polizeichor-dresden.de\/wp-content\/uploads\/2019\/01\/WK2018-7709.jpg?resize=150%2C150&amp;ssl=1\" class=\"attachment-thumbnail size-thumbnail\" alt=\"\" decoding=\"async\" loading=\"lazy\" srcset=\"https:\/\/i0.wp.com\/www.polizeichor-dresden.de\/wp-content\/uploads\/2019\/01\/WK2018-7709.jpg?resize=150%2C150&amp;ssl=1 150w, https:\/\/i0.wp.com\/www.polizeichor-dresden.de\/wp-content\/uploads\/2019\/01\/WK2018-7709.jpg?zoom=2&amp;resize=150%2C150&amp;ssl=1 300w, https:\/\/i0.wp.com\/www.polizeichor-dresden.de\/wp-content\/uploads\/2019\/01\/WK2018-7709.jpg?zoom=3&amp;resize=150%2C150&amp;ssl=1 450w\" sizes=\"(max-width: 150px) 100vw, 150px\" data-attachment-id=\"1837\" data-permalink=\"https:\/\/www.polizeichor-dresden.de\/?attachment_id=1837\" data-orig-file=\"https:\/\/i0.wp.com\/www.polizeichor-dresden.de\/wp-content\/uploads\/2019\/01\/WK2018-7709.jpg?fit=668%2C1000&amp;ssl=1\" data-orig-size=\"668,1000\" data-comments-opened=\"1\" data-image-meta=\"{&quot;aperture&quot;:&quot;0&quot;,&quot;credit&quot;:&quot;Jan Wiedemann&quot;,&quot;camera&quot;:&quot;&quot;,&quot;caption&quot;:&quot;&quot;,&quot;created_timestamp&quot;:&quot;0&quot;,&quot;copyright&quot;:&quot;Jan Wiedemann&quot;,&quot;focal_length&quot;:&quot;0&quot;,&quot;iso&quot;:&quot;0&quot;,&quot;shutter_speed&quot;:&quot;0&quot;,&quot;title&quot;:&quot;&quot;,&quot;orientation&quot;:&quot;0&quot;}\" data-image-title=\"WK2018-7709\" data-image-description=\"\" data-image-caption=\"\" data-medium-file=\"https:\/\/i0.wp.com\/www.polizeichor-dresden.de\/wp-content\/uploads\/2019\/01\/WK2018-7709.jpg?fit=200%2C300&amp;ssl=1\" data-large-file=\"https:\/\/i0.wp.com\/www.polizeichor-dresden.de\/wp-content\/uploads\/2019\/01\/WK2018-7709.jpg?fit=668%2C1000&amp;ssl=1\" \/><\/a>\n\t\t\t<\/dt><\/dl><dl class='gallery-item'>\n\t\t\t<dt class='gallery-icon landscape'>\n\t\t\t\t<a href='https:\/\/www.polizeichor-dresden.de\/?attachment_id=1836'><img width=\"150\" height=\"150\" src=\"https:\/\/i0.wp.com\/www.polizeichor-dresden.de\/wp-content\/uploads\/2019\/01\/WK2018-7702.jpg?resize=150%2C150&amp;ssl=1\" class=\"attachment-thumbnail size-thumbnail\" alt=\"\" decoding=\"async\" loading=\"lazy\" srcset=\"https:\/\/i0.wp.com\/www.polizeichor-dresden.de\/wp-content\/uploads\/2019\/01\/WK2018-7702.jpg?resize=150%2C150&amp;ssl=1 150w, https:\/\/i0.wp.com\/www.polizeichor-dresden.de\/wp-content\/uploads\/2019\/01\/WK2018-7702.jpg?zoom=2&amp;resize=150%2C150&amp;ssl=1 300w, https:\/\/i0.wp.com\/www.polizeichor-dresden.de\/wp-content\/uploads\/2019\/01\/WK2018-7702.jpg?zoom=3&amp;resize=150%2C150&amp;ssl=1 450w\" sizes=\"(max-width: 150px) 100vw, 150px\" data-attachment-id=\"1836\" data-permalink=\"https:\/\/www.polizeichor-dresden.de\/?attachment_id=1836\" data-orig-file=\"https:\/\/i0.wp.com\/www.polizeichor-dresden.de\/wp-content\/uploads\/2019\/01\/WK2018-7702.jpg?fit=1000%2C668&amp;ssl=1\" data-orig-size=\"1000,668\" data-comments-opened=\"1\" data-image-meta=\"{&quot;aperture&quot;:&quot;0&quot;,&quot;credit&quot;:&quot;Jan Wiedemann&quot;,&quot;camera&quot;:&quot;&quot;,&quot;caption&quot;:&quot;&quot;,&quot;created_timestamp&quot;:&quot;0&quot;,&quot;copyright&quot;:&quot;Jan Wiedemann&quot;,&quot;focal_length&quot;:&quot;0&quot;,&quot;iso&quot;:&quot;0&quot;,&quot;shutter_speed&quot;:&quot;0&quot;,&quot;title&quot;:&quot;&quot;,&quot;orientation&quot;:&quot;0&quot;}\" data-image-title=\"WK2018-7702\" data-image-description=\"\" data-image-caption=\"\" data-medium-file=\"https:\/\/i0.wp.com\/www.polizeichor-dresden.de\/wp-content\/uploads\/2019\/01\/WK2018-7702.jpg?fit=300%2C200&amp;ssl=1\" data-large-file=\"https:\/\/i0.wp.com\/www.polizeichor-dresden.de\/wp-content\/uploads\/2019\/01\/WK2018-7702.jpg?fit=1000%2C668&amp;ssl=1\" \/><\/a>\n\t\t\t<\/dt><\/dl><br style=\"clear: both\" \/><dl class='gallery-item'>\n\t\t\t<dt class='gallery-icon landscape'>\n\t\t\t\t<a href='https:\/\/www.polizeichor-dresden.de\/?attachment_id=1835'><img width=\"150\" height=\"150\" src=\"https:\/\/i0.wp.com\/www.polizeichor-dresden.de\/wp-content\/uploads\/2019\/01\/WK2018-7701.jpg?resize=150%2C150&amp;ssl=1\" class=\"attachment-thumbnail size-thumbnail\" alt=\"\" decoding=\"async\" loading=\"lazy\" srcset=\"https:\/\/i0.wp.com\/www.polizeichor-dresden.de\/wp-content\/uploads\/2019\/01\/WK2018-7701.jpg?resize=150%2C150&amp;ssl=1 150w, https:\/\/i0.wp.com\/www.polizeichor-dresden.de\/wp-content\/uploads\/2019\/01\/WK2018-7701.jpg?zoom=2&amp;resize=150%2C150&amp;ssl=1 300w, https:\/\/i0.wp.com\/www.polizeichor-dresden.de\/wp-content\/uploads\/2019\/01\/WK2018-7701.jpg?zoom=3&amp;resize=150%2C150&amp;ssl=1 450w\" sizes=\"(max-width: 150px) 100vw, 150px\" data-attachment-id=\"1835\" data-permalink=\"https:\/\/www.polizeichor-dresden.de\/?attachment_id=1835\" data-orig-file=\"https:\/\/i0.wp.com\/www.polizeichor-dresden.de\/wp-content\/uploads\/2019\/01\/WK2018-7701.jpg?fit=1000%2C668&amp;ssl=1\" data-orig-size=\"1000,668\" data-comments-opened=\"1\" data-image-meta=\"{&quot;aperture&quot;:&quot;0&quot;,&quot;credit&quot;:&quot;Jan Wiedemann&quot;,&quot;camera&quot;:&quot;&quot;,&quot;caption&quot;:&quot;&quot;,&quot;created_timestamp&quot;:&quot;0&quot;,&quot;copyright&quot;:&quot;Jan Wiedemann&quot;,&quot;focal_length&quot;:&quot;0&quot;,&quot;iso&quot;:&quot;0&quot;,&quot;shutter_speed&quot;:&quot;0&quot;,&quot;title&quot;:&quot;&quot;,&quot;orientation&quot;:&quot;0&quot;}\" data-image-title=\"WK2018-7701\" data-image-description=\"\" data-image-caption=\"\" data-medium-file=\"https:\/\/i0.wp.com\/www.polizeichor-dresden.de\/wp-content\/uploads\/2019\/01\/WK2018-7701.jpg?fit=300%2C200&amp;ssl=1\" data-large-file=\"https:\/\/i0.wp.com\/www.polizeichor-dresden.de\/wp-content\/uploads\/2019\/01\/WK2018-7701.jpg?fit=1000%2C668&amp;ssl=1\" \/><\/a>\n\t\t\t<\/dt><\/dl><dl class='gallery-item'>\n\t\t\t<dt class='gallery-icon landscape'>\n\t\t\t\t<a href='https:\/\/www.polizeichor-dresden.de\/?attachment_id=1834'><img width=\"150\" height=\"150\" src=\"https:\/\/i0.wp.com\/www.polizeichor-dresden.de\/wp-content\/uploads\/2019\/01\/WK2018-7696.jpg?resize=150%2C150&amp;ssl=1\" class=\"attachment-thumbnail size-thumbnail\" alt=\"\" decoding=\"async\" loading=\"lazy\" srcset=\"https:\/\/i0.wp.com\/www.polizeichor-dresden.de\/wp-content\/uploads\/2019\/01\/WK2018-7696.jpg?resize=150%2C150&amp;ssl=1 150w, https:\/\/i0.wp.com\/www.polizeichor-dresden.de\/wp-content\/uploads\/2019\/01\/WK2018-7696.jpg?zoom=2&amp;resize=150%2C150&amp;ssl=1 300w, https:\/\/i0.wp.com\/www.polizeichor-dresden.de\/wp-content\/uploads\/2019\/01\/WK2018-7696.jpg?zoom=3&amp;resize=150%2C150&amp;ssl=1 450w\" sizes=\"(max-width: 150px) 100vw, 150px\" data-attachment-id=\"1834\" data-permalink=\"https:\/\/www.polizeichor-dresden.de\/?attachment_id=1834\" data-orig-file=\"https:\/\/i0.wp.com\/www.polizeichor-dresden.de\/wp-content\/uploads\/2019\/01\/WK2018-7696.jpg?fit=1000%2C667&amp;ssl=1\" data-orig-size=\"1000,667\" data-comments-opened=\"1\" data-image-meta=\"{&quot;aperture&quot;:&quot;0&quot;,&quot;credit&quot;:&quot;Jan Wiedemann&quot;,&quot;camera&quot;:&quot;&quot;,&quot;caption&quot;:&quot;&quot;,&quot;created_timestamp&quot;:&quot;0&quot;,&quot;copyright&quot;:&quot;Jan Wiedemann&quot;,&quot;focal_length&quot;:&quot;0&quot;,&quot;iso&quot;:&quot;0&quot;,&quot;shutter_speed&quot;:&quot;0&quot;,&quot;title&quot;:&quot;&quot;,&quot;orientation&quot;:&quot;0&quot;}\" data-image-title=\"WK2018-7696\" data-image-description=\"\" data-image-caption=\"\" data-medium-file=\"https:\/\/i0.wp.com\/www.polizeichor-dresden.de\/wp-content\/uploads\/2019\/01\/WK2018-7696.jpg?fit=300%2C200&amp;ssl=1\" data-large-file=\"https:\/\/i0.wp.com\/www.polizeichor-dresden.de\/wp-content\/uploads\/2019\/01\/WK2018-7696.jpg?fit=1000%2C667&amp;ssl=1\" \/><\/a>\n\t\t\t<\/dt><\/dl><dl class='gallery-item'>\n\t\t\t<dt class='gallery-icon landscape'>\n\t\t\t\t<a href='https:\/\/www.polizeichor-dresden.de\/?attachment_id=1833'><img width=\"150\" height=\"150\" src=\"https:\/\/i0.wp.com\/www.polizeichor-dresden.de\/wp-content\/uploads\/2019\/01\/WK2018-7692.jpg?resize=150%2C150&amp;ssl=1\" class=\"attachment-thumbnail size-thumbnail\" alt=\"\" decoding=\"async\" loading=\"lazy\" srcset=\"https:\/\/i0.wp.com\/www.polizeichor-dresden.de\/wp-content\/uploads\/2019\/01\/WK2018-7692.jpg?resize=150%2C150&amp;ssl=1 150w, https:\/\/i0.wp.com\/www.polizeichor-dresden.de\/wp-content\/uploads\/2019\/01\/WK2018-7692.jpg?zoom=2&amp;resize=150%2C150&amp;ssl=1 300w, https:\/\/i0.wp.com\/www.polizeichor-dresden.de\/wp-content\/uploads\/2019\/01\/WK2018-7692.jpg?zoom=3&amp;resize=150%2C150&amp;ssl=1 450w\" sizes=\"(max-width: 150px) 100vw, 150px\" data-attachment-id=\"1833\" data-permalink=\"https:\/\/www.polizeichor-dresden.de\/?attachment_id=1833\" data-orig-file=\"https:\/\/i0.wp.com\/www.polizeichor-dresden.de\/wp-content\/uploads\/2019\/01\/WK2018-7692.jpg?fit=1000%2C668&amp;ssl=1\" data-orig-size=\"1000,668\" data-comments-opened=\"1\" data-image-meta=\"{&quot;aperture&quot;:&quot;0&quot;,&quot;credit&quot;:&quot;Jan Wiedemann&quot;,&quot;camera&quot;:&quot;&quot;,&quot;caption&quot;:&quot;&quot;,&quot;created_timestamp&quot;:&quot;0&quot;,&quot;copyright&quot;:&quot;Jan Wiedemann&quot;,&quot;focal_length&quot;:&quot;0&quot;,&quot;iso&quot;:&quot;0&quot;,&quot;shutter_speed&quot;:&quot;0&quot;,&quot;title&quot;:&quot;&quot;,&quot;orientation&quot;:&quot;0&quot;}\" data-image-title=\"WK2018-7692\" data-image-description=\"\" data-image-caption=\"\" data-medium-file=\"https:\/\/i0.wp.com\/www.polizeichor-dresden.de\/wp-content\/uploads\/2019\/01\/WK2018-7692.jpg?fit=300%2C200&amp;ssl=1\" data-large-file=\"https:\/\/i0.wp.com\/www.polizeichor-dresden.de\/wp-content\/uploads\/2019\/01\/WK2018-7692.jpg?fit=1000%2C668&amp;ssl=1\" \/><\/a>\n\t\t\t<\/dt><\/dl><dl class='gallery-item'>\n\t\t\t<dt class='gallery-icon landscape'>\n\t\t\t\t<a href='https:\/\/www.polizeichor-dresden.de\/?attachment_id=1832'><img width=\"150\" height=\"150\" src=\"https:\/\/i0.wp.com\/www.polizeichor-dresden.de\/wp-content\/uploads\/2019\/01\/WK2018-7687.jpg?resize=150%2C150&amp;ssl=1\" class=\"attachment-thumbnail size-thumbnail\" alt=\"\" decoding=\"async\" loading=\"lazy\" srcset=\"https:\/\/i0.wp.com\/www.polizeichor-dresden.de\/wp-content\/uploads\/2019\/01\/WK2018-7687.jpg?resize=150%2C150&amp;ssl=1 150w, https:\/\/i0.wp.com\/www.polizeichor-dresden.de\/wp-content\/uploads\/2019\/01\/WK2018-7687.jpg?zoom=2&amp;resize=150%2C150&amp;ssl=1 300w, https:\/\/i0.wp.com\/www.polizeichor-dresden.de\/wp-content\/uploads\/2019\/01\/WK2018-7687.jpg?zoom=3&amp;resize=150%2C150&amp;ssl=1 450w\" sizes=\"(max-width: 150px) 100vw, 150px\" data-attachment-id=\"1832\" data-permalink=\"https:\/\/www.polizeichor-dresden.de\/?attachment_id=1832\" data-orig-file=\"https:\/\/i0.wp.com\/www.polizeichor-dresden.de\/wp-content\/uploads\/2019\/01\/WK2018-7687.jpg?fit=1000%2C668&amp;ssl=1\" data-orig-size=\"1000,668\" data-comments-opened=\"1\" data-image-meta=\"{&quot;aperture&quot;:&quot;0&quot;,&quot;credit&quot;:&quot;Jan Wiedemann&quot;,&quot;camera&quot;:&quot;&quot;,&quot;caption&quot;:&quot;&quot;,&quot;created_timestamp&quot;:&quot;0&quot;,&quot;copyright&quot;:&quot;Jan Wiedemann&quot;,&quot;focal_length&quot;:&quot;0&quot;,&quot;iso&quot;:&quot;0&quot;,&quot;shutter_speed&quot;:&quot;0&quot;,&quot;title&quot;:&quot;&quot;,&quot;orientation&quot;:&quot;0&quot;}\" data-image-title=\"WK2018-7687\" data-image-description=\"\" data-image-caption=\"\" data-medium-file=\"https:\/\/i0.wp.com\/www.polizeichor-dresden.de\/wp-content\/uploads\/2019\/01\/WK2018-7687.jpg?fit=300%2C200&amp;ssl=1\" data-large-file=\"https:\/\/i0.wp.com\/www.polizeichor-dresden.de\/wp-content\/uploads\/2019\/01\/WK2018-7687.jpg?fit=1000%2C668&amp;ssl=1\" \/><\/a>\n\t\t\t<\/dt><\/dl><br style=\"clear: both\" \/><dl class='gallery-item'>\n\t\t\t<dt class='gallery-icon landscape'>\n\t\t\t\t<a href='https:\/\/www.polizeichor-dresden.de\/?attachment_id=1831'><img width=\"150\" height=\"150\" src=\"https:\/\/i0.wp.com\/www.polizeichor-dresden.de\/wp-content\/uploads\/2019\/01\/WK2018-7686.jpg?resize=150%2C150&amp;ssl=1\" class=\"attachment-thumbnail size-thumbnail\" alt=\"\" decoding=\"async\" loading=\"lazy\" srcset=\"https:\/\/i0.wp.com\/www.polizeichor-dresden.de\/wp-content\/uploads\/2019\/01\/WK2018-7686.jpg?resize=150%2C150&amp;ssl=1 150w, https:\/\/i0.wp.com\/www.polizeichor-dresden.de\/wp-content\/uploads\/2019\/01\/WK2018-7686.jpg?zoom=2&amp;resize=150%2C150&amp;ssl=1 300w, https:\/\/i0.wp.com\/www.polizeichor-dresden.de\/wp-content\/uploads\/2019\/01\/WK2018-7686.jpg?zoom=3&amp;resize=150%2C150&amp;ssl=1 450w\" sizes=\"(max-width: 150px) 100vw, 150px\" data-attachment-id=\"1831\" data-permalink=\"https:\/\/www.polizeichor-dresden.de\/?attachment_id=1831\" data-orig-file=\"https:\/\/i0.wp.com\/www.polizeichor-dresden.de\/wp-content\/uploads\/2019\/01\/WK2018-7686.jpg?fit=1000%2C668&amp;ssl=1\" data-orig-size=\"1000,668\" data-comments-opened=\"1\" data-image-meta=\"{&quot;aperture&quot;:&quot;0&quot;,&quot;credit&quot;:&quot;Jan Wiedemann&quot;,&quot;camera&quot;:&quot;&quot;,&quot;caption&quot;:&quot;&quot;,&quot;created_timestamp&quot;:&quot;0&quot;,&quot;copyright&quot;:&quot;Jan Wiedemann&quot;,&quot;focal_length&quot;:&quot;0&quot;,&quot;iso&quot;:&quot;0&quot;,&quot;shutter_speed&quot;:&quot;0&quot;,&quot;title&quot;:&quot;&quot;,&quot;orientation&quot;:&quot;0&quot;}\" data-image-title=\"WK2018-7686\" data-image-description=\"\" data-image-caption=\"\" data-medium-file=\"https:\/\/i0.wp.com\/www.polizeichor-dresden.de\/wp-content\/uploads\/2019\/01\/WK2018-7686.jpg?fit=300%2C200&amp;ssl=1\" data-large-file=\"https:\/\/i0.wp.com\/www.polizeichor-dresden.de\/wp-content\/uploads\/2019\/01\/WK2018-7686.jpg?fit=1000%2C668&amp;ssl=1\" \/><\/a>\n\t\t\t<\/dt><\/dl><dl class='gallery-item'>\n\t\t\t<dt class='gallery-icon landscape'>\n\t\t\t\t<a href='https:\/\/www.polizeichor-dresden.de\/?attachment_id=1830'><img width=\"150\" height=\"150\" src=\"https:\/\/i0.wp.com\/www.polizeichor-dresden.de\/wp-content\/uploads\/2019\/01\/WK2018-7684.jpg?resize=150%2C150&amp;ssl=1\" class=\"attachment-thumbnail size-thumbnail\" alt=\"\" decoding=\"async\" loading=\"lazy\" srcset=\"https:\/\/i0.wp.com\/www.polizeichor-dresden.de\/wp-content\/uploads\/2019\/01\/WK2018-7684.jpg?resize=150%2C150&amp;ssl=1 150w, https:\/\/i0.wp.com\/www.polizeichor-dresden.de\/wp-content\/uploads\/2019\/01\/WK2018-7684.jpg?zoom=2&amp;resize=150%2C150&amp;ssl=1 300w, https:\/\/i0.wp.com\/www.polizeichor-dresden.de\/wp-content\/uploads\/2019\/01\/WK2018-7684.jpg?zoom=3&amp;resize=150%2C150&amp;ssl=1 450w\" sizes=\"(max-width: 150px) 100vw, 150px\" data-attachment-id=\"1830\" data-permalink=\"https:\/\/www.polizeichor-dresden.de\/?attachment_id=1830\" data-orig-file=\"https:\/\/i0.wp.com\/www.polizeichor-dresden.de\/wp-content\/uploads\/2019\/01\/WK2018-7684.jpg?fit=1000%2C668&amp;ssl=1\" data-orig-size=\"1000,668\" data-comments-opened=\"1\" data-image-meta=\"{&quot;aperture&quot;:&quot;0&quot;,&quot;credit&quot;:&quot;Jan Wiedemann&quot;,&quot;camera&quot;:&quot;&quot;,&quot;caption&quot;:&quot;&quot;,&quot;created_timestamp&quot;:&quot;0&quot;,&quot;copyright&quot;:&quot;Jan Wiedemann&quot;,&quot;focal_length&quot;:&quot;0&quot;,&quot;iso&quot;:&quot;0&quot;,&quot;shutter_speed&quot;:&quot;0&quot;,&quot;title&quot;:&quot;&quot;,&quot;orientation&quot;:&quot;0&quot;}\" data-image-title=\"WK2018-7684\" data-image-description=\"\" data-image-caption=\"\" data-medium-file=\"https:\/\/i0.wp.com\/www.polizeichor-dresden.de\/wp-content\/uploads\/2019\/01\/WK2018-7684.jpg?fit=300%2C200&amp;ssl=1\" data-large-file=\"https:\/\/i0.wp.com\/www.polizeichor-dresden.de\/wp-content\/uploads\/2019\/01\/WK2018-7684.jpg?fit=1000%2C668&amp;ssl=1\" \/><\/a>\n\t\t\t<\/dt><\/dl><dl class='gallery-item'>\n\t\t\t<dt class='gallery-icon landscape'>\n\t\t\t\t<a href='https:\/\/www.polizeichor-dresden.de\/?attachment_id=1829'><img width=\"150\" height=\"150\" src=\"https:\/\/i0.wp.com\/www.polizeichor-dresden.de\/wp-content\/uploads\/2019\/01\/WK2018-7681.jpg?resize=150%2C150&amp;ssl=1\" class=\"attachment-thumbnail size-thumbnail\" alt=\"\" decoding=\"async\" loading=\"lazy\" srcset=\"https:\/\/i0.wp.com\/www.polizeichor-dresden.de\/wp-content\/uploads\/2019\/01\/WK2018-7681.jpg?resize=150%2C150&amp;ssl=1 150w, https:\/\/i0.wp.com\/www.polizeichor-dresden.de\/wp-content\/uploads\/2019\/01\/WK2018-7681.jpg?zoom=2&amp;resize=150%2C150&amp;ssl=1 300w, https:\/\/i0.wp.com\/www.polizeichor-dresden.de\/wp-content\/uploads\/2019\/01\/WK2018-7681.jpg?zoom=3&amp;resize=150%2C150&amp;ssl=1 450w\" sizes=\"(max-width: 150px) 100vw, 150px\" data-attachment-id=\"1829\" data-permalink=\"https:\/\/www.polizeichor-dresden.de\/?attachment_id=1829\" data-orig-file=\"https:\/\/i0.wp.com\/www.polizeichor-dresden.de\/wp-content\/uploads\/2019\/01\/WK2018-7681.jpg?fit=1000%2C668&amp;ssl=1\" data-orig-size=\"1000,668\" data-comments-opened=\"1\" data-image-meta=\"{&quot;aperture&quot;:&quot;0&quot;,&quot;credit&quot;:&quot;Jan Wiedemann&quot;,&quot;camera&quot;:&quot;&quot;,&quot;caption&quot;:&quot;&quot;,&quot;created_timestamp&quot;:&quot;0&quot;,&quot;copyright&quot;:&quot;Jan Wiedemann&quot;,&quot;focal_length&quot;:&quot;0&quot;,&quot;iso&quot;:&quot;0&quot;,&quot;shutter_speed&quot;:&quot;0&quot;,&quot;title&quot;:&quot;&quot;,&quot;orientation&quot;:&quot;0&quot;}\" data-image-title=\"WK2018-7681\" data-image-description=\"\" data-image-caption=\"\" data-medium-file=\"https:\/\/i0.wp.com\/www.polizeichor-dresden.de\/wp-content\/uploads\/2019\/01\/WK2018-7681.jpg?fit=300%2C200&amp;ssl=1\" data-large-file=\"https:\/\/i0.wp.com\/www.polizeichor-dresden.de\/wp-content\/uploads\/2019\/01\/WK2018-7681.jpg?fit=1000%2C668&amp;ssl=1\" \/><\/a>\n\t\t\t<\/dt><\/dl><dl class='gallery-item'>\n\t\t\t<dt class='gallery-icon portrait'>\n\t\t\t\t<a href='https:\/\/www.polizeichor-dresden.de\/?attachment_id=1828'><img width=\"150\" height=\"150\" src=\"https:\/\/i0.wp.com\/www.polizeichor-dresden.de\/wp-content\/uploads\/2019\/01\/WK2018-7678.jpg?resize=150%2C150&amp;ssl=1\" class=\"attachment-thumbnail size-thumbnail\" alt=\"\" decoding=\"async\" loading=\"lazy\" srcset=\"https:\/\/i0.wp.com\/www.polizeichor-dresden.de\/wp-content\/uploads\/2019\/01\/WK2018-7678.jpg?resize=150%2C150&amp;ssl=1 150w, https:\/\/i0.wp.com\/www.polizeichor-dresden.de\/wp-content\/uploads\/2019\/01\/WK2018-7678.jpg?zoom=2&amp;resize=150%2C150&amp;ssl=1 300w, https:\/\/i0.wp.com\/www.polizeichor-dresden.de\/wp-content\/uploads\/2019\/01\/WK2018-7678.jpg?zoom=3&amp;resize=150%2C150&amp;ssl=1 450w\" sizes=\"(max-width: 150px) 100vw, 150px\" data-attachment-id=\"1828\" data-permalink=\"https:\/\/www.polizeichor-dresden.de\/?attachment_id=1828\" data-orig-file=\"https:\/\/i0.wp.com\/www.polizeichor-dresden.de\/wp-content\/uploads\/2019\/01\/WK2018-7678.jpg?fit=668%2C1000&amp;ssl=1\" data-orig-size=\"668,1000\" data-comments-opened=\"1\" data-image-meta=\"{&quot;aperture&quot;:&quot;0&quot;,&quot;credit&quot;:&quot;Jan Wiedemann&quot;,&quot;camera&quot;:&quot;&quot;,&quot;caption&quot;:&quot;&quot;,&quot;created_timestamp&quot;:&quot;0&quot;,&quot;copyright&quot;:&quot;Jan Wiedemann&quot;,&quot;focal_length&quot;:&quot;0&quot;,&quot;iso&quot;:&quot;0&quot;,&quot;shutter_speed&quot;:&quot;0&quot;,&quot;title&quot;:&quot;&quot;,&quot;orientation&quot;:&quot;0&quot;}\" data-image-title=\"WK2018-7678\" data-image-description=\"\" data-image-caption=\"\" data-medium-file=\"https:\/\/i0.wp.com\/www.polizeichor-dresden.de\/wp-content\/uploads\/2019\/01\/WK2018-7678.jpg?fit=200%2C300&amp;ssl=1\" data-large-file=\"https:\/\/i0.wp.com\/www.polizeichor-dresden.de\/wp-content\/uploads\/2019\/01\/WK2018-7678.jpg?fit=668%2C1000&amp;ssl=1\" \/><\/a>\n\t\t\t<\/dt><\/dl><br style=\"clear: both\" \/><dl class='gallery-item'>\n\t\t\t<dt class='gallery-icon landscape'>\n\t\t\t\t<a href='https:\/\/www.polizeichor-dresden.de\/?attachment_id=1827'><img width=\"150\" height=\"150\" src=\"https:\/\/i0.wp.com\/www.polizeichor-dresden.de\/wp-content\/uploads\/2019\/01\/WK2018-7672.jpg?resize=150%2C150&amp;ssl=1\" class=\"attachment-thumbnail size-thumbnail\" alt=\"\" decoding=\"async\" loading=\"lazy\" srcset=\"https:\/\/i0.wp.com\/www.polizeichor-dresden.de\/wp-content\/uploads\/2019\/01\/WK2018-7672.jpg?resize=150%2C150&amp;ssl=1 150w, https:\/\/i0.wp.com\/www.polizeichor-dresden.de\/wp-content\/uploads\/2019\/01\/WK2018-7672.jpg?zoom=2&amp;resize=150%2C150&amp;ssl=1 300w, https:\/\/i0.wp.com\/www.polizeichor-dresden.de\/wp-content\/uploads\/2019\/01\/WK2018-7672.jpg?zoom=3&amp;resize=150%2C150&amp;ssl=1 450w\" sizes=\"(max-width: 150px) 100vw, 150px\" data-attachment-id=\"1827\" data-permalink=\"https:\/\/www.polizeichor-dresden.de\/?attachment_id=1827\" data-orig-file=\"https:\/\/i0.wp.com\/www.polizeichor-dresden.de\/wp-content\/uploads\/2019\/01\/WK2018-7672.jpg?fit=1000%2C668&amp;ssl=1\" data-orig-size=\"1000,668\" data-comments-opened=\"1\" data-image-meta=\"{&quot;aperture&quot;:&quot;0&quot;,&quot;credit&quot;:&quot;Jan Wiedemann&quot;,&quot;camera&quot;:&quot;&quot;,&quot;caption&quot;:&quot;&quot;,&quot;created_timestamp&quot;:&quot;0&quot;,&quot;copyright&quot;:&quot;Jan Wiedemann&quot;,&quot;focal_length&quot;:&quot;0&quot;,&quot;iso&quot;:&quot;0&quot;,&quot;shutter_speed&quot;:&quot;0&quot;,&quot;title&quot;:&quot;&quot;,&quot;orientation&quot;:&quot;0&quot;}\" data-image-title=\"WK2018-7672\" data-image-description=\"\" data-image-caption=\"\" data-medium-file=\"https:\/\/i0.wp.com\/www.polizeichor-dresden.de\/wp-content\/uploads\/2019\/01\/WK2018-7672.jpg?fit=300%2C200&amp;ssl=1\" data-large-file=\"https:\/\/i0.wp.com\/www.polizeichor-dresden.de\/wp-content\/uploads\/2019\/01\/WK2018-7672.jpg?fit=1000%2C668&amp;ssl=1\" \/><\/a>\n\t\t\t<\/dt><\/dl><dl class='gallery-item'>\n\t\t\t<dt class='gallery-icon landscape'>\n\t\t\t\t<a href='https:\/\/www.polizeichor-dresden.de\/?attachment_id=1826'><img width=\"150\" height=\"150\" src=\"https:\/\/i0.wp.com\/www.polizeichor-dresden.de\/wp-content\/uploads\/2019\/01\/WK2018-7666.jpg?resize=150%2C150&amp;ssl=1\" class=\"attachment-thumbnail size-thumbnail\" alt=\"\" decoding=\"async\" loading=\"lazy\" srcset=\"https:\/\/i0.wp.com\/www.polizeichor-dresden.de\/wp-content\/uploads\/2019\/01\/WK2018-7666.jpg?resize=150%2C150&amp;ssl=1 150w, https:\/\/i0.wp.com\/www.polizeichor-dresden.de\/wp-content\/uploads\/2019\/01\/WK2018-7666.jpg?zoom=2&amp;resize=150%2C150&amp;ssl=1 300w, https:\/\/i0.wp.com\/www.polizeichor-dresden.de\/wp-content\/uploads\/2019\/01\/WK2018-7666.jpg?zoom=3&amp;resize=150%2C150&amp;ssl=1 450w\" sizes=\"(max-width: 150px) 100vw, 150px\" data-attachment-id=\"1826\" data-permalink=\"https:\/\/www.polizeichor-dresden.de\/?attachment_id=1826\" data-orig-file=\"https:\/\/i0.wp.com\/www.polizeichor-dresden.de\/wp-content\/uploads\/2019\/01\/WK2018-7666.jpg?fit=1000%2C668&amp;ssl=1\" data-orig-size=\"1000,668\" data-comments-opened=\"1\" data-image-meta=\"{&quot;aperture&quot;:&quot;0&quot;,&quot;credit&quot;:&quot;Jan Wiedemann&quot;,&quot;camera&quot;:&quot;&quot;,&quot;caption&quot;:&quot;&quot;,&quot;created_timestamp&quot;:&quot;0&quot;,&quot;copyright&quot;:&quot;Jan Wiedemann&quot;,&quot;focal_length&quot;:&quot;0&quot;,&quot;iso&quot;:&quot;0&quot;,&quot;shutter_speed&quot;:&quot;0&quot;,&quot;title&quot;:&quot;&quot;,&quot;orientation&quot;:&quot;0&quot;}\" data-image-title=\"WK2018-7666\" data-image-description=\"\" data-image-caption=\"\" data-medium-file=\"https:\/\/i0.wp.com\/www.polizeichor-dresden.de\/wp-content\/uploads\/2019\/01\/WK2018-7666.jpg?fit=300%2C200&amp;ssl=1\" data-large-file=\"https:\/\/i0.wp.com\/www.polizeichor-dresden.de\/wp-content\/uploads\/2019\/01\/WK2018-7666.jpg?fit=1000%2C668&amp;ssl=1\" \/><\/a>\n\t\t\t<\/dt><\/dl><dl class='gallery-item'>\n\t\t\t<dt class='gallery-icon landscape'>\n\t\t\t\t<a href='https:\/\/www.polizeichor-dresden.de\/?attachment_id=1825'><img width=\"150\" height=\"150\" src=\"https:\/\/i0.wp.com\/www.polizeichor-dresden.de\/wp-content\/uploads\/2019\/01\/WK2018-7664.jpg?resize=150%2C150&amp;ssl=1\" class=\"attachment-thumbnail size-thumbnail\" alt=\"\" decoding=\"async\" loading=\"lazy\" srcset=\"https:\/\/i0.wp.com\/www.polizeichor-dresden.de\/wp-content\/uploads\/2019\/01\/WK2018-7664.jpg?resize=150%2C150&amp;ssl=1 150w, https:\/\/i0.wp.com\/www.polizeichor-dresden.de\/wp-content\/uploads\/2019\/01\/WK2018-7664.jpg?zoom=2&amp;resize=150%2C150&amp;ssl=1 300w, https:\/\/i0.wp.com\/www.polizeichor-dresden.de\/wp-content\/uploads\/2019\/01\/WK2018-7664.jpg?zoom=3&amp;resize=150%2C150&amp;ssl=1 450w\" sizes=\"(max-width: 150px) 100vw, 150px\" data-attachment-id=\"1825\" data-permalink=\"https:\/\/www.polizeichor-dresden.de\/?attachment_id=1825\" data-orig-file=\"https:\/\/i0.wp.com\/www.polizeichor-dresden.de\/wp-content\/uploads\/2019\/01\/WK2018-7664.jpg?fit=1000%2C668&amp;ssl=1\" data-orig-size=\"1000,668\" data-comments-opened=\"1\" data-image-meta=\"{&quot;aperture&quot;:&quot;0&quot;,&quot;credit&quot;:&quot;Jan Wiedemann&quot;,&quot;camera&quot;:&quot;&quot;,&quot;caption&quot;:&quot;&quot;,&quot;created_timestamp&quot;:&quot;0&quot;,&quot;copyright&quot;:&quot;Jan Wiedemann&quot;,&quot;focal_length&quot;:&quot;0&quot;,&quot;iso&quot;:&quot;0&quot;,&quot;shutter_speed&quot;:&quot;0&quot;,&quot;title&quot;:&quot;&quot;,&quot;orientation&quot;:&quot;0&quot;}\" data-image-title=\"WK2018-7664\" data-image-description=\"\" data-image-caption=\"\" data-medium-file=\"https:\/\/i0.wp.com\/www.polizeichor-dresden.de\/wp-content\/uploads\/2019\/01\/WK2018-7664.jpg?fit=300%2C200&amp;ssl=1\" data-large-file=\"https:\/\/i0.wp.com\/www.polizeichor-dresden.de\/wp-content\/uploads\/2019\/01\/WK2018-7664.jpg?fit=1000%2C668&amp;ssl=1\" \/><\/a>\n\t\t\t<\/dt><\/dl><dl class='gallery-item'>\n\t\t\t<dt class='gallery-icon landscape'>\n\t\t\t\t<a href='https:\/\/www.polizeichor-dresden.de\/?attachment_id=1824'><img width=\"150\" height=\"150\" src=\"https:\/\/i0.wp.com\/www.polizeichor-dresden.de\/wp-content\/uploads\/2019\/01\/WK2018-7655.jpg?resize=150%2C150&amp;ssl=1\" class=\"attachment-thumbnail size-thumbnail\" alt=\"\" decoding=\"async\" loading=\"lazy\" srcset=\"https:\/\/i0.wp.com\/www.polizeichor-dresden.de\/wp-content\/uploads\/2019\/01\/WK2018-7655.jpg?resize=150%2C150&amp;ssl=1 150w, https:\/\/i0.wp.com\/www.polizeichor-dresden.de\/wp-content\/uploads\/2019\/01\/WK2018-7655.jpg?zoom=2&amp;resize=150%2C150&amp;ssl=1 300w, https:\/\/i0.wp.com\/www.polizeichor-dresden.de\/wp-content\/uploads\/2019\/01\/WK2018-7655.jpg?zoom=3&amp;resize=150%2C150&amp;ssl=1 450w\" sizes=\"(max-width: 150px) 100vw, 150px\" data-attachment-id=\"1824\" data-permalink=\"https:\/\/www.polizeichor-dresden.de\/?attachment_id=1824\" data-orig-file=\"https:\/\/i0.wp.com\/www.polizeichor-dresden.de\/wp-content\/uploads\/2019\/01\/WK2018-7655.jpg?fit=1000%2C668&amp;ssl=1\" data-orig-size=\"1000,668\" data-comments-opened=\"1\" data-image-meta=\"{&quot;aperture&quot;:&quot;0&quot;,&quot;credit&quot;:&quot;Jan Wiedemann&quot;,&quot;camera&quot;:&quot;&quot;,&quot;caption&quot;:&quot;&quot;,&quot;created_timestamp&quot;:&quot;0&quot;,&quot;copyright&quot;:&quot;Jan Wiedemann&quot;,&quot;focal_length&quot;:&quot;0&quot;,&quot;iso&quot;:&quot;0&quot;,&quot;shutter_speed&quot;:&quot;0&quot;,&quot;title&quot;:&quot;&quot;,&quot;orientation&quot;:&quot;0&quot;}\" data-image-title=\"WK2018-7655\" data-image-description=\"\" data-image-caption=\"\" data-medium-file=\"https:\/\/i0.wp.com\/www.polizeichor-dresden.de\/wp-content\/uploads\/2019\/01\/WK2018-7655.jpg?fit=300%2C200&amp;ssl=1\" data-large-file=\"https:\/\/i0.wp.com\/www.polizeichor-dresden.de\/wp-content\/uploads\/2019\/01\/WK2018-7655.jpg?fit=1000%2C668&amp;ssl=1\" \/><\/a>\n\t\t\t<\/dt><\/dl><br style=\"clear: both\" \/><dl class='gallery-item'>\n\t\t\t<dt class='gallery-icon landscape'>\n\t\t\t\t<a href='https:\/\/www.polizeichor-dresden.de\/?attachment_id=1823'><img width=\"150\" height=\"150\" src=\"https:\/\/i0.wp.com\/www.polizeichor-dresden.de\/wp-content\/uploads\/2019\/01\/WK2018-7649.jpg?resize=150%2C150&amp;ssl=1\" class=\"attachment-thumbnail size-thumbnail\" alt=\"\" decoding=\"async\" loading=\"lazy\" srcset=\"https:\/\/i0.wp.com\/www.polizeichor-dresden.de\/wp-content\/uploads\/2019\/01\/WK2018-7649.jpg?resize=150%2C150&amp;ssl=1 150w, https:\/\/i0.wp.com\/www.polizeichor-dresden.de\/wp-content\/uploads\/2019\/01\/WK2018-7649.jpg?zoom=2&amp;resize=150%2C150&amp;ssl=1 300w, https:\/\/i0.wp.com\/www.polizeichor-dresden.de\/wp-content\/uploads\/2019\/01\/WK2018-7649.jpg?zoom=3&amp;resize=150%2C150&amp;ssl=1 450w\" sizes=\"(max-width: 150px) 100vw, 150px\" data-attachment-id=\"1823\" data-permalink=\"https:\/\/www.polizeichor-dresden.de\/?attachment_id=1823\" data-orig-file=\"https:\/\/i0.wp.com\/www.polizeichor-dresden.de\/wp-content\/uploads\/2019\/01\/WK2018-7649.jpg?fit=1000%2C668&amp;ssl=1\" data-orig-size=\"1000,668\" data-comments-opened=\"1\" data-image-meta=\"{&quot;aperture&quot;:&quot;0&quot;,&quot;credit&quot;:&quot;Jan Wiedemann&quot;,&quot;camera&quot;:&quot;&quot;,&quot;caption&quot;:&quot;&quot;,&quot;created_timestamp&quot;:&quot;0&quot;,&quot;copyright&quot;:&quot;Jan Wiedemann&quot;,&quot;focal_length&quot;:&quot;0&quot;,&quot;iso&quot;:&quot;0&quot;,&quot;shutter_speed&quot;:&quot;0&quot;,&quot;title&quot;:&quot;&quot;,&quot;orientation&quot;:&quot;0&quot;}\" data-image-title=\"WK2018-7649\" data-image-description=\"\" data-image-caption=\"\" data-medium-file=\"https:\/\/i0.wp.com\/www.polizeichor-dresden.de\/wp-content\/uploads\/2019\/01\/WK2018-7649.jpg?fit=300%2C200&amp;ssl=1\" data-large-file=\"https:\/\/i0.wp.com\/www.polizeichor-dresden.de\/wp-content\/uploads\/2019\/01\/WK2018-7649.jpg?fit=1000%2C668&amp;ssl=1\" \/><\/a>\n\t\t\t<\/dt><\/dl><dl class='gallery-item'>\n\t\t\t<dt class='gallery-icon landscape'>\n\t\t\t\t<a href='https:\/\/www.polizeichor-dresden.de\/?attachment_id=1822'><img width=\"150\" height=\"150\" src=\"https:\/\/i0.wp.com\/www.polizeichor-dresden.de\/wp-content\/uploads\/2019\/01\/WK2018-7647.jpg?resize=150%2C150&amp;ssl=1\" class=\"attachment-thumbnail size-thumbnail\" alt=\"\" decoding=\"async\" loading=\"lazy\" srcset=\"https:\/\/i0.wp.com\/www.polizeichor-dresden.de\/wp-content\/uploads\/2019\/01\/WK2018-7647.jpg?resize=150%2C150&amp;ssl=1 150w, https:\/\/i0.wp.com\/www.polizeichor-dresden.de\/wp-content\/uploads\/2019\/01\/WK2018-7647.jpg?zoom=2&amp;resize=150%2C150&amp;ssl=1 300w, https:\/\/i0.wp.com\/www.polizeichor-dresden.de\/wp-content\/uploads\/2019\/01\/WK2018-7647.jpg?zoom=3&amp;resize=150%2C150&amp;ssl=1 450w\" sizes=\"(max-width: 150px) 100vw, 150px\" data-attachment-id=\"1822\" data-permalink=\"https:\/\/www.polizeichor-dresden.de\/?attachment_id=1822\" data-orig-file=\"https:\/\/i0.wp.com\/www.polizeichor-dresden.de\/wp-content\/uploads\/2019\/01\/WK2018-7647.jpg?fit=1000%2C668&amp;ssl=1\" data-orig-size=\"1000,668\" data-comments-opened=\"1\" data-image-meta=\"{&quot;aperture&quot;:&quot;0&quot;,&quot;credit&quot;:&quot;Jan Wiedemann&quot;,&quot;camera&quot;:&quot;&quot;,&quot;caption&quot;:&quot;&quot;,&quot;created_timestamp&quot;:&quot;0&quot;,&quot;copyright&quot;:&quot;Jan Wiedemann&quot;,&quot;focal_length&quot;:&quot;0&quot;,&quot;iso&quot;:&quot;0&quot;,&quot;shutter_speed&quot;:&quot;0&quot;,&quot;title&quot;:&quot;&quot;,&quot;orientation&quot;:&quot;0&quot;}\" data-image-title=\"WK2018-7647\" data-image-description=\"\" data-image-caption=\"\" data-medium-file=\"https:\/\/i0.wp.com\/www.polizeichor-dresden.de\/wp-content\/uploads\/2019\/01\/WK2018-7647.jpg?fit=300%2C200&amp;ssl=1\" data-large-file=\"https:\/\/i0.wp.com\/www.polizeichor-dresden.de\/wp-content\/uploads\/2019\/01\/WK2018-7647.jpg?fit=1000%2C668&amp;ssl=1\" \/><\/a>\n\t\t\t<\/dt><\/dl><dl class='gallery-item'>\n\t\t\t<dt class='gallery-icon landscape'>\n\t\t\t\t<a href='https:\/\/www.polizeichor-dresden.de\/?attachment_id=1821'><img width=\"150\" height=\"150\" src=\"https:\/\/i0.wp.com\/www.polizeichor-dresden.de\/wp-content\/uploads\/2019\/01\/WK2018-7646.jpg?resize=150%2C150&amp;ssl=1\" class=\"attachment-thumbnail size-thumbnail\" alt=\"\" decoding=\"async\" loading=\"lazy\" srcset=\"https:\/\/i0.wp.com\/www.polizeichor-dresden.de\/wp-content\/uploads\/2019\/01\/WK2018-7646.jpg?resize=150%2C150&amp;ssl=1 150w, https:\/\/i0.wp.com\/www.polizeichor-dresden.de\/wp-content\/uploads\/2019\/01\/WK2018-7646.jpg?zoom=2&amp;resize=150%2C150&amp;ssl=1 300w, https:\/\/i0.wp.com\/www.polizeichor-dresden.de\/wp-content\/uploads\/2019\/01\/WK2018-7646.jpg?zoom=3&amp;resize=150%2C150&amp;ssl=1 450w\" sizes=\"(max-width: 150px) 100vw, 150px\" data-attachment-id=\"1821\" data-permalink=\"https:\/\/www.polizeichor-dresden.de\/?attachment_id=1821\" data-orig-file=\"https:\/\/i0.wp.com\/www.polizeichor-dresden.de\/wp-content\/uploads\/2019\/01\/WK2018-7646.jpg?fit=1000%2C668&amp;ssl=1\" data-orig-size=\"1000,668\" data-comments-opened=\"1\" data-image-meta=\"{&quot;aperture&quot;:&quot;0&quot;,&quot;credit&quot;:&quot;Jan Wiedemann&quot;,&quot;camera&quot;:&quot;&quot;,&quot;caption&quot;:&quot;&quot;,&quot;created_timestamp&quot;:&quot;0&quot;,&quot;copyright&quot;:&quot;Jan Wiedemann&quot;,&quot;focal_length&quot;:&quot;0&quot;,&quot;iso&quot;:&quot;0&quot;,&quot;shutter_speed&quot;:&quot;0&quot;,&quot;title&quot;:&quot;&quot;,&quot;orientation&quot;:&quot;0&quot;}\" data-image-title=\"WK2018-7646\" data-image-description=\"\" data-image-caption=\"\" data-medium-file=\"https:\/\/i0.wp.com\/www.polizeichor-dresden.de\/wp-content\/uploads\/2019\/01\/WK2018-7646.jpg?fit=300%2C200&amp;ssl=1\" data-large-file=\"https:\/\/i0.wp.com\/www.polizeichor-dresden.de\/wp-content\/uploads\/2019\/01\/WK2018-7646.jpg?fit=1000%2C668&amp;ssl=1\" \/><\/a>\n\t\t\t<\/dt><\/dl><dl class='gallery-item'>\n\t\t\t<dt class='gallery-icon landscape'>\n\t\t\t\t<a href='https:\/\/www.polizeichor-dresden.de\/?attachment_id=1820'><img width=\"150\" height=\"150\" src=\"https:\/\/i0.wp.com\/www.polizeichor-dresden.de\/wp-content\/uploads\/2019\/01\/WK2018-7644.jpg?resize=150%2C150&amp;ssl=1\" class=\"attachment-thumbnail size-thumbnail\" alt=\"\" decoding=\"async\" loading=\"lazy\" srcset=\"https:\/\/i0.wp.com\/www.polizeichor-dresden.de\/wp-content\/uploads\/2019\/01\/WK2018-7644.jpg?resize=150%2C150&amp;ssl=1 150w, https:\/\/i0.wp.com\/www.polizeichor-dresden.de\/wp-content\/uploads\/2019\/01\/WK2018-7644.jpg?zoom=2&amp;resize=150%2C150&amp;ssl=1 300w, https:\/\/i0.wp.com\/www.polizeichor-dresden.de\/wp-content\/uploads\/2019\/01\/WK2018-7644.jpg?zoom=3&amp;resize=150%2C150&amp;ssl=1 450w\" sizes=\"(max-width: 150px) 100vw, 150px\" data-attachment-id=\"1820\" data-permalink=\"https:\/\/www.polizeichor-dresden.de\/?attachment_id=1820\" data-orig-file=\"https:\/\/i0.wp.com\/www.polizeichor-dresden.de\/wp-content\/uploads\/2019\/01\/WK2018-7644.jpg?fit=1000%2C668&amp;ssl=1\" data-orig-size=\"1000,668\" data-comments-opened=\"1\" data-image-meta=\"{&quot;aperture&quot;:&quot;0&quot;,&quot;credit&quot;:&quot;Jan Wiedemann&quot;,&quot;camera&quot;:&quot;&quot;,&quot;caption&quot;:&quot;&quot;,&quot;created_timestamp&quot;:&quot;0&quot;,&quot;copyright&quot;:&quot;Jan Wiedemann&quot;,&quot;focal_length&quot;:&quot;0&quot;,&quot;iso&quot;:&quot;0&quot;,&quot;shutter_speed&quot;:&quot;0&quot;,&quot;title&quot;:&quot;&quot;,&quot;orientation&quot;:&quot;0&quot;}\" data-image-title=\"WK2018-7644\" data-image-description=\"\" data-image-caption=\"\" data-medium-file=\"https:\/\/i0.wp.com\/www.polizeichor-dresden.de\/wp-content\/uploads\/2019\/01\/WK2018-7644.jpg?fit=300%2C200&amp;ssl=1\" data-large-file=\"https:\/\/i0.wp.com\/www.polizeichor-dresden.de\/wp-content\/uploads\/2019\/01\/WK2018-7644.jpg?fit=1000%2C668&amp;ssl=1\" \/><\/a>\n\t\t\t<\/dt><\/dl><br style=\"clear: both\" \/><dl class='gallery-item'>\n\t\t\t<dt class='gallery-icon landscape'>\n\t\t\t\t<a href='https:\/\/www.polizeichor-dresden.de\/?attachment_id=1819'><img width=\"150\" height=\"150\" src=\"https:\/\/i0.wp.com\/www.polizeichor-dresden.de\/wp-content\/uploads\/2019\/01\/WK2018-7643.jpg?resize=150%2C150&amp;ssl=1\" class=\"attachment-thumbnail size-thumbnail\" alt=\"\" decoding=\"async\" loading=\"lazy\" srcset=\"https:\/\/i0.wp.com\/www.polizeichor-dresden.de\/wp-content\/uploads\/2019\/01\/WK2018-7643.jpg?resize=150%2C150&amp;ssl=1 150w, https:\/\/i0.wp.com\/www.polizeichor-dresden.de\/wp-content\/uploads\/2019\/01\/WK2018-7643.jpg?zoom=2&amp;resize=150%2C150&amp;ssl=1 300w, https:\/\/i0.wp.com\/www.polizeichor-dresden.de\/wp-content\/uploads\/2019\/01\/WK2018-7643.jpg?zoom=3&amp;resize=150%2C150&amp;ssl=1 450w\" sizes=\"(max-width: 150px) 100vw, 150px\" data-attachment-id=\"1819\" data-permalink=\"https:\/\/www.polizeichor-dresden.de\/?attachment_id=1819\" data-orig-file=\"https:\/\/i0.wp.com\/www.polizeichor-dresden.de\/wp-content\/uploads\/2019\/01\/WK2018-7643.jpg?fit=1000%2C668&amp;ssl=1\" data-orig-size=\"1000,668\" data-comments-opened=\"1\" data-image-meta=\"{&quot;aperture&quot;:&quot;0&quot;,&quot;credit&quot;:&quot;Jan Wiedemann&quot;,&quot;camera&quot;:&quot;&quot;,&quot;caption&quot;:&quot;&quot;,&quot;created_timestamp&quot;:&quot;0&quot;,&quot;copyright&quot;:&quot;Jan Wiedemann&quot;,&quot;focal_length&quot;:&quot;0&quot;,&quot;iso&quot;:&quot;0&quot;,&quot;shutter_speed&quot;:&quot;0&quot;,&quot;title&quot;:&quot;&quot;,&quot;orientation&quot;:&quot;0&quot;}\" data-image-title=\"WK2018-7643\" data-image-description=\"\" data-image-caption=\"\" data-medium-file=\"https:\/\/i0.wp.com\/www.polizeichor-dresden.de\/wp-content\/uploads\/2019\/01\/WK2018-7643.jpg?fit=300%2C200&amp;ssl=1\" data-large-file=\"https:\/\/i0.wp.com\/www.polizeichor-dresden.de\/wp-content\/uploads\/2019\/01\/WK2018-7643.jpg?fit=1000%2C668&amp;ssl=1\" \/><\/a>\n\t\t\t<\/dt><\/dl><dl class='gallery-item'>\n\t\t\t<dt class='gallery-icon landscape'>\n\t\t\t\t<a href='https:\/\/www.polizeichor-dresden.de\/?attachment_id=1818'><img width=\"150\" height=\"150\" src=\"https:\/\/i0.wp.com\/www.polizeichor-dresden.de\/wp-content\/uploads\/2019\/01\/WK2018-7639.jpg?resize=150%2C150&amp;ssl=1\" class=\"attachment-thumbnail size-thumbnail\" alt=\"\" decoding=\"async\" loading=\"lazy\" srcset=\"https:\/\/i0.wp.com\/www.polizeichor-dresden.de\/wp-content\/uploads\/2019\/01\/WK2018-7639.jpg?resize=150%2C150&amp;ssl=1 150w, https:\/\/i0.wp.com\/www.polizeichor-dresden.de\/wp-content\/uploads\/2019\/01\/WK2018-7639.jpg?zoom=2&amp;resize=150%2C150&amp;ssl=1 300w, https:\/\/i0.wp.com\/www.polizeichor-dresden.de\/wp-content\/uploads\/2019\/01\/WK2018-7639.jpg?zoom=3&amp;resize=150%2C150&amp;ssl=1 450w\" sizes=\"(max-width: 150px) 100vw, 150px\" data-attachment-id=\"1818\" data-permalink=\"https:\/\/www.polizeichor-dresden.de\/?attachment_id=1818\" data-orig-file=\"https:\/\/i0.wp.com\/www.polizeichor-dresden.de\/wp-content\/uploads\/2019\/01\/WK2018-7639.jpg?fit=1000%2C668&amp;ssl=1\" data-orig-size=\"1000,668\" data-comments-opened=\"1\" data-image-meta=\"{&quot;aperture&quot;:&quot;0&quot;,&quot;credit&quot;:&quot;Jan Wiedemann&quot;,&quot;camera&quot;:&quot;&quot;,&quot;caption&quot;:&quot;&quot;,&quot;created_timestamp&quot;:&quot;0&quot;,&quot;copyright&quot;:&quot;Jan Wiedemann&quot;,&quot;focal_length&quot;:&quot;0&quot;,&quot;iso&quot;:&quot;0&quot;,&quot;shutter_speed&quot;:&quot;0&quot;,&quot;title&quot;:&quot;&quot;,&quot;orientation&quot;:&quot;0&quot;}\" data-image-title=\"WK2018-7639\" data-image-description=\"\" data-image-caption=\"\" data-medium-file=\"https:\/\/i0.wp.com\/www.polizeichor-dresden.de\/wp-content\/uploads\/2019\/01\/WK2018-7639.jpg?fit=300%2C200&amp;ssl=1\" data-large-file=\"https:\/\/i0.wp.com\/www.polizeichor-dresden.de\/wp-content\/uploads\/2019\/01\/WK2018-7639.jpg?fit=1000%2C668&amp;ssl=1\" \/><\/a>\n\t\t\t<\/dt><\/dl><dl class='gallery-item'>\n\t\t\t<dt class='gallery-icon landscape'>\n\t\t\t\t<a href='https:\/\/www.polizeichor-dresden.de\/?attachment_id=1817'><img width=\"150\" height=\"150\" src=\"https:\/\/i0.wp.com\/www.polizeichor-dresden.de\/wp-content\/uploads\/2019\/01\/WK2018-7636.jpg?resize=150%2C150&amp;ssl=1\" class=\"attachment-thumbnail size-thumbnail\" alt=\"\" decoding=\"async\" loading=\"lazy\" srcset=\"https:\/\/i0.wp.com\/www.polizeichor-dresden.de\/wp-content\/uploads\/2019\/01\/WK2018-7636.jpg?resize=150%2C150&amp;ssl=1 150w, https:\/\/i0.wp.com\/www.polizeichor-dresden.de\/wp-content\/uploads\/2019\/01\/WK2018-7636.jpg?zoom=2&amp;resize=150%2C150&amp;ssl=1 300w, https:\/\/i0.wp.com\/www.polizeichor-dresden.de\/wp-content\/uploads\/2019\/01\/WK2018-7636.jpg?zoom=3&amp;resize=150%2C150&amp;ssl=1 450w\" sizes=\"(max-width: 150px) 100vw, 150px\" data-attachment-id=\"1817\" data-permalink=\"https:\/\/www.polizeichor-dresden.de\/?attachment_id=1817\" data-orig-file=\"https:\/\/i0.wp.com\/www.polizeichor-dresden.de\/wp-content\/uploads\/2019\/01\/WK2018-7636.jpg?fit=1000%2C668&amp;ssl=1\" data-orig-size=\"1000,668\" data-comments-opened=\"1\" data-image-meta=\"{&quot;aperture&quot;:&quot;0&quot;,&quot;credit&quot;:&quot;Jan Wiedemann&quot;,&quot;camera&quot;:&quot;&quot;,&quot;caption&quot;:&quot;&quot;,&quot;created_timestamp&quot;:&quot;0&quot;,&quot;copyright&quot;:&quot;Jan Wiedemann&quot;,&quot;focal_length&quot;:&quot;0&quot;,&quot;iso&quot;:&quot;0&quot;,&quot;shutter_speed&quot;:&quot;0&quot;,&quot;title&quot;:&quot;&quot;,&quot;orientation&quot;:&quot;0&quot;}\" data-image-title=\"WK2018-7636\" data-image-description=\"\" data-image-caption=\"\" data-medium-file=\"https:\/\/i0.wp.com\/www.polizeichor-dresden.de\/wp-content\/uploads\/2019\/01\/WK2018-7636.jpg?fit=300%2C200&amp;ssl=1\" data-large-file=\"https:\/\/i0.wp.com\/www.polizeichor-dresden.de\/wp-content\/uploads\/2019\/01\/WK2018-7636.jpg?fit=1000%2C668&amp;ssl=1\" \/><\/a>\n\t\t\t<\/dt><\/dl><dl class='gallery-item'>\n\t\t\t<dt class='gallery-icon landscape'>\n\t\t\t\t<a href='https:\/\/www.polizeichor-dresden.de\/?attachment_id=1816'><img width=\"150\" height=\"150\" src=\"https:\/\/i0.wp.com\/www.polizeichor-dresden.de\/wp-content\/uploads\/2019\/01\/WK2018-7629.jpg?resize=150%2C150&amp;ssl=1\" class=\"attachment-thumbnail size-thumbnail\" alt=\"\" decoding=\"async\" loading=\"lazy\" srcset=\"https:\/\/i0.wp.com\/www.polizeichor-dresden.de\/wp-content\/uploads\/2019\/01\/WK2018-7629.jpg?resize=150%2C150&amp;ssl=1 150w, https:\/\/i0.wp.com\/www.polizeichor-dresden.de\/wp-content\/uploads\/2019\/01\/WK2018-7629.jpg?zoom=2&amp;resize=150%2C150&amp;ssl=1 300w, https:\/\/i0.wp.com\/www.polizeichor-dresden.de\/wp-content\/uploads\/2019\/01\/WK2018-7629.jpg?zoom=3&amp;resize=150%2C150&amp;ssl=1 450w\" sizes=\"(max-width: 150px) 100vw, 150px\" data-attachment-id=\"1816\" data-permalink=\"https:\/\/www.polizeichor-dresden.de\/?attachment_id=1816\" data-orig-file=\"https:\/\/i0.wp.com\/www.polizeichor-dresden.de\/wp-content\/uploads\/2019\/01\/WK2018-7629.jpg?fit=1000%2C668&amp;ssl=1\" data-orig-size=\"1000,668\" data-comments-opened=\"1\" data-image-meta=\"{&quot;aperture&quot;:&quot;0&quot;,&quot;credit&quot;:&quot;Jan Wiedemann&quot;,&quot;camera&quot;:&quot;&quot;,&quot;caption&quot;:&quot;&quot;,&quot;created_timestamp&quot;:&quot;0&quot;,&quot;copyright&quot;:&quot;Jan Wiedemann&quot;,&quot;focal_length&quot;:&quot;0&quot;,&quot;iso&quot;:&quot;0&quot;,&quot;shutter_speed&quot;:&quot;0&quot;,&quot;title&quot;:&quot;&quot;,&quot;orientation&quot;:&quot;0&quot;}\" data-image-title=\"WK2018-7629\" data-image-description=\"\" data-image-caption=\"\" data-medium-file=\"https:\/\/i0.wp.com\/www.polizeichor-dresden.de\/wp-content\/uploads\/2019\/01\/WK2018-7629.jpg?fit=300%2C200&amp;ssl=1\" data-large-file=\"https:\/\/i0.wp.com\/www.polizeichor-dresden.de\/wp-content\/uploads\/2019\/01\/WK2018-7629.jpg?fit=1000%2C668&amp;ssl=1\" \/><\/a>\n\t\t\t<\/dt><\/dl><br style=\"clear: both\" \/><dl class='gallery-item'>\n\t\t\t<dt class='gallery-icon landscape'>\n\t\t\t\t<a href='https:\/\/www.polizeichor-dresden.de\/?attachment_id=1815'><img width=\"150\" height=\"150\" src=\"https:\/\/i0.wp.com\/www.polizeichor-dresden.de\/wp-content\/uploads\/2019\/01\/WK2018-7628.jpg?resize=150%2C150&amp;ssl=1\" class=\"attachment-thumbnail size-thumbnail\" alt=\"\" decoding=\"async\" loading=\"lazy\" srcset=\"https:\/\/i0.wp.com\/www.polizeichor-dresden.de\/wp-content\/uploads\/2019\/01\/WK2018-7628.jpg?resize=150%2C150&amp;ssl=1 150w, https:\/\/i0.wp.com\/www.polizeichor-dresden.de\/wp-content\/uploads\/2019\/01\/WK2018-7628.jpg?zoom=2&amp;resize=150%2C150&amp;ssl=1 300w, https:\/\/i0.wp.com\/www.polizeichor-dresden.de\/wp-content\/uploads\/2019\/01\/WK2018-7628.jpg?zoom=3&amp;resize=150%2C150&amp;ssl=1 450w\" sizes=\"(max-width: 150px) 100vw, 150px\" data-attachment-id=\"1815\" data-permalink=\"https:\/\/www.polizeichor-dresden.de\/?attachment_id=1815\" data-orig-file=\"https:\/\/i0.wp.com\/www.polizeichor-dresden.de\/wp-content\/uploads\/2019\/01\/WK2018-7628.jpg?fit=1000%2C668&amp;ssl=1\" data-orig-size=\"1000,668\" data-comments-opened=\"1\" data-image-meta=\"{&quot;aperture&quot;:&quot;0&quot;,&quot;credit&quot;:&quot;Jan Wiedemann&quot;,&quot;camera&quot;:&quot;&quot;,&quot;caption&quot;:&quot;&quot;,&quot;created_timestamp&quot;:&quot;0&quot;,&quot;copyright&quot;:&quot;Jan Wiedemann&quot;,&quot;focal_length&quot;:&quot;0&quot;,&quot;iso&quot;:&quot;0&quot;,&quot;shutter_speed&quot;:&quot;0&quot;,&quot;title&quot;:&quot;&quot;,&quot;orientation&quot;:&quot;0&quot;}\" data-image-title=\"WK2018-7628\" data-image-description=\"\" data-image-caption=\"\" data-medium-file=\"https:\/\/i0.wp.com\/www.polizeichor-dresden.de\/wp-content\/uploads\/2019\/01\/WK2018-7628.jpg?fit=300%2C200&amp;ssl=1\" data-large-file=\"https:\/\/i0.wp.com\/www.polizeichor-dresden.de\/wp-content\/uploads\/2019\/01\/WK2018-7628.jpg?fit=1000%2C668&amp;ssl=1\" \/><\/a>\n\t\t\t<\/dt><\/dl><dl class='gallery-item'>\n\t\t\t<dt class='gallery-icon landscape'>\n\t\t\t\t<a href='https:\/\/www.polizeichor-dresden.de\/?attachment_id=1814'><img width=\"150\" height=\"150\" src=\"https:\/\/i0.wp.com\/www.polizeichor-dresden.de\/wp-content\/uploads\/2019\/01\/WK2018-7624.jpg?resize=150%2C150&amp;ssl=1\" class=\"attachment-thumbnail size-thumbnail\" alt=\"\" decoding=\"async\" loading=\"lazy\" srcset=\"https:\/\/i0.wp.com\/www.polizeichor-dresden.de\/wp-content\/uploads\/2019\/01\/WK2018-7624.jpg?resize=150%2C150&amp;ssl=1 150w, https:\/\/i0.wp.com\/www.polizeichor-dresden.de\/wp-content\/uploads\/2019\/01\/WK2018-7624.jpg?zoom=2&amp;resize=150%2C150&amp;ssl=1 300w, https:\/\/i0.wp.com\/www.polizeichor-dresden.de\/wp-content\/uploads\/2019\/01\/WK2018-7624.jpg?zoom=3&amp;resize=150%2C150&amp;ssl=1 450w\" sizes=\"(max-width: 150px) 100vw, 150px\" data-attachment-id=\"1814\" data-permalink=\"https:\/\/www.polizeichor-dresden.de\/?attachment_id=1814\" data-orig-file=\"https:\/\/i0.wp.com\/www.polizeichor-dresden.de\/wp-content\/uploads\/2019\/01\/WK2018-7624.jpg?fit=1000%2C668&amp;ssl=1\" data-orig-size=\"1000,668\" data-comments-opened=\"1\" data-image-meta=\"{&quot;aperture&quot;:&quot;0&quot;,&quot;credit&quot;:&quot;Jan Wiedemann&quot;,&quot;camera&quot;:&quot;&quot;,&quot;caption&quot;:&quot;&quot;,&quot;created_timestamp&quot;:&quot;0&quot;,&quot;copyright&quot;:&quot;Jan Wiedemann&quot;,&quot;focal_length&quot;:&quot;0&quot;,&quot;iso&quot;:&quot;0&quot;,&quot;shutter_speed&quot;:&quot;0&quot;,&quot;title&quot;:&quot;&quot;,&quot;orientation&quot;:&quot;0&quot;}\" data-image-title=\"WK2018-7624\" data-image-description=\"\" data-image-caption=\"\" data-medium-file=\"https:\/\/i0.wp.com\/www.polizeichor-dresden.de\/wp-content\/uploads\/2019\/01\/WK2018-7624.jpg?fit=300%2C200&amp;ssl=1\" data-large-file=\"https:\/\/i0.wp.com\/www.polizeichor-dresden.de\/wp-content\/uploads\/2019\/01\/WK2018-7624.jpg?fit=1000%2C668&amp;ssl=1\" \/><\/a>\n\t\t\t<\/dt><\/dl><dl class='gallery-item'>\n\t\t\t<dt class='gallery-icon landscape'>\n\t\t\t\t<a href='https:\/\/www.polizeichor-dresden.de\/?attachment_id=1813'><img width=\"150\" height=\"150\" src=\"https:\/\/i0.wp.com\/www.polizeichor-dresden.de\/wp-content\/uploads\/2019\/01\/WK2018-7623.jpg?resize=150%2C150&amp;ssl=1\" class=\"attachment-thumbnail size-thumbnail\" alt=\"\" decoding=\"async\" loading=\"lazy\" srcset=\"https:\/\/i0.wp.com\/www.polizeichor-dresden.de\/wp-content\/uploads\/2019\/01\/WK2018-7623.jpg?resize=150%2C150&amp;ssl=1 150w, https:\/\/i0.wp.com\/www.polizeichor-dresden.de\/wp-content\/uploads\/2019\/01\/WK2018-7623.jpg?zoom=2&amp;resize=150%2C150&amp;ssl=1 300w, https:\/\/i0.wp.com\/www.polizeichor-dresden.de\/wp-content\/uploads\/2019\/01\/WK2018-7623.jpg?zoom=3&amp;resize=150%2C150&amp;ssl=1 450w\" sizes=\"(max-width: 150px) 100vw, 150px\" data-attachment-id=\"1813\" data-permalink=\"https:\/\/www.polizeichor-dresden.de\/?attachment_id=1813\" data-orig-file=\"https:\/\/i0.wp.com\/www.polizeichor-dresden.de\/wp-content\/uploads\/2019\/01\/WK2018-7623.jpg?fit=1000%2C668&amp;ssl=1\" data-orig-size=\"1000,668\" data-comments-opened=\"1\" data-image-meta=\"{&quot;aperture&quot;:&quot;0&quot;,&quot;credit&quot;:&quot;Jan Wiedemann&quot;,&quot;camera&quot;:&quot;&quot;,&quot;caption&quot;:&quot;&quot;,&quot;created_timestamp&quot;:&quot;0&quot;,&quot;copyright&quot;:&quot;Jan Wiedemann&quot;,&quot;focal_length&quot;:&quot;0&quot;,&quot;iso&quot;:&quot;0&quot;,&quot;shutter_speed&quot;:&quot;0&quot;,&quot;title&quot;:&quot;&quot;,&quot;orientation&quot;:&quot;0&quot;}\" data-image-title=\"WK2018-7623\" data-image-description=\"\" data-image-caption=\"\" data-medium-file=\"https:\/\/i0.wp.com\/www.polizeichor-dresden.de\/wp-content\/uploads\/2019\/01\/WK2018-7623.jpg?fit=300%2C200&amp;ssl=1\" data-large-file=\"https:\/\/i0.wp.com\/www.polizeichor-dresden.de\/wp-content\/uploads\/2019\/01\/WK2018-7623.jpg?fit=1000%2C668&amp;ssl=1\" \/><\/a>\n\t\t\t<\/dt><\/dl><dl class='gallery-item'>\n\t\t\t<dt class='gallery-icon portrait'>\n\t\t\t\t<a href='https:\/\/www.polizeichor-dresden.de\/?attachment_id=1812'><img width=\"150\" height=\"150\" src=\"https:\/\/i0.wp.com\/www.polizeichor-dresden.de\/wp-content\/uploads\/2019\/01\/WK2018-7622.jpg?resize=150%2C150&amp;ssl=1\" class=\"attachment-thumbnail size-thumbnail\" alt=\"\" decoding=\"async\" loading=\"lazy\" srcset=\"https:\/\/i0.wp.com\/www.polizeichor-dresden.de\/wp-content\/uploads\/2019\/01\/WK2018-7622.jpg?resize=150%2C150&amp;ssl=1 150w, https:\/\/i0.wp.com\/www.polizeichor-dresden.de\/wp-content\/uploads\/2019\/01\/WK2018-7622.jpg?zoom=2&amp;resize=150%2C150&amp;ssl=1 300w, https:\/\/i0.wp.com\/www.polizeichor-dresden.de\/wp-content\/uploads\/2019\/01\/WK2018-7622.jpg?zoom=3&amp;resize=150%2C150&amp;ssl=1 450w\" sizes=\"(max-width: 150px) 100vw, 150px\" data-attachment-id=\"1812\" data-permalink=\"https:\/\/www.polizeichor-dresden.de\/?attachment_id=1812\" data-orig-file=\"https:\/\/i0.wp.com\/www.polizeichor-dresden.de\/wp-content\/uploads\/2019\/01\/WK2018-7622.jpg?fit=668%2C1000&amp;ssl=1\" data-orig-size=\"668,1000\" data-comments-opened=\"1\" data-image-meta=\"{&quot;aperture&quot;:&quot;0&quot;,&quot;credit&quot;:&quot;Jan Wiedemann&quot;,&quot;camera&quot;:&quot;&quot;,&quot;caption&quot;:&quot;&quot;,&quot;created_timestamp&quot;:&quot;0&quot;,&quot;copyright&quot;:&quot;Jan Wiedemann&quot;,&quot;focal_length&quot;:&quot;0&quot;,&quot;iso&quot;:&quot;0&quot;,&quot;shutter_speed&quot;:&quot;0&quot;,&quot;title&quot;:&quot;&quot;,&quot;orientation&quot;:&quot;0&quot;}\" data-image-title=\"WK2018-7622\" data-image-description=\"\" data-image-caption=\"\" data-medium-file=\"https:\/\/i0.wp.com\/www.polizeichor-dresden.de\/wp-content\/uploads\/2019\/01\/WK2018-7622.jpg?fit=200%2C300&amp;ssl=1\" data-large-file=\"https:\/\/i0.wp.com\/www.polizeichor-dresden.de\/wp-content\/uploads\/2019\/01\/WK2018-7622.jpg?fit=668%2C1000&amp;ssl=1\" \/><\/a>\n\t\t\t<\/dt><\/dl><br style=\"clear: both\" \/><dl class='gallery-item'>\n\t\t\t<dt class='gallery-icon landscape'>\n\t\t\t\t<a href='https:\/\/www.polizeichor-dresden.de\/?attachment_id=1811'><img width=\"150\" height=\"150\" src=\"https:\/\/i0.wp.com\/www.polizeichor-dresden.de\/wp-content\/uploads\/2019\/01\/WK2018-7618.jpg?resize=150%2C150&amp;ssl=1\" class=\"attachment-thumbnail size-thumbnail\" alt=\"\" decoding=\"async\" loading=\"lazy\" srcset=\"https:\/\/i0.wp.com\/www.polizeichor-dresden.de\/wp-content\/uploads\/2019\/01\/WK2018-7618.jpg?resize=150%2C150&amp;ssl=1 150w, https:\/\/i0.wp.com\/www.polizeichor-dresden.de\/wp-content\/uploads\/2019\/01\/WK2018-7618.jpg?zoom=2&amp;resize=150%2C150&amp;ssl=1 300w, https:\/\/i0.wp.com\/www.polizeichor-dresden.de\/wp-content\/uploads\/2019\/01\/WK2018-7618.jpg?zoom=3&amp;resize=150%2C150&amp;ssl=1 450w\" sizes=\"(max-width: 150px) 100vw, 150px\" data-attachment-id=\"1811\" data-permalink=\"https:\/\/www.polizeichor-dresden.de\/?attachment_id=1811\" data-orig-file=\"https:\/\/i0.wp.com\/www.polizeichor-dresden.de\/wp-content\/uploads\/2019\/01\/WK2018-7618.jpg?fit=1000%2C668&amp;ssl=1\" data-orig-size=\"1000,668\" data-comments-opened=\"1\" data-image-meta=\"{&quot;aperture&quot;:&quot;0&quot;,&quot;credit&quot;:&quot;Jan Wiedemann&quot;,&quot;camera&quot;:&quot;&quot;,&quot;caption&quot;:&quot;&quot;,&quot;created_timestamp&quot;:&quot;0&quot;,&quot;copyright&quot;:&quot;Jan Wiedemann&quot;,&quot;focal_length&quot;:&quot;0&quot;,&quot;iso&quot;:&quot;0&quot;,&quot;shutter_speed&quot;:&quot;0&quot;,&quot;title&quot;:&quot;&quot;,&quot;orientation&quot;:&quot;0&quot;}\" data-image-title=\"WK2018-7618\" data-image-description=\"\" data-image-caption=\"\" data-medium-file=\"https:\/\/i0.wp.com\/www.polizeichor-dresden.de\/wp-content\/uploads\/2019\/01\/WK2018-7618.jpg?fit=300%2C200&amp;ssl=1\" data-large-file=\"https:\/\/i0.wp.com\/www.polizeichor-dresden.de\/wp-content\/uploads\/2019\/01\/WK2018-7618.jpg?fit=1000%2C668&amp;ssl=1\" \/><\/a>\n\t\t\t<\/dt><\/dl><dl class='gallery-item'>\n\t\t\t<dt class='gallery-icon landscape'>\n\t\t\t\t<a href='https:\/\/www.polizeichor-dresden.de\/?attachment_id=1810'><img width=\"150\" height=\"150\" src=\"https:\/\/i0.wp.com\/www.polizeichor-dresden.de\/wp-content\/uploads\/2019\/01\/WK2018-7615.jpg?resize=150%2C150&amp;ssl=1\" class=\"attachment-thumbnail size-thumbnail\" alt=\"\" decoding=\"async\" loading=\"lazy\" srcset=\"https:\/\/i0.wp.com\/www.polizeichor-dresden.de\/wp-content\/uploads\/2019\/01\/WK2018-7615.jpg?resize=150%2C150&amp;ssl=1 150w, https:\/\/i0.wp.com\/www.polizeichor-dresden.de\/wp-content\/uploads\/2019\/01\/WK2018-7615.jpg?zoom=2&amp;resize=150%2C150&amp;ssl=1 300w, https:\/\/i0.wp.com\/www.polizeichor-dresden.de\/wp-content\/uploads\/2019\/01\/WK2018-7615.jpg?zoom=3&amp;resize=150%2C150&amp;ssl=1 450w\" sizes=\"(max-width: 150px) 100vw, 150px\" data-attachment-id=\"1810\" data-permalink=\"https:\/\/www.polizeichor-dresden.de\/?attachment_id=1810\" data-orig-file=\"https:\/\/i0.wp.com\/www.polizeichor-dresden.de\/wp-content\/uploads\/2019\/01\/WK2018-7615.jpg?fit=1000%2C668&amp;ssl=1\" data-orig-size=\"1000,668\" data-comments-opened=\"1\" data-image-meta=\"{&quot;aperture&quot;:&quot;0&quot;,&quot;credit&quot;:&quot;Jan Wiedemann&quot;,&quot;camera&quot;:&quot;&quot;,&quot;caption&quot;:&quot;&quot;,&quot;created_timestamp&quot;:&quot;0&quot;,&quot;copyright&quot;:&quot;Jan Wiedemann&quot;,&quot;focal_length&quot;:&quot;0&quot;,&quot;iso&quot;:&quot;0&quot;,&quot;shutter_speed&quot;:&quot;0&quot;,&quot;title&quot;:&quot;&quot;,&quot;orientation&quot;:&quot;0&quot;}\" data-image-title=\"WK2018-7615\" data-image-description=\"\" data-image-caption=\"\" data-medium-file=\"https:\/\/i0.wp.com\/www.polizeichor-dresden.de\/wp-content\/uploads\/2019\/01\/WK2018-7615.jpg?fit=300%2C200&amp;ssl=1\" data-large-file=\"https:\/\/i0.wp.com\/www.polizeichor-dresden.de\/wp-content\/uploads\/2019\/01\/WK2018-7615.jpg?fit=1000%2C668&amp;ssl=1\" \/><\/a>\n\t\t\t<\/dt><\/dl><dl class='gallery-item'>\n\t\t\t<dt class='gallery-icon landscape'>\n\t\t\t\t<a href='https:\/\/www.polizeichor-dresden.de\/?attachment_id=1809'><img width=\"150\" height=\"150\" src=\"https:\/\/i0.wp.com\/www.polizeichor-dresden.de\/wp-content\/uploads\/2019\/01\/WK2018-7608.jpg?resize=150%2C150&amp;ssl=1\" class=\"attachment-thumbnail size-thumbnail\" alt=\"\" decoding=\"async\" loading=\"lazy\" srcset=\"https:\/\/i0.wp.com\/www.polizeichor-dresden.de\/wp-content\/uploads\/2019\/01\/WK2018-7608.jpg?resize=150%2C150&amp;ssl=1 150w, https:\/\/i0.wp.com\/www.polizeichor-dresden.de\/wp-content\/uploads\/2019\/01\/WK2018-7608.jpg?zoom=2&amp;resize=150%2C150&amp;ssl=1 300w, https:\/\/i0.wp.com\/www.polizeichor-dresden.de\/wp-content\/uploads\/2019\/01\/WK2018-7608.jpg?zoom=3&amp;resize=150%2C150&amp;ssl=1 450w\" sizes=\"(max-width: 150px) 100vw, 150px\" data-attachment-id=\"1809\" data-permalink=\"https:\/\/www.polizeichor-dresden.de\/?attachment_id=1809\" data-orig-file=\"https:\/\/i0.wp.com\/www.polizeichor-dresden.de\/wp-content\/uploads\/2019\/01\/WK2018-7608.jpg?fit=1000%2C668&amp;ssl=1\" data-orig-size=\"1000,668\" data-comments-opened=\"1\" data-image-meta=\"{&quot;aperture&quot;:&quot;0&quot;,&quot;credit&quot;:&quot;Jan Wiedemann&quot;,&quot;camera&quot;:&quot;&quot;,&quot;caption&quot;:&quot;&quot;,&quot;created_timestamp&quot;:&quot;0&quot;,&quot;copyright&quot;:&quot;Jan Wiedemann&quot;,&quot;focal_length&quot;:&quot;0&quot;,&quot;iso&quot;:&quot;0&quot;,&quot;shutter_speed&quot;:&quot;0&quot;,&quot;title&quot;:&quot;&quot;,&quot;orientation&quot;:&quot;0&quot;}\" data-image-title=\"WK2018-7608\" data-image-description=\"\" data-image-caption=\"\" data-medium-file=\"https:\/\/i0.wp.com\/www.polizeichor-dresden.de\/wp-content\/uploads\/2019\/01\/WK2018-7608.jpg?fit=300%2C200&amp;ssl=1\" data-large-file=\"https:\/\/i0.wp.com\/www.polizeichor-dresden.de\/wp-content\/uploads\/2019\/01\/WK2018-7608.jpg?fit=1000%2C668&amp;ssl=1\" \/><\/a>\n\t\t\t<\/dt><\/dl><dl class='gallery-item'>\n\t\t\t<dt class='gallery-icon landscape'>\n\t\t\t\t<a href='https:\/\/www.polizeichor-dresden.de\/?attachment_id=1808'><img width=\"150\" height=\"150\" src=\"https:\/\/i0.wp.com\/www.polizeichor-dresden.de\/wp-content\/uploads\/2019\/01\/WK2018-7599.jpg?resize=150%2C150&amp;ssl=1\" class=\"attachment-thumbnail size-thumbnail\" alt=\"\" decoding=\"async\" loading=\"lazy\" srcset=\"https:\/\/i0.wp.com\/www.polizeichor-dresden.de\/wp-content\/uploads\/2019\/01\/WK2018-7599.jpg?resize=150%2C150&amp;ssl=1 150w, https:\/\/i0.wp.com\/www.polizeichor-dresden.de\/wp-content\/uploads\/2019\/01\/WK2018-7599.jpg?zoom=2&amp;resize=150%2C150&amp;ssl=1 300w, https:\/\/i0.wp.com\/www.polizeichor-dresden.de\/wp-content\/uploads\/2019\/01\/WK2018-7599.jpg?zoom=3&amp;resize=150%2C150&amp;ssl=1 450w\" sizes=\"(max-width: 150px) 100vw, 150px\" data-attachment-id=\"1808\" data-permalink=\"https:\/\/www.polizeichor-dresden.de\/?attachment_id=1808\" data-orig-file=\"https:\/\/i0.wp.com\/www.polizeichor-dresden.de\/wp-content\/uploads\/2019\/01\/WK2018-7599.jpg?fit=1000%2C668&amp;ssl=1\" data-orig-size=\"1000,668\" data-comments-opened=\"1\" data-image-meta=\"{&quot;aperture&quot;:&quot;0&quot;,&quot;credit&quot;:&quot;Jan Wiedemann&quot;,&quot;camera&quot;:&quot;&quot;,&quot;caption&quot;:&quot;&quot;,&quot;created_timestamp&quot;:&quot;0&quot;,&quot;copyright&quot;:&quot;Jan Wiedemann&quot;,&quot;focal_length&quot;:&quot;0&quot;,&quot;iso&quot;:&quot;0&quot;,&quot;shutter_speed&quot;:&quot;0&quot;,&quot;title&quot;:&quot;&quot;,&quot;orientation&quot;:&quot;0&quot;}\" data-image-title=\"WK2018-7599\" data-image-description=\"\" data-image-caption=\"\" data-medium-file=\"https:\/\/i0.wp.com\/www.polizeichor-dresden.de\/wp-content\/uploads\/2019\/01\/WK2018-7599.jpg?fit=300%2C200&amp;ssl=1\" data-large-file=\"https:\/\/i0.wp.com\/www.polizeichor-dresden.de\/wp-content\/uploads\/2019\/01\/WK2018-7599.jpg?fit=1000%2C668&amp;ssl=1\" \/><\/a>\n\t\t\t<\/dt><\/dl><br style=\"clear: both\" \/><dl class='gallery-item'>\n\t\t\t<dt class='gallery-icon landscape'>\n\t\t\t\t<a href='https:\/\/www.polizeichor-dresden.de\/?attachment_id=1807'><img width=\"150\" height=\"150\" src=\"https:\/\/i0.wp.com\/www.polizeichor-dresden.de\/wp-content\/uploads\/2019\/01\/WK2018-7595.jpg?resize=150%2C150&amp;ssl=1\" class=\"attachment-thumbnail size-thumbnail\" alt=\"\" decoding=\"async\" loading=\"lazy\" srcset=\"https:\/\/i0.wp.com\/www.polizeichor-dresden.de\/wp-content\/uploads\/2019\/01\/WK2018-7595.jpg?resize=150%2C150&amp;ssl=1 150w, https:\/\/i0.wp.com\/www.polizeichor-dresden.de\/wp-content\/uploads\/2019\/01\/WK2018-7595.jpg?zoom=2&amp;resize=150%2C150&amp;ssl=1 300w, https:\/\/i0.wp.com\/www.polizeichor-dresden.de\/wp-content\/uploads\/2019\/01\/WK2018-7595.jpg?zoom=3&amp;resize=150%2C150&amp;ssl=1 450w\" sizes=\"(max-width: 150px) 100vw, 150px\" data-attachment-id=\"1807\" data-permalink=\"https:\/\/www.polizeichor-dresden.de\/?attachment_id=1807\" data-orig-file=\"https:\/\/i0.wp.com\/www.polizeichor-dresden.de\/wp-content\/uploads\/2019\/01\/WK2018-7595.jpg?fit=1000%2C668&amp;ssl=1\" data-orig-size=\"1000,668\" data-comments-opened=\"1\" data-image-meta=\"{&quot;aperture&quot;:&quot;0&quot;,&quot;credit&quot;:&quot;Jan Wiedemann&quot;,&quot;camera&quot;:&quot;&quot;,&quot;caption&quot;:&quot;&quot;,&quot;created_timestamp&quot;:&quot;0&quot;,&quot;copyright&quot;:&quot;Jan Wiedemann&quot;,&quot;focal_length&quot;:&quot;0&quot;,&quot;iso&quot;:&quot;0&quot;,&quot;shutter_speed&quot;:&quot;0&quot;,&quot;title&quot;:&quot;&quot;,&quot;orientation&quot;:&quot;0&quot;}\" data-image-title=\"WK2018-7595\" data-image-description=\"\" data-image-caption=\"\" data-medium-file=\"https:\/\/i0.wp.com\/www.polizeichor-dresden.de\/wp-content\/uploads\/2019\/01\/WK2018-7595.jpg?fit=300%2C200&amp;ssl=1\" data-large-file=\"https:\/\/i0.wp.com\/www.polizeichor-dresden.de\/wp-content\/uploads\/2019\/01\/WK2018-7595.jpg?fit=1000%2C668&amp;ssl=1\" \/><\/a>\n\t\t\t<\/dt><\/dl><dl class='gallery-item'>\n\t\t\t<dt class='gallery-icon landscape'>\n\t\t\t\t<a href='https:\/\/www.polizeichor-dresden.de\/?attachment_id=1806'><img width=\"150\" height=\"150\" src=\"https:\/\/i0.wp.com\/www.polizeichor-dresden.de\/wp-content\/uploads\/2019\/01\/WK2018-7593.jpg?resize=150%2C150&amp;ssl=1\" class=\"attachment-thumbnail size-thumbnail\" alt=\"\" decoding=\"async\" loading=\"lazy\" srcset=\"https:\/\/i0.wp.com\/www.polizeichor-dresden.de\/wp-content\/uploads\/2019\/01\/WK2018-7593.jpg?resize=150%2C150&amp;ssl=1 150w, https:\/\/i0.wp.com\/www.polizeichor-dresden.de\/wp-content\/uploads\/2019\/01\/WK2018-7593.jpg?zoom=2&amp;resize=150%2C150&amp;ssl=1 300w, https:\/\/i0.wp.com\/www.polizeichor-dresden.de\/wp-content\/uploads\/2019\/01\/WK2018-7593.jpg?zoom=3&amp;resize=150%2C150&amp;ssl=1 450w\" sizes=\"(max-width: 150px) 100vw, 150px\" data-attachment-id=\"1806\" data-permalink=\"https:\/\/www.polizeichor-dresden.de\/?attachment_id=1806\" data-orig-file=\"https:\/\/i0.wp.com\/www.polizeichor-dresden.de\/wp-content\/uploads\/2019\/01\/WK2018-7593.jpg?fit=1000%2C668&amp;ssl=1\" data-orig-size=\"1000,668\" data-comments-opened=\"1\" data-image-meta=\"{&quot;aperture&quot;:&quot;0&quot;,&quot;credit&quot;:&quot;Jan Wiedemann&quot;,&quot;camera&quot;:&quot;&quot;,&quot;caption&quot;:&quot;&quot;,&quot;created_timestamp&quot;:&quot;0&quot;,&quot;copyright&quot;:&quot;Jan Wiedemann&quot;,&quot;focal_length&quot;:&quot;0&quot;,&quot;iso&quot;:&quot;0&quot;,&quot;shutter_speed&quot;:&quot;0&quot;,&quot;title&quot;:&quot;&quot;,&quot;orientation&quot;:&quot;0&quot;}\" data-image-title=\"WK2018-7593\" data-image-description=\"\" data-image-caption=\"\" data-medium-file=\"https:\/\/i0.wp.com\/www.polizeichor-dresden.de\/wp-content\/uploads\/2019\/01\/WK2018-7593.jpg?fit=300%2C200&amp;ssl=1\" data-large-file=\"https:\/\/i0.wp.com\/www.polizeichor-dresden.de\/wp-content\/uploads\/2019\/01\/WK2018-7593.jpg?fit=1000%2C668&amp;ssl=1\" \/><\/a>\n\t\t\t<\/dt><\/dl><dl class='gallery-item'>\n\t\t\t<dt class='gallery-icon landscape'>\n\t\t\t\t<a href='https:\/\/www.polizeichor-dresden.de\/?attachment_id=1805'><img width=\"150\" height=\"150\" src=\"https:\/\/i0.wp.com\/www.polizeichor-dresden.de\/wp-content\/uploads\/2019\/01\/WK2018-7589.jpg?resize=150%2C150&amp;ssl=1\" class=\"attachment-thumbnail size-thumbnail\" alt=\"\" decoding=\"async\" loading=\"lazy\" srcset=\"https:\/\/i0.wp.com\/www.polizeichor-dresden.de\/wp-content\/uploads\/2019\/01\/WK2018-7589.jpg?resize=150%2C150&amp;ssl=1 150w, https:\/\/i0.wp.com\/www.polizeichor-dresden.de\/wp-content\/uploads\/2019\/01\/WK2018-7589.jpg?zoom=2&amp;resize=150%2C150&amp;ssl=1 300w, https:\/\/i0.wp.com\/www.polizeichor-dresden.de\/wp-content\/uploads\/2019\/01\/WK2018-7589.jpg?zoom=3&amp;resize=150%2C150&amp;ssl=1 450w\" sizes=\"(max-width: 150px) 100vw, 150px\" data-attachment-id=\"1805\" data-permalink=\"https:\/\/www.polizeichor-dresden.de\/?attachment_id=1805\" data-orig-file=\"https:\/\/i0.wp.com\/www.polizeichor-dresden.de\/wp-content\/uploads\/2019\/01\/WK2018-7589.jpg?fit=1000%2C668&amp;ssl=1\" data-orig-size=\"1000,668\" data-comments-opened=\"1\" data-image-meta=\"{&quot;aperture&quot;:&quot;0&quot;,&quot;credit&quot;:&quot;Jan Wiedemann&quot;,&quot;camera&quot;:&quot;&quot;,&quot;caption&quot;:&quot;&quot;,&quot;created_timestamp&quot;:&quot;0&quot;,&quot;copyright&quot;:&quot;Jan Wiedemann&quot;,&quot;focal_length&quot;:&quot;0&quot;,&quot;iso&quot;:&quot;0&quot;,&quot;shutter_speed&quot;:&quot;0&quot;,&quot;title&quot;:&quot;&quot;,&quot;orientation&quot;:&quot;0&quot;}\" data-image-title=\"WK2018-7589\" data-image-description=\"\" data-image-caption=\"\" data-medium-file=\"https:\/\/i0.wp.com\/www.polizeichor-dresden.de\/wp-content\/uploads\/2019\/01\/WK2018-7589.jpg?fit=300%2C200&amp;ssl=1\" data-large-file=\"https:\/\/i0.wp.com\/www.polizeichor-dresden.de\/wp-content\/uploads\/2019\/01\/WK2018-7589.jpg?fit=1000%2C668&amp;ssl=1\" \/><\/a>\n\t\t\t<\/dt><\/dl><dl class='gallery-item'>\n\t\t\t<dt class='gallery-icon landscape'>\n\t\t\t\t<a href='https:\/\/www.polizeichor-dresden.de\/?attachment_id=1804'><img width=\"150\" height=\"150\" src=\"https:\/\/i0.wp.com\/www.polizeichor-dresden.de\/wp-content\/uploads\/2019\/01\/WK2018-7587.jpg?resize=150%2C150&amp;ssl=1\" class=\"attachment-thumbnail size-thumbnail\" alt=\"\" decoding=\"async\" loading=\"lazy\" srcset=\"https:\/\/i0.wp.com\/www.polizeichor-dresden.de\/wp-content\/uploads\/2019\/01\/WK2018-7587.jpg?resize=150%2C150&amp;ssl=1 150w, https:\/\/i0.wp.com\/www.polizeichor-dresden.de\/wp-content\/uploads\/2019\/01\/WK2018-7587.jpg?zoom=2&amp;resize=150%2C150&amp;ssl=1 300w, https:\/\/i0.wp.com\/www.polizeichor-dresden.de\/wp-content\/uploads\/2019\/01\/WK2018-7587.jpg?zoom=3&amp;resize=150%2C150&amp;ssl=1 450w\" sizes=\"(max-width: 150px) 100vw, 150px\" data-attachment-id=\"1804\" data-permalink=\"https:\/\/www.polizeichor-dresden.de\/?attachment_id=1804\" data-orig-file=\"https:\/\/i0.wp.com\/www.polizeichor-dresden.de\/wp-content\/uploads\/2019\/01\/WK2018-7587.jpg?fit=1000%2C668&amp;ssl=1\" data-orig-size=\"1000,668\" data-comments-opened=\"1\" data-image-meta=\"{&quot;aperture&quot;:&quot;0&quot;,&quot;credit&quot;:&quot;Jan Wiedemann&quot;,&quot;camera&quot;:&quot;&quot;,&quot;caption&quot;:&quot;&quot;,&quot;created_timestamp&quot;:&quot;0&quot;,&quot;copyright&quot;:&quot;Jan Wiedemann&quot;,&quot;focal_length&quot;:&quot;0&quot;,&quot;iso&quot;:&quot;0&quot;,&quot;shutter_speed&quot;:&quot;0&quot;,&quot;title&quot;:&quot;&quot;,&quot;orientation&quot;:&quot;0&quot;}\" data-image-title=\"WK2018-7587\" data-image-description=\"\" data-image-caption=\"\" data-medium-file=\"https:\/\/i0.wp.com\/www.polizeichor-dresden.de\/wp-content\/uploads\/2019\/01\/WK2018-7587.jpg?fit=300%2C200&amp;ssl=1\" data-large-file=\"https:\/\/i0.wp.com\/www.polizeichor-dresden.de\/wp-content\/uploads\/2019\/01\/WK2018-7587.jpg?fit=1000%2C668&amp;ssl=1\" \/><\/a>\n\t\t\t<\/dt><\/dl><br style=\"clear: both\" \/><dl class='gallery-item'>\n\t\t\t<dt class='gallery-icon landscape'>\n\t\t\t\t<a href='https:\/\/www.polizeichor-dresden.de\/?attachment_id=1803'><img width=\"150\" height=\"150\" src=\"https:\/\/i0.wp.com\/www.polizeichor-dresden.de\/wp-content\/uploads\/2019\/01\/WK2018-7586.jpg?resize=150%2C150&amp;ssl=1\" class=\"attachment-thumbnail size-thumbnail\" alt=\"\" decoding=\"async\" loading=\"lazy\" srcset=\"https:\/\/i0.wp.com\/www.polizeichor-dresden.de\/wp-content\/uploads\/2019\/01\/WK2018-7586.jpg?resize=150%2C150&amp;ssl=1 150w, https:\/\/i0.wp.com\/www.polizeichor-dresden.de\/wp-content\/uploads\/2019\/01\/WK2018-7586.jpg?zoom=2&amp;resize=150%2C150&amp;ssl=1 300w, https:\/\/i0.wp.com\/www.polizeichor-dresden.de\/wp-content\/uploads\/2019\/01\/WK2018-7586.jpg?zoom=3&amp;resize=150%2C150&amp;ssl=1 450w\" sizes=\"(max-width: 150px) 100vw, 150px\" data-attachment-id=\"1803\" data-permalink=\"https:\/\/www.polizeichor-dresden.de\/?attachment_id=1803\" data-orig-file=\"https:\/\/i0.wp.com\/www.polizeichor-dresden.de\/wp-content\/uploads\/2019\/01\/WK2018-7586.jpg?fit=1000%2C668&amp;ssl=1\" data-orig-size=\"1000,668\" data-comments-opened=\"1\" data-image-meta=\"{&quot;aperture&quot;:&quot;0&quot;,&quot;credit&quot;:&quot;Jan Wiedemann&quot;,&quot;camera&quot;:&quot;&quot;,&quot;caption&quot;:&quot;&quot;,&quot;created_timestamp&quot;:&quot;0&quot;,&quot;copyright&quot;:&quot;Jan Wiedemann&quot;,&quot;focal_length&quot;:&quot;0&quot;,&quot;iso&quot;:&quot;0&quot;,&quot;shutter_speed&quot;:&quot;0&quot;,&quot;title&quot;:&quot;&quot;,&quot;orientation&quot;:&quot;0&quot;}\" data-image-title=\"WK2018-7586\" data-image-description=\"\" data-image-caption=\"\" data-medium-file=\"https:\/\/i0.wp.com\/www.polizeichor-dresden.de\/wp-content\/uploads\/2019\/01\/WK2018-7586.jpg?fit=300%2C200&amp;ssl=1\" data-large-file=\"https:\/\/i0.wp.com\/www.polizeichor-dresden.de\/wp-content\/uploads\/2019\/01\/WK2018-7586.jpg?fit=1000%2C668&amp;ssl=1\" \/><\/a>\n\t\t\t<\/dt><\/dl><dl class='gallery-item'>\n\t\t\t<dt class='gallery-icon landscape'>\n\t\t\t\t<a href='https:\/\/www.polizeichor-dresden.de\/?attachment_id=1802'><img width=\"150\" height=\"150\" src=\"https:\/\/i0.wp.com\/www.polizeichor-dresden.de\/wp-content\/uploads\/2019\/01\/WK2018-7569.jpg?resize=150%2C150&amp;ssl=1\" class=\"attachment-thumbnail size-thumbnail\" alt=\"\" decoding=\"async\" loading=\"lazy\" srcset=\"https:\/\/i0.wp.com\/www.polizeichor-dresden.de\/wp-content\/uploads\/2019\/01\/WK2018-7569.jpg?resize=150%2C150&amp;ssl=1 150w, https:\/\/i0.wp.com\/www.polizeichor-dresden.de\/wp-content\/uploads\/2019\/01\/WK2018-7569.jpg?zoom=2&amp;resize=150%2C150&amp;ssl=1 300w, https:\/\/i0.wp.com\/www.polizeichor-dresden.de\/wp-content\/uploads\/2019\/01\/WK2018-7569.jpg?zoom=3&amp;resize=150%2C150&amp;ssl=1 450w\" sizes=\"(max-width: 150px) 100vw, 150px\" data-attachment-id=\"1802\" data-permalink=\"https:\/\/www.polizeichor-dresden.de\/?attachment_id=1802\" data-orig-file=\"https:\/\/i0.wp.com\/www.polizeichor-dresden.de\/wp-content\/uploads\/2019\/01\/WK2018-7569.jpg?fit=1000%2C668&amp;ssl=1\" data-orig-size=\"1000,668\" data-comments-opened=\"1\" data-image-meta=\"{&quot;aperture&quot;:&quot;0&quot;,&quot;credit&quot;:&quot;Jan Wiedemann&quot;,&quot;camera&quot;:&quot;&quot;,&quot;caption&quot;:&quot;&quot;,&quot;created_timestamp&quot;:&quot;0&quot;,&quot;copyright&quot;:&quot;Jan Wiedemann&quot;,&quot;focal_length&quot;:&quot;0&quot;,&quot;iso&quot;:&quot;0&quot;,&quot;shutter_speed&quot;:&quot;0&quot;,&quot;title&quot;:&quot;&quot;,&quot;orientation&quot;:&quot;0&quot;}\" data-image-title=\"WK2018-7569\" data-image-description=\"\" data-image-caption=\"\" data-medium-file=\"https:\/\/i0.wp.com\/www.polizeichor-dresden.de\/wp-content\/uploads\/2019\/01\/WK2018-7569.jpg?fit=300%2C200&amp;ssl=1\" data-large-file=\"https:\/\/i0.wp.com\/www.polizeichor-dresden.de\/wp-content\/uploads\/2019\/01\/WK2018-7569.jpg?fit=1000%2C668&amp;ssl=1\" \/><\/a>\n\t\t\t<\/dt><\/dl><dl class='gallery-item'>\n\t\t\t<dt class='gallery-icon landscape'>\n\t\t\t\t<a href='https:\/\/www.polizeichor-dresden.de\/?attachment_id=1801'><img width=\"150\" height=\"150\" src=\"https:\/\/i0.wp.com\/www.polizeichor-dresden.de\/wp-content\/uploads\/2019\/01\/WK2018-7566.jpg?resize=150%2C150&amp;ssl=1\" class=\"attachment-thumbnail size-thumbnail\" alt=\"\" decoding=\"async\" loading=\"lazy\" srcset=\"https:\/\/i0.wp.com\/www.polizeichor-dresden.de\/wp-content\/uploads\/2019\/01\/WK2018-7566.jpg?resize=150%2C150&amp;ssl=1 150w, https:\/\/i0.wp.com\/www.polizeichor-dresden.de\/wp-content\/uploads\/2019\/01\/WK2018-7566.jpg?zoom=2&amp;resize=150%2C150&amp;ssl=1 300w, https:\/\/i0.wp.com\/www.polizeichor-dresden.de\/wp-content\/uploads\/2019\/01\/WK2018-7566.jpg?zoom=3&amp;resize=150%2C150&amp;ssl=1 450w\" sizes=\"(max-width: 150px) 100vw, 150px\" data-attachment-id=\"1801\" data-permalink=\"https:\/\/www.polizeichor-dresden.de\/?attachment_id=1801\" data-orig-file=\"https:\/\/i0.wp.com\/www.polizeichor-dresden.de\/wp-content\/uploads\/2019\/01\/WK2018-7566.jpg?fit=1000%2C668&amp;ssl=1\" data-orig-size=\"1000,668\" data-comments-opened=\"1\" data-image-meta=\"{&quot;aperture&quot;:&quot;0&quot;,&quot;credit&quot;:&quot;Jan Wiedemann&quot;,&quot;camera&quot;:&quot;&quot;,&quot;caption&quot;:&quot;&quot;,&quot;created_timestamp&quot;:&quot;0&quot;,&quot;copyright&quot;:&quot;Jan Wiedemann&quot;,&quot;focal_length&quot;:&quot;0&quot;,&quot;iso&quot;:&quot;0&quot;,&quot;shutter_speed&quot;:&quot;0&quot;,&quot;title&quot;:&quot;&quot;,&quot;orientation&quot;:&quot;0&quot;}\" data-image-title=\"WK2018-7566\" data-image-description=\"\" data-image-caption=\"\" data-medium-file=\"https:\/\/i0.wp.com\/www.polizeichor-dresden.de\/wp-content\/uploads\/2019\/01\/WK2018-7566.jpg?fit=300%2C200&amp;ssl=1\" data-large-file=\"https:\/\/i0.wp.com\/www.polizeichor-dresden.de\/wp-content\/uploads\/2019\/01\/WK2018-7566.jpg?fit=1000%2C668&amp;ssl=1\" \/><\/a>\n\t\t\t<\/dt><\/dl>\n\t\t\t<br style='clear: both' \/>\n\t\t<\/div>\n\n","protected":false},"excerpt":{"rendered":"<p>\u2026 kann nur der Dresdener gewesen sein Wir haben viele Monate geprobt, jeden Montag, ein Wochenende im November in Colditz im M\u00e4rchenschloss \u2013 also der darin verborgenen Musikakademie \u2013 und in der Woche vor unserem Konzert auch am Donnerstag nochmal. Das hei\u00dft, wir waren so sicher, wie man nur sein kann, dass uns alles ganz [&hellip;]<\/p>\n","protected":false},"author":2,"featured_media":0,"comment_status":"open","ping_status":"open","sticky":false,"template":"","format":"standard","meta":{"ngg_post_thumbnail":0,"jetpack_post_was_ever_published":false,"jetpack_publicize_message":"","jetpack_is_tweetstorm":false,"jetpack_publicize_feature_enabled":true,"jetpack_social_post_already_shared":true,"jetpack_social_options":{"image_generator_settings":{"template":"highway","enabled":false}}},"categories":[3],"tags":[18,6,5,4],"jetpack_publicize_connections":[],"aioseo_notices":[],"jetpack_featured_media_url":"","jetpack_shortlink":"https:\/\/wp.me\/p32b0X-up","jetpack_sharing_enabled":true,"_links":{"self":[{"href":"https:\/\/www.polizeichor-dresden.de\/index.php?rest_route=\/wp\/v2\/posts\/1885"}],"collection":[{"href":"https:\/\/www.polizeichor-dresden.de\/index.php?rest_route=\/wp\/v2\/posts"}],"about":[{"href":"https:\/\/www.polizeichor-dresden.de\/index.php?rest_route=\/wp\/v2\/types\/post"}],"author":[{"embeddable":true,"href":"https:\/\/www.polizeichor-dresden.de\/index.php?rest_route=\/wp\/v2\/users\/2"}],"replies":[{"embeddable":true,"href":"https:\/\/www.polizeichor-dresden.de\/index.php?rest_route=%2Fwp%2Fv2%2Fcomments&post=1885"}],"version-history":[{"count":2,"href":"https:\/\/www.polizeichor-dresden.de\/index.php?rest_route=\/wp\/v2\/posts\/1885\/revisions"}],"predecessor-version":[{"id":1887,"href":"https:\/\/www.polizeichor-dresden.de\/index.php?rest_route=\/wp\/v2\/posts\/1885\/revisions\/1887"}],"wp:attachment":[{"href":"https:\/\/www.polizeichor-dresden.de\/index.php?rest_route=%2Fwp%2Fv2%2Fmedia&parent=1885"}],"wp:term":[{"taxonomy":"category","embeddable":true,"href":"https:\/\/www.polizeichor-dresden.de\/index.php?rest_route=%2Fwp%2Fv2%2Fcategories&post=1885"},{"taxonomy":"post_tag","embeddable":true,"href":"https:\/\/www.polizeichor-dresden.de\/index.php?rest_route=%2Fwp%2Fv2%2Ftags&post=1885"}],"curies":[{"name":"wp","href":"https:\/\/api.w.org\/{rel}","templated":true}]}}