{"id":183,"date":"2012-05-05T00:48:19","date_gmt":"2012-05-04T22:48:19","guid":{"rendered":"http:\/\/www.polizeichor-dresden.de\/?p=183"},"modified":"2013-01-07T00:53:10","modified_gmt":"2013-01-06T22:53:10","slug":"unsere-konzertreise-nach-bremen","status":"publish","type":"post","link":"https:\/\/www.polizeichor-dresden.de\/?p=183","title":{"rendered":"Unsere Konzertreise nach Bremen"},"content":{"rendered":"<p>            \n\t\t<div class=\"ngg-gallery-singlepic-image ngg-left\" style=\"max-width: 320px\">\n\t\t\t    \t<a href=\"https:\/\/www.polizeichor-dresden.de\/wp-content\/gallery\/2012_konzertreise-bremen\/2012_bremen_03.jpg\"\n\t\t     title=\"\"\n             data-src=\"https:\/\/www.polizeichor-dresden.de\/wp-content\/gallery\/2012_konzertreise-bremen\/2012_bremen_03.jpg\"\n             data-thumbnail=\"https:\/\/www.polizeichor-dresden.de\/wp-content\/gallery\/2012_konzertreise-bremen\/thumbs\/thumbs_2012_bremen_03.jpg\"\n             data-image-id=\"77\"\n             data-title=\"2012_bremen_03\"\n             data-description=\"\"\n             target='_self'\n             class='nggobasic-fancybox' rel='146a014b2c9d30aa7c3080573f0d38b8'>\n            <img class=\"ngg-singlepic\"\n             src=\"https:\/\/www.polizeichor-dresden.de\/index.php\/nextgen-image\/77\/320x240x100\/2c3fa95b94ee4f14acdc25825b327d18\"\n             alt=\"2012_bremen_03\"\n             title=\"2012_bremen_03\"\n              width=\"320\"               \/>\n    \t<\/a>\n\t\t      <\/div>\n        Mit der Reise unseres Polizeichores Dresden nach Bremen erwiderten wir den Besuch der\u00a0 beiden Bremer Ch\u00f6re (M + F) aus dem Fr\u00fchjahr 2004 und freuten uns schon im Voraus auf das Wiedersehen mit alten Bekannten (auch bei gemeinsamen Erlebnisreisen in das Ausland) und darauf, dass wir mit diesem Konzert gleichzeitig im letzten der 10 alten Bundesl\u00e4nder unsere Visitenkarte abgeben konnten.<\/p>\n<p>Die im Vorfeld von unseren Organisatoren mit den Bremer Freunden getroffenen Absprachen zur Gestaltung unseres Aufenthaltes versprachen schon interessante und sch\u00f6ne Tage, aber die daraus resultierenden hohen Erwartungen wurden in jeder Hinsicht noch \u00fcbertroffen.<\/p>\n<p>Nach herzlicher Begr\u00fc\u00dfung durch die Repr\u00e4sentanten der beiden Gastch\u00f6re bezogen wir unsere Zimmer im Hotel Maritim und bereiteten uns auf die angek\u00fcndigte Stadtrundfahrt mit einer historischen Stra\u00dfenbahn vor. In den reichlich 2 Std. Fahrt lernten wir die Hansestadt mit ihren architektonischen und geschichtlichen Besonderheiten kennen. Besonders gefiel uns das viele Gr\u00fcn in der Stadt, vom B\u00fcrgerpark \u00fcber das begr\u00fcnte Weserufer und kleinere Parks bis zu den Hausg\u00e4rten. Uns gefielen auch die in der Regel nur 2- bis 3-geschossigen H\u00e4user, die der Gro\u00dfstadt ein beschauliches \u00c4u\u00dferes verschaffen, was durch die interessanten und gepflegten Bremer H\u00e4user (Bremerh\u00e4user?) noch unterstrichen wird.<!--more--><\/p>\n<p>            \n\t\t<div class=\"ngg-gallery-singlepic-image ngg-right\" style=\"max-width: 180px\">\n\t\t\t    \t<a href=\"https:\/\/www.polizeichor-dresden.de\/wp-content\/gallery\/2012_konzertreise-bremen\/2012_bremen_08.jpg\"\n\t\t     title=\"\"\n             data-src=\"https:\/\/www.polizeichor-dresden.de\/wp-content\/gallery\/2012_konzertreise-bremen\/2012_bremen_08.jpg\"\n             data-thumbnail=\"https:\/\/www.polizeichor-dresden.de\/wp-content\/gallery\/2012_konzertreise-bremen\/thumbs\/thumbs_2012_bremen_08.jpg\"\n             data-image-id=\"82\"\n             data-title=\"2012_bremen_08\"\n             data-description=\"\"\n             target='_self'\n             class='nggobasic-fancybox' rel='44b20d598025eaaa06748e4aa018af42'>\n            <img class=\"ngg-singlepic\"\n             src=\"https:\/\/www.polizeichor-dresden.de\/index.php\/nextgen-image\/82\/320x240x100\/aff354162ff43b6126702438599be8fd\"\n             alt=\"2012_bremen_08\"\n             title=\"2012_bremen_08\"\n              width=\"180\"               \/>\n    \t<\/a>\n\t\t      <\/div>\n        Die interessante Innenstadt lernten wir am Tag darauf bei dem Rundgang zu Fu\u00df noch n\u00e4her kennen, ob das die repr\u00e4sentativen Geb\u00e4ude wie Rathaus und Roland, Dom, Bahnhof, B\u00fcrgerschaft oder die schmalen Gassen mit ihren h\u00fcbschen alten Fachwerkh\u00e4usern des Schnoorviertels, die B\u00f6ttcherstra\u00dfe oder die Weserpromenade Schlachte waren. Bremen ist wirklich eine sehr sch\u00f6ne Stadt (Vielleicht kommen wir noch einmal hierher?).<\/p>\n<p>Die ganze Zeit \u00fcber waren Mitglieder beider Bremer Ch\u00f6re um unser Wohlergehen bem\u00fcht. Das ging von der Getr\u00e4nkeversorgung nach Wunsch in der Stra\u00dfenbahn \u00fcber die Stadtf\u00fchrung bis zum Kommers nach dem gut besuchten Konzert, \u00fcber das schon in der letzten Ausgabe unserer Zeitschrift berichtet wurde. Die Sitzordnung beim Kommers f\u00f6rderte das weitere N\u00e4her kommen mit unseren Bremer Sangesfreunden. Die gute Betreuung setzte sich am n\u00e4chsten Tag fort, als wir Bremerhaven kennen lernten.<\/p>\n<p>Das wegen seiner H\u00f6he und Form (wie ein gebl\u00e4htes Segel) schon von weitem sichtbare \u201eSail City Hotel\u201c war hier unser erstes Ziel. Nachdem uns der Fahrstuhl bis in die 19.<br \/>\nEtage bef\u00f6rdert hatte und wir weitere 3 Etagen Treppen gestiegen waren, konnten wir uns dann die interessante Handels- und Hafenstadt von der oberen Plattform aus 74 m H\u00f6he anschauen.\u00a0 Unsere Bremer Freunde erkl\u00e4rten uns eine ganze Reihe interessanter Geb\u00e4ude und gaben uns Hinweise f\u00fcr die sp\u00e4tere Freizeit: Zoo am Meer, Ausl\u00e4nderhaus, Klimahaus, Mediterraneo,\u00a0 Fischereihafen und vieles mehr. Konnte man das noch steigern? Yes, she can: Mit einer Schiffsfahrt auf der Au\u00dfenweser entlang des zweitgr\u00f6\u00dften Containerhafens der Welt (Guinessbuch der Rekorde), durch eine Schleuse, vorbei an der k\u00fcnstlichen Insel Langenl\u00fcttchen, an Sandb\u00e4nken mit Seehunden, sogar 3 Schweinswale konnten wir beobachten. Schlie\u00dflich lernten wir noch das Schaufenster Fischereihafen kennen. Schade, dass wir da nicht mehr Zeit zur Verf\u00fcgung hatten, aber zum Fisch-Einkauf reichte sie allemal.<\/p>\n<p>Einen ganz herzlichen Dank sagen wir dem Vorstand beider Ch\u00f6re und allen anderen, die uns diese drei tollen Tage gestalteten. Es sind zu viele, um sie einzeln nennen zu k\u00f6nnen,<\/p>\n<p>Jochen Strobel<\/p>\n<!-- index.php -->\n<div\n\tclass=\"ngg-galleryoverview ngg-ajax-pagination-none\"\n\tid=\"ngg-gallery-8285c7a4f3a2d62c16db515b88ba54a7-1\">\n\n    \t\t<!-- Thumbnails -->\n\t\t\t\t<div id=\"ngg-image-0\" class=\"ngg-gallery-thumbnail-box\" >\n\t\t\t\t        <div class=\"ngg-gallery-thumbnail\">\n            <a href=\"https:\/\/www.polizeichor-dresden.de\/wp-content\/gallery\/2012_konzertreise-bremen\/2012_bremen_01.jpg\"\n               title=\"\"\n               data-src=\"https:\/\/www.polizeichor-dresden.de\/wp-content\/gallery\/2012_konzertreise-bremen\/2012_bremen_01.jpg\"\n               data-thumbnail=\"https:\/\/www.polizeichor-dresden.de\/wp-content\/gallery\/2012_konzertreise-bremen\/thumbs\/thumbs_2012_bremen_01.jpg\"\n               data-image-id=\"75\"\n               data-title=\"2012_bremen_01\"\n               data-description=\"\"\n               data-image-slug=\"2012_bremen_01\"\n               class='nggobasic-fancybox' rel='8285c7a4f3a2d62c16db515b88ba54a7'>\n                <img\n                    title=\"2012_bremen_01\"\n                    alt=\"2012_bremen_01\"\n                    src=\"https:\/\/www.polizeichor-dresden.de\/wp-content\/gallery\/2012_konzertreise-bremen\/thumbs\/thumbs_2012_bremen_01.jpg\"\n                    width=\"150\"\n                    height=\"150\"\n                    style=\"max-width:100%;\"\n                \/>\n            <\/a>\n        <\/div>\n\t\t\t\t\t\t\t<\/div> \n\t\t\t\n        \n\t\t\t\t<div id=\"ngg-image-1\" class=\"ngg-gallery-thumbnail-box\" >\n\t\t\t\t        <div class=\"ngg-gallery-thumbnail\">\n            <a href=\"https:\/\/www.polizeichor-dresden.de\/wp-content\/gallery\/2012_konzertreise-bremen\/2012_bremen_02.jpg\"\n               title=\"\"\n               data-src=\"https:\/\/www.polizeichor-dresden.de\/wp-content\/gallery\/2012_konzertreise-bremen\/2012_bremen_02.jpg\"\n               data-thumbnail=\"https:\/\/www.polizeichor-dresden.de\/wp-content\/gallery\/2012_konzertreise-bremen\/thumbs\/thumbs_2012_bremen_02.jpg\"\n               data-image-id=\"76\"\n               data-title=\"2012_bremen_02\"\n               data-description=\"\"\n               data-image-slug=\"2012_bremen_02\"\n               class='nggobasic-fancybox' rel='8285c7a4f3a2d62c16db515b88ba54a7'>\n                <img\n                    title=\"2012_bremen_02\"\n                    alt=\"2012_bremen_02\"\n                    src=\"https:\/\/www.polizeichor-dresden.de\/wp-content\/gallery\/2012_konzertreise-bremen\/thumbs\/thumbs_2012_bremen_02.jpg\"\n                    width=\"150\"\n                    height=\"150\"\n                    style=\"max-width:100%;\"\n                \/>\n            <\/a>\n        <\/div>\n\t\t\t\t\t\t\t<\/div> \n\t\t\t\n        \n\t\t\t\t<div id=\"ngg-image-2\" class=\"ngg-gallery-thumbnail-box\" >\n\t\t\t\t        <div class=\"ngg-gallery-thumbnail\">\n            <a href=\"https:\/\/www.polizeichor-dresden.de\/wp-content\/gallery\/2012_konzertreise-bremen\/2012_bremen_03.jpg\"\n               title=\"\"\n               data-src=\"https:\/\/www.polizeichor-dresden.de\/wp-content\/gallery\/2012_konzertreise-bremen\/2012_bremen_03.jpg\"\n               data-thumbnail=\"https:\/\/www.polizeichor-dresden.de\/wp-content\/gallery\/2012_konzertreise-bremen\/thumbs\/thumbs_2012_bremen_03.jpg\"\n               data-image-id=\"77\"\n               data-title=\"2012_bremen_03\"\n               data-description=\"\"\n               data-image-slug=\"2012_bremen_03\"\n               class='nggobasic-fancybox' rel='8285c7a4f3a2d62c16db515b88ba54a7'>\n                <img\n                    title=\"2012_bremen_03\"\n                    alt=\"2012_bremen_03\"\n                    src=\"https:\/\/www.polizeichor-dresden.de\/wp-content\/gallery\/2012_konzertreise-bremen\/thumbs\/thumbs_2012_bremen_03.jpg\"\n                    width=\"150\"\n                    height=\"150\"\n                    style=\"max-width:100%;\"\n                \/>\n            <\/a>\n        <\/div>\n\t\t\t\t\t\t\t<\/div> \n\t\t\t\n        \n\t\t\t\t<div id=\"ngg-image-3\" class=\"ngg-gallery-thumbnail-box\" >\n\t\t\t\t        <div class=\"ngg-gallery-thumbnail\">\n            <a href=\"https:\/\/www.polizeichor-dresden.de\/wp-content\/gallery\/2012_konzertreise-bremen\/2012_bremen_04.jpg\"\n               title=\"\"\n               data-src=\"https:\/\/www.polizeichor-dresden.de\/wp-content\/gallery\/2012_konzertreise-bremen\/2012_bremen_04.jpg\"\n               data-thumbnail=\"https:\/\/www.polizeichor-dresden.de\/wp-content\/gallery\/2012_konzertreise-bremen\/thumbs\/thumbs_2012_bremen_04.jpg\"\n               data-image-id=\"78\"\n               data-title=\"2012_bremen_04\"\n               data-description=\"\"\n               data-image-slug=\"2012_bremen_04\"\n               class='nggobasic-fancybox' rel='8285c7a4f3a2d62c16db515b88ba54a7'>\n                <img\n                    title=\"2012_bremen_04\"\n                    alt=\"2012_bremen_04\"\n                    src=\"https:\/\/www.polizeichor-dresden.de\/wp-content\/gallery\/2012_konzertreise-bremen\/thumbs\/thumbs_2012_bremen_04.jpg\"\n                    width=\"150\"\n                    height=\"150\"\n                    style=\"max-width:100%;\"\n                \/>\n            <\/a>\n        <\/div>\n\t\t\t\t\t\t\t<\/div> \n\t\t\t\n        \n\t\t\t\t<div id=\"ngg-image-4\" class=\"ngg-gallery-thumbnail-box\" >\n\t\t\t\t        <div class=\"ngg-gallery-thumbnail\">\n            <a href=\"https:\/\/www.polizeichor-dresden.de\/wp-content\/gallery\/2012_konzertreise-bremen\/2012_bremen_05.jpg\"\n               title=\"\"\n               data-src=\"https:\/\/www.polizeichor-dresden.de\/wp-content\/gallery\/2012_konzertreise-bremen\/2012_bremen_05.jpg\"\n               data-thumbnail=\"https:\/\/www.polizeichor-dresden.de\/wp-content\/gallery\/2012_konzertreise-bremen\/thumbs\/thumbs_2012_bremen_05.jpg\"\n               data-image-id=\"79\"\n               data-title=\"2012_bremen_05\"\n               data-description=\"\"\n               data-image-slug=\"2012_bremen_05\"\n               class='nggobasic-fancybox' rel='8285c7a4f3a2d62c16db515b88ba54a7'>\n                <img\n                    title=\"2012_bremen_05\"\n                    alt=\"2012_bremen_05\"\n                    src=\"https:\/\/www.polizeichor-dresden.de\/wp-content\/gallery\/2012_konzertreise-bremen\/thumbs\/thumbs_2012_bremen_05.jpg\"\n                    width=\"150\"\n                    height=\"150\"\n                    style=\"max-width:100%;\"\n                \/>\n            <\/a>\n        <\/div>\n\t\t\t\t\t\t\t<\/div> \n\t\t\t\n        \n\t\t\t\t<div id=\"ngg-image-5\" class=\"ngg-gallery-thumbnail-box\" >\n\t\t\t\t        <div class=\"ngg-gallery-thumbnail\">\n            <a href=\"https:\/\/www.polizeichor-dresden.de\/wp-content\/gallery\/2012_konzertreise-bremen\/2012_bremen_06.jpg\"\n               title=\"\"\n               data-src=\"https:\/\/www.polizeichor-dresden.de\/wp-content\/gallery\/2012_konzertreise-bremen\/2012_bremen_06.jpg\"\n               data-thumbnail=\"https:\/\/www.polizeichor-dresden.de\/wp-content\/gallery\/2012_konzertreise-bremen\/thumbs\/thumbs_2012_bremen_06.jpg\"\n               data-image-id=\"80\"\n               data-title=\"2012_bremen_06\"\n               data-description=\"\"\n               data-image-slug=\"2012_bremen_06\"\n               class='nggobasic-fancybox' rel='8285c7a4f3a2d62c16db515b88ba54a7'>\n                <img\n                    title=\"2012_bremen_06\"\n                    alt=\"2012_bremen_06\"\n                    src=\"https:\/\/www.polizeichor-dresden.de\/wp-content\/gallery\/2012_konzertreise-bremen\/thumbs\/thumbs_2012_bremen_06.jpg\"\n                    width=\"150\"\n                    height=\"150\"\n                    style=\"max-width:100%;\"\n                \/>\n            <\/a>\n        <\/div>\n\t\t\t\t\t\t\t<\/div> \n\t\t\t\n        \n\t\t\t\t<div id=\"ngg-image-6\" class=\"ngg-gallery-thumbnail-box\" >\n\t\t\t\t        <div class=\"ngg-gallery-thumbnail\">\n            <a href=\"https:\/\/www.polizeichor-dresden.de\/wp-content\/gallery\/2012_konzertreise-bremen\/2012_bremen_07.jpg\"\n               title=\"\"\n               data-src=\"https:\/\/www.polizeichor-dresden.de\/wp-content\/gallery\/2012_konzertreise-bremen\/2012_bremen_07.jpg\"\n               data-thumbnail=\"https:\/\/www.polizeichor-dresden.de\/wp-content\/gallery\/2012_konzertreise-bremen\/thumbs\/thumbs_2012_bremen_07.jpg\"\n               data-image-id=\"81\"\n               data-title=\"2012_bremen_07\"\n               data-description=\"\"\n               data-image-slug=\"2012_bremen_07\"\n               class='nggobasic-fancybox' rel='8285c7a4f3a2d62c16db515b88ba54a7'>\n                <img\n                    title=\"2012_bremen_07\"\n                    alt=\"2012_bremen_07\"\n                    src=\"https:\/\/www.polizeichor-dresden.de\/wp-content\/gallery\/2012_konzertreise-bremen\/thumbs\/thumbs_2012_bremen_07.jpg\"\n                    width=\"150\"\n                    height=\"150\"\n                    style=\"max-width:100%;\"\n                \/>\n            <\/a>\n        <\/div>\n\t\t\t\t\t\t\t<\/div> \n\t\t\t\n        \n\t\t\t\t<div id=\"ngg-image-7\" class=\"ngg-gallery-thumbnail-box\" >\n\t\t\t\t        <div class=\"ngg-gallery-thumbnail\">\n            <a href=\"https:\/\/www.polizeichor-dresden.de\/wp-content\/gallery\/2012_konzertreise-bremen\/2012_bremen_08.jpg\"\n               title=\"\"\n               data-src=\"https:\/\/www.polizeichor-dresden.de\/wp-content\/gallery\/2012_konzertreise-bremen\/2012_bremen_08.jpg\"\n               data-thumbnail=\"https:\/\/www.polizeichor-dresden.de\/wp-content\/gallery\/2012_konzertreise-bremen\/thumbs\/thumbs_2012_bremen_08.jpg\"\n               data-image-id=\"82\"\n               data-title=\"2012_bremen_08\"\n               data-description=\"\"\n               data-image-slug=\"2012_bremen_08\"\n               class='nggobasic-fancybox' rel='8285c7a4f3a2d62c16db515b88ba54a7'>\n                <img\n                    title=\"2012_bremen_08\"\n                    alt=\"2012_bremen_08\"\n                    src=\"https:\/\/www.polizeichor-dresden.de\/wp-content\/gallery\/2012_konzertreise-bremen\/thumbs\/thumbs_2012_bremen_08.jpg\"\n                    width=\"150\"\n                    height=\"150\"\n                    style=\"max-width:100%;\"\n                \/>\n            <\/a>\n        <\/div>\n\t\t\t\t\t\t\t<\/div> \n\t\t\t\n        \n\t\t\t\t<div id=\"ngg-image-8\" class=\"ngg-gallery-thumbnail-box\" >\n\t\t\t\t        <div class=\"ngg-gallery-thumbnail\">\n            <a href=\"https:\/\/www.polizeichor-dresden.de\/wp-content\/gallery\/2012_konzertreise-bremen\/2012_bremen_09.jpg\"\n               title=\"\"\n               data-src=\"https:\/\/www.polizeichor-dresden.de\/wp-content\/gallery\/2012_konzertreise-bremen\/2012_bremen_09.jpg\"\n               data-thumbnail=\"https:\/\/www.polizeichor-dresden.de\/wp-content\/gallery\/2012_konzertreise-bremen\/thumbs\/thumbs_2012_bremen_09.jpg\"\n               data-image-id=\"83\"\n               data-title=\"2012_bremen_09\"\n               data-description=\"\"\n               data-image-slug=\"2012_bremen_09\"\n               class='nggobasic-fancybox' rel='8285c7a4f3a2d62c16db515b88ba54a7'>\n                <img\n                    title=\"2012_bremen_09\"\n                    alt=\"2012_bremen_09\"\n                    src=\"https:\/\/www.polizeichor-dresden.de\/wp-content\/gallery\/2012_konzertreise-bremen\/thumbs\/thumbs_2012_bremen_09.jpg\"\n                    width=\"150\"\n                    height=\"150\"\n                    style=\"max-width:100%;\"\n                \/>\n            <\/a>\n        <\/div>\n\t\t\t\t\t\t\t<\/div> \n\t\t\t\n        \n\t\t\t\t<div id=\"ngg-image-9\" class=\"ngg-gallery-thumbnail-box\" >\n\t\t\t\t        <div class=\"ngg-gallery-thumbnail\">\n            <a href=\"https:\/\/www.polizeichor-dresden.de\/wp-content\/gallery\/2012_konzertreise-bremen\/2012_bremen_10.jpg\"\n               title=\"\"\n               data-src=\"https:\/\/www.polizeichor-dresden.de\/wp-content\/gallery\/2012_konzertreise-bremen\/2012_bremen_10.jpg\"\n               data-thumbnail=\"https:\/\/www.polizeichor-dresden.de\/wp-content\/gallery\/2012_konzertreise-bremen\/thumbs\/thumbs_2012_bremen_10.jpg\"\n               data-image-id=\"84\"\n               data-title=\"2012_bremen_10\"\n               data-description=\"\"\n               data-image-slug=\"2012_bremen_10\"\n               class='nggobasic-fancybox' rel='8285c7a4f3a2d62c16db515b88ba54a7'>\n                <img\n                    title=\"2012_bremen_10\"\n                    alt=\"2012_bremen_10\"\n                    src=\"https:\/\/www.polizeichor-dresden.de\/wp-content\/gallery\/2012_konzertreise-bremen\/thumbs\/thumbs_2012_bremen_10.jpg\"\n                    width=\"150\"\n                    height=\"150\"\n                    style=\"max-width:100%;\"\n                \/>\n            <\/a>\n        <\/div>\n\t\t\t\t\t\t\t<\/div> \n\t\t\t\n        \n\t\t\t\t<div id=\"ngg-image-10\" class=\"ngg-gallery-thumbnail-box\" >\n\t\t\t\t        <div class=\"ngg-gallery-thumbnail\">\n            <a href=\"https:\/\/www.polizeichor-dresden.de\/wp-content\/gallery\/2012_konzertreise-bremen\/2012_bremen_11.jpg\"\n               title=\"\"\n               data-src=\"https:\/\/www.polizeichor-dresden.de\/wp-content\/gallery\/2012_konzertreise-bremen\/2012_bremen_11.jpg\"\n               data-thumbnail=\"https:\/\/www.polizeichor-dresden.de\/wp-content\/gallery\/2012_konzertreise-bremen\/thumbs\/thumbs_2012_bremen_11.jpg\"\n               data-image-id=\"85\"\n               data-title=\"2012_bremen_11\"\n               data-description=\"\"\n               data-image-slug=\"2012_bremen_11\"\n               class='nggobasic-fancybox' rel='8285c7a4f3a2d62c16db515b88ba54a7'>\n                <img\n                    title=\"2012_bremen_11\"\n                    alt=\"2012_bremen_11\"\n                    src=\"https:\/\/www.polizeichor-dresden.de\/wp-content\/gallery\/2012_konzertreise-bremen\/thumbs\/thumbs_2012_bremen_11.jpg\"\n                    width=\"150\"\n                    height=\"150\"\n                    style=\"max-width:100%;\"\n                \/>\n            <\/a>\n        <\/div>\n\t\t\t\t\t\t\t<\/div> \n\t\t\t\n        \n\t\t\t\t<div id=\"ngg-image-11\" class=\"ngg-gallery-thumbnail-box\" >\n\t\t\t\t        <div class=\"ngg-gallery-thumbnail\">\n            <a href=\"https:\/\/www.polizeichor-dresden.de\/wp-content\/gallery\/2012_konzertreise-bremen\/2012_bremen_12.jpg\"\n               title=\"\"\n               data-src=\"https:\/\/www.polizeichor-dresden.de\/wp-content\/gallery\/2012_konzertreise-bremen\/2012_bremen_12.jpg\"\n               data-thumbnail=\"https:\/\/www.polizeichor-dresden.de\/wp-content\/gallery\/2012_konzertreise-bremen\/thumbs\/thumbs_2012_bremen_12.jpg\"\n               data-image-id=\"86\"\n               data-title=\"2012_bremen_12\"\n               data-description=\"\"\n               data-image-slug=\"2012_bremen_12\"\n               class='nggobasic-fancybox' rel='8285c7a4f3a2d62c16db515b88ba54a7'>\n                <img\n                    title=\"2012_bremen_12\"\n                    alt=\"2012_bremen_12\"\n                    src=\"https:\/\/www.polizeichor-dresden.de\/wp-content\/gallery\/2012_konzertreise-bremen\/thumbs\/thumbs_2012_bremen_12.jpg\"\n                    width=\"150\"\n                    height=\"150\"\n                    style=\"max-width:100%;\"\n                \/>\n            <\/a>\n        <\/div>\n\t\t\t\t\t\t\t<\/div> \n\t\t\t\n        \n\t\t\t\t<div id=\"ngg-image-12\" class=\"ngg-gallery-thumbnail-box\" >\n\t\t\t\t        <div class=\"ngg-gallery-thumbnail\">\n            <a href=\"https:\/\/www.polizeichor-dresden.de\/wp-content\/gallery\/2012_konzertreise-bremen\/2012_bremen_13.jpg\"\n               title=\"\"\n               data-src=\"https:\/\/www.polizeichor-dresden.de\/wp-content\/gallery\/2012_konzertreise-bremen\/2012_bremen_13.jpg\"\n               data-thumbnail=\"https:\/\/www.polizeichor-dresden.de\/wp-content\/gallery\/2012_konzertreise-bremen\/thumbs\/thumbs_2012_bremen_13.jpg\"\n               data-image-id=\"87\"\n               data-title=\"2012_bremen_13\"\n               data-description=\"\"\n               data-image-slug=\"2012_bremen_13\"\n               class='nggobasic-fancybox' rel='8285c7a4f3a2d62c16db515b88ba54a7'>\n                <img\n                    title=\"2012_bremen_13\"\n                    alt=\"2012_bremen_13\"\n                    src=\"https:\/\/www.polizeichor-dresden.de\/wp-content\/gallery\/2012_konzertreise-bremen\/thumbs\/thumbs_2012_bremen_13.jpg\"\n                    width=\"150\"\n                    height=\"150\"\n                    style=\"max-width:100%;\"\n                \/>\n            <\/a>\n        <\/div>\n\t\t\t\t\t\t\t<\/div> \n\t\t\t\n        \n\t\t\t\t<div id=\"ngg-image-13\" class=\"ngg-gallery-thumbnail-box\" >\n\t\t\t\t        <div class=\"ngg-gallery-thumbnail\">\n            <a href=\"https:\/\/www.polizeichor-dresden.de\/wp-content\/gallery\/2012_konzertreise-bremen\/2012_bremen_14.jpg\"\n               title=\"\"\n               data-src=\"https:\/\/www.polizeichor-dresden.de\/wp-content\/gallery\/2012_konzertreise-bremen\/2012_bremen_14.jpg\"\n               data-thumbnail=\"https:\/\/www.polizeichor-dresden.de\/wp-content\/gallery\/2012_konzertreise-bremen\/thumbs\/thumbs_2012_bremen_14.jpg\"\n               data-image-id=\"88\"\n               data-title=\"2012_bremen_14\"\n               data-description=\"\"\n               data-image-slug=\"2012_bremen_14\"\n               class='nggobasic-fancybox' rel='8285c7a4f3a2d62c16db515b88ba54a7'>\n                <img\n                    title=\"2012_bremen_14\"\n                    alt=\"2012_bremen_14\"\n                    src=\"https:\/\/www.polizeichor-dresden.de\/wp-content\/gallery\/2012_konzertreise-bremen\/thumbs\/thumbs_2012_bremen_14.jpg\"\n                    width=\"150\"\n                    height=\"150\"\n                    style=\"max-width:100%;\"\n                \/>\n            <\/a>\n        <\/div>\n\t\t\t\t\t\t\t<\/div> \n\t\t\t\n        \n\t\t\t\t<div id=\"ngg-image-14\" class=\"ngg-gallery-thumbnail-box\" >\n\t\t\t\t        <div class=\"ngg-gallery-thumbnail\">\n            <a href=\"https:\/\/www.polizeichor-dresden.de\/wp-content\/gallery\/2012_konzertreise-bremen\/2012_bremen_15.jpg\"\n               title=\"\"\n               data-src=\"https:\/\/www.polizeichor-dresden.de\/wp-content\/gallery\/2012_konzertreise-bremen\/2012_bremen_15.jpg\"\n               data-thumbnail=\"https:\/\/www.polizeichor-dresden.de\/wp-content\/gallery\/2012_konzertreise-bremen\/thumbs\/thumbs_2012_bremen_15.jpg\"\n               data-image-id=\"89\"\n               data-title=\"2012_bremen_15\"\n               data-description=\"\"\n               data-image-slug=\"2012_bremen_15\"\n               class='nggobasic-fancybox' rel='8285c7a4f3a2d62c16db515b88ba54a7'>\n                <img\n                    title=\"2012_bremen_15\"\n                    alt=\"2012_bremen_15\"\n                    src=\"https:\/\/www.polizeichor-dresden.de\/wp-content\/gallery\/2012_konzertreise-bremen\/thumbs\/thumbs_2012_bremen_15.jpg\"\n                    width=\"150\"\n                    height=\"150\"\n                    style=\"max-width:100%;\"\n                \/>\n            <\/a>\n        <\/div>\n\t\t\t\t\t\t\t<\/div> \n\t\t\t\n        \n\t\t\t\t<div id=\"ngg-image-15\" class=\"ngg-gallery-thumbnail-box\" >\n\t\t\t\t        <div class=\"ngg-gallery-thumbnail\">\n            <a href=\"https:\/\/www.polizeichor-dresden.de\/wp-content\/gallery\/2012_konzertreise-bremen\/2012_bremen_16.jpg\"\n               title=\"\"\n               data-src=\"https:\/\/www.polizeichor-dresden.de\/wp-content\/gallery\/2012_konzertreise-bremen\/2012_bremen_16.jpg\"\n               data-thumbnail=\"https:\/\/www.polizeichor-dresden.de\/wp-content\/gallery\/2012_konzertreise-bremen\/thumbs\/thumbs_2012_bremen_16.jpg\"\n               data-image-id=\"90\"\n               data-title=\"2012_bremen_16\"\n               data-description=\"\"\n               data-image-slug=\"2012_bremen_16\"\n               class='nggobasic-fancybox' rel='8285c7a4f3a2d62c16db515b88ba54a7'>\n                <img\n                    title=\"2012_bremen_16\"\n                    alt=\"2012_bremen_16\"\n                    src=\"https:\/\/www.polizeichor-dresden.de\/wp-content\/gallery\/2012_konzertreise-bremen\/thumbs\/thumbs_2012_bremen_16.jpg\"\n                    width=\"150\"\n                    height=\"150\"\n                    style=\"max-width:100%;\"\n                \/>\n            <\/a>\n        <\/div>\n\t\t\t\t\t\t\t<\/div> \n\t\t\t\n        \n\t\t\t\t<div id=\"ngg-image-16\" class=\"ngg-gallery-thumbnail-box\" >\n\t\t\t\t        <div class=\"ngg-gallery-thumbnail\">\n            <a href=\"https:\/\/www.polizeichor-dresden.de\/wp-content\/gallery\/2012_konzertreise-bremen\/2012_bremen_17.jpg\"\n               title=\"\"\n               data-src=\"https:\/\/www.polizeichor-dresden.de\/wp-content\/gallery\/2012_konzertreise-bremen\/2012_bremen_17.jpg\"\n               data-thumbnail=\"https:\/\/www.polizeichor-dresden.de\/wp-content\/gallery\/2012_konzertreise-bremen\/thumbs\/thumbs_2012_bremen_17.jpg\"\n               data-image-id=\"91\"\n               data-title=\"2012_bremen_17\"\n               data-description=\"\"\n               data-image-slug=\"2012_bremen_17\"\n               class='nggobasic-fancybox' rel='8285c7a4f3a2d62c16db515b88ba54a7'>\n                <img\n                    title=\"2012_bremen_17\"\n                    alt=\"2012_bremen_17\"\n                    src=\"https:\/\/www.polizeichor-dresden.de\/wp-content\/gallery\/2012_konzertreise-bremen\/thumbs\/thumbs_2012_bremen_17.jpg\"\n                    width=\"150\"\n                    height=\"150\"\n                    style=\"max-width:100%;\"\n                \/>\n            <\/a>\n        <\/div>\n\t\t\t\t\t\t\t<\/div> \n\t\t\t\n        \n\t\t\t\t<div id=\"ngg-image-17\" class=\"ngg-gallery-thumbnail-box\" >\n\t\t\t\t        <div class=\"ngg-gallery-thumbnail\">\n            <a href=\"https:\/\/www.polizeichor-dresden.de\/wp-content\/gallery\/2012_konzertreise-bremen\/2012_bremen_18.jpg\"\n               title=\"\"\n               data-src=\"https:\/\/www.polizeichor-dresden.de\/wp-content\/gallery\/2012_konzertreise-bremen\/2012_bremen_18.jpg\"\n               data-thumbnail=\"https:\/\/www.polizeichor-dresden.de\/wp-content\/gallery\/2012_konzertreise-bremen\/thumbs\/thumbs_2012_bremen_18.jpg\"\n               data-image-id=\"92\"\n               data-title=\"2012_bremen_18\"\n               data-description=\"\"\n               data-image-slug=\"2012_bremen_18\"\n               class='nggobasic-fancybox' rel='8285c7a4f3a2d62c16db515b88ba54a7'>\n                <img\n                    title=\"2012_bremen_18\"\n                    alt=\"2012_bremen_18\"\n                    src=\"https:\/\/www.polizeichor-dresden.de\/wp-content\/gallery\/2012_konzertreise-bremen\/thumbs\/thumbs_2012_bremen_18.jpg\"\n                    width=\"150\"\n                    height=\"150\"\n                    style=\"max-width:100%;\"\n                \/>\n            <\/a>\n        <\/div>\n\t\t\t\t\t\t\t<\/div> \n\t\t\t\n        \n\t\t\n\t\t<!-- Pagination -->\n\t<div class='ngg-clear'><\/div>\t<\/div>\n\n","protected":false},"excerpt":{"rendered":"<p>Mit der Reise unseres Polizeichores Dresden nach Bremen erwiderten wir den Besuch der\u00a0 beiden Bremer Ch\u00f6re (M + F) aus dem Fr\u00fchjahr 2004 und freuten uns schon im Voraus auf das Wiedersehen mit alten Bekannten (auch bei gemeinsamen Erlebnisreisen in das Ausland) und darauf, dass wir mit diesem Konzert gleichzeitig im letzten der 10 alten [&hellip;]<\/p>\n","protected":false},"author":1,"featured_media":0,"comment_status":"open","ping_status":"open","sticky":false,"template":"","format":"standard","meta":{"ngg_post_thumbnail":0,"jetpack_post_was_ever_published":false,"jetpack_publicize_message":"","jetpack_is_tweetstorm":false,"jetpack_publicize_feature_enabled":true,"jetpack_social_post_already_shared":true,"jetpack_social_options":{"image_generator_settings":{"template":"highway","enabled":false}}},"categories":[1],"tags":[24,59],"jetpack_publicize_connections":[],"aioseo_notices":[],"jetpack_featured_media_url":"","jetpack_shortlink":"https:\/\/wp.me\/p32b0X-2X","jetpack_sharing_enabled":true,"_links":{"self":[{"href":"https:\/\/www.polizeichor-dresden.de\/index.php?rest_route=\/wp\/v2\/posts\/183"}],"collection":[{"href":"https:\/\/www.polizeichor-dresden.de\/index.php?rest_route=\/wp\/v2\/posts"}],"about":[{"href":"https:\/\/www.polizeichor-dresden.de\/index.php?rest_route=\/wp\/v2\/types\/post"}],"author":[{"embeddable":true,"href":"https:\/\/www.polizeichor-dresden.de\/index.php?rest_route=\/wp\/v2\/users\/1"}],"replies":[{"embeddable":true,"href":"https:\/\/www.polizeichor-dresden.de\/index.php?rest_route=%2Fwp%2Fv2%2Fcomments&post=183"}],"version-history":[{"count":3,"href":"https:\/\/www.polizeichor-dresden.de\/index.php?rest_route=\/wp\/v2\/posts\/183\/revisions"}],"predecessor-version":[{"id":186,"href":"https:\/\/www.polizeichor-dresden.de\/index.php?rest_route=\/wp\/v2\/posts\/183\/revisions\/186"}],"wp:attachment":[{"href":"https:\/\/www.polizeichor-dresden.de\/index.php?rest_route=%2Fwp%2Fv2%2Fmedia&parent=183"}],"wp:term":[{"taxonomy":"category","embeddable":true,"href":"https:\/\/www.polizeichor-dresden.de\/index.php?rest_route=%2Fwp%2Fv2%2Fcategories&post=183"},{"taxonomy":"post_tag","embeddable":true,"href":"https:\/\/www.polizeichor-dresden.de\/index.php?rest_route=%2Fwp%2Fv2%2Ftags&post=183"}],"curies":[{"name":"wp","href":"https:\/\/api.w.org\/{rel}","templated":true}]}}