{"id":173,"date":"2012-07-24T23:57:01","date_gmt":"2012-07-24T21:57:01","guid":{"rendered":"http:\/\/www.polizeichor-dresden.de\/?p=173"},"modified":"2013-01-07T00:03:21","modified_gmt":"2013-01-06T22:03:21","slug":"unser-sommerfest-2012","status":"publish","type":"post","link":"https:\/\/www.polizeichor-dresden.de\/?p=173","title":{"rendered":"Unser Sommerfest 2012"},"content":{"rendered":"<p>            \n\t\t<div class=\"ngg-gallery-singlepic-image ngg-left\" style=\"max-width: 320px\">\n\t\t\t    \t<a href=\"https:\/\/www.polizeichor-dresden.de\/wp-content\/gallery\/2012_sommerfest\/2012_sommerfest_01.jpg\"\n\t\t     title=\"\"\n             data-src=\"https:\/\/www.polizeichor-dresden.de\/wp-content\/gallery\/2012_sommerfest\/2012_sommerfest_01.jpg\"\n             data-thumbnail=\"https:\/\/www.polizeichor-dresden.de\/wp-content\/gallery\/2012_sommerfest\/thumbs\/thumbs_2012_sommerfest_01.jpg\"\n             data-image-id=\"30\"\n             data-title=\"2012_sommerfest_01\"\n             data-description=\"\"\n             target='_self'\n             class='nggobasic-fancybox' rel='856e2c3cace8955c0ab19cf7b14deb2e'>\n            <img class=\"ngg-singlepic\"\n             src=\"https:\/\/www.polizeichor-dresden.de\/index.php\/nextgen-image\/30\/320x240x100\/81012b8452ee389a723aa093fa14375b\"\n             alt=\"2012_sommerfest_01\"\n             title=\"2012_sommerfest_01\"\n              width=\"320\"               \/>\n    \t<\/a>\n\t\t      <\/div>\n        Wieder einmal war es soweit: das Sommerfest des Polizeichores Dresden stand an, welches traditionsgem\u00e4\u00df unsere S\u00e4ngerinnen, S\u00e4nger, Freunde und F\u00f6rderer unseres Vereins mit ihren Familien zu einem geselligen Beisammensein zusammenf\u00fchrt. In diesem Jahr war das Fest organisationsbedingt etwas zeitiger, was aber der Beteiligung keinen Abbruch tat.<\/p>\n<p>Wieder einmal durften wir das Gel\u00e4nde des Vereines Kanusport Dresden e.V. mit seinem malerischen Ausblick auf die Elbwiesen und -h\u00e4nge nutzen.\u00a0 Am Freitag, dem 20. Juli ab 17 Uhr traf sich also alles am besagten Ort, um in geselliger Runde\u00a0 ein paar nette Stunden zu verbringen.<\/p>\n<p>Das Wetter hat auch super mitgespielt, trotz der miesen Vortage \u2013 nochmal vielen Dank an alle diejenigen die flei\u00dfig die Wolken geschoben haben und immer artig aufgegessen haben!<!--more--><\/p>\n<p>            \n\t\t<div class=\"ngg-gallery-singlepic-image ngg-right\" style=\"max-width: 320px\">\n\t\t\t    \t<a href=\"https:\/\/www.polizeichor-dresden.de\/wp-content\/gallery\/2012_sommerfest\/2012_sommerfest_08.jpg\"\n\t\t     title=\"\"\n             data-src=\"https:\/\/www.polizeichor-dresden.de\/wp-content\/gallery\/2012_sommerfest\/2012_sommerfest_08.jpg\"\n             data-thumbnail=\"https:\/\/www.polizeichor-dresden.de\/wp-content\/gallery\/2012_sommerfest\/thumbs\/thumbs_2012_sommerfest_08.jpg\"\n             data-image-id=\"37\"\n             data-title=\"2012_sommerfest_08\"\n             data-description=\"\"\n             target='_self'\n             class='nggobasic-fancybox' rel='40b40da917090034fca061e2987b5add'>\n            <img class=\"ngg-singlepic\"\n             src=\"https:\/\/www.polizeichor-dresden.de\/index.php\/nextgen-image\/37\/320x240x100\/d9a78b00ec1e9816aef76c4e50c0cbc2\"\n             alt=\"2012_sommerfest_08\"\n             title=\"2012_sommerfest_08\"\n              width=\"320\"               \/>\n    \t<\/a>\n\t\t      <\/div>\n        Das sehr reichliche und abwechslungsreiche, selbst best\u00fcckte\u00a0 Buffet und unsere flei\u00dfigen Helfer am Grill und am Ausschank verhalfen erst einmal f\u00fcr zu ges\u00e4ttigte M\u00e4gen und zufrieden Gesichter. F\u00fcr die Unterhaltung unseres j\u00fcngeren Nachwuchses sorgten das Ballwerfen, Federball und andere Spiele. Nach dem ersten Ansturm aufs Buffet gab es auch wieder Ehrungen von langj\u00e4hrigen F\u00f6rderern unseres Chores. Da bietet unser Sommerfest nat\u00fcrlich einen sch\u00f6nen Rahmen, um einfach mal Danke zu sagen.<\/p>\n<p>F\u00fcr gro\u00dfes Aufsehen sorgte auch der kulturelle Beitrag von drei unserer S\u00e4ngerinnen, S\u00e4nger und F\u00f6rderer:\u00a0 als folkloristisches, russisches Kulturensemble wurde ein fast nicht endendes Lied mit Unterst\u00fctzung der versammelten G\u00e4ste vorgetragen, welches in der Strophenanzahl nur noch vom \u201eLied von der Festung K\u00f6nigstein\u201c \u00fcbertroffen wird.\u00a0 Es wurde viel gelacht, mitgesungen und noch lange hatte ein jeder den Refrain des Liedes im Kopf:<\/p>\n<p>\u201eWohin flie\u00dft Du Wolga, Wolga?<br \/>\nSag es uns, was ist dabei \u2026<br \/>\nFlie\u00df doch her zum Sommerfeste<br \/>\nVom Dresdner Chor der Polizei\u201c<\/p>\n<p>So wurde noch lange gesessen, gefeiert und gelacht. Im Gro\u00dfen und Ganzen war es wieder ein unvergessliches Sommerfest.<br \/>\n<strong>Vielen Dank noch einmal an die vielen flei\u00dfigen H\u00e4nde die in der Vorbereitung und an diesem Abend mitgeholfen haben.<\/strong><\/p>\n<!-- index.php -->\n<div\n\tclass=\"ngg-galleryoverview ngg-ajax-pagination-none\"\n\tid=\"ngg-gallery-e394ee2458be49b12a2708433641f5da-1\">\n\n    \t\t<!-- Thumbnails -->\n\t\t\t\t<div id=\"ngg-image-0\" class=\"ngg-gallery-thumbnail-box\" >\n\t\t\t\t        <div class=\"ngg-gallery-thumbnail\">\n            <a href=\"https:\/\/www.polizeichor-dresden.de\/wp-content\/gallery\/2012_sommerfest\/2012_sommerfest_01.jpg\"\n               title=\"\"\n               data-src=\"https:\/\/www.polizeichor-dresden.de\/wp-content\/gallery\/2012_sommerfest\/2012_sommerfest_01.jpg\"\n               data-thumbnail=\"https:\/\/www.polizeichor-dresden.de\/wp-content\/gallery\/2012_sommerfest\/thumbs\/thumbs_2012_sommerfest_01.jpg\"\n               data-image-id=\"30\"\n               data-title=\"2012_sommerfest_01\"\n               data-description=\"\"\n               data-image-slug=\"2012_sommerfest_01\"\n               class='nggobasic-fancybox' rel='e394ee2458be49b12a2708433641f5da'>\n                <img\n                    title=\"2012_sommerfest_01\"\n                    alt=\"2012_sommerfest_01\"\n                    src=\"https:\/\/www.polizeichor-dresden.de\/wp-content\/gallery\/2012_sommerfest\/thumbs\/thumbs_2012_sommerfest_01.jpg\"\n                    width=\"150\"\n                    height=\"150\"\n                    style=\"max-width:100%;\"\n                \/>\n            <\/a>\n        <\/div>\n\t\t\t\t\t\t\t<\/div> \n\t\t\t\n        \n\t\t\t\t<div id=\"ngg-image-1\" class=\"ngg-gallery-thumbnail-box\" >\n\t\t\t\t        <div class=\"ngg-gallery-thumbnail\">\n            <a href=\"https:\/\/www.polizeichor-dresden.de\/wp-content\/gallery\/2012_sommerfest\/2012_sommerfest_02.jpg\"\n               title=\"\"\n               data-src=\"https:\/\/www.polizeichor-dresden.de\/wp-content\/gallery\/2012_sommerfest\/2012_sommerfest_02.jpg\"\n               data-thumbnail=\"https:\/\/www.polizeichor-dresden.de\/wp-content\/gallery\/2012_sommerfest\/thumbs\/thumbs_2012_sommerfest_02.jpg\"\n               data-image-id=\"31\"\n               data-title=\"2012_sommerfest_02\"\n               data-description=\"\"\n               data-image-slug=\"2012_sommerfest_02\"\n               class='nggobasic-fancybox' rel='e394ee2458be49b12a2708433641f5da'>\n                <img\n                    title=\"2012_sommerfest_02\"\n                    alt=\"2012_sommerfest_02\"\n                    src=\"https:\/\/www.polizeichor-dresden.de\/wp-content\/gallery\/2012_sommerfest\/thumbs\/thumbs_2012_sommerfest_02.jpg\"\n                    width=\"150\"\n                    height=\"150\"\n                    style=\"max-width:100%;\"\n                \/>\n            <\/a>\n        <\/div>\n\t\t\t\t\t\t\t<\/div> \n\t\t\t\n        \n\t\t\t\t<div id=\"ngg-image-2\" class=\"ngg-gallery-thumbnail-box\" >\n\t\t\t\t        <div class=\"ngg-gallery-thumbnail\">\n            <a href=\"https:\/\/www.polizeichor-dresden.de\/wp-content\/gallery\/2012_sommerfest\/2012_sommerfest_03.jpg\"\n               title=\"\"\n               data-src=\"https:\/\/www.polizeichor-dresden.de\/wp-content\/gallery\/2012_sommerfest\/2012_sommerfest_03.jpg\"\n               data-thumbnail=\"https:\/\/www.polizeichor-dresden.de\/wp-content\/gallery\/2012_sommerfest\/thumbs\/thumbs_2012_sommerfest_03.jpg\"\n               data-image-id=\"32\"\n               data-title=\"2012_sommerfest_03\"\n               data-description=\"\"\n               data-image-slug=\"2012_sommerfest_03\"\n               class='nggobasic-fancybox' rel='e394ee2458be49b12a2708433641f5da'>\n                <img\n                    title=\"2012_sommerfest_03\"\n                    alt=\"2012_sommerfest_03\"\n                    src=\"https:\/\/www.polizeichor-dresden.de\/wp-content\/gallery\/2012_sommerfest\/thumbs\/thumbs_2012_sommerfest_03.jpg\"\n                    width=\"150\"\n                    height=\"150\"\n                    style=\"max-width:100%;\"\n                \/>\n            <\/a>\n        <\/div>\n\t\t\t\t\t\t\t<\/div> \n\t\t\t\n        \n\t\t\t\t<div id=\"ngg-image-3\" class=\"ngg-gallery-thumbnail-box\" >\n\t\t\t\t        <div class=\"ngg-gallery-thumbnail\">\n            <a href=\"https:\/\/www.polizeichor-dresden.de\/wp-content\/gallery\/2012_sommerfest\/2012_sommerfest_04.jpg\"\n               title=\"\"\n               data-src=\"https:\/\/www.polizeichor-dresden.de\/wp-content\/gallery\/2012_sommerfest\/2012_sommerfest_04.jpg\"\n               data-thumbnail=\"https:\/\/www.polizeichor-dresden.de\/wp-content\/gallery\/2012_sommerfest\/thumbs\/thumbs_2012_sommerfest_04.jpg\"\n               data-image-id=\"33\"\n               data-title=\"2012_sommerfest_04\"\n               data-description=\"\"\n               data-image-slug=\"2012_sommerfest_04\"\n               class='nggobasic-fancybox' rel='e394ee2458be49b12a2708433641f5da'>\n                <img\n                    title=\"2012_sommerfest_04\"\n                    alt=\"2012_sommerfest_04\"\n                    src=\"https:\/\/www.polizeichor-dresden.de\/wp-content\/gallery\/2012_sommerfest\/thumbs\/thumbs_2012_sommerfest_04.jpg\"\n                    width=\"150\"\n                    height=\"150\"\n                    style=\"max-width:100%;\"\n                \/>\n            <\/a>\n        <\/div>\n\t\t\t\t\t\t\t<\/div> \n\t\t\t\n        \n\t\t\t\t<div id=\"ngg-image-4\" class=\"ngg-gallery-thumbnail-box\" >\n\t\t\t\t        <div class=\"ngg-gallery-thumbnail\">\n            <a href=\"https:\/\/www.polizeichor-dresden.de\/wp-content\/gallery\/2012_sommerfest\/2012_sommerfest_05.jpg\"\n               title=\"\"\n               data-src=\"https:\/\/www.polizeichor-dresden.de\/wp-content\/gallery\/2012_sommerfest\/2012_sommerfest_05.jpg\"\n               data-thumbnail=\"https:\/\/www.polizeichor-dresden.de\/wp-content\/gallery\/2012_sommerfest\/thumbs\/thumbs_2012_sommerfest_05.jpg\"\n               data-image-id=\"34\"\n               data-title=\"2012_sommerfest_05\"\n               data-description=\"\"\n               data-image-slug=\"2012_sommerfest_05\"\n               class='nggobasic-fancybox' rel='e394ee2458be49b12a2708433641f5da'>\n                <img\n                    title=\"2012_sommerfest_05\"\n                    alt=\"2012_sommerfest_05\"\n                    src=\"https:\/\/www.polizeichor-dresden.de\/wp-content\/gallery\/2012_sommerfest\/thumbs\/thumbs_2012_sommerfest_05.jpg\"\n                    width=\"150\"\n                    height=\"150\"\n                    style=\"max-width:100%;\"\n                \/>\n            <\/a>\n        <\/div>\n\t\t\t\t\t\t\t<\/div> \n\t\t\t\n        \n\t\t\t\t<div id=\"ngg-image-5\" class=\"ngg-gallery-thumbnail-box\" >\n\t\t\t\t        <div class=\"ngg-gallery-thumbnail\">\n            <a href=\"https:\/\/www.polizeichor-dresden.de\/wp-content\/gallery\/2012_sommerfest\/2012_sommerfest_06.jpg\"\n               title=\"\"\n               data-src=\"https:\/\/www.polizeichor-dresden.de\/wp-content\/gallery\/2012_sommerfest\/2012_sommerfest_06.jpg\"\n               data-thumbnail=\"https:\/\/www.polizeichor-dresden.de\/wp-content\/gallery\/2012_sommerfest\/thumbs\/thumbs_2012_sommerfest_06.jpg\"\n               data-image-id=\"35\"\n               data-title=\"2012_sommerfest_06\"\n               data-description=\"\"\n               data-image-slug=\"2012_sommerfest_06\"\n               class='nggobasic-fancybox' rel='e394ee2458be49b12a2708433641f5da'>\n                <img\n                    title=\"2012_sommerfest_06\"\n                    alt=\"2012_sommerfest_06\"\n                    src=\"https:\/\/www.polizeichor-dresden.de\/wp-content\/gallery\/2012_sommerfest\/thumbs\/thumbs_2012_sommerfest_06.jpg\"\n                    width=\"150\"\n                    height=\"150\"\n                    style=\"max-width:100%;\"\n                \/>\n            <\/a>\n        <\/div>\n\t\t\t\t\t\t\t<\/div> \n\t\t\t\n        \n\t\t\t\t<div id=\"ngg-image-6\" class=\"ngg-gallery-thumbnail-box\" >\n\t\t\t\t        <div class=\"ngg-gallery-thumbnail\">\n            <a href=\"https:\/\/www.polizeichor-dresden.de\/wp-content\/gallery\/2012_sommerfest\/2012_sommerfest_07.jpg\"\n               title=\"\"\n               data-src=\"https:\/\/www.polizeichor-dresden.de\/wp-content\/gallery\/2012_sommerfest\/2012_sommerfest_07.jpg\"\n               data-thumbnail=\"https:\/\/www.polizeichor-dresden.de\/wp-content\/gallery\/2012_sommerfest\/thumbs\/thumbs_2012_sommerfest_07.jpg\"\n               data-image-id=\"36\"\n               data-title=\"2012_sommerfest_07\"\n               data-description=\"\"\n               data-image-slug=\"2012_sommerfest_07\"\n               class='nggobasic-fancybox' rel='e394ee2458be49b12a2708433641f5da'>\n                <img\n                    title=\"2012_sommerfest_07\"\n                    alt=\"2012_sommerfest_07\"\n                    src=\"https:\/\/www.polizeichor-dresden.de\/wp-content\/gallery\/2012_sommerfest\/thumbs\/thumbs_2012_sommerfest_07.jpg\"\n                    width=\"150\"\n                    height=\"150\"\n                    style=\"max-width:100%;\"\n                \/>\n            <\/a>\n        <\/div>\n\t\t\t\t\t\t\t<\/div> \n\t\t\t\n        \n\t\t\t\t<div id=\"ngg-image-7\" class=\"ngg-gallery-thumbnail-box\" >\n\t\t\t\t        <div class=\"ngg-gallery-thumbnail\">\n            <a href=\"https:\/\/www.polizeichor-dresden.de\/wp-content\/gallery\/2012_sommerfest\/2012_sommerfest_08.jpg\"\n               title=\"\"\n               data-src=\"https:\/\/www.polizeichor-dresden.de\/wp-content\/gallery\/2012_sommerfest\/2012_sommerfest_08.jpg\"\n               data-thumbnail=\"https:\/\/www.polizeichor-dresden.de\/wp-content\/gallery\/2012_sommerfest\/thumbs\/thumbs_2012_sommerfest_08.jpg\"\n               data-image-id=\"37\"\n               data-title=\"2012_sommerfest_08\"\n               data-description=\"\"\n               data-image-slug=\"2012_sommerfest_08\"\n               class='nggobasic-fancybox' rel='e394ee2458be49b12a2708433641f5da'>\n                <img\n                    title=\"2012_sommerfest_08\"\n                    alt=\"2012_sommerfest_08\"\n                    src=\"https:\/\/www.polizeichor-dresden.de\/wp-content\/gallery\/2012_sommerfest\/thumbs\/thumbs_2012_sommerfest_08.jpg\"\n                    width=\"150\"\n                    height=\"150\"\n                    style=\"max-width:100%;\"\n                \/>\n            <\/a>\n        <\/div>\n\t\t\t\t\t\t\t<\/div> \n\t\t\t\n        \n\t\t\t\t<div id=\"ngg-image-8\" class=\"ngg-gallery-thumbnail-box\" >\n\t\t\t\t        <div class=\"ngg-gallery-thumbnail\">\n            <a href=\"https:\/\/www.polizeichor-dresden.de\/wp-content\/gallery\/2012_sommerfest\/2012_sommerfest_09.jpg\"\n               title=\"\"\n               data-src=\"https:\/\/www.polizeichor-dresden.de\/wp-content\/gallery\/2012_sommerfest\/2012_sommerfest_09.jpg\"\n               data-thumbnail=\"https:\/\/www.polizeichor-dresden.de\/wp-content\/gallery\/2012_sommerfest\/thumbs\/thumbs_2012_sommerfest_09.jpg\"\n               data-image-id=\"38\"\n               data-title=\"2012_sommerfest_09\"\n               data-description=\"\"\n               data-image-slug=\"2012_sommerfest_09\"\n               class='nggobasic-fancybox' rel='e394ee2458be49b12a2708433641f5da'>\n                <img\n                    title=\"2012_sommerfest_09\"\n                    alt=\"2012_sommerfest_09\"\n                    src=\"https:\/\/www.polizeichor-dresden.de\/wp-content\/gallery\/2012_sommerfest\/thumbs\/thumbs_2012_sommerfest_09.jpg\"\n                    width=\"150\"\n                    height=\"150\"\n                    style=\"max-width:100%;\"\n                \/>\n            <\/a>\n        <\/div>\n\t\t\t\t\t\t\t<\/div> \n\t\t\t\n        \n\t\t\t\t<div id=\"ngg-image-9\" class=\"ngg-gallery-thumbnail-box\" >\n\t\t\t\t        <div class=\"ngg-gallery-thumbnail\">\n            <a href=\"https:\/\/www.polizeichor-dresden.de\/wp-content\/gallery\/2012_sommerfest\/2012_sommerfest_10.jpg\"\n               title=\"\"\n               data-src=\"https:\/\/www.polizeichor-dresden.de\/wp-content\/gallery\/2012_sommerfest\/2012_sommerfest_10.jpg\"\n               data-thumbnail=\"https:\/\/www.polizeichor-dresden.de\/wp-content\/gallery\/2012_sommerfest\/thumbs\/thumbs_2012_sommerfest_10.jpg\"\n               data-image-id=\"39\"\n               data-title=\"2012_sommerfest_10\"\n               data-description=\"\"\n               data-image-slug=\"2012_sommerfest_10\"\n               class='nggobasic-fancybox' rel='e394ee2458be49b12a2708433641f5da'>\n                <img\n                    title=\"2012_sommerfest_10\"\n                    alt=\"2012_sommerfest_10\"\n                    src=\"https:\/\/www.polizeichor-dresden.de\/wp-content\/gallery\/2012_sommerfest\/thumbs\/thumbs_2012_sommerfest_10.jpg\"\n                    width=\"150\"\n                    height=\"150\"\n                    style=\"max-width:100%;\"\n                \/>\n            <\/a>\n        <\/div>\n\t\t\t\t\t\t\t<\/div> \n\t\t\t\n        \n\t\t\t\t<div id=\"ngg-image-10\" class=\"ngg-gallery-thumbnail-box\" >\n\t\t\t\t        <div class=\"ngg-gallery-thumbnail\">\n            <a href=\"https:\/\/www.polizeichor-dresden.de\/wp-content\/gallery\/2012_sommerfest\/2012_sommerfest_11.jpg\"\n               title=\"\"\n               data-src=\"https:\/\/www.polizeichor-dresden.de\/wp-content\/gallery\/2012_sommerfest\/2012_sommerfest_11.jpg\"\n               data-thumbnail=\"https:\/\/www.polizeichor-dresden.de\/wp-content\/gallery\/2012_sommerfest\/thumbs\/thumbs_2012_sommerfest_11.jpg\"\n               data-image-id=\"40\"\n               data-title=\"2012_sommerfest_11\"\n               data-description=\"\"\n               data-image-slug=\"2012_sommerfest_11\"\n               class='nggobasic-fancybox' rel='e394ee2458be49b12a2708433641f5da'>\n                <img\n                    title=\"2012_sommerfest_11\"\n                    alt=\"2012_sommerfest_11\"\n                    src=\"https:\/\/www.polizeichor-dresden.de\/wp-content\/gallery\/2012_sommerfest\/thumbs\/thumbs_2012_sommerfest_11.jpg\"\n                    width=\"150\"\n                    height=\"150\"\n                    style=\"max-width:100%;\"\n                \/>\n            <\/a>\n        <\/div>\n\t\t\t\t\t\t\t<\/div> \n\t\t\t\n        \n\t\t\t\t<div id=\"ngg-image-11\" class=\"ngg-gallery-thumbnail-box\" >\n\t\t\t\t        <div class=\"ngg-gallery-thumbnail\">\n            <a href=\"https:\/\/www.polizeichor-dresden.de\/wp-content\/gallery\/2012_sommerfest\/2012_sommerfest_12.jpg\"\n               title=\"\"\n               data-src=\"https:\/\/www.polizeichor-dresden.de\/wp-content\/gallery\/2012_sommerfest\/2012_sommerfest_12.jpg\"\n               data-thumbnail=\"https:\/\/www.polizeichor-dresden.de\/wp-content\/gallery\/2012_sommerfest\/thumbs\/thumbs_2012_sommerfest_12.jpg\"\n               data-image-id=\"41\"\n               data-title=\"2012_sommerfest_12\"\n               data-description=\"\"\n               data-image-slug=\"2012_sommerfest_12\"\n               class='nggobasic-fancybox' rel='e394ee2458be49b12a2708433641f5da'>\n                <img\n                    title=\"2012_sommerfest_12\"\n                    alt=\"2012_sommerfest_12\"\n                    src=\"https:\/\/www.polizeichor-dresden.de\/wp-content\/gallery\/2012_sommerfest\/thumbs\/thumbs_2012_sommerfest_12.jpg\"\n                    width=\"150\"\n                    height=\"150\"\n                    style=\"max-width:100%;\"\n                \/>\n            <\/a>\n        <\/div>\n\t\t\t\t\t\t\t<\/div> \n\t\t\t\n        \n\t\t\t\t<div id=\"ngg-image-12\" class=\"ngg-gallery-thumbnail-box\" >\n\t\t\t\t        <div class=\"ngg-gallery-thumbnail\">\n            <a href=\"https:\/\/www.polizeichor-dresden.de\/wp-content\/gallery\/2012_sommerfest\/2012_sommerfest_13.jpg\"\n               title=\"\"\n               data-src=\"https:\/\/www.polizeichor-dresden.de\/wp-content\/gallery\/2012_sommerfest\/2012_sommerfest_13.jpg\"\n               data-thumbnail=\"https:\/\/www.polizeichor-dresden.de\/wp-content\/gallery\/2012_sommerfest\/thumbs\/thumbs_2012_sommerfest_13.jpg\"\n               data-image-id=\"42\"\n               data-title=\"2012_sommerfest_13\"\n               data-description=\"\"\n               data-image-slug=\"2012_sommerfest_13\"\n               class='nggobasic-fancybox' rel='e394ee2458be49b12a2708433641f5da'>\n                <img\n                    title=\"2012_sommerfest_13\"\n                    alt=\"2012_sommerfest_13\"\n                    src=\"https:\/\/www.polizeichor-dresden.de\/wp-content\/gallery\/2012_sommerfest\/thumbs\/thumbs_2012_sommerfest_13.jpg\"\n                    width=\"150\"\n                    height=\"150\"\n                    style=\"max-width:100%;\"\n                \/>\n            <\/a>\n        <\/div>\n\t\t\t\t\t\t\t<\/div> \n\t\t\t\n        \n\t\t\t\t<div id=\"ngg-image-13\" class=\"ngg-gallery-thumbnail-box\" >\n\t\t\t\t        <div class=\"ngg-gallery-thumbnail\">\n            <a href=\"https:\/\/www.polizeichor-dresden.de\/wp-content\/gallery\/2012_sommerfest\/2012_sommerfest_14.jpg\"\n               title=\"\"\n               data-src=\"https:\/\/www.polizeichor-dresden.de\/wp-content\/gallery\/2012_sommerfest\/2012_sommerfest_14.jpg\"\n               data-thumbnail=\"https:\/\/www.polizeichor-dresden.de\/wp-content\/gallery\/2012_sommerfest\/thumbs\/thumbs_2012_sommerfest_14.jpg\"\n               data-image-id=\"43\"\n               data-title=\"2012_sommerfest_14\"\n               data-description=\"\"\n               data-image-slug=\"2012_sommerfest_14\"\n               class='nggobasic-fancybox' rel='e394ee2458be49b12a2708433641f5da'>\n                <img\n                    title=\"2012_sommerfest_14\"\n                    alt=\"2012_sommerfest_14\"\n                    src=\"https:\/\/www.polizeichor-dresden.de\/wp-content\/gallery\/2012_sommerfest\/thumbs\/thumbs_2012_sommerfest_14.jpg\"\n                    width=\"150\"\n                    height=\"150\"\n                    style=\"max-width:100%;\"\n                \/>\n            <\/a>\n        <\/div>\n\t\t\t\t\t\t\t<\/div> \n\t\t\t\n        \n\t\t\t\t<div id=\"ngg-image-14\" class=\"ngg-gallery-thumbnail-box\" >\n\t\t\t\t        <div class=\"ngg-gallery-thumbnail\">\n            <a href=\"https:\/\/www.polizeichor-dresden.de\/wp-content\/gallery\/2012_sommerfest\/2012_sommerfest_15.jpg\"\n               title=\"\"\n               data-src=\"https:\/\/www.polizeichor-dresden.de\/wp-content\/gallery\/2012_sommerfest\/2012_sommerfest_15.jpg\"\n               data-thumbnail=\"https:\/\/www.polizeichor-dresden.de\/wp-content\/gallery\/2012_sommerfest\/thumbs\/thumbs_2012_sommerfest_15.jpg\"\n               data-image-id=\"44\"\n               data-title=\"2012_sommerfest_15\"\n               data-description=\"\"\n               data-image-slug=\"2012_sommerfest_15\"\n               class='nggobasic-fancybox' rel='e394ee2458be49b12a2708433641f5da'>\n                <img\n                    title=\"2012_sommerfest_15\"\n                    alt=\"2012_sommerfest_15\"\n                    src=\"https:\/\/www.polizeichor-dresden.de\/wp-content\/gallery\/2012_sommerfest\/thumbs\/thumbs_2012_sommerfest_15.jpg\"\n                    width=\"150\"\n                    height=\"150\"\n                    style=\"max-width:100%;\"\n                \/>\n            <\/a>\n        <\/div>\n\t\t\t\t\t\t\t<\/div> \n\t\t\t\n        \n\t\t\t\t<div id=\"ngg-image-15\" class=\"ngg-gallery-thumbnail-box\" >\n\t\t\t\t        <div class=\"ngg-gallery-thumbnail\">\n            <a href=\"https:\/\/www.polizeichor-dresden.de\/wp-content\/gallery\/2012_sommerfest\/2012_sommerfest_16.jpg\"\n               title=\"\"\n               data-src=\"https:\/\/www.polizeichor-dresden.de\/wp-content\/gallery\/2012_sommerfest\/2012_sommerfest_16.jpg\"\n               data-thumbnail=\"https:\/\/www.polizeichor-dresden.de\/wp-content\/gallery\/2012_sommerfest\/thumbs\/thumbs_2012_sommerfest_16.jpg\"\n               data-image-id=\"45\"\n               data-title=\"2012_sommerfest_16\"\n               data-description=\"\"\n               data-image-slug=\"2012_sommerfest_16\"\n               class='nggobasic-fancybox' rel='e394ee2458be49b12a2708433641f5da'>\n                <img\n                    title=\"2012_sommerfest_16\"\n                    alt=\"2012_sommerfest_16\"\n                    src=\"https:\/\/www.polizeichor-dresden.de\/wp-content\/gallery\/2012_sommerfest\/thumbs\/thumbs_2012_sommerfest_16.jpg\"\n                    width=\"150\"\n                    height=\"150\"\n                    style=\"max-width:100%;\"\n                \/>\n            <\/a>\n        <\/div>\n\t\t\t\t\t\t\t<\/div> \n\t\t\t\n        \n\t\t\t\t<div id=\"ngg-image-16\" class=\"ngg-gallery-thumbnail-box\" >\n\t\t\t\t        <div class=\"ngg-gallery-thumbnail\">\n            <a href=\"https:\/\/www.polizeichor-dresden.de\/wp-content\/gallery\/2012_sommerfest\/2012_sommerfest_17.jpg\"\n               title=\"\"\n               data-src=\"https:\/\/www.polizeichor-dresden.de\/wp-content\/gallery\/2012_sommerfest\/2012_sommerfest_17.jpg\"\n               data-thumbnail=\"https:\/\/www.polizeichor-dresden.de\/wp-content\/gallery\/2012_sommerfest\/thumbs\/thumbs_2012_sommerfest_17.jpg\"\n               data-image-id=\"46\"\n               data-title=\"2012_sommerfest_17\"\n               data-description=\"\"\n               data-image-slug=\"2012_sommerfest_17\"\n               class='nggobasic-fancybox' rel='e394ee2458be49b12a2708433641f5da'>\n                <img\n                    title=\"2012_sommerfest_17\"\n                    alt=\"2012_sommerfest_17\"\n                    src=\"https:\/\/www.polizeichor-dresden.de\/wp-content\/gallery\/2012_sommerfest\/thumbs\/thumbs_2012_sommerfest_17.jpg\"\n                    width=\"150\"\n                    height=\"150\"\n                    style=\"max-width:100%;\"\n                \/>\n            <\/a>\n        <\/div>\n\t\t\t\t\t\t\t<\/div> \n\t\t\t\n        \n\t\t\n\t\t<!-- Pagination -->\n\t<div class='ngg-clear'><\/div>\t<\/div>\n\n","protected":false},"excerpt":{"rendered":"<p>Wieder einmal war es soweit: das Sommerfest des Polizeichores Dresden stand an, welches traditionsgem\u00e4\u00df unsere S\u00e4ngerinnen, S\u00e4nger, Freunde und F\u00f6rderer unseres Vereins mit ihren Familien zu einem geselligen Beisammensein zusammenf\u00fchrt. In diesem Jahr war das Fest organisationsbedingt etwas zeitiger, was aber der Beteiligung keinen Abbruch tat. Wieder einmal durften wir das Gel\u00e4nde des Vereines Kanusport [&hellip;]<\/p>\n","protected":false},"author":1,"featured_media":0,"comment_status":"open","ping_status":"open","sticky":false,"template":"","format":"standard","meta":{"ngg_post_thumbnail":0,"jetpack_post_was_ever_published":false,"jetpack_publicize_message":"","jetpack_is_tweetstorm":false,"jetpack_publicize_feature_enabled":true,"jetpack_social_post_already_shared":true,"jetpack_social_options":{"image_generator_settings":{"template":"highway","enabled":false}}},"categories":[16],"tags":[18,17,19],"jetpack_publicize_connections":[],"aioseo_notices":[],"jetpack_featured_media_url":"","jetpack_shortlink":"https:\/\/wp.me\/p32b0X-2N","jetpack_sharing_enabled":true,"_links":{"self":[{"href":"https:\/\/www.polizeichor-dresden.de\/index.php?rest_route=\/wp\/v2\/posts\/173"}],"collection":[{"href":"https:\/\/www.polizeichor-dresden.de\/index.php?rest_route=\/wp\/v2\/posts"}],"about":[{"href":"https:\/\/www.polizeichor-dresden.de\/index.php?rest_route=\/wp\/v2\/types\/post"}],"author":[{"embeddable":true,"href":"https:\/\/www.polizeichor-dresden.de\/index.php?rest_route=\/wp\/v2\/users\/1"}],"replies":[{"embeddable":true,"href":"https:\/\/www.polizeichor-dresden.de\/index.php?rest_route=%2Fwp%2Fv2%2Fcomments&post=173"}],"version-history":[{"count":4,"href":"https:\/\/www.polizeichor-dresden.de\/index.php?rest_route=\/wp\/v2\/posts\/173\/revisions"}],"predecessor-version":[{"id":176,"href":"https:\/\/www.polizeichor-dresden.de\/index.php?rest_route=\/wp\/v2\/posts\/173\/revisions\/176"}],"wp:attachment":[{"href":"https:\/\/www.polizeichor-dresden.de\/index.php?rest_route=%2Fwp%2Fv2%2Fmedia&parent=173"}],"wp:term":[{"taxonomy":"category","embeddable":true,"href":"https:\/\/www.polizeichor-dresden.de\/index.php?rest_route=%2Fwp%2Fv2%2Fcategories&post=173"},{"taxonomy":"post_tag","embeddable":true,"href":"https:\/\/www.polizeichor-dresden.de\/index.php?rest_route=%2Fwp%2Fv2%2Ftags&post=173"}],"curies":[{"name":"wp","href":"https:\/\/api.w.org\/{rel}","templated":true}]}}