{"id":164,"date":"2012-10-16T23:28:13","date_gmt":"2012-10-16T21:28:13","guid":{"rendered":"http:\/\/www.polizeichor-dresden.de\/?p=164"},"modified":"2013-01-06T23:31:47","modified_gmt":"2013-01-06T21:31:47","slug":"federweiserfest-auf-schloss-wackerbarth","status":"publish","type":"post","link":"https:\/\/www.polizeichor-dresden.de\/?p=164","title":{"rendered":"Federwei\u00dferfest auf Schloss Wackerbarth"},"content":{"rendered":"<p>            \n\t\t<div class=\"ngg-gallery-singlepic-image ngg-left\" style=\"max-width: 320px\">\n\t\t\t    \t<a href=\"https:\/\/www.polizeichor-dresden.de\/wp-content\/gallery\/2012_wackerbarth\/2012_wackerbarth_02.jpg\"\n\t\t     title=\"\"\n             data-src=\"https:\/\/www.polizeichor-dresden.de\/wp-content\/gallery\/2012_wackerbarth\/2012_wackerbarth_02.jpg\"\n             data-thumbnail=\"https:\/\/www.polizeichor-dresden.de\/wp-content\/gallery\/2012_wackerbarth\/thumbs\/thumbs_2012_wackerbarth_02.jpg\"\n             data-image-id=\"14\"\n             data-title=\"2012_wackerbarth_02\"\n             data-description=\"\"\n             target='_self'\n             class='nggobasic-fancybox' rel='ec497e74d3da522c6f17c176e6fba669'>\n            <img class=\"ngg-singlepic\"\n             src=\"https:\/\/www.polizeichor-dresden.de\/index.php\/nextgen-image\/14\/320x240x100\/d3a3de266b60f18138c8f4a421c53555\"\n             alt=\"2012_wackerbarth_02\"\n             title=\"2012_wackerbarth_02\"\n              width=\"320\"               \/>\n    \t<\/a>\n\t\t      <\/div>\n        Weinanbau bei und in Dresden? Durchaus, von 1161 stammt der \u00e4lteste Nachweis dar\u00fcber. Von Pillnitz bis Mei\u00dfen, 45 km reicht die S\u00e4chsische Weinstra\u00dfe durch das wohl kleinste und n\u00f6rdlichste Weinanbaugebiet Deutschlands. Auf 475 ha Fl\u00e4che werden 55 Rebsorten von 2500 Winzern angebaut, von denen \u00fcber 90% im Nebenerwerb t\u00e4tig sind.<\/p>\n<p>Das Schloss Wackerbart ist der Sitz des S\u00e4chsischen Staatsweingutes und f\u00fchrte das Fest in diesem Jahr bereits zum 8. Mal durch. Der Polizeichor Dresden nahm zum ersten Male daran teil, denn er ist erst seit einem Jahr Mitglied im S\u00e4chsischen Chorverband, der dieses Fest gesanglich begleitet. Es ist schon ein sch\u00f6nes Gef\u00fchl, mit 250\u00a0 S\u00e4ngerinnen und S\u00e4ngern anderer Ch\u00f6ren gemeinsam auf der B\u00fchne zu stehen und ein Fest zu er\u00f6ffnen, das bei herrlichem Wetter von rund 1500 Zuh\u00f6rern und Zuschauern verfolgt wird. Wenn auch der Federwei\u00dfe sowie Zwiebelkuchen oder die Bratwurst dabei genossen wurden, die vereinten Ch\u00f6re bekamen viel Aufmerksamkeit und entsprechenden Beifall.<!--more--><\/p>\n<p>Nach dem gemeinsamen Entree konnten wir uns als Neulinge in den n\u00e4chsten 45 Minuten vorstellen und taten das passend mit \u201eWochenend\u00b4 und Sonnenschein\u201c sowie f\u00fcnf heiteren Varianten \u00fcber ein M\u00e4nnlein, das im Walde steht.\u00a0 Die damit schon erreichte Aufmerksamkeit der Besucher lie\u00df bei der Vorstellung der M\u00e4nnergruppe mit ihren UFA-Melodien und \u201eWir sind die alten S\u00e4cke\u201c in keiner Weise nach. Der Vortrag wurde wieder mit der vom gesamten Chor vorgetragenen \u201ePowerfrau\u201c herrlich abgerundet.<\/p>\n<p>Neben dem Beifall der Zuh\u00f6rer fanden wir eine zus\u00e4tzliche Anerkennung durch die Ansagerin, die uns nach Abschluss unserer Vorstellung einlud, auch im n\u00e4chsten Jahr wieder dabei zu sein.<\/p>\n<p>Nachdem sich auch die anderen 5 Ch\u00f6re einzeln vorgestellt hatten, wurden noch einige Volks- und Weinlieder gemeinsam gesungen, ehe die zweite H\u00e4lfte der eingeladenen Ch\u00f6re mit ihren Darbietungen begann. 6 Stunden lang wurde so das Publikum unterhalten. Es ist zu hoffen, dass der Ertrag der s\u00e4chsischen Winzer und der Geschmack ihrer Weine genau so viel Freude bereitet wie das Federwei\u00dferfest.<\/p>\n<p>Jochen Strobel<\/p>\n<!-- index.php -->\n<div\n\tclass=\"ngg-galleryoverview ngg-ajax-pagination-none\"\n\tid=\"ngg-gallery-e52902d6041b7319201d2709391b231f-1\">\n\n    \t\t<!-- Thumbnails -->\n\t\t\t\t<div id=\"ngg-image-0\" class=\"ngg-gallery-thumbnail-box\" >\n\t\t\t\t        <div class=\"ngg-gallery-thumbnail\">\n            <a href=\"https:\/\/www.polizeichor-dresden.de\/wp-content\/gallery\/2012_wackerbarth\/2012_wackerbarth_01.jpg\"\n               title=\"\"\n               data-src=\"https:\/\/www.polizeichor-dresden.de\/wp-content\/gallery\/2012_wackerbarth\/2012_wackerbarth_01.jpg\"\n               data-thumbnail=\"https:\/\/www.polizeichor-dresden.de\/wp-content\/gallery\/2012_wackerbarth\/thumbs\/thumbs_2012_wackerbarth_01.jpg\"\n               data-image-id=\"13\"\n               data-title=\"2012_wackerbarth_01\"\n               data-description=\"\"\n               data-image-slug=\"2012_wackerbarth_01\"\n               class='nggobasic-fancybox' rel='e52902d6041b7319201d2709391b231f'>\n                <img\n                    title=\"2012_wackerbarth_01\"\n                    alt=\"2012_wackerbarth_01\"\n                    src=\"https:\/\/www.polizeichor-dresden.de\/wp-content\/gallery\/2012_wackerbarth\/thumbs\/thumbs_2012_wackerbarth_01.jpg\"\n                    width=\"150\"\n                    height=\"150\"\n                    style=\"max-width:100%;\"\n                \/>\n            <\/a>\n        <\/div>\n\t\t\t\t\t\t\t<\/div> \n\t\t\t\n        \n\t\t\t\t<div id=\"ngg-image-1\" class=\"ngg-gallery-thumbnail-box\" >\n\t\t\t\t        <div class=\"ngg-gallery-thumbnail\">\n            <a href=\"https:\/\/www.polizeichor-dresden.de\/wp-content\/gallery\/2012_wackerbarth\/2012_wackerbarth_02.jpg\"\n               title=\"\"\n               data-src=\"https:\/\/www.polizeichor-dresden.de\/wp-content\/gallery\/2012_wackerbarth\/2012_wackerbarth_02.jpg\"\n               data-thumbnail=\"https:\/\/www.polizeichor-dresden.de\/wp-content\/gallery\/2012_wackerbarth\/thumbs\/thumbs_2012_wackerbarth_02.jpg\"\n               data-image-id=\"14\"\n               data-title=\"2012_wackerbarth_02\"\n               data-description=\"\"\n               data-image-slug=\"2012_wackerbarth_02\"\n               class='nggobasic-fancybox' rel='e52902d6041b7319201d2709391b231f'>\n                <img\n                    title=\"2012_wackerbarth_02\"\n                    alt=\"2012_wackerbarth_02\"\n                    src=\"https:\/\/www.polizeichor-dresden.de\/wp-content\/gallery\/2012_wackerbarth\/thumbs\/thumbs_2012_wackerbarth_02.jpg\"\n                    width=\"150\"\n                    height=\"150\"\n                    style=\"max-width:100%;\"\n                \/>\n            <\/a>\n        <\/div>\n\t\t\t\t\t\t\t<\/div> \n\t\t\t\n        \n\t\t\t\t<div id=\"ngg-image-2\" class=\"ngg-gallery-thumbnail-box\" >\n\t\t\t\t        <div class=\"ngg-gallery-thumbnail\">\n            <a href=\"https:\/\/www.polizeichor-dresden.de\/wp-content\/gallery\/2012_wackerbarth\/2012_wackerbarth_03.jpg\"\n               title=\"\"\n               data-src=\"https:\/\/www.polizeichor-dresden.de\/wp-content\/gallery\/2012_wackerbarth\/2012_wackerbarth_03.jpg\"\n               data-thumbnail=\"https:\/\/www.polizeichor-dresden.de\/wp-content\/gallery\/2012_wackerbarth\/thumbs\/thumbs_2012_wackerbarth_03.jpg\"\n               data-image-id=\"15\"\n               data-title=\"2012_wackerbarth_03\"\n               data-description=\"\"\n               data-image-slug=\"2012_wackerbarth_03\"\n               class='nggobasic-fancybox' rel='e52902d6041b7319201d2709391b231f'>\n                <img\n                    title=\"2012_wackerbarth_03\"\n                    alt=\"2012_wackerbarth_03\"\n                    src=\"https:\/\/www.polizeichor-dresden.de\/wp-content\/gallery\/2012_wackerbarth\/thumbs\/thumbs_2012_wackerbarth_03.jpg\"\n                    width=\"150\"\n                    height=\"150\"\n                    style=\"max-width:100%;\"\n                \/>\n            <\/a>\n        <\/div>\n\t\t\t\t\t\t\t<\/div> \n\t\t\t\n        \n\t\t\t\t<div id=\"ngg-image-3\" class=\"ngg-gallery-thumbnail-box\" >\n\t\t\t\t        <div class=\"ngg-gallery-thumbnail\">\n            <a href=\"https:\/\/www.polizeichor-dresden.de\/wp-content\/gallery\/2012_wackerbarth\/2012_wackerbarth_04.jpg\"\n               title=\"\"\n               data-src=\"https:\/\/www.polizeichor-dresden.de\/wp-content\/gallery\/2012_wackerbarth\/2012_wackerbarth_04.jpg\"\n               data-thumbnail=\"https:\/\/www.polizeichor-dresden.de\/wp-content\/gallery\/2012_wackerbarth\/thumbs\/thumbs_2012_wackerbarth_04.jpg\"\n               data-image-id=\"16\"\n               data-title=\"2012_wackerbarth_04\"\n               data-description=\"\"\n               data-image-slug=\"2012_wackerbarth_04\"\n               class='nggobasic-fancybox' rel='e52902d6041b7319201d2709391b231f'>\n                <img\n                    title=\"2012_wackerbarth_04\"\n                    alt=\"2012_wackerbarth_04\"\n                    src=\"https:\/\/www.polizeichor-dresden.de\/wp-content\/gallery\/2012_wackerbarth\/thumbs\/thumbs_2012_wackerbarth_04.jpg\"\n                    width=\"150\"\n                    height=\"150\"\n                    style=\"max-width:100%;\"\n                \/>\n            <\/a>\n        <\/div>\n\t\t\t\t\t\t\t<\/div> \n\t\t\t\n        \n\t\t\t\t<div id=\"ngg-image-4\" class=\"ngg-gallery-thumbnail-box\" >\n\t\t\t\t        <div class=\"ngg-gallery-thumbnail\">\n            <a href=\"https:\/\/www.polizeichor-dresden.de\/wp-content\/gallery\/2012_wackerbarth\/2012_wackerbarth_05.jpg\"\n               title=\"\"\n               data-src=\"https:\/\/www.polizeichor-dresden.de\/wp-content\/gallery\/2012_wackerbarth\/2012_wackerbarth_05.jpg\"\n               data-thumbnail=\"https:\/\/www.polizeichor-dresden.de\/wp-content\/gallery\/2012_wackerbarth\/thumbs\/thumbs_2012_wackerbarth_05.jpg\"\n               data-image-id=\"17\"\n               data-title=\"2012_wackerbarth_05\"\n               data-description=\"\"\n               data-image-slug=\"2012_wackerbarth_05\"\n               class='nggobasic-fancybox' rel='e52902d6041b7319201d2709391b231f'>\n                <img\n                    title=\"2012_wackerbarth_05\"\n                    alt=\"2012_wackerbarth_05\"\n                    src=\"https:\/\/www.polizeichor-dresden.de\/wp-content\/gallery\/2012_wackerbarth\/thumbs\/thumbs_2012_wackerbarth_05.jpg\"\n                    width=\"150\"\n                    height=\"150\"\n                    style=\"max-width:100%;\"\n                \/>\n            <\/a>\n        <\/div>\n\t\t\t\t\t\t\t<\/div> \n\t\t\t\n        \n\t\t\t\t<div id=\"ngg-image-5\" class=\"ngg-gallery-thumbnail-box\" >\n\t\t\t\t        <div class=\"ngg-gallery-thumbnail\">\n            <a href=\"https:\/\/www.polizeichor-dresden.de\/wp-content\/gallery\/2012_wackerbarth\/2012_wackerbarth_06.jpg\"\n               title=\"\"\n               data-src=\"https:\/\/www.polizeichor-dresden.de\/wp-content\/gallery\/2012_wackerbarth\/2012_wackerbarth_06.jpg\"\n               data-thumbnail=\"https:\/\/www.polizeichor-dresden.de\/wp-content\/gallery\/2012_wackerbarth\/thumbs\/thumbs_2012_wackerbarth_06.jpg\"\n               data-image-id=\"18\"\n               data-title=\"2012_wackerbarth_06\"\n               data-description=\"\"\n               data-image-slug=\"2012_wackerbarth_06\"\n               class='nggobasic-fancybox' rel='e52902d6041b7319201d2709391b231f'>\n                <img\n                    title=\"2012_wackerbarth_06\"\n                    alt=\"2012_wackerbarth_06\"\n                    src=\"https:\/\/www.polizeichor-dresden.de\/wp-content\/gallery\/2012_wackerbarth\/thumbs\/thumbs_2012_wackerbarth_06.jpg\"\n                    width=\"150\"\n                    height=\"150\"\n                    style=\"max-width:100%;\"\n                \/>\n            <\/a>\n        <\/div>\n\t\t\t\t\t\t\t<\/div> \n\t\t\t\n        \n\t\t\t\t<div id=\"ngg-image-6\" class=\"ngg-gallery-thumbnail-box\" >\n\t\t\t\t        <div class=\"ngg-gallery-thumbnail\">\n            <a href=\"https:\/\/www.polizeichor-dresden.de\/wp-content\/gallery\/2012_wackerbarth\/2012_wackerbarth_07.jpg\"\n               title=\"\"\n               data-src=\"https:\/\/www.polizeichor-dresden.de\/wp-content\/gallery\/2012_wackerbarth\/2012_wackerbarth_07.jpg\"\n               data-thumbnail=\"https:\/\/www.polizeichor-dresden.de\/wp-content\/gallery\/2012_wackerbarth\/thumbs\/thumbs_2012_wackerbarth_07.jpg\"\n               data-image-id=\"19\"\n               data-title=\"2012_wackerbarth_07\"\n               data-description=\"\"\n               data-image-slug=\"2012_wackerbarth_07\"\n               class='nggobasic-fancybox' rel='e52902d6041b7319201d2709391b231f'>\n                <img\n                    title=\"2012_wackerbarth_07\"\n                    alt=\"2012_wackerbarth_07\"\n                    src=\"https:\/\/www.polizeichor-dresden.de\/wp-content\/gallery\/2012_wackerbarth\/thumbs\/thumbs_2012_wackerbarth_07.jpg\"\n                    width=\"150\"\n                    height=\"150\"\n                    style=\"max-width:100%;\"\n                \/>\n            <\/a>\n        <\/div>\n\t\t\t\t\t\t\t<\/div> \n\t\t\t\n        \n\t\t\t\t<div id=\"ngg-image-7\" class=\"ngg-gallery-thumbnail-box\" >\n\t\t\t\t        <div class=\"ngg-gallery-thumbnail\">\n            <a href=\"https:\/\/www.polizeichor-dresden.de\/wp-content\/gallery\/2012_wackerbarth\/2012_wackerbarth_08.jpg\"\n               title=\"\"\n               data-src=\"https:\/\/www.polizeichor-dresden.de\/wp-content\/gallery\/2012_wackerbarth\/2012_wackerbarth_08.jpg\"\n               data-thumbnail=\"https:\/\/www.polizeichor-dresden.de\/wp-content\/gallery\/2012_wackerbarth\/thumbs\/thumbs_2012_wackerbarth_08.jpg\"\n               data-image-id=\"20\"\n               data-title=\"2012_wackerbarth_08\"\n               data-description=\"\"\n               data-image-slug=\"2012_wackerbarth_08\"\n               class='nggobasic-fancybox' rel='e52902d6041b7319201d2709391b231f'>\n                <img\n                    title=\"2012_wackerbarth_08\"\n                    alt=\"2012_wackerbarth_08\"\n                    src=\"https:\/\/www.polizeichor-dresden.de\/wp-content\/gallery\/2012_wackerbarth\/thumbs\/thumbs_2012_wackerbarth_08.jpg\"\n                    width=\"150\"\n                    height=\"150\"\n                    style=\"max-width:100%;\"\n                \/>\n            <\/a>\n        <\/div>\n\t\t\t\t\t\t\t<\/div> \n\t\t\t\n        \n\t\t\t\t<div id=\"ngg-image-8\" class=\"ngg-gallery-thumbnail-box\" >\n\t\t\t\t        <div class=\"ngg-gallery-thumbnail\">\n            <a href=\"https:\/\/www.polizeichor-dresden.de\/wp-content\/gallery\/2012_wackerbarth\/2012_wackerbarth_09.jpg\"\n               title=\"\"\n               data-src=\"https:\/\/www.polizeichor-dresden.de\/wp-content\/gallery\/2012_wackerbarth\/2012_wackerbarth_09.jpg\"\n               data-thumbnail=\"https:\/\/www.polizeichor-dresden.de\/wp-content\/gallery\/2012_wackerbarth\/thumbs\/thumbs_2012_wackerbarth_09.jpg\"\n               data-image-id=\"21\"\n               data-title=\"2012_wackerbarth_09\"\n               data-description=\"\"\n               data-image-slug=\"2012_wackerbarth_09\"\n               class='nggobasic-fancybox' rel='e52902d6041b7319201d2709391b231f'>\n                <img\n                    title=\"2012_wackerbarth_09\"\n                    alt=\"2012_wackerbarth_09\"\n                    src=\"https:\/\/www.polizeichor-dresden.de\/wp-content\/gallery\/2012_wackerbarth\/thumbs\/thumbs_2012_wackerbarth_09.jpg\"\n                    width=\"150\"\n                    height=\"150\"\n                    style=\"max-width:100%;\"\n                \/>\n            <\/a>\n        <\/div>\n\t\t\t\t\t\t\t<\/div> \n\t\t\t\n        \n\t\t\n\t\t<!-- Pagination -->\n\t<div class='ngg-clear'><\/div>\t<\/div>\n\n","protected":false},"excerpt":{"rendered":"<p>Weinanbau bei und in Dresden? Durchaus, von 1161 stammt der \u00e4lteste Nachweis dar\u00fcber. Von Pillnitz bis Mei\u00dfen, 45 km reicht die S\u00e4chsische Weinstra\u00dfe durch das wohl kleinste und n\u00f6rdlichste Weinanbaugebiet Deutschlands. Auf 475 ha Fl\u00e4che werden 55 Rebsorten von 2500 Winzern angebaut, von denen \u00fcber 90% im Nebenerwerb t\u00e4tig sind. Das Schloss Wackerbart ist der [&hellip;]<\/p>\n","protected":false},"author":1,"featured_media":0,"comment_status":"open","ping_status":"open","sticky":false,"template":"","format":"standard","meta":{"ngg_post_thumbnail":0,"jetpack_post_was_ever_published":false,"jetpack_publicize_message":"","jetpack_is_tweetstorm":false,"jetpack_publicize_feature_enabled":true,"jetpack_social_post_already_shared":true,"jetpack_social_options":{"image_generator_settings":{"template":"highway","enabled":false}}},"categories":[3],"tags":[13,12],"jetpack_publicize_connections":[],"aioseo_notices":[],"jetpack_featured_media_url":"","jetpack_shortlink":"https:\/\/wp.me\/p32b0X-2E","jetpack_sharing_enabled":true,"_links":{"self":[{"href":"https:\/\/www.polizeichor-dresden.de\/index.php?rest_route=\/wp\/v2\/posts\/164"}],"collection":[{"href":"https:\/\/www.polizeichor-dresden.de\/index.php?rest_route=\/wp\/v2\/posts"}],"about":[{"href":"https:\/\/www.polizeichor-dresden.de\/index.php?rest_route=\/wp\/v2\/types\/post"}],"author":[{"embeddable":true,"href":"https:\/\/www.polizeichor-dresden.de\/index.php?rest_route=\/wp\/v2\/users\/1"}],"replies":[{"embeddable":true,"href":"https:\/\/www.polizeichor-dresden.de\/index.php?rest_route=%2Fwp%2Fv2%2Fcomments&post=164"}],"version-history":[{"count":3,"href":"https:\/\/www.polizeichor-dresden.de\/index.php?rest_route=\/wp\/v2\/posts\/164\/revisions"}],"predecessor-version":[{"id":167,"href":"https:\/\/www.polizeichor-dresden.de\/index.php?rest_route=\/wp\/v2\/posts\/164\/revisions\/167"}],"wp:attachment":[{"href":"https:\/\/www.polizeichor-dresden.de\/index.php?rest_route=%2Fwp%2Fv2%2Fmedia&parent=164"}],"wp:term":[{"taxonomy":"category","embeddable":true,"href":"https:\/\/www.polizeichor-dresden.de\/index.php?rest_route=%2Fwp%2Fv2%2Fcategories&post=164"},{"taxonomy":"post_tag","embeddable":true,"href":"https:\/\/www.polizeichor-dresden.de\/index.php?rest_route=%2Fwp%2Fv2%2Ftags&post=164"}],"curies":[{"name":"wp","href":"https:\/\/api.w.org\/{rel}","templated":true}]}}