{"id":1543,"date":"2017-12-22T01:27:47","date_gmt":"2017-12-21T23:27:47","guid":{"rendered":"http:\/\/www.polizeichor-dresden.de\/?p=1543"},"modified":"2017-12-22T01:27:47","modified_gmt":"2017-12-21T23:27:47","slug":"ae-saeggsches-dankescheen","status":"publish","type":"post","link":"https:\/\/www.polizeichor-dresden.de\/?p=1543","title":{"rendered":"\u00c4 s\u00e4ggsches Dankescheen&#8230;"},"content":{"rendered":"<p>Wir haben nach unserem Weihnachtskonzert von unser (uns f\u00f6rdernden!) Gerda Koci ein wundersch\u00f6nes Gedicht in s\u00e4chsischer Mundart bekommen. Das wollten wir euch nicht vorenthalten:<\/p>\n<p style=\"padding-left: 30px;\">\u201eDas Beste, was ihr je gemacht,\u201c<br \/>\nso hab ich jedes Jahr gedacht<br \/>\nich setz im Friehling un im Winter<br \/>\nmich in de Leute- (bissel hinter)<br \/>\nun wart geschbannt off denn Gesang<br \/>\nder schdets nor lang im Ohre klang<br \/>\nde Damenh\u00f6hen- M\u00e4nnertiefen<br \/>\nzusamm gesung Entziggen riefen<br \/>\nw\u00e4hrnd &nbsp;alle schlie\u00dflich nausw\u00e4rts schdr\u00e4m,<!--more--><br \/>\ndun in mir nor de D\u00f6ne l\u00e4hm<br \/>\nleicht schw\u00e4b ich heem mit voller Brust<br \/>\nvon \u00e4hm orl\u00e4bter Sangeslust<br \/>\ndorheeme ar, da w\u00e4rd mir bange,<br \/>\nzum n\u00e4chsten Ma is nor so lange!<br \/>\nDorbei kennt ichs dor oft gebrauchen,<br \/>\nwenn dor Alldaach mich dad schlauchen<br \/>\nbei so griebelschn Gedanken<br \/>\nfalln des Jahres Monatsschranken<br \/>\nendlich Winter un Advent<br \/>\nwo jeder hin zur Kirche rennt<br \/>\noh mich dreim nu de Frohgef\u00fchle<br \/>\nin das harte Holzgeschd\u00fchle<br \/>\ndann w\u00e4rd off enger Kirchenbank<br \/>\nde Zeit uns allen norma lang,<br \/>\nweil erscht e Redner sich quatscht hee\u00df<br \/>\nmit Weisheit, die schon jeder wee\u00df<br \/>\nar endlich kommt zum Weihnachtsfeste<br \/>\nnu das Aller- allerbeste<br \/>\nglei dauch ich ein in Sang un Klang<br \/>\nganz jeden Don ich gierich fang<br \/>\nschon wieder mei Gefiehl mich fobbt-<br \/>\ndenn wieder habtorsch noch gedobbt<br \/>\nnoch besser geht\u2019s ni- denk ich wieder<br \/>\nich danke euch- ihr Sangesbrieder!!!<\/p>\n<p style=\"padding-left: 30px;\">Gerda Koci<\/p>\n","protected":false},"excerpt":{"rendered":"<p>Wir haben nach unserem Weihnachtskonzert von unser (uns f\u00f6rdernden!) Gerda Koci ein wundersch\u00f6nes Gedicht in s\u00e4chsischer Mundart bekommen. Das wollten wir euch nicht vorenthalten: \u201eDas Beste, was ihr je gemacht,\u201c so hab ich jedes Jahr gedacht ich setz im Friehling un im Winter mich in de Leute- (bissel hinter) un wart geschbannt off denn Gesang [&hellip;]<\/p>\n","protected":false},"author":2,"featured_media":0,"comment_status":"open","ping_status":"open","sticky":false,"template":"","format":"standard","meta":{"ngg_post_thumbnail":0,"jetpack_post_was_ever_published":false,"jetpack_publicize_message":"","jetpack_is_tweetstorm":false,"jetpack_publicize_feature_enabled":true,"jetpack_social_post_already_shared":true,"jetpack_social_options":{"image_generator_settings":{"template":"highway","enabled":false}}},"categories":[1],"tags":[75,76,4],"jetpack_publicize_connections":[],"aioseo_notices":[],"jetpack_featured_media_url":"","jetpack_shortlink":"https:\/\/wp.me\/p32b0X-oT","jetpack_sharing_enabled":true,"_links":{"self":[{"href":"https:\/\/www.polizeichor-dresden.de\/index.php?rest_route=\/wp\/v2\/posts\/1543"}],"collection":[{"href":"https:\/\/www.polizeichor-dresden.de\/index.php?rest_route=\/wp\/v2\/posts"}],"about":[{"href":"https:\/\/www.polizeichor-dresden.de\/index.php?rest_route=\/wp\/v2\/types\/post"}],"author":[{"embeddable":true,"href":"https:\/\/www.polizeichor-dresden.de\/index.php?rest_route=\/wp\/v2\/users\/2"}],"replies":[{"embeddable":true,"href":"https:\/\/www.polizeichor-dresden.de\/index.php?rest_route=%2Fwp%2Fv2%2Fcomments&post=1543"}],"version-history":[{"count":4,"href":"https:\/\/www.polizeichor-dresden.de\/index.php?rest_route=\/wp\/v2\/posts\/1543\/revisions"}],"predecessor-version":[{"id":1547,"href":"https:\/\/www.polizeichor-dresden.de\/index.php?rest_route=\/wp\/v2\/posts\/1543\/revisions\/1547"}],"wp:attachment":[{"href":"https:\/\/www.polizeichor-dresden.de\/index.php?rest_route=%2Fwp%2Fv2%2Fmedia&parent=1543"}],"wp:term":[{"taxonomy":"category","embeddable":true,"href":"https:\/\/www.polizeichor-dresden.de\/index.php?rest_route=%2Fwp%2Fv2%2Fcategories&post=1543"},{"taxonomy":"post_tag","embeddable":true,"href":"https:\/\/www.polizeichor-dresden.de\/index.php?rest_route=%2Fwp%2Fv2%2Ftags&post=1543"}],"curies":[{"name":"wp","href":"https:\/\/api.w.org\/{rel}","templated":true}]}}