{"id":1033,"date":"2016-08-22T16:13:43","date_gmt":"2016-08-22T14:13:43","guid":{"rendered":"http:\/\/www.polizeichor-dresden.de\/?p=1033"},"modified":"2016-09-08T16:17:33","modified_gmt":"2016-09-08T14:17:33","slug":"sommerfest-2016","status":"publish","type":"post","link":"https:\/\/www.polizeichor-dresden.de\/?p=1033","title":{"rendered":"Sommerfest 2016"},"content":{"rendered":"<p><a href=\"https:\/\/i0.wp.com\/www.polizeichor-dresden.de\/wp-content\/uploads\/2016\/09\/PCDD_Sommerfest2016_11.jpg\" rel=\"lightbox[1033]\"><img data-attachment-id=\"1026\" data-permalink=\"https:\/\/www.polizeichor-dresden.de\/?attachment_id=1026\" data-orig-file=\"https:\/\/i0.wp.com\/www.polizeichor-dresden.de\/wp-content\/uploads\/2016\/09\/PCDD_Sommerfest2016_11.jpg?fit=800%2C600&amp;ssl=1\" data-orig-size=\"800,600\" data-comments-opened=\"1\" data-image-meta=\"{&quot;aperture&quot;:&quot;4.5&quot;,&quot;credit&quot;:&quot;&quot;,&quot;camera&quot;:&quot;Canon PowerShot S110&quot;,&quot;caption&quot;:&quot;&quot;,&quot;created_timestamp&quot;:&quot;1471632299&quot;,&quot;copyright&quot;:&quot;&quot;,&quot;focal_length&quot;:&quot;13.917&quot;,&quot;iso&quot;:&quot;400&quot;,&quot;shutter_speed&quot;:&quot;0.005&quot;,&quot;title&quot;:&quot;&quot;,&quot;orientation&quot;:&quot;0&quot;}\" data-image-title=\"pcdd_sommerfest2016_11\" data-image-description=\"\" data-image-caption=\"\" data-medium-file=\"https:\/\/i0.wp.com\/www.polizeichor-dresden.de\/wp-content\/uploads\/2016\/09\/PCDD_Sommerfest2016_11.jpg?fit=300%2C225&amp;ssl=1\" data-large-file=\"https:\/\/i0.wp.com\/www.polizeichor-dresden.de\/wp-content\/uploads\/2016\/09\/PCDD_Sommerfest2016_11.jpg?fit=800%2C600&amp;ssl=1\" decoding=\"async\" loading=\"lazy\" class=\"alignleft  wp-image-1026\" src=\"https:\/\/i0.wp.com\/www.polizeichor-dresden.de\/wp-content\/uploads\/2016\/09\/PCDD_Sommerfest2016_11-300x225.jpg?resize=253%2C190\" alt=\"pcdd_sommerfest2016_11\" width=\"253\" height=\"190\" srcset=\"https:\/\/i0.wp.com\/www.polizeichor-dresden.de\/wp-content\/uploads\/2016\/09\/PCDD_Sommerfest2016_11.jpg?resize=300%2C225&amp;ssl=1 300w, https:\/\/i0.wp.com\/www.polizeichor-dresden.de\/wp-content\/uploads\/2016\/09\/PCDD_Sommerfest2016_11.jpg?w=800&amp;ssl=1 800w\" sizes=\"(max-width: 253px) 100vw, 253px\" data-recalc-dims=\"1\" \/><\/a>Bei besten sommerlichen Wetterbedingungen trafen sich am Freitag, dem 19. August, ab 17.00 Uhr, ca. 80 Mitglieder sowie Angeh\u00f6rige zu unserem traditionellen Sommerfest auf dem Gel\u00e4nde der Sportanlage des DVB Wachwitz.<\/p>\n<p>Unter dem diesj\u00e4hrige Motto &#8222;Ein Hoch auf die Weiblichkeit: Es tragen heute alle Frauen Rock oder Kleid. Obendrein zeigt Mann und Frau viel Mut. Man tr\u00e4gt M\u00fctze oder Hut.&#8220; hatten sich auch Viele passend bekleidet.<\/p>\n<p>Die l\u00e4ngste Anreise zu unserem Fest hatten unsere \u00dcberraschungsg\u00e4ste Germana und R\u00fcdiger Gro\u00df, zwei f\u00f6rdernde Mitglieder aus Frankfurt am Main.<\/p>\n<p>Ein reichhaltiges Buffet mit vielen K\u00f6stlichkeiten (diesmal mit einem \u201e\u00dcberhang\u201c an Kuchen und anderen S\u00fc\u00dfspeisen) wurde durch alle Teilnehmer zusammengetragen.\u00a0<!--more--><\/p>\n<p>Daneben gab es wieder frisch gegrillte W\u00fcrste und Steaks.<\/p>\n<p>Unser f\u00f6rderndes Mitglied, Thomas Seifert, sorgte mit seiner Musikanlage wieder f\u00fcr angenehme Hintergrundmusik. Unter der Leitung unserer 2. Chorleiterin, Maja Seidel, gab es dann sp\u00e4ter auch von den anwesenden S\u00e4nger\/Innen einige Lieder zu h\u00f6ren. Und sogar unser Chorleiter, Torsten Petzold, schaute dieses Jahr auf unserem Fest vorbei.<\/p>\n<p>Gegen 20:00 Uhr gab es dann eine musikalische \u00dcberraschung \u2013 die Gruppe <b>Unfolkkommen<\/b>. Die beiden Dresdner Musiker begeisterten mit ihren s\u00e4chsischen Volksliedern und Folksmusik von sittsam bis unsittlich alle Anwesenden. Und als Zugabe gab es dann mit Allen das gemeinsame Lied \u201eAuf der Festung K\u00f6nigstein\u201c mit vielen neuen Strophen.<\/p>\n<p>Ein sch\u00f6ner geselliger Abend mit vielen Gespr\u00e4chen, leckeren Essen und kulturellen Einlagen neigte sich dann dem Ende entgegen. Ein gro\u00dfes Dankesch\u00f6n an den Vorstand und die vielen flei\u00dfigen Helfer. Stellvertretend seien hier unsere Griller Marion und Jochen genannt, die bei diesen sommerlichen Temperaturen einen schwei\u00dftreibenden Job mit Bravour erledigten. Wir freuen uns auf ein Sommerfest im n\u00e4chsten Jahr\u2026..<\/p>\n\n\t\t<style type=\"text\/css\">\n\t\t\t#gallery-1 {\n\t\t\t\tmargin: auto;\n\t\t\t}\n\t\t\t#gallery-1 .gallery-item {\n\t\t\t\tfloat: left;\n\t\t\t\tmargin-top: 10px;\n\t\t\t\ttext-align: center;\n\t\t\t\twidth: 33%;\n\t\t\t}\n\t\t\t#gallery-1 img {\n\t\t\t\tborder: 2px solid #cfcfcf;\n\t\t\t}\n\t\t\t#gallery-1 .gallery-caption {\n\t\t\t\tmargin-left: 0;\n\t\t\t}\n\t\t\t\/* see gallery_shortcode() in wp-includes\/media.php *\/\n\t\t<\/style>\n\t\t<div data-carousel-extra='{\"blog_id\":1,\"permalink\":\"https:\\\/\\\/www.polizeichor-dresden.de\\\/?p=1033\"}' id='gallery-1' class='gallery galleryid-1033 gallery-columns-3 gallery-size-thumbnail'><dl class='gallery-item'>\n\t\t\t<dt class='gallery-icon landscape'>\n\t\t\t\t<a href='https:\/\/www.polizeichor-dresden.de\/?attachment_id=1016'><img width=\"150\" height=\"150\" src=\"https:\/\/i0.wp.com\/www.polizeichor-dresden.de\/wp-content\/uploads\/2016\/09\/PCDD_Sommerfest2016_01.jpg?resize=150%2C150&amp;ssl=1\" class=\"attachment-thumbnail size-thumbnail\" alt=\"\" decoding=\"async\" loading=\"lazy\" srcset=\"https:\/\/i0.wp.com\/www.polizeichor-dresden.de\/wp-content\/uploads\/2016\/09\/PCDD_Sommerfest2016_01.jpg?resize=150%2C150&amp;ssl=1 150w, https:\/\/i0.wp.com\/www.polizeichor-dresden.de\/wp-content\/uploads\/2016\/09\/PCDD_Sommerfest2016_01.jpg?zoom=2&amp;resize=150%2C150&amp;ssl=1 300w, https:\/\/i0.wp.com\/www.polizeichor-dresden.de\/wp-content\/uploads\/2016\/09\/PCDD_Sommerfest2016_01.jpg?zoom=3&amp;resize=150%2C150&amp;ssl=1 450w\" sizes=\"(max-width: 150px) 100vw, 150px\" data-attachment-id=\"1016\" data-permalink=\"https:\/\/www.polizeichor-dresden.de\/?attachment_id=1016\" data-orig-file=\"https:\/\/i0.wp.com\/www.polizeichor-dresden.de\/wp-content\/uploads\/2016\/09\/PCDD_Sommerfest2016_01.jpg?fit=800%2C600&amp;ssl=1\" data-orig-size=\"800,600\" data-comments-opened=\"1\" data-image-meta=\"{&quot;aperture&quot;:&quot;4&quot;,&quot;credit&quot;:&quot;&quot;,&quot;camera&quot;:&quot;Canon PowerShot S110&quot;,&quot;caption&quot;:&quot;&quot;,&quot;created_timestamp&quot;:&quot;1471626782&quot;,&quot;copyright&quot;:&quot;&quot;,&quot;focal_length&quot;:&quot;5.2&quot;,&quot;iso&quot;:&quot;160&quot;,&quot;shutter_speed&quot;:&quot;0.005&quot;,&quot;title&quot;:&quot;&quot;,&quot;orientation&quot;:&quot;0&quot;}\" data-image-title=\"pcdd_sommerfest2016_01\" data-image-description=\"\" data-image-caption=\"\" data-medium-file=\"https:\/\/i0.wp.com\/www.polizeichor-dresden.de\/wp-content\/uploads\/2016\/09\/PCDD_Sommerfest2016_01.jpg?fit=300%2C225&amp;ssl=1\" data-large-file=\"https:\/\/i0.wp.com\/www.polizeichor-dresden.de\/wp-content\/uploads\/2016\/09\/PCDD_Sommerfest2016_01.jpg?fit=800%2C600&amp;ssl=1\" \/><\/a>\n\t\t\t<\/dt><\/dl><dl class='gallery-item'>\n\t\t\t<dt class='gallery-icon landscape'>\n\t\t\t\t<a href='https:\/\/www.polizeichor-dresden.de\/?attachment_id=1017'><img width=\"150\" height=\"150\" src=\"https:\/\/i0.wp.com\/www.polizeichor-dresden.de\/wp-content\/uploads\/2016\/09\/PCDD_Sommerfest2016_02.jpg?resize=150%2C150&amp;ssl=1\" class=\"attachment-thumbnail size-thumbnail\" alt=\"\" decoding=\"async\" loading=\"lazy\" srcset=\"https:\/\/i0.wp.com\/www.polizeichor-dresden.de\/wp-content\/uploads\/2016\/09\/PCDD_Sommerfest2016_02.jpg?resize=150%2C150&amp;ssl=1 150w, https:\/\/i0.wp.com\/www.polizeichor-dresden.de\/wp-content\/uploads\/2016\/09\/PCDD_Sommerfest2016_02.jpg?zoom=2&amp;resize=150%2C150&amp;ssl=1 300w, https:\/\/i0.wp.com\/www.polizeichor-dresden.de\/wp-content\/uploads\/2016\/09\/PCDD_Sommerfest2016_02.jpg?zoom=3&amp;resize=150%2C150&amp;ssl=1 450w\" sizes=\"(max-width: 150px) 100vw, 150px\" data-attachment-id=\"1017\" data-permalink=\"https:\/\/www.polizeichor-dresden.de\/?attachment_id=1017\" data-orig-file=\"https:\/\/i0.wp.com\/www.polizeichor-dresden.de\/wp-content\/uploads\/2016\/09\/PCDD_Sommerfest2016_02.jpg?fit=800%2C600&amp;ssl=1\" data-orig-size=\"800,600\" data-comments-opened=\"1\" data-image-meta=\"{&quot;aperture&quot;:&quot;4&quot;,&quot;credit&quot;:&quot;&quot;,&quot;camera&quot;:&quot;Canon PowerShot S110&quot;,&quot;caption&quot;:&quot;&quot;,&quot;created_timestamp&quot;:&quot;1471626873&quot;,&quot;copyright&quot;:&quot;&quot;,&quot;focal_length&quot;:&quot;5.2&quot;,&quot;iso&quot;:&quot;160&quot;,&quot;shutter_speed&quot;:&quot;0.00625&quot;,&quot;title&quot;:&quot;&quot;,&quot;orientation&quot;:&quot;0&quot;}\" data-image-title=\"pcdd_sommerfest2016_02\" data-image-description=\"\" data-image-caption=\"\" data-medium-file=\"https:\/\/i0.wp.com\/www.polizeichor-dresden.de\/wp-content\/uploads\/2016\/09\/PCDD_Sommerfest2016_02.jpg?fit=300%2C225&amp;ssl=1\" data-large-file=\"https:\/\/i0.wp.com\/www.polizeichor-dresden.de\/wp-content\/uploads\/2016\/09\/PCDD_Sommerfest2016_02.jpg?fit=800%2C600&amp;ssl=1\" \/><\/a>\n\t\t\t<\/dt><\/dl><dl class='gallery-item'>\n\t\t\t<dt class='gallery-icon landscape'>\n\t\t\t\t<a href='https:\/\/www.polizeichor-dresden.de\/?attachment_id=1018'><img width=\"150\" height=\"150\" src=\"https:\/\/i0.wp.com\/www.polizeichor-dresden.de\/wp-content\/uploads\/2016\/09\/PCDD_Sommerfest2016_03.jpg?resize=150%2C150&amp;ssl=1\" class=\"attachment-thumbnail size-thumbnail\" alt=\"\" decoding=\"async\" loading=\"lazy\" srcset=\"https:\/\/i0.wp.com\/www.polizeichor-dresden.de\/wp-content\/uploads\/2016\/09\/PCDD_Sommerfest2016_03.jpg?resize=150%2C150&amp;ssl=1 150w, https:\/\/i0.wp.com\/www.polizeichor-dresden.de\/wp-content\/uploads\/2016\/09\/PCDD_Sommerfest2016_03.jpg?zoom=2&amp;resize=150%2C150&amp;ssl=1 300w, https:\/\/i0.wp.com\/www.polizeichor-dresden.de\/wp-content\/uploads\/2016\/09\/PCDD_Sommerfest2016_03.jpg?zoom=3&amp;resize=150%2C150&amp;ssl=1 450w\" sizes=\"(max-width: 150px) 100vw, 150px\" data-attachment-id=\"1018\" data-permalink=\"https:\/\/www.polizeichor-dresden.de\/?attachment_id=1018\" data-orig-file=\"https:\/\/i0.wp.com\/www.polizeichor-dresden.de\/wp-content\/uploads\/2016\/09\/PCDD_Sommerfest2016_03.jpg?fit=800%2C600&amp;ssl=1\" data-orig-size=\"800,600\" data-comments-opened=\"1\" data-image-meta=\"{&quot;aperture&quot;:&quot;4&quot;,&quot;credit&quot;:&quot;&quot;,&quot;camera&quot;:&quot;Canon PowerShot S110&quot;,&quot;caption&quot;:&quot;&quot;,&quot;created_timestamp&quot;:&quot;1471626886&quot;,&quot;copyright&quot;:&quot;&quot;,&quot;focal_length&quot;:&quot;5.2&quot;,&quot;iso&quot;:&quot;160&quot;,&quot;shutter_speed&quot;:&quot;0.008&quot;,&quot;title&quot;:&quot;&quot;,&quot;orientation&quot;:&quot;0&quot;}\" data-image-title=\"pcdd_sommerfest2016_03\" data-image-description=\"\" data-image-caption=\"\" data-medium-file=\"https:\/\/i0.wp.com\/www.polizeichor-dresden.de\/wp-content\/uploads\/2016\/09\/PCDD_Sommerfest2016_03.jpg?fit=300%2C225&amp;ssl=1\" data-large-file=\"https:\/\/i0.wp.com\/www.polizeichor-dresden.de\/wp-content\/uploads\/2016\/09\/PCDD_Sommerfest2016_03.jpg?fit=800%2C600&amp;ssl=1\" \/><\/a>\n\t\t\t<\/dt><\/dl><br style=\"clear: both\" \/><dl class='gallery-item'>\n\t\t\t<dt class='gallery-icon landscape'>\n\t\t\t\t<a href='https:\/\/www.polizeichor-dresden.de\/?attachment_id=1019'><img width=\"150\" height=\"150\" src=\"https:\/\/i0.wp.com\/www.polizeichor-dresden.de\/wp-content\/uploads\/2016\/09\/PCDD_Sommerfest2016_04.jpg?resize=150%2C150&amp;ssl=1\" class=\"attachment-thumbnail size-thumbnail\" alt=\"\" decoding=\"async\" loading=\"lazy\" srcset=\"https:\/\/i0.wp.com\/www.polizeichor-dresden.de\/wp-content\/uploads\/2016\/09\/PCDD_Sommerfest2016_04.jpg?resize=150%2C150&amp;ssl=1 150w, https:\/\/i0.wp.com\/www.polizeichor-dresden.de\/wp-content\/uploads\/2016\/09\/PCDD_Sommerfest2016_04.jpg?zoom=2&amp;resize=150%2C150&amp;ssl=1 300w, https:\/\/i0.wp.com\/www.polizeichor-dresden.de\/wp-content\/uploads\/2016\/09\/PCDD_Sommerfest2016_04.jpg?zoom=3&amp;resize=150%2C150&amp;ssl=1 450w\" sizes=\"(max-width: 150px) 100vw, 150px\" data-attachment-id=\"1019\" data-permalink=\"https:\/\/www.polizeichor-dresden.de\/?attachment_id=1019\" data-orig-file=\"https:\/\/i0.wp.com\/www.polizeichor-dresden.de\/wp-content\/uploads\/2016\/09\/PCDD_Sommerfest2016_04.jpg?fit=800%2C600&amp;ssl=1\" data-orig-size=\"800,600\" data-comments-opened=\"1\" data-image-meta=\"{&quot;aperture&quot;:&quot;4&quot;,&quot;credit&quot;:&quot;&quot;,&quot;camera&quot;:&quot;Canon PowerShot S110&quot;,&quot;caption&quot;:&quot;&quot;,&quot;created_timestamp&quot;:&quot;1471626937&quot;,&quot;copyright&quot;:&quot;&quot;,&quot;focal_length&quot;:&quot;5.2&quot;,&quot;iso&quot;:&quot;160&quot;,&quot;shutter_speed&quot;:&quot;0.00625&quot;,&quot;title&quot;:&quot;&quot;,&quot;orientation&quot;:&quot;0&quot;}\" data-image-title=\"pcdd_sommerfest2016_04\" data-image-description=\"\" data-image-caption=\"\" data-medium-file=\"https:\/\/i0.wp.com\/www.polizeichor-dresden.de\/wp-content\/uploads\/2016\/09\/PCDD_Sommerfest2016_04.jpg?fit=300%2C225&amp;ssl=1\" data-large-file=\"https:\/\/i0.wp.com\/www.polizeichor-dresden.de\/wp-content\/uploads\/2016\/09\/PCDD_Sommerfest2016_04.jpg?fit=800%2C600&amp;ssl=1\" \/><\/a>\n\t\t\t<\/dt><\/dl><dl class='gallery-item'>\n\t\t\t<dt class='gallery-icon landscape'>\n\t\t\t\t<a href='https:\/\/www.polizeichor-dresden.de\/?attachment_id=1020'><img width=\"150\" height=\"150\" src=\"https:\/\/i0.wp.com\/www.polizeichor-dresden.de\/wp-content\/uploads\/2016\/09\/PCDD_Sommerfest2016_05.jpg?resize=150%2C150&amp;ssl=1\" class=\"attachment-thumbnail size-thumbnail\" alt=\"\" decoding=\"async\" loading=\"lazy\" srcset=\"https:\/\/i0.wp.com\/www.polizeichor-dresden.de\/wp-content\/uploads\/2016\/09\/PCDD_Sommerfest2016_05.jpg?resize=150%2C150&amp;ssl=1 150w, https:\/\/i0.wp.com\/www.polizeichor-dresden.de\/wp-content\/uploads\/2016\/09\/PCDD_Sommerfest2016_05.jpg?zoom=2&amp;resize=150%2C150&amp;ssl=1 300w, https:\/\/i0.wp.com\/www.polizeichor-dresden.de\/wp-content\/uploads\/2016\/09\/PCDD_Sommerfest2016_05.jpg?zoom=3&amp;resize=150%2C150&amp;ssl=1 450w\" sizes=\"(max-width: 150px) 100vw, 150px\" data-attachment-id=\"1020\" data-permalink=\"https:\/\/www.polizeichor-dresden.de\/?attachment_id=1020\" data-orig-file=\"https:\/\/i0.wp.com\/www.polizeichor-dresden.de\/wp-content\/uploads\/2016\/09\/PCDD_Sommerfest2016_05.jpg?fit=800%2C600&amp;ssl=1\" data-orig-size=\"800,600\" data-comments-opened=\"1\" data-image-meta=\"{&quot;aperture&quot;:&quot;2&quot;,&quot;credit&quot;:&quot;&quot;,&quot;camera&quot;:&quot;Canon PowerShot S110&quot;,&quot;caption&quot;:&quot;&quot;,&quot;created_timestamp&quot;:&quot;1471626968&quot;,&quot;copyright&quot;:&quot;&quot;,&quot;focal_length&quot;:&quot;5.2&quot;,&quot;iso&quot;:&quot;200&quot;,&quot;shutter_speed&quot;:&quot;0.016666666666667&quot;,&quot;title&quot;:&quot;&quot;,&quot;orientation&quot;:&quot;0&quot;}\" data-image-title=\"pcdd_sommerfest2016_05\" data-image-description=\"\" data-image-caption=\"\" data-medium-file=\"https:\/\/i0.wp.com\/www.polizeichor-dresden.de\/wp-content\/uploads\/2016\/09\/PCDD_Sommerfest2016_05.jpg?fit=300%2C225&amp;ssl=1\" data-large-file=\"https:\/\/i0.wp.com\/www.polizeichor-dresden.de\/wp-content\/uploads\/2016\/09\/PCDD_Sommerfest2016_05.jpg?fit=800%2C600&amp;ssl=1\" \/><\/a>\n\t\t\t<\/dt><\/dl><dl class='gallery-item'>\n\t\t\t<dt class='gallery-icon portrait'>\n\t\t\t\t<a href='https:\/\/www.polizeichor-dresden.de\/?attachment_id=1021'><img width=\"150\" height=\"150\" src=\"https:\/\/i0.wp.com\/www.polizeichor-dresden.de\/wp-content\/uploads\/2016\/09\/PCDD_Sommerfest2016_06.jpg?resize=150%2C150&amp;ssl=1\" class=\"attachment-thumbnail size-thumbnail\" alt=\"\" decoding=\"async\" loading=\"lazy\" srcset=\"https:\/\/i0.wp.com\/www.polizeichor-dresden.de\/wp-content\/uploads\/2016\/09\/PCDD_Sommerfest2016_06.jpg?resize=150%2C150&amp;ssl=1 150w, https:\/\/i0.wp.com\/www.polizeichor-dresden.de\/wp-content\/uploads\/2016\/09\/PCDD_Sommerfest2016_06.jpg?zoom=2&amp;resize=150%2C150&amp;ssl=1 300w, https:\/\/i0.wp.com\/www.polizeichor-dresden.de\/wp-content\/uploads\/2016\/09\/PCDD_Sommerfest2016_06.jpg?zoom=3&amp;resize=150%2C150&amp;ssl=1 450w\" sizes=\"(max-width: 150px) 100vw, 150px\" data-attachment-id=\"1021\" data-permalink=\"https:\/\/www.polizeichor-dresden.de\/?attachment_id=1021\" data-orig-file=\"https:\/\/i0.wp.com\/www.polizeichor-dresden.de\/wp-content\/uploads\/2016\/09\/PCDD_Sommerfest2016_06.jpg?fit=600%2C800&amp;ssl=1\" data-orig-size=\"600,800\" data-comments-opened=\"1\" data-image-meta=\"{&quot;aperture&quot;:&quot;2&quot;,&quot;credit&quot;:&quot;&quot;,&quot;camera&quot;:&quot;Canon PowerShot S110&quot;,&quot;caption&quot;:&quot;&quot;,&quot;created_timestamp&quot;:&quot;1471626987&quot;,&quot;copyright&quot;:&quot;&quot;,&quot;focal_length&quot;:&quot;5.2&quot;,&quot;iso&quot;:&quot;400&quot;,&quot;shutter_speed&quot;:&quot;0.008&quot;,&quot;title&quot;:&quot;&quot;,&quot;orientation&quot;:&quot;0&quot;}\" data-image-title=\"pcdd_sommerfest2016_06\" data-image-description=\"\" data-image-caption=\"\" data-medium-file=\"https:\/\/i0.wp.com\/www.polizeichor-dresden.de\/wp-content\/uploads\/2016\/09\/PCDD_Sommerfest2016_06.jpg?fit=225%2C300&amp;ssl=1\" data-large-file=\"https:\/\/i0.wp.com\/www.polizeichor-dresden.de\/wp-content\/uploads\/2016\/09\/PCDD_Sommerfest2016_06.jpg?fit=600%2C800&amp;ssl=1\" \/><\/a>\n\t\t\t<\/dt><\/dl><br style=\"clear: both\" \/><dl class='gallery-item'>\n\t\t\t<dt class='gallery-icon portrait'>\n\t\t\t\t<a href='https:\/\/www.polizeichor-dresden.de\/?attachment_id=1022'><img width=\"150\" height=\"150\" src=\"https:\/\/i0.wp.com\/www.polizeichor-dresden.de\/wp-content\/uploads\/2016\/09\/PCDD_Sommerfest2016_07.jpg?resize=150%2C150&amp;ssl=1\" class=\"attachment-thumbnail size-thumbnail\" alt=\"\" decoding=\"async\" loading=\"lazy\" srcset=\"https:\/\/i0.wp.com\/www.polizeichor-dresden.de\/wp-content\/uploads\/2016\/09\/PCDD_Sommerfest2016_07.jpg?resize=150%2C150&amp;ssl=1 150w, https:\/\/i0.wp.com\/www.polizeichor-dresden.de\/wp-content\/uploads\/2016\/09\/PCDD_Sommerfest2016_07.jpg?zoom=2&amp;resize=150%2C150&amp;ssl=1 300w, https:\/\/i0.wp.com\/www.polizeichor-dresden.de\/wp-content\/uploads\/2016\/09\/PCDD_Sommerfest2016_07.jpg?zoom=3&amp;resize=150%2C150&amp;ssl=1 450w\" sizes=\"(max-width: 150px) 100vw, 150px\" data-attachment-id=\"1022\" data-permalink=\"https:\/\/www.polizeichor-dresden.de\/?attachment_id=1022\" data-orig-file=\"https:\/\/i0.wp.com\/www.polizeichor-dresden.de\/wp-content\/uploads\/2016\/09\/PCDD_Sommerfest2016_07.jpg?fit=600%2C800&amp;ssl=1\" data-orig-size=\"600,800\" data-comments-opened=\"1\" data-image-meta=\"{&quot;aperture&quot;:&quot;2.5&quot;,&quot;credit&quot;:&quot;&quot;,&quot;camera&quot;:&quot;Canon PowerShot S110&quot;,&quot;caption&quot;:&quot;&quot;,&quot;created_timestamp&quot;:&quot;1471627285&quot;,&quot;copyright&quot;:&quot;&quot;,&quot;focal_length&quot;:&quot;5.2&quot;,&quot;iso&quot;:&quot;160&quot;,&quot;shutter_speed&quot;:&quot;0.016666666666667&quot;,&quot;title&quot;:&quot;&quot;,&quot;orientation&quot;:&quot;0&quot;}\" data-image-title=\"pcdd_sommerfest2016_07\" data-image-description=\"\" data-image-caption=\"\" data-medium-file=\"https:\/\/i0.wp.com\/www.polizeichor-dresden.de\/wp-content\/uploads\/2016\/09\/PCDD_Sommerfest2016_07.jpg?fit=225%2C300&amp;ssl=1\" data-large-file=\"https:\/\/i0.wp.com\/www.polizeichor-dresden.de\/wp-content\/uploads\/2016\/09\/PCDD_Sommerfest2016_07.jpg?fit=600%2C800&amp;ssl=1\" \/><\/a>\n\t\t\t<\/dt><\/dl><dl class='gallery-item'>\n\t\t\t<dt class='gallery-icon landscape'>\n\t\t\t\t<a href='https:\/\/www.polizeichor-dresden.de\/?attachment_id=1023'><img width=\"150\" height=\"150\" src=\"https:\/\/i0.wp.com\/www.polizeichor-dresden.de\/wp-content\/uploads\/2016\/09\/PCDD_Sommerfest2016_08.jpg?resize=150%2C150&amp;ssl=1\" class=\"attachment-thumbnail size-thumbnail\" alt=\"\" decoding=\"async\" loading=\"lazy\" srcset=\"https:\/\/i0.wp.com\/www.polizeichor-dresden.de\/wp-content\/uploads\/2016\/09\/PCDD_Sommerfest2016_08.jpg?resize=150%2C150&amp;ssl=1 150w, https:\/\/i0.wp.com\/www.polizeichor-dresden.de\/wp-content\/uploads\/2016\/09\/PCDD_Sommerfest2016_08.jpg?zoom=2&amp;resize=150%2C150&amp;ssl=1 300w, https:\/\/i0.wp.com\/www.polizeichor-dresden.de\/wp-content\/uploads\/2016\/09\/PCDD_Sommerfest2016_08.jpg?zoom=3&amp;resize=150%2C150&amp;ssl=1 450w\" sizes=\"(max-width: 150px) 100vw, 150px\" data-attachment-id=\"1023\" data-permalink=\"https:\/\/www.polizeichor-dresden.de\/?attachment_id=1023\" data-orig-file=\"https:\/\/i0.wp.com\/www.polizeichor-dresden.de\/wp-content\/uploads\/2016\/09\/PCDD_Sommerfest2016_08.jpg?fit=800%2C600&amp;ssl=1\" data-orig-size=\"800,600\" data-comments-opened=\"1\" data-image-meta=\"{&quot;aperture&quot;:&quot;3.5&quot;,&quot;credit&quot;:&quot;&quot;,&quot;camera&quot;:&quot;Canon PowerShot S110&quot;,&quot;caption&quot;:&quot;&quot;,&quot;created_timestamp&quot;:&quot;1471628534&quot;,&quot;copyright&quot;:&quot;&quot;,&quot;focal_length&quot;:&quot;5.2&quot;,&quot;iso&quot;:&quot;160&quot;,&quot;shutter_speed&quot;:&quot;0.016666666666667&quot;,&quot;title&quot;:&quot;&quot;,&quot;orientation&quot;:&quot;0&quot;}\" data-image-title=\"pcdd_sommerfest2016_08\" data-image-description=\"\" data-image-caption=\"\" data-medium-file=\"https:\/\/i0.wp.com\/www.polizeichor-dresden.de\/wp-content\/uploads\/2016\/09\/PCDD_Sommerfest2016_08.jpg?fit=300%2C225&amp;ssl=1\" data-large-file=\"https:\/\/i0.wp.com\/www.polizeichor-dresden.de\/wp-content\/uploads\/2016\/09\/PCDD_Sommerfest2016_08.jpg?fit=800%2C600&amp;ssl=1\" \/><\/a>\n\t\t\t<\/dt><\/dl><dl class='gallery-item'>\n\t\t\t<dt class='gallery-icon landscape'>\n\t\t\t\t<a href='https:\/\/www.polizeichor-dresden.de\/?attachment_id=1024'><img width=\"150\" height=\"150\" src=\"https:\/\/i0.wp.com\/www.polizeichor-dresden.de\/wp-content\/uploads\/2016\/09\/PCDD_Sommerfest2016_09.jpg?resize=150%2C150&amp;ssl=1\" class=\"attachment-thumbnail size-thumbnail\" alt=\"\" decoding=\"async\" loading=\"lazy\" srcset=\"https:\/\/i0.wp.com\/www.polizeichor-dresden.de\/wp-content\/uploads\/2016\/09\/PCDD_Sommerfest2016_09.jpg?resize=150%2C150&amp;ssl=1 150w, https:\/\/i0.wp.com\/www.polizeichor-dresden.de\/wp-content\/uploads\/2016\/09\/PCDD_Sommerfest2016_09.jpg?zoom=2&amp;resize=150%2C150&amp;ssl=1 300w, https:\/\/i0.wp.com\/www.polizeichor-dresden.de\/wp-content\/uploads\/2016\/09\/PCDD_Sommerfest2016_09.jpg?zoom=3&amp;resize=150%2C150&amp;ssl=1 450w\" sizes=\"(max-width: 150px) 100vw, 150px\" data-attachment-id=\"1024\" data-permalink=\"https:\/\/www.polizeichor-dresden.de\/?attachment_id=1024\" data-orig-file=\"https:\/\/i0.wp.com\/www.polizeichor-dresden.de\/wp-content\/uploads\/2016\/09\/PCDD_Sommerfest2016_09.jpg?fit=800%2C600&amp;ssl=1\" data-orig-size=\"800,600\" data-comments-opened=\"1\" data-image-meta=\"{&quot;aperture&quot;:&quot;4&quot;,&quot;credit&quot;:&quot;&quot;,&quot;camera&quot;:&quot;Canon PowerShot S110&quot;,&quot;caption&quot;:&quot;&quot;,&quot;created_timestamp&quot;:&quot;1471628574&quot;,&quot;copyright&quot;:&quot;&quot;,&quot;focal_length&quot;:&quot;5.2&quot;,&quot;iso&quot;:&quot;160&quot;,&quot;shutter_speed&quot;:&quot;0.008&quot;,&quot;title&quot;:&quot;&quot;,&quot;orientation&quot;:&quot;0&quot;}\" data-image-title=\"pcdd_sommerfest2016_09\" data-image-description=\"\" data-image-caption=\"\" data-medium-file=\"https:\/\/i0.wp.com\/www.polizeichor-dresden.de\/wp-content\/uploads\/2016\/09\/PCDD_Sommerfest2016_09.jpg?fit=300%2C225&amp;ssl=1\" data-large-file=\"https:\/\/i0.wp.com\/www.polizeichor-dresden.de\/wp-content\/uploads\/2016\/09\/PCDD_Sommerfest2016_09.jpg?fit=800%2C600&amp;ssl=1\" \/><\/a>\n\t\t\t<\/dt><\/dl><br style=\"clear: both\" \/><dl class='gallery-item'>\n\t\t\t<dt class='gallery-icon landscape'>\n\t\t\t\t<a href='https:\/\/www.polizeichor-dresden.de\/?attachment_id=1025'><img width=\"150\" height=\"150\" src=\"https:\/\/i0.wp.com\/www.polizeichor-dresden.de\/wp-content\/uploads\/2016\/09\/PCDD_Sommerfest2016_10.jpg?resize=150%2C150&amp;ssl=1\" class=\"attachment-thumbnail size-thumbnail\" alt=\"\" decoding=\"async\" loading=\"lazy\" srcset=\"https:\/\/i0.wp.com\/www.polizeichor-dresden.de\/wp-content\/uploads\/2016\/09\/PCDD_Sommerfest2016_10.jpg?resize=150%2C150&amp;ssl=1 150w, https:\/\/i0.wp.com\/www.polizeichor-dresden.de\/wp-content\/uploads\/2016\/09\/PCDD_Sommerfest2016_10.jpg?zoom=2&amp;resize=150%2C150&amp;ssl=1 300w, https:\/\/i0.wp.com\/www.polizeichor-dresden.de\/wp-content\/uploads\/2016\/09\/PCDD_Sommerfest2016_10.jpg?zoom=3&amp;resize=150%2C150&amp;ssl=1 450w\" sizes=\"(max-width: 150px) 100vw, 150px\" data-attachment-id=\"1025\" data-permalink=\"https:\/\/www.polizeichor-dresden.de\/?attachment_id=1025\" data-orig-file=\"https:\/\/i0.wp.com\/www.polizeichor-dresden.de\/wp-content\/uploads\/2016\/09\/PCDD_Sommerfest2016_10.jpg?fit=800%2C600&amp;ssl=1\" data-orig-size=\"800,600\" data-comments-opened=\"1\" data-image-meta=\"{&quot;aperture&quot;:&quot;4.5&quot;,&quot;credit&quot;:&quot;&quot;,&quot;camera&quot;:&quot;Canon PowerShot S110&quot;,&quot;caption&quot;:&quot;&quot;,&quot;created_timestamp&quot;:&quot;1471632148&quot;,&quot;copyright&quot;:&quot;&quot;,&quot;focal_length&quot;:&quot;15.076&quot;,&quot;iso&quot;:&quot;400&quot;,&quot;shutter_speed&quot;:&quot;0.008&quot;,&quot;title&quot;:&quot;&quot;,&quot;orientation&quot;:&quot;0&quot;}\" data-image-title=\"pcdd_sommerfest2016_10\" data-image-description=\"\" data-image-caption=\"\" data-medium-file=\"https:\/\/i0.wp.com\/www.polizeichor-dresden.de\/wp-content\/uploads\/2016\/09\/PCDD_Sommerfest2016_10.jpg?fit=300%2C225&amp;ssl=1\" data-large-file=\"https:\/\/i0.wp.com\/www.polizeichor-dresden.de\/wp-content\/uploads\/2016\/09\/PCDD_Sommerfest2016_10.jpg?fit=800%2C600&amp;ssl=1\" \/><\/a>\n\t\t\t<\/dt><\/dl><dl class='gallery-item'>\n\t\t\t<dt class='gallery-icon landscape'>\n\t\t\t\t<a href='https:\/\/www.polizeichor-dresden.de\/?attachment_id=1026'><img width=\"150\" height=\"150\" src=\"https:\/\/i0.wp.com\/www.polizeichor-dresden.de\/wp-content\/uploads\/2016\/09\/PCDD_Sommerfest2016_11.jpg?resize=150%2C150&amp;ssl=1\" class=\"attachment-thumbnail size-thumbnail\" alt=\"\" decoding=\"async\" loading=\"lazy\" srcset=\"https:\/\/i0.wp.com\/www.polizeichor-dresden.de\/wp-content\/uploads\/2016\/09\/PCDD_Sommerfest2016_11.jpg?resize=150%2C150&amp;ssl=1 150w, https:\/\/i0.wp.com\/www.polizeichor-dresden.de\/wp-content\/uploads\/2016\/09\/PCDD_Sommerfest2016_11.jpg?zoom=2&amp;resize=150%2C150&amp;ssl=1 300w, https:\/\/i0.wp.com\/www.polizeichor-dresden.de\/wp-content\/uploads\/2016\/09\/PCDD_Sommerfest2016_11.jpg?zoom=3&amp;resize=150%2C150&amp;ssl=1 450w\" sizes=\"(max-width: 150px) 100vw, 150px\" data-attachment-id=\"1026\" data-permalink=\"https:\/\/www.polizeichor-dresden.de\/?attachment_id=1026\" data-orig-file=\"https:\/\/i0.wp.com\/www.polizeichor-dresden.de\/wp-content\/uploads\/2016\/09\/PCDD_Sommerfest2016_11.jpg?fit=800%2C600&amp;ssl=1\" data-orig-size=\"800,600\" data-comments-opened=\"1\" data-image-meta=\"{&quot;aperture&quot;:&quot;4.5&quot;,&quot;credit&quot;:&quot;&quot;,&quot;camera&quot;:&quot;Canon PowerShot S110&quot;,&quot;caption&quot;:&quot;&quot;,&quot;created_timestamp&quot;:&quot;1471632299&quot;,&quot;copyright&quot;:&quot;&quot;,&quot;focal_length&quot;:&quot;13.917&quot;,&quot;iso&quot;:&quot;400&quot;,&quot;shutter_speed&quot;:&quot;0.005&quot;,&quot;title&quot;:&quot;&quot;,&quot;orientation&quot;:&quot;0&quot;}\" data-image-title=\"pcdd_sommerfest2016_11\" data-image-description=\"\" data-image-caption=\"\" data-medium-file=\"https:\/\/i0.wp.com\/www.polizeichor-dresden.de\/wp-content\/uploads\/2016\/09\/PCDD_Sommerfest2016_11.jpg?fit=300%2C225&amp;ssl=1\" data-large-file=\"https:\/\/i0.wp.com\/www.polizeichor-dresden.de\/wp-content\/uploads\/2016\/09\/PCDD_Sommerfest2016_11.jpg?fit=800%2C600&amp;ssl=1\" \/><\/a>\n\t\t\t<\/dt><\/dl><dl class='gallery-item'>\n\t\t\t<dt class='gallery-icon landscape'>\n\t\t\t\t<a href='https:\/\/www.polizeichor-dresden.de\/?attachment_id=1027'><img width=\"150\" height=\"150\" src=\"https:\/\/i0.wp.com\/www.polizeichor-dresden.de\/wp-content\/uploads\/2016\/09\/PCDD_Sommerfest2016_12.jpg?resize=150%2C150&amp;ssl=1\" class=\"attachment-thumbnail size-thumbnail\" alt=\"\" decoding=\"async\" loading=\"lazy\" srcset=\"https:\/\/i0.wp.com\/www.polizeichor-dresden.de\/wp-content\/uploads\/2016\/09\/PCDD_Sommerfest2016_12.jpg?resize=150%2C150&amp;ssl=1 150w, https:\/\/i0.wp.com\/www.polizeichor-dresden.de\/wp-content\/uploads\/2016\/09\/PCDD_Sommerfest2016_12.jpg?zoom=2&amp;resize=150%2C150&amp;ssl=1 300w, https:\/\/i0.wp.com\/www.polizeichor-dresden.de\/wp-content\/uploads\/2016\/09\/PCDD_Sommerfest2016_12.jpg?zoom=3&amp;resize=150%2C150&amp;ssl=1 450w\" sizes=\"(max-width: 150px) 100vw, 150px\" data-attachment-id=\"1027\" data-permalink=\"https:\/\/www.polizeichor-dresden.de\/?attachment_id=1027\" data-orig-file=\"https:\/\/i0.wp.com\/www.polizeichor-dresden.de\/wp-content\/uploads\/2016\/09\/PCDD_Sommerfest2016_12.jpg?fit=800%2C600&amp;ssl=1\" data-orig-size=\"800,600\" data-comments-opened=\"1\" data-image-meta=\"{&quot;aperture&quot;:&quot;4&quot;,&quot;credit&quot;:&quot;&quot;,&quot;camera&quot;:&quot;Canon PowerShot S110&quot;,&quot;caption&quot;:&quot;&quot;,&quot;created_timestamp&quot;:&quot;1471632312&quot;,&quot;copyright&quot;:&quot;&quot;,&quot;focal_length&quot;:&quot;5.2&quot;,&quot;iso&quot;:&quot;160&quot;,&quot;shutter_speed&quot;:&quot;0.0125&quot;,&quot;title&quot;:&quot;&quot;,&quot;orientation&quot;:&quot;0&quot;}\" data-image-title=\"pcdd_sommerfest2016_12\" data-image-description=\"\" data-image-caption=\"\" data-medium-file=\"https:\/\/i0.wp.com\/www.polizeichor-dresden.de\/wp-content\/uploads\/2016\/09\/PCDD_Sommerfest2016_12.jpg?fit=300%2C225&amp;ssl=1\" data-large-file=\"https:\/\/i0.wp.com\/www.polizeichor-dresden.de\/wp-content\/uploads\/2016\/09\/PCDD_Sommerfest2016_12.jpg?fit=800%2C600&amp;ssl=1\" \/><\/a>\n\t\t\t<\/dt><\/dl><br style=\"clear: both\" \/><dl class='gallery-item'>\n\t\t\t<dt class='gallery-icon landscape'>\n\t\t\t\t<a href='https:\/\/www.polizeichor-dresden.de\/?attachment_id=1028'><img width=\"150\" height=\"150\" src=\"https:\/\/i0.wp.com\/www.polizeichor-dresden.de\/wp-content\/uploads\/2016\/09\/PCDD_Sommerfest2016_13.jpg?resize=150%2C150&amp;ssl=1\" class=\"attachment-thumbnail size-thumbnail\" alt=\"\" decoding=\"async\" loading=\"lazy\" srcset=\"https:\/\/i0.wp.com\/www.polizeichor-dresden.de\/wp-content\/uploads\/2016\/09\/PCDD_Sommerfest2016_13.jpg?resize=150%2C150&amp;ssl=1 150w, https:\/\/i0.wp.com\/www.polizeichor-dresden.de\/wp-content\/uploads\/2016\/09\/PCDD_Sommerfest2016_13.jpg?zoom=2&amp;resize=150%2C150&amp;ssl=1 300w, https:\/\/i0.wp.com\/www.polizeichor-dresden.de\/wp-content\/uploads\/2016\/09\/PCDD_Sommerfest2016_13.jpg?zoom=3&amp;resize=150%2C150&amp;ssl=1 450w\" sizes=\"(max-width: 150px) 100vw, 150px\" data-attachment-id=\"1028\" data-permalink=\"https:\/\/www.polizeichor-dresden.de\/?attachment_id=1028\" data-orig-file=\"https:\/\/i0.wp.com\/www.polizeichor-dresden.de\/wp-content\/uploads\/2016\/09\/PCDD_Sommerfest2016_13.jpg?fit=800%2C600&amp;ssl=1\" data-orig-size=\"800,600\" data-comments-opened=\"1\" data-image-meta=\"{&quot;aperture&quot;:&quot;4&quot;,&quot;credit&quot;:&quot;&quot;,&quot;camera&quot;:&quot;Canon PowerShot S110&quot;,&quot;caption&quot;:&quot;&quot;,&quot;created_timestamp&quot;:&quot;1471633911&quot;,&quot;copyright&quot;:&quot;&quot;,&quot;focal_length&quot;:&quot;11.604&quot;,&quot;iso&quot;:&quot;400&quot;,&quot;shutter_speed&quot;:&quot;0.01&quot;,&quot;title&quot;:&quot;&quot;,&quot;orientation&quot;:&quot;0&quot;}\" data-image-title=\"pcdd_sommerfest2016_13\" data-image-description=\"\" data-image-caption=\"\" data-medium-file=\"https:\/\/i0.wp.com\/www.polizeichor-dresden.de\/wp-content\/uploads\/2016\/09\/PCDD_Sommerfest2016_13.jpg?fit=300%2C225&amp;ssl=1\" data-large-file=\"https:\/\/i0.wp.com\/www.polizeichor-dresden.de\/wp-content\/uploads\/2016\/09\/PCDD_Sommerfest2016_13.jpg?fit=800%2C600&amp;ssl=1\" \/><\/a>\n\t\t\t<\/dt><\/dl><dl class='gallery-item'>\n\t\t\t<dt class='gallery-icon landscape'>\n\t\t\t\t<a href='https:\/\/www.polizeichor-dresden.de\/?attachment_id=1029'><img width=\"150\" height=\"150\" src=\"https:\/\/i0.wp.com\/www.polizeichor-dresden.de\/wp-content\/uploads\/2016\/09\/PCDD_Sommerfest2016_14.jpg?resize=150%2C150&amp;ssl=1\" class=\"attachment-thumbnail size-thumbnail\" alt=\"\" decoding=\"async\" loading=\"lazy\" srcset=\"https:\/\/i0.wp.com\/www.polizeichor-dresden.de\/wp-content\/uploads\/2016\/09\/PCDD_Sommerfest2016_14.jpg?resize=150%2C150&amp;ssl=1 150w, https:\/\/i0.wp.com\/www.polizeichor-dresden.de\/wp-content\/uploads\/2016\/09\/PCDD_Sommerfest2016_14.jpg?zoom=2&amp;resize=150%2C150&amp;ssl=1 300w, https:\/\/i0.wp.com\/www.polizeichor-dresden.de\/wp-content\/uploads\/2016\/09\/PCDD_Sommerfest2016_14.jpg?zoom=3&amp;resize=150%2C150&amp;ssl=1 450w\" sizes=\"(max-width: 150px) 100vw, 150px\" data-attachment-id=\"1029\" data-permalink=\"https:\/\/www.polizeichor-dresden.de\/?attachment_id=1029\" data-orig-file=\"https:\/\/i0.wp.com\/www.polizeichor-dresden.de\/wp-content\/uploads\/2016\/09\/PCDD_Sommerfest2016_14.jpg?fit=800%2C600&amp;ssl=1\" data-orig-size=\"800,600\" data-comments-opened=\"1\" data-image-meta=\"{&quot;aperture&quot;:&quot;2.8&quot;,&quot;credit&quot;:&quot;&quot;,&quot;camera&quot;:&quot;Canon PowerShot S110&quot;,&quot;caption&quot;:&quot;&quot;,&quot;created_timestamp&quot;:&quot;1471633952&quot;,&quot;copyright&quot;:&quot;&quot;,&quot;focal_length&quot;:&quot;5.2&quot;,&quot;iso&quot;:&quot;160&quot;,&quot;shutter_speed&quot;:&quot;0.016666666666667&quot;,&quot;title&quot;:&quot;&quot;,&quot;orientation&quot;:&quot;0&quot;}\" data-image-title=\"pcdd_sommerfest2016_14\" data-image-description=\"\" data-image-caption=\"\" data-medium-file=\"https:\/\/i0.wp.com\/www.polizeichor-dresden.de\/wp-content\/uploads\/2016\/09\/PCDD_Sommerfest2016_14.jpg?fit=300%2C225&amp;ssl=1\" data-large-file=\"https:\/\/i0.wp.com\/www.polizeichor-dresden.de\/wp-content\/uploads\/2016\/09\/PCDD_Sommerfest2016_14.jpg?fit=800%2C600&amp;ssl=1\" \/><\/a>\n\t\t\t<\/dt><\/dl><dl class='gallery-item'>\n\t\t\t<dt class='gallery-icon landscape'>\n\t\t\t\t<a href='https:\/\/www.polizeichor-dresden.de\/?attachment_id=1032'><img width=\"150\" height=\"150\" src=\"https:\/\/i0.wp.com\/www.polizeichor-dresden.de\/wp-content\/uploads\/2016\/09\/PCDD_Sommerfest2016_17.jpg?resize=150%2C150&amp;ssl=1\" class=\"attachment-thumbnail size-thumbnail\" alt=\"\" decoding=\"async\" loading=\"lazy\" srcset=\"https:\/\/i0.wp.com\/www.polizeichor-dresden.de\/wp-content\/uploads\/2016\/09\/PCDD_Sommerfest2016_17.jpg?resize=150%2C150&amp;ssl=1 150w, https:\/\/i0.wp.com\/www.polizeichor-dresden.de\/wp-content\/uploads\/2016\/09\/PCDD_Sommerfest2016_17.jpg?zoom=2&amp;resize=150%2C150&amp;ssl=1 300w, https:\/\/i0.wp.com\/www.polizeichor-dresden.de\/wp-content\/uploads\/2016\/09\/PCDD_Sommerfest2016_17.jpg?zoom=3&amp;resize=150%2C150&amp;ssl=1 450w\" sizes=\"(max-width: 150px) 100vw, 150px\" data-attachment-id=\"1032\" data-permalink=\"https:\/\/www.polizeichor-dresden.de\/?attachment_id=1032\" data-orig-file=\"https:\/\/i0.wp.com\/www.polizeichor-dresden.de\/wp-content\/uploads\/2016\/09\/PCDD_Sommerfest2016_17.jpg?fit=800%2C600&amp;ssl=1\" data-orig-size=\"800,600\" data-comments-opened=\"1\" data-image-meta=\"{&quot;aperture&quot;:&quot;2&quot;,&quot;credit&quot;:&quot;&quot;,&quot;camera&quot;:&quot;Canon PowerShot S110&quot;,&quot;caption&quot;:&quot;&quot;,&quot;created_timestamp&quot;:&quot;1471637176&quot;,&quot;copyright&quot;:&quot;&quot;,&quot;focal_length&quot;:&quot;5.2&quot;,&quot;iso&quot;:&quot;800&quot;,&quot;shutter_speed&quot;:&quot;0.02&quot;,&quot;title&quot;:&quot;&quot;,&quot;orientation&quot;:&quot;0&quot;}\" data-image-title=\"pcdd_sommerfest2016_17\" data-image-description=\"\" data-image-caption=\"\" data-medium-file=\"https:\/\/i0.wp.com\/www.polizeichor-dresden.de\/wp-content\/uploads\/2016\/09\/PCDD_Sommerfest2016_17.jpg?fit=300%2C225&amp;ssl=1\" data-large-file=\"https:\/\/i0.wp.com\/www.polizeichor-dresden.de\/wp-content\/uploads\/2016\/09\/PCDD_Sommerfest2016_17.jpg?fit=800%2C600&amp;ssl=1\" \/><\/a>\n\t\t\t<\/dt><\/dl><br style=\"clear: both\" \/><dl class='gallery-item'>\n\t\t\t<dt class='gallery-icon landscape'>\n\t\t\t\t<a href='https:\/\/www.polizeichor-dresden.de\/?attachment_id=1030'><img width=\"150\" height=\"150\" src=\"https:\/\/i0.wp.com\/www.polizeichor-dresden.de\/wp-content\/uploads\/2016\/09\/PCDD_Sommerfest2016_15.jpg?resize=150%2C150&amp;ssl=1\" class=\"attachment-thumbnail size-thumbnail\" alt=\"\" decoding=\"async\" loading=\"lazy\" srcset=\"https:\/\/i0.wp.com\/www.polizeichor-dresden.de\/wp-content\/uploads\/2016\/09\/PCDD_Sommerfest2016_15.jpg?resize=150%2C150&amp;ssl=1 150w, https:\/\/i0.wp.com\/www.polizeichor-dresden.de\/wp-content\/uploads\/2016\/09\/PCDD_Sommerfest2016_15.jpg?zoom=2&amp;resize=150%2C150&amp;ssl=1 300w, https:\/\/i0.wp.com\/www.polizeichor-dresden.de\/wp-content\/uploads\/2016\/09\/PCDD_Sommerfest2016_15.jpg?zoom=3&amp;resize=150%2C150&amp;ssl=1 450w\" sizes=\"(max-width: 150px) 100vw, 150px\" data-attachment-id=\"1030\" data-permalink=\"https:\/\/www.polizeichor-dresden.de\/?attachment_id=1030\" data-orig-file=\"https:\/\/i0.wp.com\/www.polizeichor-dresden.de\/wp-content\/uploads\/2016\/09\/PCDD_Sommerfest2016_15.jpg?fit=800%2C600&amp;ssl=1\" data-orig-size=\"800,600\" data-comments-opened=\"1\" data-image-meta=\"{&quot;aperture&quot;:&quot;4.5&quot;,&quot;credit&quot;:&quot;&quot;,&quot;camera&quot;:&quot;Canon PowerShot S110&quot;,&quot;caption&quot;:&quot;&quot;,&quot;created_timestamp&quot;:&quot;1471635110&quot;,&quot;copyright&quot;:&quot;&quot;,&quot;focal_length&quot;:&quot;14.083&quot;,&quot;iso&quot;:&quot;800&quot;,&quot;shutter_speed&quot;:&quot;0.016666666666667&quot;,&quot;title&quot;:&quot;&quot;,&quot;orientation&quot;:&quot;0&quot;}\" data-image-title=\"pcdd_sommerfest2016_15\" data-image-description=\"\" data-image-caption=\"\" data-medium-file=\"https:\/\/i0.wp.com\/www.polizeichor-dresden.de\/wp-content\/uploads\/2016\/09\/PCDD_Sommerfest2016_15.jpg?fit=300%2C225&amp;ssl=1\" data-large-file=\"https:\/\/i0.wp.com\/www.polizeichor-dresden.de\/wp-content\/uploads\/2016\/09\/PCDD_Sommerfest2016_15.jpg?fit=800%2C600&amp;ssl=1\" \/><\/a>\n\t\t\t<\/dt><\/dl><dl class='gallery-item'>\n\t\t\t<dt class='gallery-icon landscape'>\n\t\t\t\t<a href='https:\/\/www.polizeichor-dresden.de\/?attachment_id=1031'><img width=\"150\" height=\"150\" src=\"https:\/\/i0.wp.com\/www.polizeichor-dresden.de\/wp-content\/uploads\/2016\/09\/PCDD_Sommerfest2016_16.jpg?resize=150%2C150&amp;ssl=1\" class=\"attachment-thumbnail size-thumbnail\" alt=\"\" decoding=\"async\" loading=\"lazy\" srcset=\"https:\/\/i0.wp.com\/www.polizeichor-dresden.de\/wp-content\/uploads\/2016\/09\/PCDD_Sommerfest2016_16.jpg?resize=150%2C150&amp;ssl=1 150w, https:\/\/i0.wp.com\/www.polizeichor-dresden.de\/wp-content\/uploads\/2016\/09\/PCDD_Sommerfest2016_16.jpg?zoom=2&amp;resize=150%2C150&amp;ssl=1 300w, https:\/\/i0.wp.com\/www.polizeichor-dresden.de\/wp-content\/uploads\/2016\/09\/PCDD_Sommerfest2016_16.jpg?zoom=3&amp;resize=150%2C150&amp;ssl=1 450w\" sizes=\"(max-width: 150px) 100vw, 150px\" data-attachment-id=\"1031\" data-permalink=\"https:\/\/www.polizeichor-dresden.de\/?attachment_id=1031\" data-orig-file=\"https:\/\/i0.wp.com\/www.polizeichor-dresden.de\/wp-content\/uploads\/2016\/09\/PCDD_Sommerfest2016_16.jpg?fit=800%2C600&amp;ssl=1\" data-orig-size=\"800,600\" data-comments-opened=\"1\" data-image-meta=\"{&quot;aperture&quot;:&quot;2&quot;,&quot;credit&quot;:&quot;&quot;,&quot;camera&quot;:&quot;Canon PowerShot S110&quot;,&quot;caption&quot;:&quot;&quot;,&quot;created_timestamp&quot;:&quot;1471637157&quot;,&quot;copyright&quot;:&quot;&quot;,&quot;focal_length&quot;:&quot;5.2&quot;,&quot;iso&quot;:&quot;800&quot;,&quot;shutter_speed&quot;:&quot;0.016666666666667&quot;,&quot;title&quot;:&quot;&quot;,&quot;orientation&quot;:&quot;0&quot;}\" data-image-title=\"pcdd_sommerfest2016_16\" data-image-description=\"\" data-image-caption=\"\" data-medium-file=\"https:\/\/i0.wp.com\/www.polizeichor-dresden.de\/wp-content\/uploads\/2016\/09\/PCDD_Sommerfest2016_16.jpg?fit=300%2C225&amp;ssl=1\" data-large-file=\"https:\/\/i0.wp.com\/www.polizeichor-dresden.de\/wp-content\/uploads\/2016\/09\/PCDD_Sommerfest2016_16.jpg?fit=800%2C600&amp;ssl=1\" \/><\/a>\n\t\t\t<\/dt><\/dl>\n\t\t\t<br style='clear: both' \/>\n\t\t<\/div>\n\n","protected":false},"excerpt":{"rendered":"<p>Bei besten sommerlichen Wetterbedingungen trafen sich am Freitag, dem 19. August, ab 17.00 Uhr, ca. 80 Mitglieder sowie Angeh\u00f6rige zu unserem traditionellen Sommerfest auf dem Gel\u00e4nde der Sportanlage des DVB Wachwitz. Unter dem diesj\u00e4hrige Motto &#8222;Ein Hoch auf die Weiblichkeit: Es tragen heute alle Frauen Rock oder Kleid. Obendrein zeigt Mann und Frau viel Mut. [&hellip;]<\/p>\n","protected":false},"author":2,"featured_media":0,"comment_status":"open","ping_status":"open","sticky":false,"template":"","format":"standard","meta":{"ngg_post_thumbnail":0,"jetpack_post_was_ever_published":false,"jetpack_publicize_message":"","jetpack_is_tweetstorm":false,"jetpack_publicize_feature_enabled":true,"jetpack_social_post_already_shared":true,"jetpack_social_options":{"image_generator_settings":{"template":"highway","enabled":false}}},"categories":[16],"tags":[18,17],"jetpack_publicize_connections":[],"aioseo_notices":[],"jetpack_featured_media_url":"","jetpack_shortlink":"https:\/\/wp.me\/p32b0X-gF","jetpack_sharing_enabled":true,"_links":{"self":[{"href":"https:\/\/www.polizeichor-dresden.de\/index.php?rest_route=\/wp\/v2\/posts\/1033"}],"collection":[{"href":"https:\/\/www.polizeichor-dresden.de\/index.php?rest_route=\/wp\/v2\/posts"}],"about":[{"href":"https:\/\/www.polizeichor-dresden.de\/index.php?rest_route=\/wp\/v2\/types\/post"}],"author":[{"embeddable":true,"href":"https:\/\/www.polizeichor-dresden.de\/index.php?rest_route=\/wp\/v2\/users\/2"}],"replies":[{"embeddable":true,"href":"https:\/\/www.polizeichor-dresden.de\/index.php?rest_route=%2Fwp%2Fv2%2Fcomments&post=1033"}],"version-history":[{"count":3,"href":"https:\/\/www.polizeichor-dresden.de\/index.php?rest_route=\/wp\/v2\/posts\/1033\/revisions"}],"predecessor-version":[{"id":1036,"href":"https:\/\/www.polizeichor-dresden.de\/index.php?rest_route=\/wp\/v2\/posts\/1033\/revisions\/1036"}],"wp:attachment":[{"href":"https:\/\/www.polizeichor-dresden.de\/index.php?rest_route=%2Fwp%2Fv2%2Fmedia&parent=1033"}],"wp:term":[{"taxonomy":"category","embeddable":true,"href":"https:\/\/www.polizeichor-dresden.de\/index.php?rest_route=%2Fwp%2Fv2%2Fcategories&post=1033"},{"taxonomy":"post_tag","embeddable":true,"href":"https:\/\/www.polizeichor-dresden.de\/index.php?rest_route=%2Fwp%2Fv2%2Ftags&post=1033"}],"curies":[{"name":"wp","href":"https:\/\/api.w.org\/{rel}","templated":true}]}}